{"id":529,"date":"2020-02-24T08:01:00","date_gmt":"2020-02-24T08:01:00","guid":{"rendered":"https:\/\/circutorweb.atic.blue\/?p=529"},"modified":"2022-01-15T08:44:47","modified_gmt":"2022-01-15T08:44:47","slug":"novas-penalizacoes-por-energia-reativa-capacitiva-em-espanha","status":"publish","type":"post","link":"https:\/\/circutor.com\/pt-pt\/noticias-pt-pt\/novas-penalizacoes-por-energia-reativa-capacitiva-em-espanha\/","title":{"rendered":"Novas penaliza\u00e7\u00f5es por energia reativa capacitiva em Espanha"},"content":{"rendered":"<p>[vc_row][vc_column][vc_column_text]<\/p>\n<h4>A CIRCUTOR vem por este meio informar da recente aprova\u00e7\u00e3o da Circular 3\/2020 da Comiss\u00e3o Nacional dos Mercados de Espanha, cujas disposi\u00e7\u00f5es entrar\u00e3o em vigor no dia 1 de novembro de 2020. A sua implementa\u00e7\u00e3o cria um novo cen\u00e1rio no \u00e2mbito da compensa\u00e7\u00e3o de energia reativa.<\/h4>\n<p>E estabelecida uma penaliza\u00e7\u00e3o por excesso de injec\u00e7\u00e3o de energia capacitiva na rede, habitualmente designado como sobrecompensa\u00e7\u00e3o, em todo o <strong>per\u00edodo tarif\u00e1rio 6<\/strong> e para <strong>todos os consumidores com uma liga\u00e7\u00e3o com tens\u00e3o superior a 1 kV<\/strong>, ou seja, os que disp\u00f5em de um transformador de pot\u00eancia pr\u00f3prio.<\/p>\n<p>A penaliza\u00e7\u00e3o ser\u00e1 aplicada de forma hor\u00e1ria a todos os excessos de capacitiva que ultrapassarem o limite de um <strong>cos de phi de 0,98 capacitivo<\/strong>. Expresso em percentagem, significa que, na forma de componente hor\u00e1ria, o consumo de kvarC.h deve ser inferior a 20 % do consumo de kW.h, aplicando-se aos excessos um encargo de <strong>0,05 \u20ac\/kvarC.h<\/strong>, an\u00e1logo aos que atualmente s\u00e3o imputados aos excessos de energia reativa indutiva.<\/p>\n<p>O per\u00edodo 6 corresponde sempre a: ao per\u00edodo, de segunda-feira a sexta-feira, entre as 0 h e aos 8 h, e aos s\u00e1bados, domingos e feriados de \u00e2mbito nacional. Real\u00e7amos que isto significa <strong>cerca de 51 % do total de horas anuais<\/strong>.<\/p>\n<p>Neste per\u00edodo, existir\u00e1 habitualmente um consumo menor de energia ativa relativamente aos restantes per\u00edodos, pelo que a possibilidade de exceder o consumo de kvarC.h permitido \u00e9 significativamente elevada. Por conseguinte, tornar-se-\u00e1 ainda mais indispens\u00e1vel a necessidade de uma <span style=\"text-decoration: underline;\"><strong>compensa\u00e7\u00e3o de energia reativa mais eficiente e precisa<\/strong><\/span>, sendo imprescindivelmente necess\u00e1rio realizar a medi\u00e7\u00e3o de corrente nas 3 fases da instala\u00e7\u00e3o.<\/p>\n<p>A t\u00edtulo de exemplo, para quantificar o impacto que pode estar envolvido nesta penaliza\u00e7\u00e3o, podemos considerar que numa instala\u00e7\u00e3o com um transformador de 630 kVA, <strong>um excesso prom\u00e9dio de apenas 30 kvarC.h<\/strong> subentenderia uma <strong>penaliza\u00e7\u00e3o<\/strong> de 552 \u20ac para a totalidade das cerca de 368 h mensais compreendidas no per\u00edodo 6, portanto, cerca de <strong>6600 \u20ac por ano<\/strong> (apenas em Espanha).<\/p>\n<table style=\"border: 0px solid #ebebeb;\" cellpadding=\"10\" align=\"center\">\n<tbody>\n<tr>\n<td style=\"background-color: #f2f2f2; border: 1px solid #d1d1d1;\" colspan=\"5\" align=\"center\"><strong>OUTROS EXEMPLOS<\/strong><\/td>\n<\/tr>\n<tr>\n<td style=\"background-color: #f2f2f2; border: 1px solid #d1d1d1;\" align=\"center\">TRANSFORMADOR<\/td>\n<td style=\"background-color: #f2f2f2; border: 1px solid #d1d1d1;\" align=\"center\">kvarC.h excedidos<\/td>\n<td style=\"background-color: #f2f2f2; border: 1px solid #d1d1d1;\" align=\"center\">Horas de P6<\/td>\n<td style=\"background-color: #f2f2f2; border: 1px solid #d1d1d1;\" align=\"center\">Encargo atual<br \/>\nmensal\/ anual<\/td>\n<td style=\"background-color: #f2f2f2; border: 1px solid #d1d1d1;\" align=\"center\"><strong>Novo encargo<br \/>\nmensal\/ anual<br \/>\n(Apenas Espanha) <\/strong><\/td>\n<\/tr>\n<tr>\n<td style=\"background-color: #f2f2f2; border: 1px solid #d1d1d1;\" align=\"center\">250 kVA<\/td>\n<td style=\"background-color: #f2f2f2; border: 1px solid #d1d1d1;\" align=\"center\">20 kvar<\/td>\n<td style=\"background-color: #f2f2f2; border: 1px solid #d1d1d1;\" align=\"center\">368 h<\/td>\n<td style=\"background-color: #f2f2f2; border: 1px solid #d1d1d1;\" align=\"center\">0 \u20ac\/ 0 \u20ac<\/td>\n<td style=\"background-color: #f2f2f2; border: 1px solid #d1d1d1;\" align=\"center\"><strong>368 \u20ac \/ 4416 \u20ac<\/strong><\/td>\n<\/tr>\n<tr>\n<td style=\"background-color: #f2f2f2; border: 1px solid #d1d1d1;\" align=\"center\">400 kVA<\/td>\n<td style=\"background-color: #f2f2f2; border: 1px solid #d1d1d1;\" align=\"center\"><span style=\"text-align: -webkit-center;\">25 kvar<\/span><\/td>\n<td style=\"background-color: #f2f2f2; border: 1px solid #d1d1d1;\" align=\"center\"><span style=\"text-align: -webkit-center;\">368 h<\/span><\/td>\n<td style=\"background-color: #f2f2f2; border: 1px solid #d1d1d1;\" align=\"center\"><span style=\"text-align: -webkit-center;\">0 \u20ac\/ 0 \u20ac<\/span><\/td>\n<td style=\"background-color: #f2f2f2; border: 1px solid #d1d1d1;\" align=\"center\"><strong>460 \u20ac \/ 5520 \u20ac<\/strong><\/td>\n<\/tr>\n<tr>\n<td style=\"background-color: #f2f2f2; border: 1px solid #d1d1d1;\" align=\"center\">1000 kVA<\/td>\n<td style=\"background-color: #f2f2f2; border: 1px solid #d1d1d1;\" align=\"center\"><span style=\"text-align: -webkit-center;\">50 kvar<\/span><\/td>\n<td style=\"background-color: #f2f2f2; border: 1px solid #d1d1d1;\" align=\"center\"><span style=\"text-align: -webkit-center;\">368 h<\/span><\/td>\n<td style=\"background-color: #f2f2f2; border: 1px solid #d1d1d1;\" align=\"center\"><span style=\"text-align: -webkit-center;\">0 \u20ac\/ 0 \u20ac<\/span><\/td>\n<td style=\"background-color: #f2f2f2; border: 1px solid #d1d1d1;\" align=\"center\"><strong>920 \u20ac \/ 11040 \u20ac<\/strong><\/td>\n<\/tr>\n<\/tbody>\n<\/table>\n<p>A CIRCUTOR, empresa pioneira e l\u00edder indiscut\u00edvel em solu\u00e7\u00f5es para a compensa\u00e7\u00e3o de reativa, concebeu uma nova bateria de condensadores que ao realizar a medi\u00e7\u00e3o nas 3 fases, tal como \u00e9 realizada pelo contador da companhia, \u00e9 capaz de adaptar-se aos diferentes cossenos de fi alvo, necess\u00e1rios em cada per\u00edodo tarif\u00e1rio, garantindo assim <strong>que n\u00e3o se incorre em penaliza\u00e7\u00f5es<\/strong>, embora <strong>mantendo a m\u00e1xima efici\u00eancia do sistema el\u00e9trico<\/strong>. Esta solu\u00e7\u00e3o foi concebida tanto para os novos equipamentos de compensa\u00e7\u00e3o de reativa, como para a sua adapta\u00e7\u00e3o a baterias de condensadores j\u00e1 em opera\u00e7\u00e3o nas instala\u00e7\u00f5es el\u00e9tricas.<\/p>\n<hr \/>\n<h5>Para mais informa\u00e7\u00f5es, poder\u00e1 contactar a CIRCUTOR atrav\u00e9s dos canais habituais ou para o endere\u00e7o de correio eletr\u00f3nico dedicado: <a href=\"mailto:reactiva@circutor.com\">reactiva@circutor.com<\/a><\/h5>\n<p>[\/vc_column_text][\/vc_column][\/vc_row]<\/p>\n","protected":false},"excerpt":{"rendered":"<p>[vc_row][vc_column][vc_column_text] A CIRCUTOR vem por este meio informar da recente aprova\u00e7\u00e3o da Circular 3\/2020 da Comiss\u00e3o Nacional dos Mercados de Espanha, cujas disposi\u00e7\u00f5es entrar\u00e3o em vigor no dia 1 de novembro de 2020. A sua implementa\u00e7\u00e3o cria um novo cen\u00e1rio no \u00e2mbito da compensa\u00e7\u00e3o de energia reativa. E estabelecida uma penaliza\u00e7\u00e3o por excesso de injec\u00e7\u00e3o [&hellip;]<\/p>\n","protected":false},"author":1,"featured_media":6452,"comment_status":"open","ping_status":"open","sticky":false,"template":"","format":"standard","meta":[],"categories":[3561],"tags":[],"acf":[],"yoast_head":"<!-- This site is optimized with the Yoast SEO plugin v19.4 - https:\/\/yoast.com\/wordpress\/plugins\/seo\/ -->\n<title>Novas penaliza\u00e7\u00f5es por energia reativa capacitiva em Espanha - CIRCUTOR<\/title>\n<meta name=\"description\" content=\"A CIRCUTOR vem por este meio informar da recente aprova\u00e7\u00e3o da Circular 3\/2020 da Comiss\u00e3o Nacional dos Mercados de Espanha, cujas disposi\u00e7\u00f5es entrar\u00e3o em vigor no dia 1 de novembro de 2020. A sua implementa\u00e7\u00e3o cria um novo cen\u00e1rio no \u00e2mbito da compensa\u00e7\u00e3o de energia reativa.\" \/>\n<meta name=\"robots\" content=\"index, follow, max-snippet:-1, max-image-preview:large, max-video-preview:-1\" \/>\n<link rel=\"canonical\" href=\"https:\/\/circutor.com\/pt-pt\/noticias-pt-pt\/novas-penalizacoes-por-energia-reativa-capacitiva-em-espanha\/\" \/>\n<meta property=\"og:locale\" content=\"pt_PT\" \/>\n<meta property=\"og:type\" content=\"article\" \/>\n<meta property=\"og:title\" content=\"Novas penaliza\u00e7\u00f5es por energia reativa capacitiva em Espanha - CIRCUTOR\" \/>\n<meta property=\"og:description\" content=\"A CIRCUTOR vem por este meio informar da recente aprova\u00e7\u00e3o da Circular 3\/2020 da Comiss\u00e3o Nacional dos Mercados de Espanha, cujas disposi\u00e7\u00f5es entrar\u00e3o em vigor no dia 1 de novembro de 2020. A sua implementa\u00e7\u00e3o cria um novo cen\u00e1rio no \u00e2mbito da compensa\u00e7\u00e3o de energia reativa.\" \/>\n<meta property=\"og:url\" content=\"https:\/\/circutor.com\/pt-pt\/noticias-pt-pt\/novas-penalizacoes-por-energia-reativa-capacitiva-em-espanha\/\" \/>\n<meta property=\"og:site_name\" content=\"CIRCUTOR\" \/>\n<meta property=\"article:publisher\" content=\"https:\/\/www.facebook.com\/CIRCUTOR.ES\" \/>\n<meta property=\"article:published_time\" content=\"2020-02-24T08:01:00+00:00\" \/>\n<meta property=\"article:modified_time\" content=\"2022-01-15T08:44:47+00:00\" \/>\n<meta property=\"og:image\" content=\"https:\/\/circutor.com\/wp-content\/uploads\/2021\/05\/article-penalizacion-reactiva.jpg\" \/>\n\t<meta property=\"og:image:width\" content=\"760\" \/>\n\t<meta property=\"og:image:height\" content=\"356\" \/>\n\t<meta property=\"og:image:type\" content=\"image\/jpeg\" \/>\n<meta name=\"author\" content=\"admin\" \/>\n<meta name=\"twitter:card\" content=\"summary_large_image\" \/>\n<meta name=\"twitter:creator\" content=\"@circutor\" \/>\n<meta name=\"twitter:site\" content=\"@circutor\" \/>\n<meta name=\"twitter:label1\" content=\"Escrito por\" \/>\n\t<meta name=\"twitter:data1\" content=\"admin\" \/>\n\t<meta name=\"twitter:label2\" content=\"Tempo estimado de leitura\" \/>\n\t<meta name=\"twitter:data2\" content=\"3 minutos\" \/>\n<script type=\"application\/ld+json\" class=\"yoast-schema-graph\">{\"@context\":\"https:\/\/schema.org\",\"@graph\":[{\"@type\":\"Organization\",\"@id\":\"https:\/\/circutor.com\/#organization\",\"name\":\"Circutor\",\"url\":\"https:\/\/circutor.com\/\",\"sameAs\":[\"https:\/\/www.instagram.com\/circutor_es\",\"https:\/\/www.linkedin.com\/company\/circutor\",\"https:\/\/www.youtube.com\/user\/CIRCUTORoficial\",\"https:\/\/www.facebook.com\/CIRCUTOR.ES\",\"https:\/\/twitter.com\/circutor\"],\"logo\":{\"@type\":\"ImageObject\",\"inLanguage\":\"pt-PT\",\"@id\":\"https:\/\/circutor.com\/#\/schema\/logo\/image\/\",\"url\":\"https:\/\/circutor.com\/wp-content\/uploads\/2020\/09\/CIR_LOGO_RED.png\",\"contentUrl\":\"https:\/\/circutor.com\/wp-content\/uploads\/2020\/09\/CIR_LOGO_RED.png\",\"width\":512,\"height\":128,\"caption\":\"Circutor\"},\"image\":{\"@id\":\"https:\/\/circutor.com\/#\/schema\/logo\/image\/\"}},{\"@type\":\"WebSite\",\"@id\":\"https:\/\/circutor.com\/#website\",\"url\":\"https:\/\/circutor.com\/\",\"name\":\"CIRCUTOR\",\"description\":\"Soluciones para la eficiencia energ\u00e9tica el\u00e9ctrica\",\"publisher\":{\"@id\":\"https:\/\/circutor.com\/#organization\"},\"potentialAction\":[{\"@type\":\"SearchAction\",\"target\":{\"@type\":\"EntryPoint\",\"urlTemplate\":\"https:\/\/circutor.com\/?s={search_term_string}\"},\"query-input\":\"required name=search_term_string\"}],\"inLanguage\":\"pt-PT\"},{\"@type\":\"WebPage\",\"@id\":\"https:\/\/circutor.com\/pt-pt\/noticias-pt-pt\/novas-penalizacoes-por-energia-reativa-capacitiva-em-espanha\/\",\"url\":\"https:\/\/circutor.com\/pt-pt\/noticias-pt-pt\/novas-penalizacoes-por-energia-reativa-capacitiva-em-espanha\/\",\"name\":\"Novas penaliza\u00e7\u00f5es por energia reativa capacitiva em Espanha - CIRCUTOR\",\"isPartOf\":{\"@id\":\"https:\/\/circutor.com\/#website\"},\"datePublished\":\"2020-02-24T08:01:00+00:00\",\"dateModified\":\"2022-01-15T08:44:47+00:00\",\"description\":\"A CIRCUTOR vem por este meio informar da recente aprova\u00e7\u00e3o da Circular 3\/2020 da Comiss\u00e3o Nacional dos Mercados de Espanha, cujas disposi\u00e7\u00f5es entrar\u00e3o em vigor no dia 1 de novembro de 2020. A sua implementa\u00e7\u00e3o cria um novo cen\u00e1rio no \u00e2mbito da compensa\u00e7\u00e3o de energia reativa.\",\"breadcrumb\":{\"@id\":\"https:\/\/circutor.com\/pt-pt\/noticias-pt-pt\/novas-penalizacoes-por-energia-reativa-capacitiva-em-espanha\/#breadcrumb\"},\"inLanguage\":\"pt-PT\",\"potentialAction\":[{\"@type\":\"ReadAction\",\"target\":[\"https:\/\/circutor.com\/pt-pt\/noticias-pt-pt\/novas-penalizacoes-por-energia-reativa-capacitiva-em-espanha\/\"]}]},{\"@type\":\"BreadcrumbList\",\"@id\":\"https:\/\/circutor.com\/pt-pt\/noticias-pt-pt\/novas-penalizacoes-por-energia-reativa-capacitiva-em-espanha\/#breadcrumb\",\"itemListElement\":[{\"@type\":\"ListItem\",\"position\":1,\"name\":\"Portada\",\"item\":\"https:\/\/circutor.com\/pt-pt\/\"},{\"@type\":\"ListItem\",\"position\":2,\"name\":\"Novas penaliza\u00e7\u00f5es por energia reativa capacitiva em Espanha\"}]},{\"@type\":\"Article\",\"@id\":\"https:\/\/circutor.com\/pt-pt\/noticias-pt-pt\/novas-penalizacoes-por-energia-reativa-capacitiva-em-espanha\/#article\",\"isPartOf\":{\"@id\":\"https:\/\/circutor.com\/pt-pt\/noticias-pt-pt\/novas-penalizacoes-por-energia-reativa-capacitiva-em-espanha\/\"},\"author\":{\"name\":\"admin\",\"@id\":\"https:\/\/circutor.com\/#\/schema\/person\/17d169bdccd6e2367b1ce7182dd31283\"},\"headline\":\"Novas penaliza\u00e7\u00f5es por energia reativa capacitiva em Espanha\",\"datePublished\":\"2020-02-24T08:01:00+00:00\",\"dateModified\":\"2022-01-15T08:44:47+00:00\",\"mainEntityOfPage\":{\"@id\":\"https:\/\/circutor.com\/pt-pt\/noticias-pt-pt\/novas-penalizacoes-por-energia-reativa-capacitiva-em-espanha\/\"},\"wordCount\":533,\"commentCount\":0,\"publisher\":{\"@id\":\"https:\/\/circutor.com\/#organization\"},\"articleSection\":[\"Not\u00edcias\"],\"inLanguage\":\"pt-PT\",\"potentialAction\":[{\"@type\":\"CommentAction\",\"name\":\"Comment\",\"target\":[\"https:\/\/circutor.com\/pt-pt\/noticias-pt-pt\/novas-penalizacoes-por-energia-reativa-capacitiva-em-espanha\/#respond\"]}]},{\"@type\":\"Person\",\"@id\":\"https:\/\/circutor.com\/#\/schema\/person\/17d169bdccd6e2367b1ce7182dd31283\",\"name\":\"admin\",\"image\":{\"@type\":\"ImageObject\",\"inLanguage\":\"pt-PT\",\"@id\":\"https:\/\/circutor.com\/#\/schema\/person\/image\/\",\"url\":\"https:\/\/circutor.com\/wp-content\/uploads\/2022\/04\/usuario-logo-gris-96x96.png\",\"contentUrl\":\"https:\/\/circutor.com\/wp-content\/uploads\/2022\/04\/usuario-logo-gris-96x96.png\",\"caption\":\"admin\"}}]}<\/script>\n<!-- \/ Yoast SEO plugin. -->","yoast_head_json":{"title":"Novas penaliza\u00e7\u00f5es por energia reativa capacitiva em Espanha - CIRCUTOR","description":"A CIRCUTOR vem por este meio informar da recente aprova\u00e7\u00e3o da Circular 3\/2020 da Comiss\u00e3o Nacional dos Mercados de Espanha, cujas disposi\u00e7\u00f5es entrar\u00e3o em vigor no dia 1 de novembro de 2020. A sua implementa\u00e7\u00e3o cria um novo cen\u00e1rio no \u00e2mbito da compensa\u00e7\u00e3o de energia reativa.","robots":{"index":"index","follow":"follow","max-snippet":"max-snippet:-1","max-image-preview":"max-image-preview:large","max-video-preview":"max-video-preview:-1"},"canonical":"https:\/\/circutor.com\/pt-pt\/noticias-pt-pt\/novas-penalizacoes-por-energia-reativa-capacitiva-em-espanha\/","og_locale":"pt_PT","og_type":"article","og_title":"Novas penaliza\u00e7\u00f5es por energia reativa capacitiva em Espanha - CIRCUTOR","og_description":"A CIRCUTOR vem por este meio informar da recente aprova\u00e7\u00e3o da Circular 3\/2020 da Comiss\u00e3o Nacional dos Mercados de Espanha, cujas disposi\u00e7\u00f5es entrar\u00e3o em vigor no dia 1 de novembro de 2020. A sua implementa\u00e7\u00e3o cria um novo cen\u00e1rio no \u00e2mbito da compensa\u00e7\u00e3o de energia reativa.","og_url":"https:\/\/circutor.com\/pt-pt\/noticias-pt-pt\/novas-penalizacoes-por-energia-reativa-capacitiva-em-espanha\/","og_site_name":"CIRCUTOR","article_publisher":"https:\/\/www.facebook.com\/CIRCUTOR.ES","article_published_time":"2020-02-24T08:01:00+00:00","article_modified_time":"2022-01-15T08:44:47+00:00","og_image":[{"width":760,"height":356,"url":"https:\/\/circutor.com\/wp-content\/uploads\/2021\/05\/article-penalizacion-reactiva.jpg","type":"image\/jpeg"}],"author":"admin","twitter_card":"summary_large_image","twitter_creator":"@circutor","twitter_site":"@circutor","twitter_misc":{"Escrito por":"admin","Tempo estimado de leitura":"3 minutos"},"schema":{"@context":"https:\/\/schema.org","@graph":[{"@type":"Organization","@id":"https:\/\/circutor.com\/#organization","name":"Circutor","url":"https:\/\/circutor.com\/","sameAs":["https:\/\/www.instagram.com\/circutor_es","https:\/\/www.linkedin.com\/company\/circutor","https:\/\/www.youtube.com\/user\/CIRCUTORoficial","https:\/\/www.facebook.com\/CIRCUTOR.ES","https:\/\/twitter.com\/circutor"],"logo":{"@type":"ImageObject","inLanguage":"pt-PT","@id":"https:\/\/circutor.com\/#\/schema\/logo\/image\/","url":"https:\/\/circutor.com\/wp-content\/uploads\/2020\/09\/CIR_LOGO_RED.png","contentUrl":"https:\/\/circutor.com\/wp-content\/uploads\/2020\/09\/CIR_LOGO_RED.png","width":512,"height":128,"caption":"Circutor"},"image":{"@id":"https:\/\/circutor.com\/#\/schema\/logo\/image\/"}},{"@type":"WebSite","@id":"https:\/\/circutor.com\/#website","url":"https:\/\/circutor.com\/","name":"CIRCUTOR","description":"Soluciones para la eficiencia energ\u00e9tica el\u00e9ctrica","publisher":{"@id":"https:\/\/circutor.com\/#organization"},"potentialAction":[{"@type":"SearchAction","target":{"@type":"EntryPoint","urlTemplate":"https:\/\/circutor.com\/?s={search_term_string}"},"query-input":"required name=search_term_string"}],"inLanguage":"pt-PT"},{"@type":"WebPage","@id":"https:\/\/circutor.com\/pt-pt\/noticias-pt-pt\/novas-penalizacoes-por-energia-reativa-capacitiva-em-espanha\/","url":"https:\/\/circutor.com\/pt-pt\/noticias-pt-pt\/novas-penalizacoes-por-energia-reativa-capacitiva-em-espanha\/","name":"Novas penaliza\u00e7\u00f5es por energia reativa capacitiva em Espanha - CIRCUTOR","isPartOf":{"@id":"https:\/\/circutor.com\/#website"},"datePublished":"2020-02-24T08:01:00+00:00","dateModified":"2022-01-15T08:44:47+00:00","description":"A CIRCUTOR vem por este meio informar da recente aprova\u00e7\u00e3o da Circular 3\/2020 da Comiss\u00e3o Nacional dos Mercados de Espanha, cujas disposi\u00e7\u00f5es entrar\u00e3o em vigor no dia 1 de novembro de 2020. A sua implementa\u00e7\u00e3o cria um novo cen\u00e1rio no \u00e2mbito da compensa\u00e7\u00e3o de energia reativa.","breadcrumb":{"@id":"https:\/\/circutor.com\/pt-pt\/noticias-pt-pt\/novas-penalizacoes-por-energia-reativa-capacitiva-em-espanha\/#breadcrumb"},"inLanguage":"pt-PT","potentialAction":[{"@type":"ReadAction","target":["https:\/\/circutor.com\/pt-pt\/noticias-pt-pt\/novas-penalizacoes-por-energia-reativa-capacitiva-em-espanha\/"]}]},{"@type":"BreadcrumbList","@id":"https:\/\/circutor.com\/pt-pt\/noticias-pt-pt\/novas-penalizacoes-por-energia-reativa-capacitiva-em-espanha\/#breadcrumb","itemListElement":[{"@type":"ListItem","position":1,"name":"Portada","item":"https:\/\/circutor.com\/pt-pt\/"},{"@type":"ListItem","position":2,"name":"Novas penaliza\u00e7\u00f5es por energia reativa capacitiva em Espanha"}]},{"@type":"Article","@id":"https:\/\/circutor.com\/pt-pt\/noticias-pt-pt\/novas-penalizacoes-por-energia-reativa-capacitiva-em-espanha\/#article","isPartOf":{"@id":"https:\/\/circutor.com\/pt-pt\/noticias-pt-pt\/novas-penalizacoes-por-energia-reativa-capacitiva-em-espanha\/"},"author":{"name":"admin","@id":"https:\/\/circutor.com\/#\/schema\/person\/17d169bdccd6e2367b1ce7182dd31283"},"headline":"Novas penaliza\u00e7\u00f5es por energia reativa capacitiva em Espanha","datePublished":"2020-02-24T08:01:00+00:00","dateModified":"2022-01-15T08:44:47+00:00","mainEntityOfPage":{"@id":"https:\/\/circutor.com\/pt-pt\/noticias-pt-pt\/novas-penalizacoes-por-energia-reativa-capacitiva-em-espanha\/"},"wordCount":533,"commentCount":0,"publisher":{"@id":"https:\/\/circutor.com\/#organization"},"articleSection":["Not\u00edcias"],"inLanguage":"pt-PT","potentialAction":[{"@type":"CommentAction","name":"Comment","target":["https:\/\/circutor.com\/pt-pt\/noticias-pt-pt\/novas-penalizacoes-por-energia-reativa-capacitiva-em-espanha\/#respond"]}]},{"@type":"Person","@id":"https:\/\/circutor.com\/#\/schema\/person\/17d169bdccd6e2367b1ce7182dd31283","name":"admin","image":{"@type":"ImageObject","inLanguage":"pt-PT","@id":"https:\/\/circutor.com\/#\/schema\/person\/image\/","url":"https:\/\/circutor.com\/wp-content\/uploads\/2022\/04\/usuario-logo-gris-96x96.png","contentUrl":"https:\/\/circutor.com\/wp-content\/uploads\/2022\/04\/usuario-logo-gris-96x96.png","caption":"admin"}}]}},"_links":{"self":[{"href":"https:\/\/circutor.com\/pt-pt\/wp-json\/wp\/v2\/posts\/529"}],"collection":[{"href":"https:\/\/circutor.com\/pt-pt\/wp-json\/wp\/v2\/posts"}],"about":[{"href":"https:\/\/circutor.com\/pt-pt\/wp-json\/wp\/v2\/types\/post"}],"author":[{"embeddable":true,"href":"https:\/\/circutor.com\/pt-pt\/wp-json\/wp\/v2\/users\/1"}],"replies":[{"embeddable":true,"href":"https:\/\/circutor.com\/pt-pt\/wp-json\/wp\/v2\/comments?post=529"}],"version-history":[{"count":0,"href":"https:\/\/circutor.com\/pt-pt\/wp-json\/wp\/v2\/posts\/529\/revisions"}],"wp:featuredmedia":[{"embeddable":true,"href":"https:\/\/circutor.com\/pt-pt\/wp-json\/wp\/v2\/media\/6452"}],"wp:attachment":[{"href":"https:\/\/circutor.com\/pt-pt\/wp-json\/wp\/v2\/media?parent=529"}],"wp:term":[{"taxonomy":"category","embeddable":true,"href":"https:\/\/circutor.com\/pt-pt\/wp-json\/wp\/v2\/categories?post=529"},{"taxonomy":"post_tag","embeddable":true,"href":"https:\/\/circutor.com\/pt-pt\/wp-json\/wp\/v2\/tags?post=529"}],"curies":[{"name":"wp","href":"https:\/\/api.w.org\/{rel}","templated":true}]}}