{"id":39050,"date":"2023-06-13T11:42:10","date_gmt":"2023-06-13T09:42:10","guid":{"rendered":"https:\/\/circutor.com\/?p=39050"},"modified":"2023-06-13T11:42:45","modified_gmt":"2023-06-13T09:42:45","slug":"projeto-de-painel-de-circuit-de-barcelona-catalunha","status":"publish","type":"post","link":"https:\/\/circutor.com\/pt-pt\/casos-de-sucesso\/projeto-de-painel-de-circuit-de-barcelona-catalunha\/","title":{"rendered":"Projeto de painel de Circuit de Barcelona-Catalunha"},"content":{"rendered":"<p>[vc_row][vc_column][vc_column_text css=&#8221;.vc_custom_1686649227423{margin-top: 20px !important;margin-bottom: 20px !important;}&#8221;]<strong>Instala\u00e7\u00e3o de um painel fotovoltaico com carregamento de ve\u00edculo el\u00e9trico integrado no Circuit de Barcelona-Catalunha para impulsionar a sustentabilidade e a mobilidade verde.<\/strong>[\/vc_column_text][vc_column_text css=&#8221;.vc_custom_1686649235876{margin-top: 20px !important;margin-bottom: 20px !important;}&#8221;]<strong>Resumo<\/strong><\/p>\n<p>[vc_empty_space height=&#8221;15px&#8221;]<\/p>\n<p>O Circuit de Barcelona-Catalunha, reconhecido como um dos principais circuitos de estradas de automobilismo na Europa, levou a cabo uma inovadora instala\u00e7\u00e3o de um painel fotovoltaico com carregamento de ve\u00edculo el\u00e9trico integrado. Esta iniciativa, pioneira no setor, permitiu promover a sustentabilidade, reduzir a pegada de carbono e fomentar a mobilidade verde tanto dentro como fora do circuito.[\/vc_column_text][vc_column_text css=&#8221;.vc_custom_1686649258413{margin-top: 20px !important;margin-bottom: 20px !important;}&#8221;]<strong>Descri\u00e7\u00e3o<\/strong><\/p>\n<p>[vc_empty_space height=&#8221;15px&#8221;]<\/p>\n<p>O Circuit de Barcelona-Catalunha, localizado em Montmel\u00f3, \u00e9 famoso por acolher importantes eventos de automobilismo e motociclismo a n\u00edvel nacional e internacional. Conscientes da necessidade de adotar pr\u00e1ticas mais sustent\u00e1veis, os respons\u00e1veis pelo Circuit de Barcelona-Catalunha decidiram implementar uma solu\u00e7\u00e3o inovadora para reduzir o seu impacto ambiental e promover a mobilidade el\u00e9trica.<\/p>\n<p>O painel modelo PVS2 foi instalado numa das \u00e1reas mais emblem\u00e1ticas do Circuit de Barcelona-Catalunha pr\u00f3ximo \u00e0 antiga casa rural conhecida como Mas La Moreneta. Este painel conta com uma cobertura de 42 pain\u00e9is solares que captam a energia do sol e a convertem em eletricidade.\u00a0<strong>O conjunto dos m\u00f3dulos fotovoltaicos proporciona uma grande pot\u00eancia de 16,8 kWp, a qual se utiliza, em grande parte, para alimentar as esta\u00e7\u00f5es de carregamento de ve\u00edculos el\u00e9tricos integradas na pr\u00f3pria estrutura.<\/strong>[\/vc_column_text][vc_row_inner css=&#8221;.vc_custom_1686310999801{margin-top: 40px !important;margin-bottom: 40px !important;}&#8221;][vc_column_inner width=&#8221;1\/2&#8243;][vc_single_image image=&#8221;38936&#8243; img_size=&#8221;full&#8221;][\/vc_column_inner][vc_column_inner width=&#8221;1\/2&#8243;][vc_single_image image=&#8221;38928&#8243; img_size=&#8221;full&#8221;][\/vc_column_inner][\/vc_row_inner][vc_column_text css=&#8221;.vc_custom_1686649277413{margin-top: 20px !important;margin-bottom: 20px !important;}&#8221;]<strong>Capacidade<\/strong><\/p>\n<p>[vc_empty_space height=&#8221;15px&#8221;]<\/p>\n<p><strong>O painel fotovoltaico tem capacidade para albergar 6 ve\u00edculos el\u00e9tricos simultaneamente e oferece 3 carregadores <\/strong><strong>RVE-WB2M SMART com um total de 6 tomadas tipo 2 de 7,2kW<\/strong>. Al\u00e9m disso, foi implementado um sistema DLM de gest\u00e3o inteligente de pot\u00eancia que otimiza a utiliza\u00e7\u00e3o da energia gerada e permite um controlo eficiente das opera\u00e7\u00f5es de carregamento permitindo carregar, ao m\u00e1ximo, ve\u00edculos no menor tempo poss\u00edvel.<\/p>\n<p>O projeto fomentou a mobilidade el\u00e9trica entre os visitantes e o pessoal do Circuito.\u00a0<strong>Pressupondo uma m\u00e9dia de 5 horas solares di\u00e1rias e um consumo m\u00e9dio de um ve\u00edculo el\u00e9trico de 16 kWh, permitir\u00e1 realizar 525 km di\u00e1rios utilizando exclusivamente a energia solar.<\/strong>[\/vc_column_text][vc_message css=&#8221;.vc_custom_1686649283978{margin-top: 40px !important;margin-bottom: 40px !important;}&#8221;]Isto contribuiu para aumentar a consci\u00eancia sobre a mobilidade sustent\u00e1vel e serviu como exemplo para outros eventos e lugares similares.[\/vc_message][vc_column_text css=&#8221;.vc_custom_1686649298331{margin-top: 20px !important;margin-bottom: 20px !important;}&#8221;]<strong>Impacto<\/strong><\/p>\n<p>[vc_empty_space height=&#8221;15px&#8221;]<\/p>\n<p>O impacto desta instala\u00e7\u00e3o em painel mais as instala\u00e7\u00f5es localizadas nas coberturas dos diferentes edif\u00edcios do complexo, foi significativo. Em primeiro lugar, reduziu-se a depend\u00eancia do Circuit de Barcelona-Catalunha da rede el\u00e9trica convencional, o que pressup\u00f4s poupan\u00e7as consider\u00e1veis em termos de consumo de energia.\u00a0<strong>Al\u00e9m disso, apenas com a instala\u00e7\u00e3o em painel, deixou de se emitir 6279 t de CO2 anuais, reduzindo a emiss\u00e3o de gases de efeito de estufa associados com a gera\u00e7\u00e3o de eletricidade.<\/strong>[\/vc_column_text][vc_row_inner css=&#8221;.vc_custom_1686311010167{margin-top: 40px !important;margin-bottom: 40px !important;}&#8221;][vc_column_inner width=&#8221;1\/2&#8243;][vc_single_image image=&#8221;38953&#8243; img_size=&#8221;full&#8221;][\/vc_column_inner][vc_column_inner width=&#8221;1\/2&#8243;][vc_single_image image=&#8221;38945&#8243; img_size=&#8221;full&#8221;][\/vc_column_inner][\/vc_row_inner][vc_column_text css=&#8221;.vc_custom_1686649322229{margin-top: 20px !important;margin-bottom: 20px !important;}&#8221;]<strong>Monitoriza\u00e7\u00e3o<\/strong><\/p>\n<p>[vc_empty_space height=&#8221;15px&#8221;]<\/p>\n<p>Para poder monitorizar e visualizar os dados das diferentes instala\u00e7\u00f5es fotovoltaicas e os pontos de carregamento de ve\u00edculo el\u00e9trico de que disp\u00f5e o Circuit de Barcelona-Catalunha foi integrado um gestor energ\u00e9tico iPVMonitor. Este equipamento permite conhecer, em tempo real, o rendimento das diferentes instala\u00e7\u00f5es, a produ\u00e7\u00e3o fotovoltaica, os consumos tanto dos edif\u00edcios, como dos pontos de carregamento, bem como armazenar dados hist\u00f3ricos para fazer an\u00e1lises peri\u00f3dicas.<\/p>\n<p><strong>Conclus\u00f5es<\/strong><\/p>\n<p>[vc_empty_space height=&#8221;15px&#8221;]<\/p>\n<p>Em resumo, a instala\u00e7\u00e3o de um painel fotovoltaico com carregamento de ve\u00edculo el\u00e9trico no Circuit de Barcelona-Catalunha foi um sucesso na promo\u00e7\u00e3o da sustentabilidade e a mobilidade verde. Mediante a gera\u00e7\u00e3o de energia solar e a integra\u00e7\u00e3o de esta\u00e7\u00f5es de carregamento de ve\u00edculos el\u00e9tricos, foi reduzida a pegada de carbono, obtiveram-se poupan\u00e7as significativas de energia e foi fomentada a ado\u00e7\u00e3o da mobilidade el\u00e9trica entre os utilizadores do circuito. Este projeto pioneiro demonstra o compromisso do Circuito da Catalunha com a inova\u00e7\u00e3o e o cuidado do meio ambiente.[\/vc_column_text][\/vc_column][\/vc_row]<\/p>\n","protected":false},"excerpt":{"rendered":"<p>[vc_row][vc_column][vc_column_text css=&#8221;.vc_custom_1686649227423{margin-top: 20px !important;margin-bottom: 20px !important;}&#8221;]Instala\u00e7\u00e3o de um painel fotovoltaico com carregamento de ve\u00edculo el\u00e9trico integrado no Circuit de Barcelona-Catalunha para impulsionar a sustentabilidade e a mobilidade verde.[\/vc_column_text][vc_column_text css=&#8221;.vc_custom_1686649235876{margin-top: 20px !important;margin-bottom: 20px !important;}&#8221;]Resumo [vc_empty_space height=&#8221;15px&#8221;] O Circuit de Barcelona-Catalunha, reconhecido como um dos principais circuitos de estradas de automobilismo na Europa, levou a cabo uma [&hellip;]<\/p>\n","protected":false},"author":3,"featured_media":38926,"comment_status":"open","ping_status":"open","sticky":false,"template":"","format":"standard","meta":[],"categories":[3531],"tags":[3680,3644],"acf":[],"yoast_head":"<!-- This site is optimized with the Yoast SEO plugin v19.4 - https:\/\/yoast.com\/wordpress\/plugins\/seo\/ -->\n<title>Projeto de painel de Circuit de Barcelona-Catalunha - CIRCUTOR<\/title>\n<meta name=\"robots\" content=\"index, follow, max-snippet:-1, max-image-preview:large, max-video-preview:-1\" \/>\n<link rel=\"canonical\" href=\"https:\/\/circutor.com\/pt-pt\/casos-de-sucesso\/projeto-de-painel-de-circuit-de-barcelona-catalunha\/\" \/>\n<meta property=\"og:locale\" content=\"pt_PT\" \/>\n<meta property=\"og:type\" content=\"article\" \/>\n<meta property=\"og:title\" content=\"Projeto de painel de Circuit de Barcelona-Catalunha - CIRCUTOR\" \/>\n<meta property=\"og:description\" content=\"[vc_row][vc_column][vc_column_text css=&#8221;.vc_custom_1686649227423{margin-top: 20px !important;margin-bottom: 20px !important;}&#8221;]Instala\u00e7\u00e3o de um painel fotovoltaico com carregamento de ve\u00edculo el\u00e9trico integrado no Circuit de Barcelona-Catalunha para impulsionar a sustentabilidade e a mobilidade verde.[\/vc_column_text][vc_column_text css=&#8221;.vc_custom_1686649235876{margin-top: 20px !important;margin-bottom: 20px !important;}&#8221;]Resumo [vc_empty_space height=&#8221;15px&#8221;] O Circuit de Barcelona-Catalunha, reconhecido como um dos principais circuitos de estradas de automobilismo na Europa, levou a cabo uma [&hellip;]\" \/>\n<meta property=\"og:url\" content=\"https:\/\/circutor.com\/pt-pt\/casos-de-sucesso\/projeto-de-painel-de-circuit-de-barcelona-catalunha\/\" \/>\n<meta property=\"og:site_name\" content=\"CIRCUTOR\" \/>\n<meta property=\"article:publisher\" content=\"https:\/\/www.facebook.com\/CIRCUTOR.ES\" \/>\n<meta property=\"article:published_time\" content=\"2023-06-13T09:42:10+00:00\" \/>\n<meta property=\"article:modified_time\" content=\"2023-06-13T09:42:45+00:00\" \/>\n<meta property=\"og:image\" content=\"https:\/\/circutor.com\/wp-content\/uploads\/2023\/06\/FO-article-circuit-catalunya.jpg\" \/>\n\t<meta property=\"og:image:width\" content=\"1920\" \/>\n\t<meta property=\"og:image:height\" content=\"1080\" \/>\n\t<meta property=\"og:image:type\" content=\"image\/jpeg\" \/>\n<meta name=\"author\" content=\"Circutor\" \/>\n<meta name=\"twitter:card\" content=\"summary_large_image\" \/>\n<meta name=\"twitter:creator\" content=\"@circutor\" \/>\n<meta name=\"twitter:site\" content=\"@circutor\" \/>\n<meta name=\"twitter:label1\" content=\"Escrito por\" \/>\n\t<meta name=\"twitter:data1\" content=\"Circutor\" \/>\n\t<meta name=\"twitter:label2\" content=\"Tempo estimado de leitura\" \/>\n\t<meta name=\"twitter:data2\" content=\"4 minutos\" \/>\n<script type=\"application\/ld+json\" class=\"yoast-schema-graph\">{\"@context\":\"https:\/\/schema.org\",\"@graph\":[{\"@type\":\"Organization\",\"@id\":\"https:\/\/circutor.com\/#organization\",\"name\":\"Circutor\",\"url\":\"https:\/\/circutor.com\/\",\"sameAs\":[\"https:\/\/www.instagram.com\/circutor_es\",\"https:\/\/www.linkedin.com\/company\/circutor\",\"https:\/\/www.youtube.com\/user\/CIRCUTORoficial\",\"https:\/\/www.facebook.com\/CIRCUTOR.ES\",\"https:\/\/twitter.com\/circutor\"],\"logo\":{\"@type\":\"ImageObject\",\"inLanguage\":\"pt-PT\",\"@id\":\"https:\/\/circutor.com\/#\/schema\/logo\/image\/\",\"url\":\"https:\/\/circutor.com\/wp-content\/uploads\/2020\/09\/CIR_LOGO_RED.png\",\"contentUrl\":\"https:\/\/circutor.com\/wp-content\/uploads\/2020\/09\/CIR_LOGO_RED.png\",\"width\":512,\"height\":128,\"caption\":\"Circutor\"},\"image\":{\"@id\":\"https:\/\/circutor.com\/#\/schema\/logo\/image\/\"}},{\"@type\":\"WebSite\",\"@id\":\"https:\/\/circutor.com\/#website\",\"url\":\"https:\/\/circutor.com\/\",\"name\":\"CIRCUTOR\",\"description\":\"Soluciones para la eficiencia energ\u00e9tica el\u00e9ctrica\",\"publisher\":{\"@id\":\"https:\/\/circutor.com\/#organization\"},\"potentialAction\":[{\"@type\":\"SearchAction\",\"target\":{\"@type\":\"EntryPoint\",\"urlTemplate\":\"https:\/\/circutor.com\/?s={search_term_string}\"},\"query-input\":\"required name=search_term_string\"}],\"inLanguage\":\"pt-PT\"},{\"@type\":\"WebPage\",\"@id\":\"https:\/\/circutor.com\/pt-pt\/casos-de-sucesso\/projeto-de-painel-de-circuit-de-barcelona-catalunha\/\",\"url\":\"https:\/\/circutor.com\/pt-pt\/casos-de-sucesso\/projeto-de-painel-de-circuit-de-barcelona-catalunha\/\",\"name\":\"Projeto de painel de Circuit de Barcelona-Catalunha - CIRCUTOR\",\"isPartOf\":{\"@id\":\"https:\/\/circutor.com\/#website\"},\"datePublished\":\"2023-06-13T09:42:10+00:00\",\"dateModified\":\"2023-06-13T09:42:45+00:00\",\"breadcrumb\":{\"@id\":\"https:\/\/circutor.com\/pt-pt\/casos-de-sucesso\/projeto-de-painel-de-circuit-de-barcelona-catalunha\/#breadcrumb\"},\"inLanguage\":\"pt-PT\",\"potentialAction\":[{\"@type\":\"ReadAction\",\"target\":[\"https:\/\/circutor.com\/pt-pt\/casos-de-sucesso\/projeto-de-painel-de-circuit-de-barcelona-catalunha\/\"]}]},{\"@type\":\"BreadcrumbList\",\"@id\":\"https:\/\/circutor.com\/pt-pt\/casos-de-sucesso\/projeto-de-painel-de-circuit-de-barcelona-catalunha\/#breadcrumb\",\"itemListElement\":[{\"@type\":\"ListItem\",\"position\":1,\"name\":\"Portada\",\"item\":\"https:\/\/circutor.com\/pt-pt\/\"},{\"@type\":\"ListItem\",\"position\":2,\"name\":\"Projeto de painel de Circuit de Barcelona-Catalunha\"}]},{\"@type\":\"Article\",\"@id\":\"https:\/\/circutor.com\/pt-pt\/casos-de-sucesso\/projeto-de-painel-de-circuit-de-barcelona-catalunha\/#article\",\"isPartOf\":{\"@id\":\"https:\/\/circutor.com\/pt-pt\/casos-de-sucesso\/projeto-de-painel-de-circuit-de-barcelona-catalunha\/\"},\"author\":{\"name\":\"Circutor\",\"@id\":\"https:\/\/circutor.com\/#\/schema\/person\/234a865ed449be1116408bdfdf6f576a\"},\"headline\":\"Projeto de painel de Circuit de Barcelona-Catalunha\",\"datePublished\":\"2023-06-13T09:42:10+00:00\",\"dateModified\":\"2023-06-13T09:42:45+00:00\",\"mainEntityOfPage\":{\"@id\":\"https:\/\/circutor.com\/pt-pt\/casos-de-sucesso\/projeto-de-painel-de-circuit-de-barcelona-catalunha\/\"},\"wordCount\":874,\"commentCount\":0,\"publisher\":{\"@id\":\"https:\/\/circutor.com\/#organization\"},\"keywords\":[\"Carregamento de ve\u00edculos el\u00e9tricos\",\"Mobilidade el\u00e9trica\u00a0\"],\"articleSection\":[\"Casos de sucesso\"],\"inLanguage\":\"pt-PT\",\"potentialAction\":[{\"@type\":\"CommentAction\",\"name\":\"Comment\",\"target\":[\"https:\/\/circutor.com\/pt-pt\/casos-de-sucesso\/projeto-de-painel-de-circuit-de-barcelona-catalunha\/#respond\"]}]},{\"@type\":\"Person\",\"@id\":\"https:\/\/circutor.com\/#\/schema\/person\/234a865ed449be1116408bdfdf6f576a\",\"name\":\"Circutor\",\"image\":{\"@type\":\"ImageObject\",\"inLanguage\":\"pt-PT\",\"@id\":\"https:\/\/circutor.com\/#\/schema\/person\/image\/\",\"url\":\"https:\/\/circutor.com\/wp-content\/uploads\/2022\/04\/usuario-logo-gris-96x96.png\",\"contentUrl\":\"https:\/\/circutor.com\/wp-content\/uploads\/2022\/04\/usuario-logo-gris-96x96.png\",\"caption\":\"Circutor\"}}]}<\/script>\n<!-- \/ Yoast SEO plugin. -->","yoast_head_json":{"title":"Projeto de painel de Circuit de Barcelona-Catalunha - CIRCUTOR","robots":{"index":"index","follow":"follow","max-snippet":"max-snippet:-1","max-image-preview":"max-image-preview:large","max-video-preview":"max-video-preview:-1"},"canonical":"https:\/\/circutor.com\/pt-pt\/casos-de-sucesso\/projeto-de-painel-de-circuit-de-barcelona-catalunha\/","og_locale":"pt_PT","og_type":"article","og_title":"Projeto de painel de Circuit de Barcelona-Catalunha - CIRCUTOR","og_description":"[vc_row][vc_column][vc_column_text css=&#8221;.vc_custom_1686649227423{margin-top: 20px !important;margin-bottom: 20px !important;}&#8221;]Instala\u00e7\u00e3o de um painel fotovoltaico com carregamento de ve\u00edculo el\u00e9trico integrado no Circuit de Barcelona-Catalunha para impulsionar a sustentabilidade e a mobilidade verde.[\/vc_column_text][vc_column_text css=&#8221;.vc_custom_1686649235876{margin-top: 20px !important;margin-bottom: 20px !important;}&#8221;]Resumo [vc_empty_space height=&#8221;15px&#8221;] O Circuit de Barcelona-Catalunha, reconhecido como um dos principais circuitos de estradas de automobilismo na Europa, levou a cabo uma [&hellip;]","og_url":"https:\/\/circutor.com\/pt-pt\/casos-de-sucesso\/projeto-de-painel-de-circuit-de-barcelona-catalunha\/","og_site_name":"CIRCUTOR","article_publisher":"https:\/\/www.facebook.com\/CIRCUTOR.ES","article_published_time":"2023-06-13T09:42:10+00:00","article_modified_time":"2023-06-13T09:42:45+00:00","og_image":[{"width":1920,"height":1080,"url":"https:\/\/circutor.com\/wp-content\/uploads\/2023\/06\/FO-article-circuit-catalunya.jpg","type":"image\/jpeg"}],"author":"Circutor","twitter_card":"summary_large_image","twitter_creator":"@circutor","twitter_site":"@circutor","twitter_misc":{"Escrito por":"Circutor","Tempo estimado de leitura":"4 minutos"},"schema":{"@context":"https:\/\/schema.org","@graph":[{"@type":"Organization","@id":"https:\/\/circutor.com\/#organization","name":"Circutor","url":"https:\/\/circutor.com\/","sameAs":["https:\/\/www.instagram.com\/circutor_es","https:\/\/www.linkedin.com\/company\/circutor","https:\/\/www.youtube.com\/user\/CIRCUTORoficial","https:\/\/www.facebook.com\/CIRCUTOR.ES","https:\/\/twitter.com\/circutor"],"logo":{"@type":"ImageObject","inLanguage":"pt-PT","@id":"https:\/\/circutor.com\/#\/schema\/logo\/image\/","url":"https:\/\/circutor.com\/wp-content\/uploads\/2020\/09\/CIR_LOGO_RED.png","contentUrl":"https:\/\/circutor.com\/wp-content\/uploads\/2020\/09\/CIR_LOGO_RED.png","width":512,"height":128,"caption":"Circutor"},"image":{"@id":"https:\/\/circutor.com\/#\/schema\/logo\/image\/"}},{"@type":"WebSite","@id":"https:\/\/circutor.com\/#website","url":"https:\/\/circutor.com\/","name":"CIRCUTOR","description":"Soluciones para la eficiencia energ\u00e9tica el\u00e9ctrica","publisher":{"@id":"https:\/\/circutor.com\/#organization"},"potentialAction":[{"@type":"SearchAction","target":{"@type":"EntryPoint","urlTemplate":"https:\/\/circutor.com\/?s={search_term_string}"},"query-input":"required name=search_term_string"}],"inLanguage":"pt-PT"},{"@type":"WebPage","@id":"https:\/\/circutor.com\/pt-pt\/casos-de-sucesso\/projeto-de-painel-de-circuit-de-barcelona-catalunha\/","url":"https:\/\/circutor.com\/pt-pt\/casos-de-sucesso\/projeto-de-painel-de-circuit-de-barcelona-catalunha\/","name":"Projeto de painel de Circuit de Barcelona-Catalunha - CIRCUTOR","isPartOf":{"@id":"https:\/\/circutor.com\/#website"},"datePublished":"2023-06-13T09:42:10+00:00","dateModified":"2023-06-13T09:42:45+00:00","breadcrumb":{"@id":"https:\/\/circutor.com\/pt-pt\/casos-de-sucesso\/projeto-de-painel-de-circuit-de-barcelona-catalunha\/#breadcrumb"},"inLanguage":"pt-PT","potentialAction":[{"@type":"ReadAction","target":["https:\/\/circutor.com\/pt-pt\/casos-de-sucesso\/projeto-de-painel-de-circuit-de-barcelona-catalunha\/"]}]},{"@type":"BreadcrumbList","@id":"https:\/\/circutor.com\/pt-pt\/casos-de-sucesso\/projeto-de-painel-de-circuit-de-barcelona-catalunha\/#breadcrumb","itemListElement":[{"@type":"ListItem","position":1,"name":"Portada","item":"https:\/\/circutor.com\/pt-pt\/"},{"@type":"ListItem","position":2,"name":"Projeto de painel de Circuit de Barcelona-Catalunha"}]},{"@type":"Article","@id":"https:\/\/circutor.com\/pt-pt\/casos-de-sucesso\/projeto-de-painel-de-circuit-de-barcelona-catalunha\/#article","isPartOf":{"@id":"https:\/\/circutor.com\/pt-pt\/casos-de-sucesso\/projeto-de-painel-de-circuit-de-barcelona-catalunha\/"},"author":{"name":"Circutor","@id":"https:\/\/circutor.com\/#\/schema\/person\/234a865ed449be1116408bdfdf6f576a"},"headline":"Projeto de painel de Circuit de Barcelona-Catalunha","datePublished":"2023-06-13T09:42:10+00:00","dateModified":"2023-06-13T09:42:45+00:00","mainEntityOfPage":{"@id":"https:\/\/circutor.com\/pt-pt\/casos-de-sucesso\/projeto-de-painel-de-circuit-de-barcelona-catalunha\/"},"wordCount":874,"commentCount":0,"publisher":{"@id":"https:\/\/circutor.com\/#organization"},"keywords":["Carregamento de ve\u00edculos el\u00e9tricos","Mobilidade el\u00e9trica\u00a0"],"articleSection":["Casos de sucesso"],"inLanguage":"pt-PT","potentialAction":[{"@type":"CommentAction","name":"Comment","target":["https:\/\/circutor.com\/pt-pt\/casos-de-sucesso\/projeto-de-painel-de-circuit-de-barcelona-catalunha\/#respond"]}]},{"@type":"Person","@id":"https:\/\/circutor.com\/#\/schema\/person\/234a865ed449be1116408bdfdf6f576a","name":"Circutor","image":{"@type":"ImageObject","inLanguage":"pt-PT","@id":"https:\/\/circutor.com\/#\/schema\/person\/image\/","url":"https:\/\/circutor.com\/wp-content\/uploads\/2022\/04\/usuario-logo-gris-96x96.png","contentUrl":"https:\/\/circutor.com\/wp-content\/uploads\/2022\/04\/usuario-logo-gris-96x96.png","caption":"Circutor"}}]}},"_links":{"self":[{"href":"https:\/\/circutor.com\/pt-pt\/wp-json\/wp\/v2\/posts\/39050"}],"collection":[{"href":"https:\/\/circutor.com\/pt-pt\/wp-json\/wp\/v2\/posts"}],"about":[{"href":"https:\/\/circutor.com\/pt-pt\/wp-json\/wp\/v2\/types\/post"}],"author":[{"embeddable":true,"href":"https:\/\/circutor.com\/pt-pt\/wp-json\/wp\/v2\/users\/3"}],"replies":[{"embeddable":true,"href":"https:\/\/circutor.com\/pt-pt\/wp-json\/wp\/v2\/comments?post=39050"}],"version-history":[{"count":0,"href":"https:\/\/circutor.com\/pt-pt\/wp-json\/wp\/v2\/posts\/39050\/revisions"}],"wp:featuredmedia":[{"embeddable":true,"href":"https:\/\/circutor.com\/pt-pt\/wp-json\/wp\/v2\/media\/38926"}],"wp:attachment":[{"href":"https:\/\/circutor.com\/pt-pt\/wp-json\/wp\/v2\/media?parent=39050"}],"wp:term":[{"taxonomy":"category","embeddable":true,"href":"https:\/\/circutor.com\/pt-pt\/wp-json\/wp\/v2\/categories?post=39050"},{"taxonomy":"post_tag","embeddable":true,"href":"https:\/\/circutor.com\/pt-pt\/wp-json\/wp\/v2\/tags?post=39050"}],"curies":[{"name":"wp","href":"https:\/\/api.w.org\/{rel}","templated":true}]}}