{"id":33086,"date":"2023-02-02T10:50:31","date_gmt":"2023-02-02T08:50:31","guid":{"rendered":"https:\/\/circutor.com\/?p=33086"},"modified":"2023-02-02T10:50:31","modified_gmt":"2023-02-02T08:50:31","slug":"reto-autonomia-dacia-spring","status":"publish","type":"post","link":"https:\/\/circutor.com\/pt-pt\/artigos\/reto-autonomia-dacia-spring\/","title":{"rendered":"Reto Autonomia &#8211; Dacia Spring"},"content":{"rendered":"<p>[vc_row][vc_column][vc_single_image image=&#8221;29648&#8243; img_size=&#8221;full&#8221; alignment=&#8221;center&#8221; style=&#8221;vc_box_rounded&#8221;][\/vc_column][\/vc_row][vc_row css=&#8221;.vc_custom_1662108385477{margin-top: 40px !important;margin-bottom: 40px !important;}&#8221;][vc_column][vc_message message_box_color=&#8221;grey&#8221; icon_fontawesome=&#8221;fas fa-car&#8221;]<strong>Marca e Modelo: Dacia Spring Electric<\/strong><br \/>\nCapacidade \u00fatil da bateria: 26,8 kWh<br \/>\nPot\u00eancia m\u00e1xima em carregamento r\u00e1pido: 34 kW DC<br \/>\nAutonomia homologada WLTP: 225 km<br \/>\nConsumo homologado WLTP: 11,9 kWh\/100 km<br \/>\nPeso do ve\u00edculo: 950 kg[\/vc_message][vc_separator border_width=&#8221;2&#8243; css=&#8221;.vc_custom_1663233448733{margin-top: 20px !important;}&#8221;][\/vc_column][\/vc_row][vc_row][vc_column][vc_column_text]Neste novo #CircutorElectroChallenge conduzimos um\u00a0<a href=\"https:\/\/www.dacia.es\/modelos\/spring.html\"><strong>Dacia Spring<\/strong><\/a><strong>\u00a0Plus 100% el\u00e9trico<\/strong>, at\u00e9 ao limite da sua autonomia empregando, como sempre, as nossas melhores aptid\u00f5es de condu\u00e7\u00e3o eficiente.<\/p>\n<p>Um carro com o qual a\u00a0<a href=\"https:\/\/es.wikipedia.org\/wiki\/Automobile_Dacia\">marca Rumanesa<\/a>\u00a0se estreia no mundo da eletrifica\u00e7\u00e3o. Ainda que, seguramente, a partir da experi\u00eancia acumulada pela matriz, a\u00a0<a href=\"https:\/\/www.renault.es\/\">Renault<\/a>, com carros como o\u00a0<a href=\"https:\/\/www.renault.es\/electricos\/zoe.html\">Zoe<\/a>.<\/p>\n<p>Um utilit\u00e1rio pensado para a mobilidade urbana que n\u00e3o s\u00f3 \u00e9 entendido como o mais econ\u00f3mico no mercado, mas por ter sido uma aut\u00eantica surpresa pelo volume de vendas e encomendas alcan\u00e7ado, foi o terceiro modelo mais vendido da marca em 2021 e acumula milhares de reservas.<\/p>\n<p>Dizem que no frasco pequeno radica o bom doce e neste caso o Spring com menos de uma tonelada de peso e 3,7 m de comprimento \u00e9 um bom exemplo, uma vez que apesar de montar uma bateria relativamente pequena, o seu baixo consumo permite-lhe fazer semanas de condu\u00e7\u00e3o em cidade com um mesmo carregamento.[\/vc_column_text][vc_message message_box_color=&#8221;grey&#8221; icon_fontawesome=&#8221;fas fa-car&#8221; css=&#8221;.vc_custom_1675327623191{margin-top: 40px !important;margin-bottom: 40px !important;}&#8221;]<strong>Estes s\u00e3o os resultados de consumo obtidos nos testes iniciais:<\/strong><\/p>\n<p>Volta solid\u00e1ria: 8,4 kWh\/100 km<br \/>\nVolta EcoBest: 10,8 kWh\/100 km[\/vc_message][vc_single_image image=&#8221;29664&#8243; img_size=&#8221;full&#8221; alignment=&#8221;center&#8221; style=&#8221;vc_box_rounded&#8221;][vc_column_text]Estes dados indicam-nos duas coisas importantes. A primeira \u00e9 muito f\u00e1cil conduzir de forma eficiente o spring e melhorar os resultados de homologa\u00e7\u00e3o e, segunda, o carro n\u00e3o gosta da autoestrada.<\/p>\n<p>Dados estes primeiros resultados propomo-nos fazer uma nova rota para os desafios destes modelos mais pequenos, no qual predominar\u00e3o as estradas perante as vias mais r\u00e1pidas.<\/p>\n<p>Sa\u00edamos da sede da Circutor, em Viladecavalls, poucos minutos antes das 7 da tarde com um objetivo. Conduzir at\u00e9 El Vendrell atrav\u00e9s das famosas e panor\u00e2micas costas de El Garraf e voltar\u00edamos pela N-340, subindo o porto de Ordal. O ve\u00edculo promete-nos a competi\u00e7\u00e3o de 230 km no momento da desconex\u00e3o da\u00a0<a href=\"https:\/\/circutor.com\/productos\/recarga-inteligente-para-vehiculos-electricos\/estacion-de-recarga-exterior\/postes-de-carga-exterior-modo-1-2-y-3\/product\/V10622.\/\"><strong>Urban<\/strong><\/a>\u00a0na qual temos feito o carregamento da bateria a 100 %.<\/p>\n<p>Iniciamos o percurso pela C-58 e atravessamos a Ronda Litoral de Barcelona com tr\u00e2nsito muito denso, inclusivamente, com alguma reten\u00e7\u00e3o. O consumo deste tro\u00e7o \u00e9 realmente muito baixo, o que faz com que o computador do ve\u00edculo nos mostra at\u00e9 260 km de autonomia. Magia, ou simplesmente que o algoritmo est\u00e1 muito influenciado pelo consumo dos \u00faltimos quil\u00f3metros?<\/p>\n<p>As costas de El Garraf s\u00e3o o tra\u00e7ado perfeito para este ve\u00edculo, ligeiro e com acelera\u00e7\u00e3o ao mesmo tempo, muito divertido. Chegamos a El Vendrell, ponto mais afastado da nossa rota, com 63% de bateria, 158 km de autonomia gra\u00e7as a um consumo que, todavia, n\u00e3o chega a 10 kWh\/100 km, no entanto, resta-nos a parte mais dura, o regresso.<\/p>\n<p>A N-340, sem tr\u00e2nsito noturno, conduz-nos ao porto de Ordal 487 m de altitude e as suas subidas de 3% passam fatura, de forma que por cada km percorrido em subida perdemos o dobro em autonomia.<\/p>\n<p>Uma vez coroado o porto resta pouco mais de um ter\u00e7o da bateria e 80 km de margem. Felizmente temos uma longu\u00edssima descida at\u00e9 cruzar Llobregat atrav\u00e9s da ponte de Molins de Rei com uma ligeira recupera\u00e7\u00e3o da autonomia e da moral.<\/p>\n<p>Chegamos a casa, depois de 3 horas e meia de condu\u00e7\u00e3o, com 28% de bateria e 68 km de autonomia, com um consumo de 10,7 kWh\/100 km. Portanto, na manh\u00e3 de s\u00e1bado fazemos um pequeno percurso pelas estradas de Vall\u00e8s at\u00e9 acabar a bateria.<\/p>\n<p>O ve\u00edculo deixa de mostrar a autonomia quando a carga da bateria desde 5%, mas a experi\u00eancia adquirida no teste #EcoBest realizado pela coches.net e jornalistas internacionais o ano passado indicam que todavia poder\u00edamos fazer 30 km a velocidade reduzida at\u00e9 chegar ao nosso carregador.<\/p>\n<p><em>Impressionante! Temperamos os nossos nervos e desfrutamos da condu\u00e7\u00e3o.<\/em><\/p>\n<h2>Resultados do Desafio de Autonomia &#8211; Dacia Spring<\/h2>\n<p>[\/vc_column_text][vc_single_image image=&#8221;29640&#8243; img_size=&#8221;full&#8221; alignment=&#8221;center&#8221; style=&#8221;vc_box_rounded&#8221; css=&#8221;.vc_custom_1664263898617{margin-top: 20px !important;}&#8221;][vc_message message_box_color=&#8221;grey&#8221; icon_fontawesome=&#8221;fas fa-car&#8221; css=&#8221;.vc_custom_1675327676379{margin-top: 20px !important;margin-bottom: 40px !important;}&#8221;]Percurso total: 241 km<br \/>\nTempo de condu\u00e7\u00e3o: 4,5 h<br \/>\nBateria restante: 3 %<br \/>\nAutonomia restante: 7 km<br \/>\nConsumo: 11,5 kWh\/100 km<br \/>\nVelocidade m\u00e9dia: 53,5 km[\/vc_message][vc_column_text]Uma nota positiva, sem margem para d\u00favidas, \u00e9 que a vers\u00e3o plus equipa o\u00a0<a href=\"https:\/\/es.wikipedia.org\/wiki\/Combined_Charging_System\">conector CCS2<\/a>\u00a0 e permite-nos fazer um carregamento r\u00e1pido da sua bateria de 10 at\u00e9 80% em 40 minutos se utilizarmos um carregador de 50 kW e praticamente o mesmo tempo se utilizarmos um carregador de 25 kW como a nossa\u00a0<a href=\"https:\/\/circutor.com\/productos\/recarga-inteligente-para-vehiculos-electricos\/estacion-de-recarga-exterior\/serie\/urban-dc\/\"><strong>Urban DC<\/strong><\/a>.<\/p>\n<p><strong>Conclus\u00e3o:<\/strong><\/p>\n<p>Por fim, todas as pessoas que querem ter um segundo ou terceiro ve\u00edculo na fam\u00edlia para fazer desloca\u00e7\u00f5es urbanas, um aut\u00eantico utilit\u00e1rio, j\u00e1 podem fazer a op\u00e7\u00e3o por um el\u00e9trico a um pre\u00e7o realmente acess\u00edvel e, portanto, podemos afirmar que a Dacia vender\u00e1 deste modelo, tantas unidades quantas conseguir fabricar.[\/vc_column_text][vc_message message_box_color=&#8221;blue&#8221; icon_fontawesome=&#8221;fas fa-store-alt&#8221; css=&#8221;.vc_custom_1675327745273{margin-top: 20px !important;}&#8221;]Modelo: Dacia Spring Plus 100% el\u00e9trico<br \/>\nColaboradores: Joan Purull Gil Kevin Ib\u00e1\u00f1ez e Kore Aranda de\u00a0<a href=\"https:\/\/www.movento.es\/es\/auser\">Auser<\/a>\u00a0de\u00a0<a href=\"https:\/\/www.movento.es\/\">Movento Automotive group<\/a>\u00a0(<a href=\"https:\/\/moventia.es\/\">Moventia<\/a>)<br \/>\nData: de 11 a 14 de fevereiro de 2022[\/vc_message][vc_separator border_width=&#8221;2&#8243; css=&#8221;.vc_custom_1662110103673{margin-top: 40px !important;margin-bottom: 40px !important;}&#8221;][vc_column_text]<em><strong>Esclarecimentos:<\/strong><\/em><\/p>\n<p><em>A volta Solid\u00e1ria \u00e9 um percurso de 20 km com sa\u00edda e chegada \u00e0 sede da Circutor, em Viladecavalls, que passa por estradas secund\u00e1rias, muito reviradas e com desn\u00edveis de at\u00e9 250 m.<\/em><\/p>\n<p><em>A volta EcoBest \u00e9 um percurso misto de 60 km que inclui, aproximadamente, 50% da autoestrada, 25% da cidade e o restante em vias interurbanas, muito similar \u00e0 distribui\u00e7\u00e3o do ciclo WLTP.<\/em><\/p>\n<p><em>Todos os nossos desafios se baseiam em conseguir a m\u00e1xima autonomia em condi\u00e7\u00f5es de circula\u00e7\u00e3o real empregando t\u00e9cnicas de condu\u00e7\u00e3o eficiente e velocidades moderadas, sempre por cima da m\u00ednima assinalada em cada via.<\/em>[\/vc_column_text][\/vc_column][\/vc_row]<\/p>\n","protected":false},"excerpt":{"rendered":"<p>[vc_row][vc_column][vc_single_image image=&#8221;29648&#8243; img_size=&#8221;full&#8221; alignment=&#8221;center&#8221; style=&#8221;vc_box_rounded&#8221;][\/vc_column][\/vc_row][vc_row css=&#8221;.vc_custom_1662108385477{margin-top: 40px !important;margin-bottom: 40px !important;}&#8221;][vc_column][vc_message message_box_color=&#8221;grey&#8221; icon_fontawesome=&#8221;fas fa-car&#8221;]Marca e Modelo: Dacia Spring Electric Capacidade \u00fatil da bateria: 26,8 kWh Pot\u00eancia m\u00e1xima em carregamento r\u00e1pido: 34 kW DC Autonomia homologada WLTP: 225 km Consumo homologado WLTP: 11,9 kWh\/100 km Peso do ve\u00edculo: 950 kg[\/vc_message][vc_separator border_width=&#8221;2&#8243; css=&#8221;.vc_custom_1663233448733{margin-top: 20px !important;}&#8221;][\/vc_column][\/vc_row][vc_row][vc_column][vc_column_text]Neste novo #CircutorElectroChallenge conduzimos [&hellip;]<\/p>\n","protected":false},"author":3,"featured_media":29663,"comment_status":"open","ping_status":"open","sticky":false,"template":"","format":"standard","meta":[],"categories":[3525],"tags":[],"acf":[],"yoast_head":"<!-- This site is optimized with the Yoast SEO plugin v19.4 - https:\/\/yoast.com\/wordpress\/plugins\/seo\/ -->\n<title>Reto Autonomia - Dacia Spring - CIRCUTOR<\/title>\n<meta name=\"robots\" content=\"index, follow, max-snippet:-1, max-image-preview:large, max-video-preview:-1\" \/>\n<link rel=\"canonical\" href=\"https:\/\/circutor.com\/pt-pt\/artigos\/reto-autonomia-dacia-spring\/\" \/>\n<meta property=\"og:locale\" content=\"pt_PT\" \/>\n<meta property=\"og:type\" content=\"article\" \/>\n<meta property=\"og:title\" content=\"Reto Autonomia - Dacia Spring - CIRCUTOR\" \/>\n<meta property=\"og:description\" content=\"[vc_row][vc_column][vc_single_image image=&#8221;29648&#8243; img_size=&#8221;full&#8221; alignment=&#8221;center&#8221; style=&#8221;vc_box_rounded&#8221;][\/vc_column][\/vc_row][vc_row css=&#8221;.vc_custom_1662108385477{margin-top: 40px !important;margin-bottom: 40px !important;}&#8221;][vc_column][vc_message message_box_color=&#8221;grey&#8221; icon_fontawesome=&#8221;fas fa-car&#8221;]Marca e Modelo: Dacia Spring Electric Capacidade \u00fatil da bateria: 26,8 kWh Pot\u00eancia m\u00e1xima em carregamento r\u00e1pido: 34 kW DC Autonomia homologada WLTP: 225 km Consumo homologado WLTP: 11,9 kWh\/100 km Peso do ve\u00edculo: 950 kg[\/vc_message][vc_separator border_width=&#8221;2&#8243; css=&#8221;.vc_custom_1663233448733{margin-top: 20px !important;}&#8221;][\/vc_column][\/vc_row][vc_row][vc_column][vc_column_text]Neste novo #CircutorElectroChallenge conduzimos [&hellip;]\" \/>\n<meta property=\"og:url\" content=\"https:\/\/circutor.com\/pt-pt\/artigos\/reto-autonomia-dacia-spring\/\" \/>\n<meta property=\"og:site_name\" content=\"CIRCUTOR\" \/>\n<meta property=\"article:publisher\" content=\"https:\/\/www.facebook.com\/CIRCUTOR.ES\" \/>\n<meta property=\"article:published_time\" content=\"2023-02-02T08:50:31+00:00\" \/>\n<meta property=\"og:image\" content=\"https:\/\/circutor.com\/wp-content\/uploads\/2022\/09\/Dacia_Spring.jpg\" \/>\n\t<meta property=\"og:image:width\" content=\"1920\" \/>\n\t<meta property=\"og:image:height\" content=\"1080\" \/>\n\t<meta property=\"og:image:type\" content=\"image\/jpeg\" \/>\n<meta name=\"author\" content=\"Circutor\" \/>\n<meta name=\"twitter:card\" content=\"summary_large_image\" \/>\n<meta name=\"twitter:creator\" content=\"@circutor\" \/>\n<meta name=\"twitter:site\" content=\"@circutor\" \/>\n<meta name=\"twitter:label1\" content=\"Escrito por\" \/>\n\t<meta name=\"twitter:data1\" content=\"Circutor\" \/>\n\t<meta name=\"twitter:label2\" content=\"Tempo estimado de leitura\" \/>\n\t<meta name=\"twitter:data2\" content=\"6 minutos\" \/>\n<script type=\"application\/ld+json\" class=\"yoast-schema-graph\">{\"@context\":\"https:\/\/schema.org\",\"@graph\":[{\"@type\":\"Organization\",\"@id\":\"https:\/\/circutor.com\/#organization\",\"name\":\"Circutor\",\"url\":\"https:\/\/circutor.com\/\",\"sameAs\":[\"https:\/\/www.instagram.com\/circutor_es\",\"https:\/\/www.linkedin.com\/company\/circutor\",\"https:\/\/www.youtube.com\/user\/CIRCUTORoficial\",\"https:\/\/www.facebook.com\/CIRCUTOR.ES\",\"https:\/\/twitter.com\/circutor\"],\"logo\":{\"@type\":\"ImageObject\",\"inLanguage\":\"pt-PT\",\"@id\":\"https:\/\/circutor.com\/#\/schema\/logo\/image\/\",\"url\":\"https:\/\/circutor.com\/wp-content\/uploads\/2020\/09\/CIR_LOGO_RED.png\",\"contentUrl\":\"https:\/\/circutor.com\/wp-content\/uploads\/2020\/09\/CIR_LOGO_RED.png\",\"width\":512,\"height\":128,\"caption\":\"Circutor\"},\"image\":{\"@id\":\"https:\/\/circutor.com\/#\/schema\/logo\/image\/\"}},{\"@type\":\"WebSite\",\"@id\":\"https:\/\/circutor.com\/#website\",\"url\":\"https:\/\/circutor.com\/\",\"name\":\"CIRCUTOR\",\"description\":\"Soluciones para la eficiencia energ\u00e9tica el\u00e9ctrica\",\"publisher\":{\"@id\":\"https:\/\/circutor.com\/#organization\"},\"potentialAction\":[{\"@type\":\"SearchAction\",\"target\":{\"@type\":\"EntryPoint\",\"urlTemplate\":\"https:\/\/circutor.com\/?s={search_term_string}\"},\"query-input\":\"required name=search_term_string\"}],\"inLanguage\":\"pt-PT\"},{\"@type\":\"WebPage\",\"@id\":\"https:\/\/circutor.com\/pt-pt\/artigos\/reto-autonomia-dacia-spring\/\",\"url\":\"https:\/\/circutor.com\/pt-pt\/artigos\/reto-autonomia-dacia-spring\/\",\"name\":\"Reto Autonomia - Dacia Spring - CIRCUTOR\",\"isPartOf\":{\"@id\":\"https:\/\/circutor.com\/#website\"},\"datePublished\":\"2023-02-02T08:50:31+00:00\",\"dateModified\":\"2023-02-02T08:50:31+00:00\",\"breadcrumb\":{\"@id\":\"https:\/\/circutor.com\/pt-pt\/artigos\/reto-autonomia-dacia-spring\/#breadcrumb\"},\"inLanguage\":\"pt-PT\",\"potentialAction\":[{\"@type\":\"ReadAction\",\"target\":[\"https:\/\/circutor.com\/pt-pt\/artigos\/reto-autonomia-dacia-spring\/\"]}]},{\"@type\":\"BreadcrumbList\",\"@id\":\"https:\/\/circutor.com\/pt-pt\/artigos\/reto-autonomia-dacia-spring\/#breadcrumb\",\"itemListElement\":[{\"@type\":\"ListItem\",\"position\":1,\"name\":\"Portada\",\"item\":\"https:\/\/circutor.com\/pt-pt\/\"},{\"@type\":\"ListItem\",\"position\":2,\"name\":\"Reto Autonomia &#8211; Dacia Spring\"}]},{\"@type\":\"Article\",\"@id\":\"https:\/\/circutor.com\/pt-pt\/artigos\/reto-autonomia-dacia-spring\/#article\",\"isPartOf\":{\"@id\":\"https:\/\/circutor.com\/pt-pt\/artigos\/reto-autonomia-dacia-spring\/\"},\"author\":{\"name\":\"Circutor\",\"@id\":\"https:\/\/circutor.com\/#\/schema\/person\/234a865ed449be1116408bdfdf6f576a\"},\"headline\":\"Reto Autonomia &#8211; Dacia Spring\",\"datePublished\":\"2023-02-02T08:50:31+00:00\",\"dateModified\":\"2023-02-02T08:50:31+00:00\",\"mainEntityOfPage\":{\"@id\":\"https:\/\/circutor.com\/pt-pt\/artigos\/reto-autonomia-dacia-spring\/\"},\"wordCount\":1126,\"commentCount\":0,\"publisher\":{\"@id\":\"https:\/\/circutor.com\/#organization\"},\"articleSection\":[\"Artigos\"],\"inLanguage\":\"pt-PT\",\"potentialAction\":[{\"@type\":\"CommentAction\",\"name\":\"Comment\",\"target\":[\"https:\/\/circutor.com\/pt-pt\/artigos\/reto-autonomia-dacia-spring\/#respond\"]}]},{\"@type\":\"Person\",\"@id\":\"https:\/\/circutor.com\/#\/schema\/person\/234a865ed449be1116408bdfdf6f576a\",\"name\":\"Circutor\",\"image\":{\"@type\":\"ImageObject\",\"inLanguage\":\"pt-PT\",\"@id\":\"https:\/\/circutor.com\/#\/schema\/person\/image\/\",\"url\":\"https:\/\/circutor.com\/wp-content\/uploads\/2022\/04\/usuario-logo-gris-96x96.png\",\"contentUrl\":\"https:\/\/circutor.com\/wp-content\/uploads\/2022\/04\/usuario-logo-gris-96x96.png\",\"caption\":\"Circutor\"}}]}<\/script>\n<!-- \/ Yoast SEO plugin. -->","yoast_head_json":{"title":"Reto Autonomia - Dacia Spring - CIRCUTOR","robots":{"index":"index","follow":"follow","max-snippet":"max-snippet:-1","max-image-preview":"max-image-preview:large","max-video-preview":"max-video-preview:-1"},"canonical":"https:\/\/circutor.com\/pt-pt\/artigos\/reto-autonomia-dacia-spring\/","og_locale":"pt_PT","og_type":"article","og_title":"Reto Autonomia - Dacia Spring - CIRCUTOR","og_description":"[vc_row][vc_column][vc_single_image image=&#8221;29648&#8243; img_size=&#8221;full&#8221; alignment=&#8221;center&#8221; style=&#8221;vc_box_rounded&#8221;][\/vc_column][\/vc_row][vc_row css=&#8221;.vc_custom_1662108385477{margin-top: 40px !important;margin-bottom: 40px !important;}&#8221;][vc_column][vc_message message_box_color=&#8221;grey&#8221; icon_fontawesome=&#8221;fas fa-car&#8221;]Marca e Modelo: Dacia Spring Electric Capacidade \u00fatil da bateria: 26,8 kWh Pot\u00eancia m\u00e1xima em carregamento r\u00e1pido: 34 kW DC Autonomia homologada WLTP: 225 km Consumo homologado WLTP: 11,9 kWh\/100 km Peso do ve\u00edculo: 950 kg[\/vc_message][vc_separator border_width=&#8221;2&#8243; css=&#8221;.vc_custom_1663233448733{margin-top: 20px !important;}&#8221;][\/vc_column][\/vc_row][vc_row][vc_column][vc_column_text]Neste novo #CircutorElectroChallenge conduzimos [&hellip;]","og_url":"https:\/\/circutor.com\/pt-pt\/artigos\/reto-autonomia-dacia-spring\/","og_site_name":"CIRCUTOR","article_publisher":"https:\/\/www.facebook.com\/CIRCUTOR.ES","article_published_time":"2023-02-02T08:50:31+00:00","og_image":[{"width":1920,"height":1080,"url":"https:\/\/circutor.com\/wp-content\/uploads\/2022\/09\/Dacia_Spring.jpg","type":"image\/jpeg"}],"author":"Circutor","twitter_card":"summary_large_image","twitter_creator":"@circutor","twitter_site":"@circutor","twitter_misc":{"Escrito por":"Circutor","Tempo estimado de leitura":"6 minutos"},"schema":{"@context":"https:\/\/schema.org","@graph":[{"@type":"Organization","@id":"https:\/\/circutor.com\/#organization","name":"Circutor","url":"https:\/\/circutor.com\/","sameAs":["https:\/\/www.instagram.com\/circutor_es","https:\/\/www.linkedin.com\/company\/circutor","https:\/\/www.youtube.com\/user\/CIRCUTORoficial","https:\/\/www.facebook.com\/CIRCUTOR.ES","https:\/\/twitter.com\/circutor"],"logo":{"@type":"ImageObject","inLanguage":"pt-PT","@id":"https:\/\/circutor.com\/#\/schema\/logo\/image\/","url":"https:\/\/circutor.com\/wp-content\/uploads\/2020\/09\/CIR_LOGO_RED.png","contentUrl":"https:\/\/circutor.com\/wp-content\/uploads\/2020\/09\/CIR_LOGO_RED.png","width":512,"height":128,"caption":"Circutor"},"image":{"@id":"https:\/\/circutor.com\/#\/schema\/logo\/image\/"}},{"@type":"WebSite","@id":"https:\/\/circutor.com\/#website","url":"https:\/\/circutor.com\/","name":"CIRCUTOR","description":"Soluciones para la eficiencia energ\u00e9tica el\u00e9ctrica","publisher":{"@id":"https:\/\/circutor.com\/#organization"},"potentialAction":[{"@type":"SearchAction","target":{"@type":"EntryPoint","urlTemplate":"https:\/\/circutor.com\/?s={search_term_string}"},"query-input":"required name=search_term_string"}],"inLanguage":"pt-PT"},{"@type":"WebPage","@id":"https:\/\/circutor.com\/pt-pt\/artigos\/reto-autonomia-dacia-spring\/","url":"https:\/\/circutor.com\/pt-pt\/artigos\/reto-autonomia-dacia-spring\/","name":"Reto Autonomia - Dacia Spring - CIRCUTOR","isPartOf":{"@id":"https:\/\/circutor.com\/#website"},"datePublished":"2023-02-02T08:50:31+00:00","dateModified":"2023-02-02T08:50:31+00:00","breadcrumb":{"@id":"https:\/\/circutor.com\/pt-pt\/artigos\/reto-autonomia-dacia-spring\/#breadcrumb"},"inLanguage":"pt-PT","potentialAction":[{"@type":"ReadAction","target":["https:\/\/circutor.com\/pt-pt\/artigos\/reto-autonomia-dacia-spring\/"]}]},{"@type":"BreadcrumbList","@id":"https:\/\/circutor.com\/pt-pt\/artigos\/reto-autonomia-dacia-spring\/#breadcrumb","itemListElement":[{"@type":"ListItem","position":1,"name":"Portada","item":"https:\/\/circutor.com\/pt-pt\/"},{"@type":"ListItem","position":2,"name":"Reto Autonomia &#8211; Dacia Spring"}]},{"@type":"Article","@id":"https:\/\/circutor.com\/pt-pt\/artigos\/reto-autonomia-dacia-spring\/#article","isPartOf":{"@id":"https:\/\/circutor.com\/pt-pt\/artigos\/reto-autonomia-dacia-spring\/"},"author":{"name":"Circutor","@id":"https:\/\/circutor.com\/#\/schema\/person\/234a865ed449be1116408bdfdf6f576a"},"headline":"Reto Autonomia &#8211; Dacia Spring","datePublished":"2023-02-02T08:50:31+00:00","dateModified":"2023-02-02T08:50:31+00:00","mainEntityOfPage":{"@id":"https:\/\/circutor.com\/pt-pt\/artigos\/reto-autonomia-dacia-spring\/"},"wordCount":1126,"commentCount":0,"publisher":{"@id":"https:\/\/circutor.com\/#organization"},"articleSection":["Artigos"],"inLanguage":"pt-PT","potentialAction":[{"@type":"CommentAction","name":"Comment","target":["https:\/\/circutor.com\/pt-pt\/artigos\/reto-autonomia-dacia-spring\/#respond"]}]},{"@type":"Person","@id":"https:\/\/circutor.com\/#\/schema\/person\/234a865ed449be1116408bdfdf6f576a","name":"Circutor","image":{"@type":"ImageObject","inLanguage":"pt-PT","@id":"https:\/\/circutor.com\/#\/schema\/person\/image\/","url":"https:\/\/circutor.com\/wp-content\/uploads\/2022\/04\/usuario-logo-gris-96x96.png","contentUrl":"https:\/\/circutor.com\/wp-content\/uploads\/2022\/04\/usuario-logo-gris-96x96.png","caption":"Circutor"}}]}},"_links":{"self":[{"href":"https:\/\/circutor.com\/pt-pt\/wp-json\/wp\/v2\/posts\/33086"}],"collection":[{"href":"https:\/\/circutor.com\/pt-pt\/wp-json\/wp\/v2\/posts"}],"about":[{"href":"https:\/\/circutor.com\/pt-pt\/wp-json\/wp\/v2\/types\/post"}],"author":[{"embeddable":true,"href":"https:\/\/circutor.com\/pt-pt\/wp-json\/wp\/v2\/users\/3"}],"replies":[{"embeddable":true,"href":"https:\/\/circutor.com\/pt-pt\/wp-json\/wp\/v2\/comments?post=33086"}],"version-history":[{"count":0,"href":"https:\/\/circutor.com\/pt-pt\/wp-json\/wp\/v2\/posts\/33086\/revisions"}],"wp:featuredmedia":[{"embeddable":true,"href":"https:\/\/circutor.com\/pt-pt\/wp-json\/wp\/v2\/media\/29663"}],"wp:attachment":[{"href":"https:\/\/circutor.com\/pt-pt\/wp-json\/wp\/v2\/media?parent=33086"}],"wp:term":[{"taxonomy":"category","embeddable":true,"href":"https:\/\/circutor.com\/pt-pt\/wp-json\/wp\/v2\/categories?post=33086"},{"taxonomy":"post_tag","embeddable":true,"href":"https:\/\/circutor.com\/pt-pt\/wp-json\/wp\/v2\/tags?post=33086"}],"curies":[{"name":"wp","href":"https:\/\/api.w.org\/{rel}","templated":true}]}}