{"id":33011,"date":"2023-02-01T13:25:57","date_gmt":"2023-02-01T11:25:57","guid":{"rendered":"https:\/\/circutor.com\/?p=33011"},"modified":"2023-02-01T13:25:57","modified_gmt":"2023-02-01T11:25:57","slug":"reto-autonomia-volvo-xc40-recharge","status":"publish","type":"post","link":"https:\/\/circutor.com\/pt-pt\/artigos\/reto-autonomia-volvo-xc40-recharge\/","title":{"rendered":"Reto Autonom\u00eda &#8211; Volvo XC40 Recharge"},"content":{"rendered":"<p>[vc_row][vc_column][vc_single_image image=&#8221;29236&#8243; img_size=&#8221;full&#8221; alignment=&#8221;center&#8221; style=&#8221;vc_box_rounded&#8221;][\/vc_column][\/vc_row][vc_row css=&#8221;.vc_custom_1662108385477{margin-top: 40px !important;margin-bottom: 40px !important;}&#8221;][vc_column][vc_message message_box_color=&#8221;grey&#8221; icon_fontawesome=&#8221;fas fa-car&#8221;]<strong>Marca e Modelo: Volvo XC40 Recharge Twin Pure Electric<\/strong><br \/>\nCapacidade \u00fatil da bateria: 75 kWh<br \/>\nPot\u00eancia m\u00e1xima em carregamento r\u00e1pido: 149 kW DC<br \/>\nAutonomia homologada WLTP: 418 km<br \/>\nConsumo homologado WLTP: 17,9 kWh\/100 km<br \/>\nPeso do ve\u00edculo: 2090 kg[\/vc_message][vc_column_text css=&#8221;.vc_custom_1675250553978{margin-top: 40px !important;margin-bottom: 20px !important;}&#8221;]<\/p>\n<h2>Quantos km posso fazer com o Volvo XC40 Recharge Twin?<\/h2>\n<p>[\/vc_column_text][vc_video link=&#8221;https:\/\/youtu.be\/HtFbq6mVH3o&#8221; align=&#8221;right&#8221;][vc_separator border_width=&#8221;2&#8243; css=&#8221;.vc_custom_1663233448733{margin-top: 20px !important;}&#8221;][\/vc_column][\/vc_row][vc_row][vc_column][vc_column_text]Neste novo desafio de autonomia da\u00a0<strong>CircutorElectroChallenge<\/strong>\u00a0conduzimos a vers\u00e3o 100% el\u00e9trica de uma das refer\u00eancias n\u00f3rdicas, lev\u00e1mos at\u00e9 ao limite da sua autonomia um\u00a0<a href=\"https:\/\/www.volvocars.com\/es\/cars\/xc40-electric\/\">Volvo XC40 Recharge Twin Pure Electric<\/a>, empregando, como sempre, as nossas melhores aptid\u00f5es de Condu\u00e7\u00e3o Eficiente e tranquila.<\/p>\n<p>Efetivamente, a marca Sueca, propriedade atual do\u00a0<a href=\"http:\/\/global.geely.com\/\">grupo Geely<\/a>\u00a0teve de criar um nome muito longo a fim de diferenciar este modelo el\u00e9trico dos seus irm\u00e3os h\u00edbridos e h\u00edbridos conect\u00e1veis na transi\u00e7\u00e3o que foi assinalado a fim de incorporar no m\u00ednimo um motor el\u00e9trico a todos os ve\u00edculos que produzam a partir de 2025.<\/p>\n<p>O\u00a0<strong>Volvo XC40 Recharge<\/strong>\u00a0\u00e9 o mais pequeno dos SUV da marca escandinava, no entanto, a perce\u00e7\u00e3o dentro do carro n\u00e3o \u00e9 a passagem de espa\u00e7os reduzidos, mas ao contr\u00e1rio, a posi\u00e7\u00e3o do condutor permite uma visibilidade muito boa e nota-se que foi pensado do ponto de vista da ergonomia.<\/p>\n<p>Um dos componentes destac\u00e1veis da linha de design de interiores dos Volvo da nova gera\u00e7\u00e3o \u00e9 a supress\u00e3o dos materiais de origem animal, em linha com uma filosofia de aproxima\u00e7\u00e3o a um p\u00fablico cada vez mais consciente com a sustentabilidade e com a ecologia. No entanto, a perce\u00e7\u00e3o de qualidade dos seus acabamentos \u00e9 realmente boa.[\/vc_column_text][vc_message message_box_color=&#8221;grey&#8221; icon_fontawesome=&#8221;fas fa-car&#8221; css=&#8221;.vc_custom_1675250594647{margin-top: 40px !important;margin-bottom: 40px !important;}&#8221;]<strong>Estes s\u00e3o os resultados de consumo obtidos nos testes iniciais:<\/strong><\/p>\n<p>Volta solid\u00e1ria: 15,4 kWh\/100 km<br \/>\nVolta EcoBest: 14,9 kWh\/100 km[\/vc_message][vc_single_image image=&#8221;28987&#8243; img_size=&#8221;full&#8221; alignment=&#8221;center&#8221; style=&#8221;vc_box_rounded&#8221;][vc_column_text]Os consumos obtidos obrigar-nos-\u00e3o a afinar muito a nossa condu\u00e7\u00e3o, o facto de partir de uma plataforma convencional, um peso consider\u00e1vel e a tra\u00e7\u00e3o total gra\u00e7as ao acoplamento de um motor em cada eixo, t\u00eam como resultado um consumo mais elevado do que aquele a que estamos acostumados a obter nos nossos desafios. Poderemos alcan\u00e7ar os 400 km prometidos?<\/p>\n<p>Vamos no sentido Norte ou no sentido Sul?<\/p>\n<p>Iniciamos a nossa rota, como tantas vezes, desde a sede da CIRCUTOR, em Viladecavalls. O ve\u00edculo, ainda ligado \u00e0 ficha el\u00e9trica no nosso carregador r\u00e1pido\u00a0<a href=\"https:\/\/circutor.com\/productos\/recarga-inteligente-para-vehiculos-electricos\/estacion-de-recarga-exterior\/serie\/raption-50\/\">Raption 50<\/a>, indica-nos 370 km de autonomia e, aqui est\u00e1 a diferen\u00e7a com outros ve\u00edculos, al\u00e9m deste valor, tamb\u00e9m nos anuncia uma janela de valores em fun\u00e7\u00e3o de como decidamos conduzir o ve\u00edculo, desde 450 at\u00e9 250 km. Muito interessante, uma vez que com apenas um dado adapta-se a qualquer tipo de pessoa ao volante.<\/p>\n<p>Hoje temos um dia de tr\u00e9guas, acabaram as chuvas e, portanto, poderemos conduzir com mais calma e efici\u00eancia. Decidimos repetir dire\u00e7\u00e3o Sul e no primeiro controlo desta rota, em Sitges, j\u00e1 temos os primeiros dados que nos d\u00e3o a ideia do que seremos capazes de fazer. Apesar de algum teste de acelera\u00e7\u00e3o incr\u00edvel para adiantar-se \u00e0 multid\u00e3o de ciclistas que encontr\u00e1mos nas Costas de El Garraf, o nosso consumo \u00e9 de 16,1 kWh\/100 km e mantemos cerca de 83% de bateria apesar de ter feito 80 km.<\/p>\n<p>Continuamos \u00e0 procura da luz e depois de atravessar El Vendrell e Valls, chegamos \u00e0 capital de La Conca de Barber\u00e0, Montblanc, o porto de Lilla passa fatura e o nosso consumo subiu para 18,1 kWh\/100 km, fizemos j\u00e1 154 km e com 63% da bateria restante a nossa autonomia \u00e9 de 240 km. Bom momento para recuperar energias degustando um p\u00e3o com tomate e uma tortilha de batata no Casal de la Villa.<\/p>\n<p>Caminho de T\u00e0rrega, faremos uma paragem fotogr\u00e1fica, rodeados de aerogeradores, estamos em Passanant, no alto da cadeia, no faz um sol muito agrad\u00e1vel, mas que nos aquece bastante o interior ao entrar pelo teto de vidro, portanto, \u00e9 necess\u00e1rio consumir um pouco de energia ao ativar a ventila\u00e7\u00e3o.<\/p>\n<p>No controlo do meio-dia, fizemos 172 km e estamos na comarca de L`Urgell, temos vento lateral e depois de passar os 714 m de altitude de Belltall, o nosso consumo ultrapassou os 22 kWh\/100 km no rec\u00e1lculo do computador de bordo indica-nos que temos apenas 190 km de autonomia, uma redu\u00e7\u00e3o muito importante, uma vez que em apenas 20 km t\u00ednhamos mais 50. Mas j\u00e1 estamos acostumados a n\u00e3o ficarmos alarmados por estes dados pontuais.<\/p>\n<p>Poderemos manter os nossos planos? Seremos capazes de recuperar energia suficiente para poder alcan\u00e7ar a autonomia homologada?<\/p>\n<p>O dia continua incr\u00edvel, depois de duas semanas de chuva, o ambiente \u00e9 cristalino e temos uma visibilidade impressionante, cores de verdade, toda a gama de verdes imagin\u00e1veis e os primeiros florescimentos amarelos da colza. Temos sorte e conscientes de que tudo isto deve ser preservado.<\/p>\n<p>J\u00e1 fizemos 252 km e vamos a caminho de Tor\u00e0 pela C1412, com um vento de frente bastante intenso que nos obriga a afinar a nossa condu\u00e7\u00e3o para n\u00e3o penalizar em consumo, no entanto, acumulamos 18,4 kWh\/100 km, ainda assim abaixo do valor de homologa\u00e7\u00e3o e 42% de bateria para enfrentar o resto do desafio.<\/p>\n<p>Os aerogeradores que nos rodeiam tiram muito maior proveito do que n\u00f3s deste percurso, energia limpa, que ao contr\u00e1rio do que muita gente diz, enriquecem-nos a paisagem, uma vez que conferem essa alma de produtividade e sustentabilidade ao mesmo tempo.<\/p>\n<p>Adivinharam? Estamos em Calaf, vila aberta e ponto estrat\u00e9gico devido \u00e0 sua altitude de 680 m a partir de onde domina toda a comarca de L`Anoia. Tir\u00e1mos partido, chegar at\u00e9 aqui pressup\u00f4s um aumento do consumo at\u00e9 aos 19,2 kWh\/100 km. De facto, em apenas 17 km conseguimos perder 10% de bateria e com 110 km de autonomia, algu\u00e9m poderia pensar em voltar a casa pela via mais curta, no entanto, vamos sempre ao limite.<\/p>\n<p>Aproveitamos o terreno favor\u00e1vel, tanto a C25 at\u00e9 Manresa como a C55 at\u00e9 Abrera que nos devolvem o \u00e2nimo e a confian\u00e7a, o Volvo XC40 Recharge caminha sozinho e com suavidade, descontando o sil\u00eancio, e aproveitamos para desfrutar do equipamento de som Harman Kardon que tem um som incr\u00edvel e da conetividade do seu sistema de navega\u00e7\u00e3o e aplica\u00e7\u00f5es Google, abrimos a pasta de Country no Spotify?<\/p>\n<p>Cheg\u00e1mos a terras de Baix Llobregat t\u00e3o suavemente que nos \u00faltimos 70 km consumimos apenas 10% de bateria e permite-nos ficar sobrecarregados, desceremos at\u00e9 Barcelona, faremos a parte litoral e remontaremos o Bes\u00f2s caminho del Vall\u00e8s at\u00e9 casa, ainda com 9% de bateria o ve\u00edculo indica-nos que algumas das presta\u00e7\u00f5es de pot\u00eancia ser\u00e3o reduzidas. Efetivamente, os suecos tamb\u00e9m t\u00eam tartaruga.<\/p>\n<p>Chegados a este ponto cabe destacar um elemento inovador e de grande utilidade, ao selecionar um destino no navegador, o sistema n\u00e3o s\u00f3 calcula a dist\u00e2ncia e o tempo ao chegar, mas tamb\u00e9m o n\u00edvel de carregamento que teremos ao finalizar o trajeto e quando a nossa reserva de energia n\u00e3o \u00e9 suficiente? Ent\u00e3o o ecr\u00e3 mostra-nos a dire\u00e7\u00e3o dos carregadores mais pr\u00f3ximos e o n\u00edvel de bateria com o qual subimos a cada um deles.<\/p>\n<h2>Resultados do Desafio de Autonomia &#8211; Volvo XC40 Recharge<\/h2>\n<p>[\/vc_column_text][vc_single_image image=&#8221;28979&#8243; img_size=&#8221;full&#8221; alignment=&#8221;center&#8221; style=&#8221;vc_box_rounded&#8221; css=&#8221;.vc_custom_1663232671473{margin-top: 20px !important;}&#8221;][vc_message message_box_color=&#8221;grey&#8221; icon_fontawesome=&#8221;fas fa-car&#8221; css=&#8221;.vc_custom_1675250634671{margin-top: 20px !important;margin-bottom: 40px !important;}&#8221;]Percurso total: 418 km<br \/>\nTempo de condu\u00e7\u00e3o: 7 h<br \/>\nBateria restante: 3 %<br \/>\nAutonomia restante: 13 km<br \/>\nConsumo: 18,0 kWh\/100 km<br \/>\nVelocidade m\u00e9dia: 60 km\/h[\/vc_message][vc_column_text]Sab\u00edamos desde o in\u00edcio que seria muito dif\u00edcil conter os 400 CV que impulsionam esta m\u00e1quina dos 0 aos 100 km\/h em menos de cinco segundos apesar de pesar 2,2 toneladas. Ainda assim, estamos muito satisfeitos tanto com o consumo, como com a autonomia alcan\u00e7ada com um ve\u00edculo eletrificado que ir\u00e1 marcar o caminho da marca sueca para os pr\u00f3ximos anos.<\/p>\n<p><strong>Conclus\u00e3o:<\/strong><\/p>\n<p>O\u00a0<strong>Volvo XC40 Recharge Twin<\/strong>\u00a0\u00e9 um ve\u00edculo TOTAL, elegante, de dimens\u00f5es ideais para todo o tipo de condu\u00e7\u00e3o, \u00e1gil na cidade e potente em montanha especialmente a vers\u00e3o Twin com tra\u00e7\u00e3o integral, mas que levado com efici\u00eancia e tranquilidade nos pode levar t\u00e3o longe quanto quisermos, de certeza que a vers\u00e3o com tra\u00e7\u00e3o traseira, mantendo uma condu\u00e7\u00e3o eficiente, permite-nos viajar sem limites gra\u00e7as \u00e0 sua capacidade de carregamento de at\u00e9 149 kW.<\/p>\n<p><strong>Agradecimentos:<\/strong>[\/vc_column_text][vc_message message_box_color=&#8221;blue&#8221; icon_fontawesome=&#8221;fas fa-store-alt&#8221; css=&#8221;.vc_custom_1675250669155{margin-top: 20px !important;}&#8221;]Modelo: Volvo XC40 Recharge Twin Pure Electric<br \/>\nColaboradores: Arturo Santos de\u00a0<a href=\"https:\/\/www.diselauto.com\/concesionarios\/diselauto-volvo-sant-just-desvern\/\">Volvocars SantJust<\/a>.<a href=\"https:\/\/www.autosaenz.es\/\">\u00a0Autosaenz<\/a>\u00a0&\u00a0<a href=\"https:\/\/www.diselauto.com\/\">Diselauto<\/a><br \/>\nData: De 27 a 30 de mar\u00e7o de 2022[\/vc_message][vc_separator border_width=&#8221;2&#8243; css=&#8221;.vc_custom_1662110103673{margin-top: 40px !important;margin-bottom: 40px !important;}&#8221;][vc_column_text]<em><strong>Esclarecimentos:<\/strong><\/em><\/p>\n<p><em>A volta Solid\u00e1ria \u00e9 um percurso de 20 km com sa\u00edda e chegada \u00e0 sede da Circutor, em Viladecavalls, que passa por estradas secund\u00e1rias, muito reviradas e com desn\u00edveis de at\u00e9 250 m.<\/em><\/p>\n<p><em>A volta EcoBest \u00e9 um percurso misto de 60 km que inclui, aproximadamente, 50% da autoestrada, 25% da cidade e o restante em vias interurbanas, muito similar \u00e0 distribui\u00e7\u00e3o do ciclo WLTP.<\/em><\/p>\n<p><em>Todos os nossos desafios se baseiam em conseguir a m\u00e1xima autonomia em condi\u00e7\u00f5es de circula\u00e7\u00e3o real empregando t\u00e9cnicas de condu\u00e7\u00e3o eficiente e velocidades moderadas, sempre por cima da m\u00ednima assinalada em cada via.<\/em>[\/vc_column_text][\/vc_column][\/vc_row]<\/p>\n","protected":false},"excerpt":{"rendered":"<p>[vc_row][vc_column][vc_single_image image=&#8221;29236&#8243; img_size=&#8221;full&#8221; alignment=&#8221;center&#8221; style=&#8221;vc_box_rounded&#8221;][\/vc_column][\/vc_row][vc_row css=&#8221;.vc_custom_1662108385477{margin-top: 40px !important;margin-bottom: 40px !important;}&#8221;][vc_column][vc_message message_box_color=&#8221;grey&#8221; icon_fontawesome=&#8221;fas fa-car&#8221;]Marca e Modelo: Volvo XC40 Recharge Twin Pure Electric Capacidade \u00fatil da bateria: 75 kWh Pot\u00eancia m\u00e1xima em carregamento r\u00e1pido: 149 kW DC Autonomia homologada WLTP: 418 km Consumo homologado WLTP: 17,9 kWh\/100 km Peso do ve\u00edculo: 2090 kg[\/vc_message][vc_column_text css=&#8221;.vc_custom_1675250553978{margin-top: 40px !important;margin-bottom: 20px [&hellip;]<\/p>\n","protected":false},"author":3,"featured_media":29002,"comment_status":"open","ping_status":"open","sticky":false,"template":"","format":"standard","meta":[],"categories":[3525],"tags":[],"acf":[],"yoast_head":"<!-- This site is optimized with the Yoast SEO plugin v19.4 - https:\/\/yoast.com\/wordpress\/plugins\/seo\/ -->\n<title>Reto Autonom\u00eda - Volvo XC40 Recharge - CIRCUTOR<\/title>\n<meta name=\"robots\" content=\"index, follow, max-snippet:-1, max-image-preview:large, max-video-preview:-1\" \/>\n<link rel=\"canonical\" href=\"https:\/\/circutor.com\/pt-pt\/artigos\/reto-autonomia-volvo-xc40-recharge\/\" \/>\n<meta property=\"og:locale\" content=\"pt_PT\" \/>\n<meta property=\"og:type\" content=\"article\" \/>\n<meta property=\"og:title\" content=\"Reto Autonom\u00eda - Volvo XC40 Recharge - CIRCUTOR\" \/>\n<meta property=\"og:description\" content=\"[vc_row][vc_column][vc_single_image image=&#8221;29236&#8243; img_size=&#8221;full&#8221; alignment=&#8221;center&#8221; style=&#8221;vc_box_rounded&#8221;][\/vc_column][\/vc_row][vc_row css=&#8221;.vc_custom_1662108385477{margin-top: 40px !important;margin-bottom: 40px !important;}&#8221;][vc_column][vc_message message_box_color=&#8221;grey&#8221; icon_fontawesome=&#8221;fas fa-car&#8221;]Marca e Modelo: Volvo XC40 Recharge Twin Pure Electric Capacidade \u00fatil da bateria: 75 kWh Pot\u00eancia m\u00e1xima em carregamento r\u00e1pido: 149 kW DC Autonomia homologada WLTP: 418 km Consumo homologado WLTP: 17,9 kWh\/100 km Peso do ve\u00edculo: 2090 kg[\/vc_message][vc_column_text css=&#8221;.vc_custom_1675250553978{margin-top: 40px !important;margin-bottom: 20px [&hellip;]\" \/>\n<meta property=\"og:url\" content=\"https:\/\/circutor.com\/pt-pt\/artigos\/reto-autonomia-volvo-xc40-recharge\/\" \/>\n<meta property=\"og:site_name\" content=\"CIRCUTOR\" \/>\n<meta property=\"article:publisher\" content=\"https:\/\/www.facebook.com\/CIRCUTOR.ES\" \/>\n<meta property=\"article:published_time\" content=\"2023-02-01T11:25:57+00:00\" \/>\n<meta property=\"og:image\" content=\"https:\/\/circutor.com\/wp-content\/uploads\/2022\/09\/Volvo_XC40_Recharge.jpg\" \/>\n\t<meta property=\"og:image:width\" content=\"1920\" \/>\n\t<meta property=\"og:image:height\" content=\"1080\" \/>\n\t<meta property=\"og:image:type\" content=\"image\/jpeg\" \/>\n<meta name=\"author\" content=\"Circutor\" \/>\n<meta name=\"twitter:card\" content=\"summary_large_image\" \/>\n<meta name=\"twitter:creator\" content=\"@circutor\" \/>\n<meta name=\"twitter:site\" content=\"@circutor\" \/>\n<meta name=\"twitter:label1\" content=\"Escrito por\" \/>\n\t<meta name=\"twitter:data1\" content=\"Circutor\" \/>\n\t<meta name=\"twitter:label2\" content=\"Tempo estimado de leitura\" \/>\n\t<meta name=\"twitter:data2\" content=\"9 minutos\" \/>\n<script type=\"application\/ld+json\" class=\"yoast-schema-graph\">{\"@context\":\"https:\/\/schema.org\",\"@graph\":[{\"@type\":\"Organization\",\"@id\":\"https:\/\/circutor.com\/#organization\",\"name\":\"Circutor\",\"url\":\"https:\/\/circutor.com\/\",\"sameAs\":[\"https:\/\/www.instagram.com\/circutor_es\",\"https:\/\/www.linkedin.com\/company\/circutor\",\"https:\/\/www.youtube.com\/user\/CIRCUTORoficial\",\"https:\/\/www.facebook.com\/CIRCUTOR.ES\",\"https:\/\/twitter.com\/circutor\"],\"logo\":{\"@type\":\"ImageObject\",\"inLanguage\":\"pt-PT\",\"@id\":\"https:\/\/circutor.com\/#\/schema\/logo\/image\/\",\"url\":\"https:\/\/circutor.com\/wp-content\/uploads\/2020\/09\/CIR_LOGO_RED.png\",\"contentUrl\":\"https:\/\/circutor.com\/wp-content\/uploads\/2020\/09\/CIR_LOGO_RED.png\",\"width\":512,\"height\":128,\"caption\":\"Circutor\"},\"image\":{\"@id\":\"https:\/\/circutor.com\/#\/schema\/logo\/image\/\"}},{\"@type\":\"WebSite\",\"@id\":\"https:\/\/circutor.com\/#website\",\"url\":\"https:\/\/circutor.com\/\",\"name\":\"CIRCUTOR\",\"description\":\"Soluciones para la eficiencia energ\u00e9tica el\u00e9ctrica\",\"publisher\":{\"@id\":\"https:\/\/circutor.com\/#organization\"},\"potentialAction\":[{\"@type\":\"SearchAction\",\"target\":{\"@type\":\"EntryPoint\",\"urlTemplate\":\"https:\/\/circutor.com\/?s={search_term_string}\"},\"query-input\":\"required name=search_term_string\"}],\"inLanguage\":\"pt-PT\"},{\"@type\":\"WebPage\",\"@id\":\"https:\/\/circutor.com\/pt-pt\/artigos\/reto-autonomia-volvo-xc40-recharge\/\",\"url\":\"https:\/\/circutor.com\/pt-pt\/artigos\/reto-autonomia-volvo-xc40-recharge\/\",\"name\":\"Reto Autonom\u00eda - Volvo XC40 Recharge - CIRCUTOR\",\"isPartOf\":{\"@id\":\"https:\/\/circutor.com\/#website\"},\"datePublished\":\"2023-02-01T11:25:57+00:00\",\"dateModified\":\"2023-02-01T11:25:57+00:00\",\"breadcrumb\":{\"@id\":\"https:\/\/circutor.com\/pt-pt\/artigos\/reto-autonomia-volvo-xc40-recharge\/#breadcrumb\"},\"inLanguage\":\"pt-PT\",\"potentialAction\":[{\"@type\":\"ReadAction\",\"target\":[\"https:\/\/circutor.com\/pt-pt\/artigos\/reto-autonomia-volvo-xc40-recharge\/\"]}]},{\"@type\":\"BreadcrumbList\",\"@id\":\"https:\/\/circutor.com\/pt-pt\/artigos\/reto-autonomia-volvo-xc40-recharge\/#breadcrumb\",\"itemListElement\":[{\"@type\":\"ListItem\",\"position\":1,\"name\":\"Portada\",\"item\":\"https:\/\/circutor.com\/pt-pt\/\"},{\"@type\":\"ListItem\",\"position\":2,\"name\":\"Reto Autonom\u00eda &#8211; Volvo XC40 Recharge\"}]},{\"@type\":\"Article\",\"@id\":\"https:\/\/circutor.com\/pt-pt\/artigos\/reto-autonomia-volvo-xc40-recharge\/#article\",\"isPartOf\":{\"@id\":\"https:\/\/circutor.com\/pt-pt\/artigos\/reto-autonomia-volvo-xc40-recharge\/\"},\"author\":{\"name\":\"Circutor\",\"@id\":\"https:\/\/circutor.com\/#\/schema\/person\/234a865ed449be1116408bdfdf6f576a\"},\"headline\":\"Reto Autonom\u00eda &#8211; Volvo XC40 Recharge\",\"datePublished\":\"2023-02-01T11:25:57+00:00\",\"dateModified\":\"2023-02-01T11:25:57+00:00\",\"mainEntityOfPage\":{\"@id\":\"https:\/\/circutor.com\/pt-pt\/artigos\/reto-autonomia-volvo-xc40-recharge\/\"},\"wordCount\":1726,\"commentCount\":0,\"publisher\":{\"@id\":\"https:\/\/circutor.com\/#organization\"},\"articleSection\":[\"Artigos\"],\"inLanguage\":\"pt-PT\",\"potentialAction\":[{\"@type\":\"CommentAction\",\"name\":\"Comment\",\"target\":[\"https:\/\/circutor.com\/pt-pt\/artigos\/reto-autonomia-volvo-xc40-recharge\/#respond\"]}]},{\"@type\":\"Person\",\"@id\":\"https:\/\/circutor.com\/#\/schema\/person\/234a865ed449be1116408bdfdf6f576a\",\"name\":\"Circutor\",\"image\":{\"@type\":\"ImageObject\",\"inLanguage\":\"pt-PT\",\"@id\":\"https:\/\/circutor.com\/#\/schema\/person\/image\/\",\"url\":\"https:\/\/circutor.com\/wp-content\/uploads\/2022\/04\/usuario-logo-gris-96x96.png\",\"contentUrl\":\"https:\/\/circutor.com\/wp-content\/uploads\/2022\/04\/usuario-logo-gris-96x96.png\",\"caption\":\"Circutor\"}}]}<\/script>\n<!-- \/ Yoast SEO plugin. -->","yoast_head_json":{"title":"Reto Autonom\u00eda - Volvo XC40 Recharge - CIRCUTOR","robots":{"index":"index","follow":"follow","max-snippet":"max-snippet:-1","max-image-preview":"max-image-preview:large","max-video-preview":"max-video-preview:-1"},"canonical":"https:\/\/circutor.com\/pt-pt\/artigos\/reto-autonomia-volvo-xc40-recharge\/","og_locale":"pt_PT","og_type":"article","og_title":"Reto Autonom\u00eda - Volvo XC40 Recharge - CIRCUTOR","og_description":"[vc_row][vc_column][vc_single_image image=&#8221;29236&#8243; img_size=&#8221;full&#8221; alignment=&#8221;center&#8221; style=&#8221;vc_box_rounded&#8221;][\/vc_column][\/vc_row][vc_row css=&#8221;.vc_custom_1662108385477{margin-top: 40px !important;margin-bottom: 40px !important;}&#8221;][vc_column][vc_message message_box_color=&#8221;grey&#8221; icon_fontawesome=&#8221;fas fa-car&#8221;]Marca e Modelo: Volvo XC40 Recharge Twin Pure Electric Capacidade \u00fatil da bateria: 75 kWh Pot\u00eancia m\u00e1xima em carregamento r\u00e1pido: 149 kW DC Autonomia homologada WLTP: 418 km Consumo homologado WLTP: 17,9 kWh\/100 km Peso do ve\u00edculo: 2090 kg[\/vc_message][vc_column_text css=&#8221;.vc_custom_1675250553978{margin-top: 40px !important;margin-bottom: 20px [&hellip;]","og_url":"https:\/\/circutor.com\/pt-pt\/artigos\/reto-autonomia-volvo-xc40-recharge\/","og_site_name":"CIRCUTOR","article_publisher":"https:\/\/www.facebook.com\/CIRCUTOR.ES","article_published_time":"2023-02-01T11:25:57+00:00","og_image":[{"width":1920,"height":1080,"url":"https:\/\/circutor.com\/wp-content\/uploads\/2022\/09\/Volvo_XC40_Recharge.jpg","type":"image\/jpeg"}],"author":"Circutor","twitter_card":"summary_large_image","twitter_creator":"@circutor","twitter_site":"@circutor","twitter_misc":{"Escrito por":"Circutor","Tempo estimado de leitura":"9 minutos"},"schema":{"@context":"https:\/\/schema.org","@graph":[{"@type":"Organization","@id":"https:\/\/circutor.com\/#organization","name":"Circutor","url":"https:\/\/circutor.com\/","sameAs":["https:\/\/www.instagram.com\/circutor_es","https:\/\/www.linkedin.com\/company\/circutor","https:\/\/www.youtube.com\/user\/CIRCUTORoficial","https:\/\/www.facebook.com\/CIRCUTOR.ES","https:\/\/twitter.com\/circutor"],"logo":{"@type":"ImageObject","inLanguage":"pt-PT","@id":"https:\/\/circutor.com\/#\/schema\/logo\/image\/","url":"https:\/\/circutor.com\/wp-content\/uploads\/2020\/09\/CIR_LOGO_RED.png","contentUrl":"https:\/\/circutor.com\/wp-content\/uploads\/2020\/09\/CIR_LOGO_RED.png","width":512,"height":128,"caption":"Circutor"},"image":{"@id":"https:\/\/circutor.com\/#\/schema\/logo\/image\/"}},{"@type":"WebSite","@id":"https:\/\/circutor.com\/#website","url":"https:\/\/circutor.com\/","name":"CIRCUTOR","description":"Soluciones para la eficiencia energ\u00e9tica el\u00e9ctrica","publisher":{"@id":"https:\/\/circutor.com\/#organization"},"potentialAction":[{"@type":"SearchAction","target":{"@type":"EntryPoint","urlTemplate":"https:\/\/circutor.com\/?s={search_term_string}"},"query-input":"required name=search_term_string"}],"inLanguage":"pt-PT"},{"@type":"WebPage","@id":"https:\/\/circutor.com\/pt-pt\/artigos\/reto-autonomia-volvo-xc40-recharge\/","url":"https:\/\/circutor.com\/pt-pt\/artigos\/reto-autonomia-volvo-xc40-recharge\/","name":"Reto Autonom\u00eda - Volvo XC40 Recharge - CIRCUTOR","isPartOf":{"@id":"https:\/\/circutor.com\/#website"},"datePublished":"2023-02-01T11:25:57+00:00","dateModified":"2023-02-01T11:25:57+00:00","breadcrumb":{"@id":"https:\/\/circutor.com\/pt-pt\/artigos\/reto-autonomia-volvo-xc40-recharge\/#breadcrumb"},"inLanguage":"pt-PT","potentialAction":[{"@type":"ReadAction","target":["https:\/\/circutor.com\/pt-pt\/artigos\/reto-autonomia-volvo-xc40-recharge\/"]}]},{"@type":"BreadcrumbList","@id":"https:\/\/circutor.com\/pt-pt\/artigos\/reto-autonomia-volvo-xc40-recharge\/#breadcrumb","itemListElement":[{"@type":"ListItem","position":1,"name":"Portada","item":"https:\/\/circutor.com\/pt-pt\/"},{"@type":"ListItem","position":2,"name":"Reto Autonom\u00eda &#8211; Volvo XC40 Recharge"}]},{"@type":"Article","@id":"https:\/\/circutor.com\/pt-pt\/artigos\/reto-autonomia-volvo-xc40-recharge\/#article","isPartOf":{"@id":"https:\/\/circutor.com\/pt-pt\/artigos\/reto-autonomia-volvo-xc40-recharge\/"},"author":{"name":"Circutor","@id":"https:\/\/circutor.com\/#\/schema\/person\/234a865ed449be1116408bdfdf6f576a"},"headline":"Reto Autonom\u00eda &#8211; Volvo XC40 Recharge","datePublished":"2023-02-01T11:25:57+00:00","dateModified":"2023-02-01T11:25:57+00:00","mainEntityOfPage":{"@id":"https:\/\/circutor.com\/pt-pt\/artigos\/reto-autonomia-volvo-xc40-recharge\/"},"wordCount":1726,"commentCount":0,"publisher":{"@id":"https:\/\/circutor.com\/#organization"},"articleSection":["Artigos"],"inLanguage":"pt-PT","potentialAction":[{"@type":"CommentAction","name":"Comment","target":["https:\/\/circutor.com\/pt-pt\/artigos\/reto-autonomia-volvo-xc40-recharge\/#respond"]}]},{"@type":"Person","@id":"https:\/\/circutor.com\/#\/schema\/person\/234a865ed449be1116408bdfdf6f576a","name":"Circutor","image":{"@type":"ImageObject","inLanguage":"pt-PT","@id":"https:\/\/circutor.com\/#\/schema\/person\/image\/","url":"https:\/\/circutor.com\/wp-content\/uploads\/2022\/04\/usuario-logo-gris-96x96.png","contentUrl":"https:\/\/circutor.com\/wp-content\/uploads\/2022\/04\/usuario-logo-gris-96x96.png","caption":"Circutor"}}]}},"_links":{"self":[{"href":"https:\/\/circutor.com\/pt-pt\/wp-json\/wp\/v2\/posts\/33011"}],"collection":[{"href":"https:\/\/circutor.com\/pt-pt\/wp-json\/wp\/v2\/posts"}],"about":[{"href":"https:\/\/circutor.com\/pt-pt\/wp-json\/wp\/v2\/types\/post"}],"author":[{"embeddable":true,"href":"https:\/\/circutor.com\/pt-pt\/wp-json\/wp\/v2\/users\/3"}],"replies":[{"embeddable":true,"href":"https:\/\/circutor.com\/pt-pt\/wp-json\/wp\/v2\/comments?post=33011"}],"version-history":[{"count":0,"href":"https:\/\/circutor.com\/pt-pt\/wp-json\/wp\/v2\/posts\/33011\/revisions"}],"wp:featuredmedia":[{"embeddable":true,"href":"https:\/\/circutor.com\/pt-pt\/wp-json\/wp\/v2\/media\/29002"}],"wp:attachment":[{"href":"https:\/\/circutor.com\/pt-pt\/wp-json\/wp\/v2\/media?parent=33011"}],"wp:term":[{"taxonomy":"category","embeddable":true,"href":"https:\/\/circutor.com\/pt-pt\/wp-json\/wp\/v2\/categories?post=33011"},{"taxonomy":"post_tag","embeddable":true,"href":"https:\/\/circutor.com\/pt-pt\/wp-json\/wp\/v2\/tags?post=33011"}],"curies":[{"name":"wp","href":"https:\/\/api.w.org\/{rel}","templated":true}]}}