{"id":20466,"date":"2022-05-05T09:54:25","date_gmt":"2022-05-05T07:54:25","guid":{"rendered":"https:\/\/circutor.com\/?p=20466"},"modified":"2022-05-05T09:56:20","modified_gmt":"2022-05-05T07:56:20","slug":"circutor-na-intersolar-2022","status":"publish","type":"post","link":"https:\/\/circutor.com\/pt-pt\/eventos-pt-pt\/circutor-na-intersolar-2022\/","title":{"rendered":"Circutor na InterSolar 2022"},"content":{"rendered":"<p>[vc_row][vc_column][vc_column_text]<strong>A CIRCUTOR participar\u00e1 na InterSolar, exposi\u00e7\u00e3o l\u00edder mundial para a ind\u00fastria solar, de 11 a 13 de maio, em Munique (Alemanha).<\/strong><\/p>\n<p>No pr\u00f3ximo m\u00eas de maio participaremos na feira InterSolar, onde <strong>exporemos a nossa solu\u00e7\u00e3o de medi\u00e7\u00e3o STM com comunica\u00e7\u00f5es LoRA<\/strong> para monitorizar e supervisionar instala\u00e7\u00f5es geradoras de energia e assegurar o seu rendimento otimizado. Aproveitaremos a ocasi\u00e3o para expor a nossa <strong>nova gama de analisadores de redes em CC<\/strong> para fazer o seguimento da evolu\u00e7\u00e3o de par\u00e2metros el\u00e9tricos e consumos na rede de gera\u00e7\u00e3o fotovoltaica.<\/p>\n<p>Al\u00e9m disso, exporemos os nossos <strong>pain\u00e9is fotovoltaicos para a gera\u00e7\u00e3o de energia, associada a sistemas de carregamento de ve\u00edculos el\u00e9tricos<\/strong>, aproveitando todo o espa\u00e7o em estacionamentos para dar sombra aos ve\u00edculos estacionados, gerar energia limpa e carregar qualquer tipo de ve\u00edculo el\u00e9trico.<\/p>\n<p>Esperamos poder ver-vos nos <strong>n\u00ba A5.575 do pavilh\u00e3o A5<\/strong> para poder falar das necessidades dos seus projetos e neg\u00f3cios.<\/p>\n<ul>\n<li>Solu\u00e7\u00e3o STM para a medi\u00e7\u00e3o de pain\u00e9is fotovoltaicos e projetos de Revamping.<\/li>\n<li>An\u00e1lise de par\u00e2metros el\u00e9tricos em CA e CC mediante os nossos analisadores CVM e DHC.<\/li>\n<li>Pain\u00e9is fotovoltaicos com sistemas de carregamento de ve\u00edculos el\u00e9tricos.<\/li>\n<\/ul>\n<p>[\/vc_column_text][\/vc_column][\/vc_row]<\/p>\n","protected":false},"excerpt":{"rendered":"<p>[vc_row][vc_column][vc_column_text]A CIRCUTOR participar\u00e1 na InterSolar, exposi\u00e7\u00e3o l\u00edder mundial para a ind\u00fastria solar, de 11 a 13 de maio, em Munique (Alemanha). No pr\u00f3ximo m\u00eas de maio participaremos na feira InterSolar, onde exporemos a nossa solu\u00e7\u00e3o de medi\u00e7\u00e3o STM com comunica\u00e7\u00f5es LoRA para monitorizar e supervisionar instala\u00e7\u00f5es geradoras de energia e assegurar o seu rendimento otimizado. [&hellip;]<\/p>\n","protected":false},"author":7,"featured_media":20430,"comment_status":"open","ping_status":"open","sticky":false,"template":"","format":"standard","meta":[],"categories":[3537,3561],"tags":[3629,3594],"acf":[],"yoast_head":"<!-- This site is optimized with the Yoast SEO plugin v19.4 - https:\/\/yoast.com\/wordpress\/plugins\/seo\/ -->\n<title>Circutor na InterSolar 2022 - CIRCUTOR<\/title>\n<meta name=\"description\" content=\"A CIRCUTOR participar\u00e1 na InterSolar, exposi\u00e7\u00e3o l\u00edder mundial para a ind\u00fastria solar, de 11 a 13 de maio, em Munique (Alemanha).\" \/>\n<meta name=\"robots\" content=\"index, follow, max-snippet:-1, max-image-preview:large, max-video-preview:-1\" \/>\n<link rel=\"canonical\" href=\"https:\/\/circutor.com\/pt-pt\/eventos-pt-pt\/circutor-na-intersolar-2022\/\" \/>\n<meta property=\"og:locale\" content=\"pt_PT\" \/>\n<meta property=\"og:type\" content=\"article\" \/>\n<meta property=\"og:title\" content=\"Circutor na InterSolar 2022 - CIRCUTOR\" \/>\n<meta property=\"og:description\" content=\"A CIRCUTOR participar\u00e1 na InterSolar, exposi\u00e7\u00e3o l\u00edder mundial para a ind\u00fastria solar, de 11 a 13 de maio, em Munique (Alemanha).\" \/>\n<meta property=\"og:url\" content=\"https:\/\/circutor.com\/pt-pt\/eventos-pt-pt\/circutor-na-intersolar-2022\/\" \/>\n<meta property=\"og:site_name\" content=\"CIRCUTOR\" \/>\n<meta property=\"article:publisher\" content=\"https:\/\/www.facebook.com\/CIRCUTOR.ES\" \/>\n<meta property=\"article:published_time\" content=\"2022-05-05T07:54:25+00:00\" \/>\n<meta property=\"article:modified_time\" content=\"2022-05-05T07:56:20+00:00\" \/>\n<meta property=\"og:image\" content=\"https:\/\/circutor.com\/wp-content\/uploads\/2022\/05\/intersolar2022-head-1.jpg\" \/>\n\t<meta property=\"og:image:width\" content=\"1920\" \/>\n\t<meta property=\"og:image:height\" content=\"1080\" \/>\n\t<meta property=\"og:image:type\" content=\"image\/jpeg\" \/>\n<meta name=\"author\" content=\"Circutor\" \/>\n<meta name=\"twitter:card\" content=\"summary_large_image\" \/>\n<meta name=\"twitter:creator\" content=\"@circutor\" \/>\n<meta name=\"twitter:site\" content=\"@circutor\" \/>\n<meta name=\"twitter:label1\" content=\"Escrito por\" \/>\n\t<meta name=\"twitter:data1\" content=\"Circutor\" \/>\n\t<meta name=\"twitter:label2\" content=\"Tempo estimado de leitura\" \/>\n\t<meta name=\"twitter:data2\" content=\"1 minuto\" \/>\n<script type=\"application\/ld+json\" class=\"yoast-schema-graph\">{\"@context\":\"https:\/\/schema.org\",\"@graph\":[{\"@type\":\"Organization\",\"@id\":\"https:\/\/circutor.com\/#organization\",\"name\":\"Circutor\",\"url\":\"https:\/\/circutor.com\/\",\"sameAs\":[\"https:\/\/www.instagram.com\/circutor_es\",\"https:\/\/www.linkedin.com\/company\/circutor\",\"https:\/\/www.youtube.com\/user\/CIRCUTORoficial\",\"https:\/\/www.facebook.com\/CIRCUTOR.ES\",\"https:\/\/twitter.com\/circutor\"],\"logo\":{\"@type\":\"ImageObject\",\"inLanguage\":\"pt-PT\",\"@id\":\"https:\/\/circutor.com\/#\/schema\/logo\/image\/\",\"url\":\"https:\/\/circutor.com\/wp-content\/uploads\/2020\/09\/CIR_LOGO_RED.png\",\"contentUrl\":\"https:\/\/circutor.com\/wp-content\/uploads\/2020\/09\/CIR_LOGO_RED.png\",\"width\":512,\"height\":128,\"caption\":\"Circutor\"},\"image\":{\"@id\":\"https:\/\/circutor.com\/#\/schema\/logo\/image\/\"}},{\"@type\":\"WebSite\",\"@id\":\"https:\/\/circutor.com\/#website\",\"url\":\"https:\/\/circutor.com\/\",\"name\":\"CIRCUTOR\",\"description\":\"Soluciones para la eficiencia energ\u00e9tica el\u00e9ctrica\",\"publisher\":{\"@id\":\"https:\/\/circutor.com\/#organization\"},\"potentialAction\":[{\"@type\":\"SearchAction\",\"target\":{\"@type\":\"EntryPoint\",\"urlTemplate\":\"https:\/\/circutor.com\/?s={search_term_string}\"},\"query-input\":\"required name=search_term_string\"}],\"inLanguage\":\"pt-PT\"},{\"@type\":\"WebPage\",\"@id\":\"https:\/\/circutor.com\/pt-pt\/eventos-pt-pt\/circutor-na-intersolar-2022\/\",\"url\":\"https:\/\/circutor.com\/pt-pt\/eventos-pt-pt\/circutor-na-intersolar-2022\/\",\"name\":\"Circutor na InterSolar 2022 - CIRCUTOR\",\"isPartOf\":{\"@id\":\"https:\/\/circutor.com\/#website\"},\"datePublished\":\"2022-05-05T07:54:25+00:00\",\"dateModified\":\"2022-05-05T07:56:20+00:00\",\"description\":\"A CIRCUTOR participar\u00e1 na InterSolar, exposi\u00e7\u00e3o l\u00edder mundial para a ind\u00fastria solar, de 11 a 13 de maio, em Munique (Alemanha).\",\"breadcrumb\":{\"@id\":\"https:\/\/circutor.com\/pt-pt\/eventos-pt-pt\/circutor-na-intersolar-2022\/#breadcrumb\"},\"inLanguage\":\"pt-PT\",\"potentialAction\":[{\"@type\":\"ReadAction\",\"target\":[\"https:\/\/circutor.com\/pt-pt\/eventos-pt-pt\/circutor-na-intersolar-2022\/\"]}]},{\"@type\":\"BreadcrumbList\",\"@id\":\"https:\/\/circutor.com\/pt-pt\/eventos-pt-pt\/circutor-na-intersolar-2022\/#breadcrumb\",\"itemListElement\":[{\"@type\":\"ListItem\",\"position\":1,\"name\":\"Portada\",\"item\":\"https:\/\/circutor.com\/pt-pt\/\"},{\"@type\":\"ListItem\",\"position\":2,\"name\":\"Circutor na InterSolar 2022\"}]},{\"@type\":\"Article\",\"@id\":\"https:\/\/circutor.com\/pt-pt\/eventos-pt-pt\/circutor-na-intersolar-2022\/#article\",\"isPartOf\":{\"@id\":\"https:\/\/circutor.com\/pt-pt\/eventos-pt-pt\/circutor-na-intersolar-2022\/\"},\"author\":{\"name\":\"Circutor\",\"@id\":\"https:\/\/circutor.com\/#\/schema\/person\/9216eaf78015cd0abb5ac95453b110ce\"},\"headline\":\"Circutor na InterSolar 2022\",\"datePublished\":\"2022-05-05T07:54:25+00:00\",\"dateModified\":\"2022-05-05T07:56:20+00:00\",\"mainEntityOfPage\":{\"@id\":\"https:\/\/circutor.com\/pt-pt\/eventos-pt-pt\/circutor-na-intersolar-2022\/\"},\"wordCount\":232,\"commentCount\":0,\"publisher\":{\"@id\":\"https:\/\/circutor.com\/#organization\"},\"keywords\":[\"Energias renov\u00e1veis\u00a0\",\"Poupan\u00e7a energ\u00e9tica\"],\"articleSection\":[\"Eventos\",\"Not\u00edcias\"],\"inLanguage\":\"pt-PT\",\"potentialAction\":[{\"@type\":\"CommentAction\",\"name\":\"Comment\",\"target\":[\"https:\/\/circutor.com\/pt-pt\/eventos-pt-pt\/circutor-na-intersolar-2022\/#respond\"]}]},{\"@type\":\"Person\",\"@id\":\"https:\/\/circutor.com\/#\/schema\/person\/9216eaf78015cd0abb5ac95453b110ce\",\"name\":\"Circutor\",\"image\":{\"@type\":\"ImageObject\",\"inLanguage\":\"pt-PT\",\"@id\":\"https:\/\/circutor.com\/#\/schema\/person\/image\/\",\"url\":\"https:\/\/circutor.com\/wp-content\/uploads\/2022\/04\/usuario-logo-gris-96x96.png\",\"contentUrl\":\"https:\/\/circutor.com\/wp-content\/uploads\/2022\/04\/usuario-logo-gris-96x96.png\",\"caption\":\"Circutor\"}}]}<\/script>\n<!-- \/ Yoast SEO plugin. -->","yoast_head_json":{"title":"Circutor na InterSolar 2022 - CIRCUTOR","description":"A CIRCUTOR participar\u00e1 na InterSolar, exposi\u00e7\u00e3o l\u00edder mundial para a ind\u00fastria solar, de 11 a 13 de maio, em Munique (Alemanha).","robots":{"index":"index","follow":"follow","max-snippet":"max-snippet:-1","max-image-preview":"max-image-preview:large","max-video-preview":"max-video-preview:-1"},"canonical":"https:\/\/circutor.com\/pt-pt\/eventos-pt-pt\/circutor-na-intersolar-2022\/","og_locale":"pt_PT","og_type":"article","og_title":"Circutor na InterSolar 2022 - CIRCUTOR","og_description":"A CIRCUTOR participar\u00e1 na InterSolar, exposi\u00e7\u00e3o l\u00edder mundial para a ind\u00fastria solar, de 11 a 13 de maio, em Munique (Alemanha).","og_url":"https:\/\/circutor.com\/pt-pt\/eventos-pt-pt\/circutor-na-intersolar-2022\/","og_site_name":"CIRCUTOR","article_publisher":"https:\/\/www.facebook.com\/CIRCUTOR.ES","article_published_time":"2022-05-05T07:54:25+00:00","article_modified_time":"2022-05-05T07:56:20+00:00","og_image":[{"width":1920,"height":1080,"url":"https:\/\/circutor.com\/wp-content\/uploads\/2022\/05\/intersolar2022-head-1.jpg","type":"image\/jpeg"}],"author":"Circutor","twitter_card":"summary_large_image","twitter_creator":"@circutor","twitter_site":"@circutor","twitter_misc":{"Escrito por":"Circutor","Tempo estimado de leitura":"1 minuto"},"schema":{"@context":"https:\/\/schema.org","@graph":[{"@type":"Organization","@id":"https:\/\/circutor.com\/#organization","name":"Circutor","url":"https:\/\/circutor.com\/","sameAs":["https:\/\/www.instagram.com\/circutor_es","https:\/\/www.linkedin.com\/company\/circutor","https:\/\/www.youtube.com\/user\/CIRCUTORoficial","https:\/\/www.facebook.com\/CIRCUTOR.ES","https:\/\/twitter.com\/circutor"],"logo":{"@type":"ImageObject","inLanguage":"pt-PT","@id":"https:\/\/circutor.com\/#\/schema\/logo\/image\/","url":"https:\/\/circutor.com\/wp-content\/uploads\/2020\/09\/CIR_LOGO_RED.png","contentUrl":"https:\/\/circutor.com\/wp-content\/uploads\/2020\/09\/CIR_LOGO_RED.png","width":512,"height":128,"caption":"Circutor"},"image":{"@id":"https:\/\/circutor.com\/#\/schema\/logo\/image\/"}},{"@type":"WebSite","@id":"https:\/\/circutor.com\/#website","url":"https:\/\/circutor.com\/","name":"CIRCUTOR","description":"Soluciones para la eficiencia energ\u00e9tica el\u00e9ctrica","publisher":{"@id":"https:\/\/circutor.com\/#organization"},"potentialAction":[{"@type":"SearchAction","target":{"@type":"EntryPoint","urlTemplate":"https:\/\/circutor.com\/?s={search_term_string}"},"query-input":"required name=search_term_string"}],"inLanguage":"pt-PT"},{"@type":"WebPage","@id":"https:\/\/circutor.com\/pt-pt\/eventos-pt-pt\/circutor-na-intersolar-2022\/","url":"https:\/\/circutor.com\/pt-pt\/eventos-pt-pt\/circutor-na-intersolar-2022\/","name":"Circutor na InterSolar 2022 - CIRCUTOR","isPartOf":{"@id":"https:\/\/circutor.com\/#website"},"datePublished":"2022-05-05T07:54:25+00:00","dateModified":"2022-05-05T07:56:20+00:00","description":"A CIRCUTOR participar\u00e1 na InterSolar, exposi\u00e7\u00e3o l\u00edder mundial para a ind\u00fastria solar, de 11 a 13 de maio, em Munique (Alemanha).","breadcrumb":{"@id":"https:\/\/circutor.com\/pt-pt\/eventos-pt-pt\/circutor-na-intersolar-2022\/#breadcrumb"},"inLanguage":"pt-PT","potentialAction":[{"@type":"ReadAction","target":["https:\/\/circutor.com\/pt-pt\/eventos-pt-pt\/circutor-na-intersolar-2022\/"]}]},{"@type":"BreadcrumbList","@id":"https:\/\/circutor.com\/pt-pt\/eventos-pt-pt\/circutor-na-intersolar-2022\/#breadcrumb","itemListElement":[{"@type":"ListItem","position":1,"name":"Portada","item":"https:\/\/circutor.com\/pt-pt\/"},{"@type":"ListItem","position":2,"name":"Circutor na InterSolar 2022"}]},{"@type":"Article","@id":"https:\/\/circutor.com\/pt-pt\/eventos-pt-pt\/circutor-na-intersolar-2022\/#article","isPartOf":{"@id":"https:\/\/circutor.com\/pt-pt\/eventos-pt-pt\/circutor-na-intersolar-2022\/"},"author":{"name":"Circutor","@id":"https:\/\/circutor.com\/#\/schema\/person\/9216eaf78015cd0abb5ac95453b110ce"},"headline":"Circutor na InterSolar 2022","datePublished":"2022-05-05T07:54:25+00:00","dateModified":"2022-05-05T07:56:20+00:00","mainEntityOfPage":{"@id":"https:\/\/circutor.com\/pt-pt\/eventos-pt-pt\/circutor-na-intersolar-2022\/"},"wordCount":232,"commentCount":0,"publisher":{"@id":"https:\/\/circutor.com\/#organization"},"keywords":["Energias renov\u00e1veis\u00a0","Poupan\u00e7a energ\u00e9tica"],"articleSection":["Eventos","Not\u00edcias"],"inLanguage":"pt-PT","potentialAction":[{"@type":"CommentAction","name":"Comment","target":["https:\/\/circutor.com\/pt-pt\/eventos-pt-pt\/circutor-na-intersolar-2022\/#respond"]}]},{"@type":"Person","@id":"https:\/\/circutor.com\/#\/schema\/person\/9216eaf78015cd0abb5ac95453b110ce","name":"Circutor","image":{"@type":"ImageObject","inLanguage":"pt-PT","@id":"https:\/\/circutor.com\/#\/schema\/person\/image\/","url":"https:\/\/circutor.com\/wp-content\/uploads\/2022\/04\/usuario-logo-gris-96x96.png","contentUrl":"https:\/\/circutor.com\/wp-content\/uploads\/2022\/04\/usuario-logo-gris-96x96.png","caption":"Circutor"}}]}},"_links":{"self":[{"href":"https:\/\/circutor.com\/pt-pt\/wp-json\/wp\/v2\/posts\/20466"}],"collection":[{"href":"https:\/\/circutor.com\/pt-pt\/wp-json\/wp\/v2\/posts"}],"about":[{"href":"https:\/\/circutor.com\/pt-pt\/wp-json\/wp\/v2\/types\/post"}],"author":[{"embeddable":true,"href":"https:\/\/circutor.com\/pt-pt\/wp-json\/wp\/v2\/users\/7"}],"replies":[{"embeddable":true,"href":"https:\/\/circutor.com\/pt-pt\/wp-json\/wp\/v2\/comments?post=20466"}],"version-history":[{"count":0,"href":"https:\/\/circutor.com\/pt-pt\/wp-json\/wp\/v2\/posts\/20466\/revisions"}],"wp:featuredmedia":[{"embeddable":true,"href":"https:\/\/circutor.com\/pt-pt\/wp-json\/wp\/v2\/media\/20430"}],"wp:attachment":[{"href":"https:\/\/circutor.com\/pt-pt\/wp-json\/wp\/v2\/media?parent=20466"}],"wp:term":[{"taxonomy":"category","embeddable":true,"href":"https:\/\/circutor.com\/pt-pt\/wp-json\/wp\/v2\/categories?post=20466"},{"taxonomy":"post_tag","embeddable":true,"href":"https:\/\/circutor.com\/pt-pt\/wp-json\/wp\/v2\/tags?post=20466"}],"curies":[{"name":"wp","href":"https:\/\/api.w.org\/{rel}","templated":true}]}}