{"id":16216,"date":"2022-04-19T15:48:08","date_gmt":"2022-04-19T13:48:08","guid":{"rendered":"https:\/\/circutor.com\/?p=16216"},"modified":"2022-04-19T15:49:00","modified_gmt":"2022-04-19T13:49:00","slug":"aspectos-clave-para-realizar-una-instalacion-de-puntos-de-recarga-en-viviendas","status":"publish","type":"post","link":"https:\/\/circutor.com\/pt-pt\/artigos\/aspectos-clave-para-realizar-una-instalacion-de-puntos-de-recarga-en-viviendas\/","title":{"rendered":"Aspetos chave para realizar uma instala\u00e7\u00e3o de pontos de carregamento em habita\u00e7\u00f5es"},"content":{"rendered":"<p>[vc_row][vc_column][vc_column_text]Andando 5 anos para tr\u00e1s, muito poucos acreditavam que em 2021 a mobilidade el\u00e9trica seria vista como uma op\u00e7\u00e3o de presente e futuro perante os ve\u00edculos tradicionais de combust\u00e3o interna.<\/p>\n<p>Os fabricantes, empurrados em muitos casos pelas diretrizes europeias e suas poss\u00edveis san\u00e7\u00f5es, mudaram a sua atitude perante os ve\u00edculos el\u00e9tricos, anunciando cada vez mais modelos com vers\u00f5es eletrificadas. Basta sentar-se em frente \u00e0 televis\u00e3o para se dar conta de que agora parece que nenhuma marca quer ficar para tr\u00e1s. Existem in\u00fameros an\u00fancios de carros e praticamente a totalidade inclui modelos eletrificados, dos quais se destaca sempre o qu\u00e3o limpos, silenciosos e ecol\u00f3gicos s\u00e3o.<\/p>\n<p>Por outro lado, os consumidores, cada vez mais eco-friendly, veem no pre\u00e7o dos produtos sustent\u00e1veis o seu maior problema. \u00c9 por isso que a Administra\u00e7\u00e3o p\u00f4s em marcha o Plano de Ajuda MOVES, que este ano chega \u00e0 sua terceira edi\u00e7\u00e3o.<strong> Gra\u00e7as a estas ajudas, um particular pode 4500 e 7000\u20ac na aquisi\u00e7\u00e3o do ve\u00edculo al\u00e9m de entre 70 e 80 % do custo total da instala\u00e7\u00e3o do ponto de carregamento.<\/strong><\/p>\n<p>As d\u00favidas que apresentam estes ve\u00edculos quanto ao carregamento foram outro dos fatores que eliminaram a sua expans\u00e3o, sobretudo em locais como, por exemplo, as comunidades pr\u00f3ximas.<\/p>\n<p>Cada vez mais, os fabricantes de ve\u00edculos optam por oferecer e promover modalidades el\u00e9tricas. Mas ainda existem muitas d\u00favidas que existem a este respeito. Em seguida, respondemos \u00e0s mais frequentes.<a href=\"#_ednref1\" name=\"_edn1\"><\/a><\/p>\n<p><strong><span style=\"font-size: 18pt;\">Como vou carregar o meu carro?<\/span><\/strong><\/p>\n<p>Em primeiro lugar, devemos conhecer as presta\u00e7\u00f5es quanto ao carregamento do seu ve\u00edculo. O mais habitual, atualmente, \u00e9 que os ve\u00edculos disponham de um conectado padronizado Tipo 2 que permite um carregamento em monof\u00e1sico a 32 amperes (7,4 kW), seguramente mais pot\u00eancia do que aquela de que disp\u00f5e na sua casa. Nesse caso, necessita de um carregador monof\u00e1sico e, se poss\u00edvel, que j\u00e1 disponha de uma mangueira com conector Tipo 2 para n\u00e3o ter de utilizar um cabo externo. Ao ser um conector padronizado, n\u00e3o se deve substituir se substituir o ve\u00edculo.<\/p>\n<p>Caso adquira um ve\u00edculo com capacidade de carregar um trif\u00e1sico, e se tiver uma casa com disponibilidade de conex\u00e3o trif\u00e1sica, pode desfrutar de carregamentos com mais pot\u00eancia e, assim, assegurar mais facilmente que o autom\u00f3vel est\u00e1 sempre carregado quando necessitar.<\/p>\n<p>[vc_empty_space height=&#8221;20px&#8221;][\/vc_column_text][vc_single_image image=&#8221;16232&#8243; img_size=&#8221;large&#8221; alignment=&#8221;center&#8221;][vc_column_text]<\/p>\n<p style=\"text-align: center;\"><span style=\"color: #426da8;\"><strong>eNext<\/strong>, caixa de carga inteligente para instala\u00e7\u00f5es dom\u00e9sticas, permitindo a qualquer utilizador carregar o seu ve\u00edculo el\u00e9ctrico, independentemente do fabricante.<\/span><\/p>\n<p>[vc_empty_space height=&#8221;10px&#8221;][\/vc_column_text][vc_column_text]<strong><span style=\"font-size: 18pt;\">Quanto demora a carregar o meu carro?<\/span><\/strong><\/p>\n<p>Colocando-nos na situa\u00e7\u00e3o de algu\u00e9m ter contratados 5,75 kW (25 amperes), poder-se-ia aproveitar a maioria desta pot\u00eancia para carregar durante a noite e dotar o ve\u00edculo de cerca de 300 km de autonomia em 8 horas. O melhor aliado para poder otimizar a utiliza\u00e7\u00e3o da pot\u00eancia contratada seria um dispositivo como, por exemplo, CirBEON que, em tempo real, oferece ao ve\u00edculo a pot\u00eancia restante da habita\u00e7\u00e3o.<\/p>\n<p>&nbsp;<\/p>\n<p>[vc_empty_space height=&#8221;20px&#8221;][\/vc_column_text][vc_single_image image=&#8221;18760&#8243; img_size=&#8221;large&#8221; alignment=&#8221;center&#8221;][vc_column_text]<\/p>\n<p style=\"text-align: center;\"><span style=\"color: #426da8;\"><strong>eHome CirBEON Sensor,<\/strong> \u00e9 facilmente instalado no painel el\u00e9ctrico dom\u00e9stico e ajusta dinamicamente o consumo do ve\u00edculo el\u00e9ctrico quando uma sobrecarga est\u00e1 prestes a ocorrer.<\/span><\/p>\n<p>[vc_empty_space height=&#8221;10px&#8221;][\/vc_column_text][vc_column_text]Outra op\u00e7\u00e3o \u00e9, gra\u00e7as \u00e1 mudan\u00e7a de tarifas publicadas no BOE na Circular 3\/2020, contratar uma pot\u00eancia superior durante a noite (per\u00edodo vale) do que durante o dia (per\u00edodos de ponta e cheio). Desta forma, otimizam-se ao m\u00e1ximo as condi\u00e7\u00f5es das novas tarifas como, por exemplo, a 2.0TD, na qual n\u00e3o apenas a energia \u00e9 mais barata no per\u00edodo vale, mas o termo de pot\u00eancia \u00e9-o muito mais.<\/p>\n<p><a href=\"#_ednref1\" name=\"_edn1\"><\/a><\/p>\n<p>[vc_empty_space height=&#8221;20px&#8221;][\/vc_column_text][vc_single_image image=&#8221;18974&#8243; img_size=&#8221;large&#8221; alignment=&#8221;center&#8221;][vc_column_text]Para que tenha uma ideia, na tabela seguinte podemos observar a velocidade de carregamento (expressa em quil\u00f3metros de autonomia por cada hora de carregamento) que obt\u00e9m de acordo com a pot\u00eancia configurada no seu carregador.<\/p>\n<table style=\"height: 151px; width: 100%; border-collapse: collapse; border-color: #b1b2b3; background-color: #ffffff;\">\n<tbody>\n<tr style=\"height: 24px;\">\n<td style=\"width: 100%; height: 31px; background-color: #e7e8e9; text-align: center;\" colspan=\"6\">AC Monof\u00e1sico (230 V)<\/td>\n<\/tr>\n<tr style=\"height: 24px;\">\n<td style=\"width: 16.6667%; height: 24px; border-style: solid; border-color: #b1b2b3;\">\u00a0 \u00a0Corrente<\/td>\n<td style=\"width: 16.6667%; height: 24px; border-style: solid; border-color: #b1b2b3;\">\u00a0 \u00a0 10 A<\/td>\n<td style=\"width: 16.6667%; height: 24px; border-style: solid; border-color: #b1b2b3;\">\u00a0 \u00a0 16 A<\/td>\n<td style=\"width: 16.6667%; height: 24px; border-style: solid; border-color: #b1b2b3;\">\u00a0 \u00a0 20 A<\/td>\n<td style=\"width: 16.6667%; height: 24px; border-style: solid; border-color: #b1b2b3;\">\u00a0 \u00a0 25 A<\/td>\n<td style=\"width: 16.6667%; height: 24px; border-style: solid; border-color: #b1b2b3;\">\u00a0 \u00a0 32 A<\/td>\n<\/tr>\n<tr style=\"height: 24px;\">\n<td style=\"width: 16.6667%; height: 24px; border-style: solid; border-color: #b1b2b3;\">\u00a0\u00a0 Pot\u00eancia<\/td>\n<td style=\"width: 16.6667%; height: 24px; border-style: solid; border-color: #b1b2b3;\">\u00a0 \u00a0 2.3 kW<\/td>\n<td style=\"width: 16.6667%; height: 24px; border-style: solid; border-color: #b1b2b3;\">\u00a0 \u00a0 3.7 kW<\/td>\n<td style=\"width: 16.6667%; height: 24px; border-style: solid; border-color: #b1b2b3;\">\u00a0 \u00a0 4.6 kW<\/td>\n<td style=\"width: 16.6667%; height: 24px; border-style: solid; border-color: #b1b2b3;\">\u00a0 \u00a0 5.75 kW<\/td>\n<td style=\"width: 16.6667%; height: 24px; border-style: solid; border-color: #b1b2b3;\">\u00a0 \u00a0 7.4 kW<\/td>\n<\/tr>\n<tr style=\"height: 24px;\">\n<td style=\"width: 16.6667%; height: 24px; background-color: #e7e8e9; border-style: solid; border-color: #b1b2b3;\">\u00a0 \u00a0Velocidade*<\/td>\n<td style=\"width: 16.6667%; height: 24px; background-color: #ff5d3f; border-style: solid; border-color: #b1b2b3;\"><span style=\"color: #ffffff;\">\u00a0 \u00a0 15 km\/h<\/span><\/td>\n<td style=\"width: 16.6667%; height: 24px; background-color: #ffbf3f; border-style: solid; border-color: #b1b2b3;\">\u00a0 \u00a0 25 km\/h<\/td>\n<td style=\"width: 16.6667%; height: 24px; background-color: #ffe640; border-style: solid; border-color: #b1b2b3;\">\u00a0 \u00a0 30 km\/h<\/td>\n<td style=\"width: 16.6667%; height: 24px; background-color: #d3f56e; border-style: solid; border-color: #b1b2b3;\">\u00a0 \u00a0 40 km\/h<\/td>\n<td style=\"width: 16.6667%; height: 24px; background-color: #a3ed42; border-style: solid; border-color: #b1b2b3;\">\u00a0 \u00a0 50 km\/h<\/td>\n<\/tr>\n<tr style=\"height: 48px;\">\n<td style=\"width: 100%; height: 48px;\" colspan=\"6\"><em>Tabela <\/em><em>1<\/em><em>.- Tabela de velocidade de carregamento em CA<\/em><\/td>\n<\/tr>\n<\/tbody>\n<\/table>\n<p>&nbsp;<\/p>\n<p>Durante as viagens longas nas quais \u00e9 necess\u00e1rio efetuar um carregamento durante o trajeto, estas velocidades de carregamento podem ser insuficientes e deve optar-se por um carregamento de maior pot\u00eancia numa esta\u00e7\u00e3o de carregamento em corrente cont\u00ednua. Dependendo do seu ve\u00edculo, pode carregar a pot\u00eancias entre 50 e 150 kW. Inclusivamente algum modelo permite picos de carregamento de at\u00e9 350 kW.<\/p>\n<p>Seguindo a mesma analogia do carregamento noturno, esta seria a autonomia ganha por cada minuto de carregamento em corrente cont\u00ednua:<\/p>\n<table style=\"height: 151px; width: 100%; border-collapse: collapse; border-color: #b1b2b3; background-color: #ffffff;\">\n<tbody>\n<tr style=\"height: 24px;\">\n<td style=\"width: 83.3335%; height: 31px; background-color: #e7e8e9; text-align: center;\" colspan=\"5\">DC<\/td>\n<\/tr>\n<tr style=\"height: 24px;\">\n<td style=\"width: 16.6667%; height: 24px; border-style: solid; border-color: #b1b2b3;\">\u00a0 \u00a0Pot\u00eancia<\/td>\n<td style=\"width: 16.6667%; height: 24px; border-style: solid; border-color: #b1b2b3;\">\u00a0 \u00a0 50 kW<\/td>\n<td style=\"width: 16.6667%; height: 24px; border-style: solid; border-color: #b1b2b3;\">\u00a0 \u00a0 100 kW<\/td>\n<td style=\"width: 16.6667%; height: 24px; border-style: solid; border-color: #b1b2b3;\">\u00a0 \u00a0 150 kW<\/td>\n<td style=\"width: 16.6667%; height: 24px; border-style: solid; border-color: #b1b2b3;\">\u00a0 \u00a0 350 kW<\/td>\n<\/tr>\n<tr style=\"height: 24px;\">\n<td style=\"width: 16.6667%; height: 24px; background-color: #e7e8e9; border-style: solid; border-color: #b1b2b3;\">\u00a0 \u00a0Velocidade*<\/td>\n<td style=\"width: 16.6667%; height: 24px; background-color: #d3f56e; border-style: solid; border-color: #b1b2b3;\">\u00a0 \u00a0 5 km\/min<\/td>\n<td style=\"width: 16.6667%; height: 24px; background-color: #bceb2f; border-style: solid; border-color: #b1b2b3;\">\u00a0 \u00a0 100 km\/min<\/td>\n<td style=\"width: 16.6667%; height: 24px; background-color: #a3ed42; border-style: solid; border-color: #b1b2b3;\">\u00a0 \u00a0 15 km\/min<\/td>\n<td style=\"width: 16.6667%; height: 24px; background-color: #85db14; border-style: solid; border-color: #b1b2b3;\">\u00a0 \u00a0 35 km\/min<\/td>\n<\/tr>\n<tr style=\"height: 48px;\">\n<td style=\"width: 83.3335%; height: 48px;\" colspan=\"5\"><em>Tabela <\/em><em>2<\/em><em>.- Tabela de velocidade de carregamento em CC<\/em><\/td>\n<\/tr>\n<\/tbody>\n<\/table>\n<p>[vc_empty_space height=&#8221;20px&#8221;][\/vc_column_text][vc_column_text]<strong><span style=\"font-size: 18pt;\">E se me tentarem roubar a energia?<\/span><\/strong><\/p>\n<p>Outra das preocupa\u00e7\u00f5es mais alargadas, sobretudo em outras comunidades de propriet\u00e1rios, \u00e9 poder restringir a utiliza\u00e7\u00e3o do carregador durante o carro n\u00e3o est\u00e1 no seu lugar. Na Circutor dispomos de diferentes m\u00e9todos de autentica\u00e7\u00e3o nos nossos carregadores, sendo os mais habituais a autentica\u00e7\u00e3o atrav\u00e9s da APP de Smartphone e a utiliza\u00e7\u00e3o de cart\u00f5es RFID. Ambos os sistemas s\u00e3o de utiliza\u00e7\u00e3o f\u00e1cil e dependem das suas prefer\u00eancias que escolher, uma ou outra.<\/p>\n<p>[vc_empty_space height=&#8221;20px&#8221;][\/vc_column_text][vc_single_image image=&#8221;16249&#8243; img_size=&#8221;large&#8221; alignment=&#8221;center&#8221;][vc_column_text]<\/p>\n<p style=\"text-align: center;\"><span style=\"color: #426da8;\">Cart\u00e3o RFID para autentica\u00e7\u00e3o do utilizador em carregadores de ve\u00edculos el\u00e9ctricos<\/span><\/p>\n<p>[vc_empty_space height=&#8221;10px&#8221;][\/vc_column_text][vc_column_text]<strong><span style=\"font-size: 18pt;\">\u00c9 seguro o processo de carregamento?<\/span><\/strong><\/p>\n<p>A seguran\u00e7a el\u00e9trica \u00e9 o fator mais determinante no momento de legislar a implementa\u00e7\u00e3o da mobilidade el\u00e9trica. Quer seja a partir das diretrizes europeias ou a partir de normativas nacionais que adv\u00eam destas, promove-se que toda a instala\u00e7\u00e3o dedicada ao carregamento de ve\u00edculos el\u00e9tricos disponha dos dispositivos de seguran\u00e7a adequados.<\/p>\n<p>Seguindo o Regulamento Eletrot\u00e9cnico de Baixa Tens\u00e3o na sua Instru\u00e7\u00e3o T\u00e9cnica complementar ITC-BT-52 , isto inclui, em primeiro lugar, uma prote\u00e7\u00e3o contra sobreintensidades, que se dimensiona em fun\u00e7\u00e3o da pot\u00eancia que pode fornecer o ponto de carregamento. Tamb\u00e9m devemos incluir, por cada tomada de carregamento, um protetor contra contactos diretos ou indiretos, que se traduz num interruptor diferencial no m\u00ednimo de Tipo A, ainda que se recomende adicionar um dispositivo que tamb\u00e9m assegure a desconex\u00e3o no caso de fugas de 6 mA em corrente cont\u00ednua . Por fim, \u00e9 necess\u00e1rio contar na instala\u00e7\u00e3o com um protetor contra sobretens\u00f5es, tanto permanentes, como transit\u00f3rias.<\/p>\n<p>Um bom m\u00e9todo para facilitar a instala\u00e7\u00e3o de todos os elementos \u00e9 contar com um quadro el\u00e9trico pr\u00e9-montado como, por exemplo, os <strong>COFRET<\/strong> que oferece a Circutor:<br \/>\n<a href=\"#_ednref1\" name=\"_edn1\"><\/a><\/p>\n<p>[vc_empty_space height=&#8221;20px&#8221;][\/vc_column_text][vc_single_image image=&#8221;12283&#8243; img_size=&#8221;large&#8221; alignment=&#8221;center&#8221;][vc_column_text]<\/p>\n<p style=\"text-align: center;\"><span style=\"color: #426da8;\"><strong>COFRET<\/strong>, caixa de protec\u00e7\u00e3o para pontos de recarga monof\u00e1sica<\/span><\/p>\n<p>[vc_empty_space height=&#8221;10px&#8221;][\/vc_column_text][vc_column_text]<span style=\"font-size: 18pt;\"><strong>Quem me instala o ponto de carregamento?<\/strong><\/span><\/p>\n<p>A instala\u00e7\u00e3o de um ponto de carregamento dom\u00e9stico n\u00e3o requer um Projeto T\u00e9cnico, mas sim um Registo T\u00e9cnico realizado por um instalador pr\u00f3prio \u00e9 suficiente. Por isso, o mais pr\u00e1tico \u00e9 <strong>consultar o seu instalador de confian\u00e7a ou qualquer instalador qualificado<\/strong>, para que seja ele a oferecer-lhe o servi\u00e7o de instala\u00e7\u00e3o a partir do seu or\u00e7amento at\u00e9 \u00e0 sua coloca\u00e7\u00e3o em funcionamento.<\/p>\n<p><strong>Alguns fabricantes de autom\u00f3veis trabalham com empresas instaladoras locais para oferecer a instala\u00e7\u00e3o do ponto de carregamento no mesmo momento da aquisi\u00e7\u00e3o do ve\u00edculo.<\/strong> Outra op\u00e7\u00e3o \u00e9 contactar com a sua comercializadora de eletricidade, dado que tamb\u00e9m oferecem a instala\u00e7\u00e3o de pontos de carregamento aos seus clientes.<\/p>\n<p>Definitivamente, ainda que haja muitas d\u00favidas por parte dos utilizadores quanto aos ve\u00edculos e seu carregamento, as suas vantagens s\u00e3o claras.<\/p>\n<p>[vc_empty_space height=&#8221;20px&#8221;][\/vc_column_text][\/vc_column][\/vc_row][vc_row][vc_column][vc_column_text]<a href=\"https:\/\/circutor.com\/pt-pt\/produtos\/carregamento-inteligente-para-veiculos-eletricos\/\"><strong>Mais informa\u00e7\u00f5es \u2192<\/strong><\/a><\/p>\n<p>&nbsp;<\/p>\n<p><em><strong>Liga\u00e7\u00f5es externas:<\/strong><\/em><\/p>\n<p><a href=\"https:\/\/www.idae.es\/en\/node\/23186\"><strong>Programa MOVES III\u2192<\/strong><\/a><\/p>\n<p><a href=\"https:\/\/aedive.es\/pt-pt\/moves-iii\/\"><strong>Subven\u00e7\u00f5es MOVES III\u2192<\/strong><\/a><\/p>\n<p>&nbsp;<\/p>\n<p>[vc_empty_space height=&#8221;10px&#8221;][\/vc_column_text][\/vc_column][\/vc_row]<\/p>\n","protected":false},"excerpt":{"rendered":"<p>[vc_row][vc_column][vc_column_text]Andando 5 anos para tr\u00e1s, muito poucos acreditavam que em 2021 a mobilidade el\u00e9trica seria vista como uma op\u00e7\u00e3o de presente e futuro perante os ve\u00edculos tradicionais de combust\u00e3o interna. Os fabricantes, empurrados em muitos casos pelas diretrizes europeias e suas poss\u00edveis san\u00e7\u00f5es, mudaram a sua atitude perante os ve\u00edculos el\u00e9tricos, anunciando cada vez mais [&hellip;]<\/p>\n","protected":false},"author":6,"featured_media":16224,"comment_status":"open","ping_status":"open","sticky":false,"template":"","format":"standard","meta":[],"categories":[3525],"tags":[3680,3644,3594],"acf":[],"yoast_head":"<!-- This site is optimized with the Yoast SEO plugin v19.4 - https:\/\/yoast.com\/wordpress\/plugins\/seo\/ -->\n<title>Aspetos chave para realizar uma instala\u00e7\u00e3o de pontos de carregamento em habita\u00e7\u00f5es - CIRCUTOR<\/title>\n<meta name=\"description\" content=\"Administra\u00e7\u00e3o p\u00f4s em marcha o Plano de Ajuda MOVES, que este ano chega \u00e0 sua terceira edi\u00e7\u00e3o. Gra\u00e7as a estas ajudas, um particular pode 4500 e 7000\u20ac na aquisi\u00e7\u00e3o do ve\u00edculo al\u00e9m de entre 70 e 80 % do custo total da instala\u00e7\u00e3o do ponto de carregamento.\" \/>\n<meta name=\"robots\" content=\"index, follow, max-snippet:-1, max-image-preview:large, max-video-preview:-1\" \/>\n<link rel=\"canonical\" href=\"https:\/\/circutor.com\/pt-pt\/artigos\/aspectos-clave-para-realizar-una-instalacion-de-puntos-de-recarga-en-viviendas\/\" \/>\n<meta property=\"og:locale\" content=\"pt_PT\" \/>\n<meta property=\"og:type\" content=\"article\" \/>\n<meta property=\"og:title\" content=\"Aspetos chave para realizar uma instala\u00e7\u00e3o de pontos de carregamento em habita\u00e7\u00f5es - CIRCUTOR\" \/>\n<meta property=\"og:description\" content=\"Administra\u00e7\u00e3o p\u00f4s em marcha o Plano de Ajuda MOVES, que este ano chega \u00e0 sua terceira edi\u00e7\u00e3o. Gra\u00e7as a estas ajudas, um particular pode 4500 e 7000\u20ac na aquisi\u00e7\u00e3o do ve\u00edculo al\u00e9m de entre 70 e 80 % do custo total da instala\u00e7\u00e3o do ponto de carregamento.\" \/>\n<meta property=\"og:url\" content=\"https:\/\/circutor.com\/pt-pt\/artigos\/aspectos-clave-para-realizar-una-instalacion-de-puntos-de-recarga-en-viviendas\/\" \/>\n<meta property=\"og:site_name\" content=\"CIRCUTOR\" \/>\n<meta property=\"article:publisher\" content=\"https:\/\/www.facebook.com\/CIRCUTOR.ES\" \/>\n<meta property=\"article:published_time\" content=\"2022-04-19T13:48:08+00:00\" \/>\n<meta property=\"article:modified_time\" content=\"2022-04-19T13:49:00+00:00\" \/>\n<meta property=\"og:image\" content=\"https:\/\/circutor.com\/wp-content\/uploads\/2022\/03\/FSB_Recarga_VE_Domestica.jpg\" \/>\n\t<meta property=\"og:image:width\" content=\"1920\" \/>\n\t<meta property=\"og:image:height\" content=\"1080\" \/>\n\t<meta property=\"og:image:type\" content=\"image\/jpeg\" \/>\n<meta name=\"author\" content=\"Circutor\" \/>\n<meta name=\"twitter:card\" content=\"summary_large_image\" \/>\n<meta name=\"twitter:creator\" content=\"@circutor\" \/>\n<meta name=\"twitter:site\" content=\"@circutor\" \/>\n<meta name=\"twitter:label1\" content=\"Escrito por\" \/>\n\t<meta name=\"twitter:data1\" content=\"Circutor\" \/>\n\t<meta name=\"twitter:label2\" content=\"Tempo estimado de leitura\" \/>\n\t<meta name=\"twitter:data2\" content=\"6 minutos\" \/>\n<script type=\"application\/ld+json\" class=\"yoast-schema-graph\">{\"@context\":\"https:\/\/schema.org\",\"@graph\":[{\"@type\":\"Organization\",\"@id\":\"https:\/\/circutor.com\/#organization\",\"name\":\"Circutor\",\"url\":\"https:\/\/circutor.com\/\",\"sameAs\":[\"https:\/\/www.instagram.com\/circutor_es\",\"https:\/\/www.linkedin.com\/company\/circutor\",\"https:\/\/www.youtube.com\/user\/CIRCUTORoficial\",\"https:\/\/www.facebook.com\/CIRCUTOR.ES\",\"https:\/\/twitter.com\/circutor\"],\"logo\":{\"@type\":\"ImageObject\",\"inLanguage\":\"pt-PT\",\"@id\":\"https:\/\/circutor.com\/#\/schema\/logo\/image\/\",\"url\":\"https:\/\/circutor.com\/wp-content\/uploads\/2020\/09\/CIR_LOGO_RED.png\",\"contentUrl\":\"https:\/\/circutor.com\/wp-content\/uploads\/2020\/09\/CIR_LOGO_RED.png\",\"width\":512,\"height\":128,\"caption\":\"Circutor\"},\"image\":{\"@id\":\"https:\/\/circutor.com\/#\/schema\/logo\/image\/\"}},{\"@type\":\"WebSite\",\"@id\":\"https:\/\/circutor.com\/#website\",\"url\":\"https:\/\/circutor.com\/\",\"name\":\"CIRCUTOR\",\"description\":\"Soluciones para la eficiencia energ\u00e9tica el\u00e9ctrica\",\"publisher\":{\"@id\":\"https:\/\/circutor.com\/#organization\"},\"potentialAction\":[{\"@type\":\"SearchAction\",\"target\":{\"@type\":\"EntryPoint\",\"urlTemplate\":\"https:\/\/circutor.com\/?s={search_term_string}\"},\"query-input\":\"required name=search_term_string\"}],\"inLanguage\":\"pt-PT\"},{\"@type\":\"WebPage\",\"@id\":\"https:\/\/circutor.com\/pt-pt\/artigos\/aspectos-clave-para-realizar-una-instalacion-de-puntos-de-recarga-en-viviendas\/\",\"url\":\"https:\/\/circutor.com\/pt-pt\/artigos\/aspectos-clave-para-realizar-una-instalacion-de-puntos-de-recarga-en-viviendas\/\",\"name\":\"Aspetos chave para realizar uma instala\u00e7\u00e3o de pontos de carregamento em habita\u00e7\u00f5es - CIRCUTOR\",\"isPartOf\":{\"@id\":\"https:\/\/circutor.com\/#website\"},\"datePublished\":\"2022-04-19T13:48:08+00:00\",\"dateModified\":\"2022-04-19T13:49:00+00:00\",\"description\":\"Administra\u00e7\u00e3o p\u00f4s em marcha o Plano de Ajuda MOVES, que este ano chega \u00e0 sua terceira edi\u00e7\u00e3o. Gra\u00e7as a estas ajudas, um particular pode 4500 e 7000\u20ac na aquisi\u00e7\u00e3o do ve\u00edculo al\u00e9m de entre 70 e 80 % do custo total da instala\u00e7\u00e3o do ponto de carregamento.\",\"breadcrumb\":{\"@id\":\"https:\/\/circutor.com\/pt-pt\/artigos\/aspectos-clave-para-realizar-una-instalacion-de-puntos-de-recarga-en-viviendas\/#breadcrumb\"},\"inLanguage\":\"pt-PT\",\"potentialAction\":[{\"@type\":\"ReadAction\",\"target\":[\"https:\/\/circutor.com\/pt-pt\/artigos\/aspectos-clave-para-realizar-una-instalacion-de-puntos-de-recarga-en-viviendas\/\"]}]},{\"@type\":\"BreadcrumbList\",\"@id\":\"https:\/\/circutor.com\/pt-pt\/artigos\/aspectos-clave-para-realizar-una-instalacion-de-puntos-de-recarga-en-viviendas\/#breadcrumb\",\"itemListElement\":[{\"@type\":\"ListItem\",\"position\":1,\"name\":\"Portada\",\"item\":\"https:\/\/circutor.com\/pt-pt\/\"},{\"@type\":\"ListItem\",\"position\":2,\"name\":\"Aspetos chave para realizar uma instala\u00e7\u00e3o de pontos de carregamento em habita\u00e7\u00f5es\"}]},{\"@type\":\"Article\",\"@id\":\"https:\/\/circutor.com\/pt-pt\/artigos\/aspectos-clave-para-realizar-una-instalacion-de-puntos-de-recarga-en-viviendas\/#article\",\"isPartOf\":{\"@id\":\"https:\/\/circutor.com\/pt-pt\/artigos\/aspectos-clave-para-realizar-una-instalacion-de-puntos-de-recarga-en-viviendas\/\"},\"author\":{\"name\":\"Circutor\",\"@id\":\"https:\/\/circutor.com\/#\/schema\/person\/06cd1bedf12980260d76632f5805f930\"},\"headline\":\"Aspetos chave para realizar uma instala\u00e7\u00e3o de pontos de carregamento em habita\u00e7\u00f5es\",\"datePublished\":\"2022-04-19T13:48:08+00:00\",\"dateModified\":\"2022-04-19T13:49:00+00:00\",\"mainEntityOfPage\":{\"@id\":\"https:\/\/circutor.com\/pt-pt\/artigos\/aspectos-clave-para-realizar-una-instalacion-de-puntos-de-recarga-en-viviendas\/\"},\"wordCount\":1498,\"commentCount\":0,\"publisher\":{\"@id\":\"https:\/\/circutor.com\/#organization\"},\"keywords\":[\"Carregamento de ve\u00edculos el\u00e9tricos\",\"Mobilidade el\u00e9trica\u00a0\",\"Poupan\u00e7a energ\u00e9tica\"],\"articleSection\":[\"Artigos\"],\"inLanguage\":\"pt-PT\",\"potentialAction\":[{\"@type\":\"CommentAction\",\"name\":\"Comment\",\"target\":[\"https:\/\/circutor.com\/pt-pt\/artigos\/aspectos-clave-para-realizar-una-instalacion-de-puntos-de-recarga-en-viviendas\/#respond\"]}]},{\"@type\":\"Person\",\"@id\":\"https:\/\/circutor.com\/#\/schema\/person\/06cd1bedf12980260d76632f5805f930\",\"name\":\"Circutor\",\"image\":{\"@type\":\"ImageObject\",\"inLanguage\":\"pt-PT\",\"@id\":\"https:\/\/circutor.com\/#\/schema\/person\/image\/\",\"url\":\"https:\/\/circutor.com\/wp-content\/uploads\/2022\/04\/usuario-logo-gris-96x96.png\",\"contentUrl\":\"https:\/\/circutor.com\/wp-content\/uploads\/2022\/04\/usuario-logo-gris-96x96.png\",\"caption\":\"Circutor\"}}]}<\/script>\n<!-- \/ Yoast SEO plugin. -->","yoast_head_json":{"title":"Aspetos chave para realizar uma instala\u00e7\u00e3o de pontos de carregamento em habita\u00e7\u00f5es - CIRCUTOR","description":"Administra\u00e7\u00e3o p\u00f4s em marcha o Plano de Ajuda MOVES, que este ano chega \u00e0 sua terceira edi\u00e7\u00e3o. Gra\u00e7as a estas ajudas, um particular pode 4500 e 7000\u20ac na aquisi\u00e7\u00e3o do ve\u00edculo al\u00e9m de entre 70 e 80 % do custo total da instala\u00e7\u00e3o do ponto de carregamento.","robots":{"index":"index","follow":"follow","max-snippet":"max-snippet:-1","max-image-preview":"max-image-preview:large","max-video-preview":"max-video-preview:-1"},"canonical":"https:\/\/circutor.com\/pt-pt\/artigos\/aspectos-clave-para-realizar-una-instalacion-de-puntos-de-recarga-en-viviendas\/","og_locale":"pt_PT","og_type":"article","og_title":"Aspetos chave para realizar uma instala\u00e7\u00e3o de pontos de carregamento em habita\u00e7\u00f5es - CIRCUTOR","og_description":"Administra\u00e7\u00e3o p\u00f4s em marcha o Plano de Ajuda MOVES, que este ano chega \u00e0 sua terceira edi\u00e7\u00e3o. Gra\u00e7as a estas ajudas, um particular pode 4500 e 7000\u20ac na aquisi\u00e7\u00e3o do ve\u00edculo al\u00e9m de entre 70 e 80 % do custo total da instala\u00e7\u00e3o do ponto de carregamento.","og_url":"https:\/\/circutor.com\/pt-pt\/artigos\/aspectos-clave-para-realizar-una-instalacion-de-puntos-de-recarga-en-viviendas\/","og_site_name":"CIRCUTOR","article_publisher":"https:\/\/www.facebook.com\/CIRCUTOR.ES","article_published_time":"2022-04-19T13:48:08+00:00","article_modified_time":"2022-04-19T13:49:00+00:00","og_image":[{"width":1920,"height":1080,"url":"https:\/\/circutor.com\/wp-content\/uploads\/2022\/03\/FSB_Recarga_VE_Domestica.jpg","type":"image\/jpeg"}],"author":"Circutor","twitter_card":"summary_large_image","twitter_creator":"@circutor","twitter_site":"@circutor","twitter_misc":{"Escrito por":"Circutor","Tempo estimado de leitura":"6 minutos"},"schema":{"@context":"https:\/\/schema.org","@graph":[{"@type":"Organization","@id":"https:\/\/circutor.com\/#organization","name":"Circutor","url":"https:\/\/circutor.com\/","sameAs":["https:\/\/www.instagram.com\/circutor_es","https:\/\/www.linkedin.com\/company\/circutor","https:\/\/www.youtube.com\/user\/CIRCUTORoficial","https:\/\/www.facebook.com\/CIRCUTOR.ES","https:\/\/twitter.com\/circutor"],"logo":{"@type":"ImageObject","inLanguage":"pt-PT","@id":"https:\/\/circutor.com\/#\/schema\/logo\/image\/","url":"https:\/\/circutor.com\/wp-content\/uploads\/2020\/09\/CIR_LOGO_RED.png","contentUrl":"https:\/\/circutor.com\/wp-content\/uploads\/2020\/09\/CIR_LOGO_RED.png","width":512,"height":128,"caption":"Circutor"},"image":{"@id":"https:\/\/circutor.com\/#\/schema\/logo\/image\/"}},{"@type":"WebSite","@id":"https:\/\/circutor.com\/#website","url":"https:\/\/circutor.com\/","name":"CIRCUTOR","description":"Soluciones para la eficiencia energ\u00e9tica el\u00e9ctrica","publisher":{"@id":"https:\/\/circutor.com\/#organization"},"potentialAction":[{"@type":"SearchAction","target":{"@type":"EntryPoint","urlTemplate":"https:\/\/circutor.com\/?s={search_term_string}"},"query-input":"required name=search_term_string"}],"inLanguage":"pt-PT"},{"@type":"WebPage","@id":"https:\/\/circutor.com\/pt-pt\/artigos\/aspectos-clave-para-realizar-una-instalacion-de-puntos-de-recarga-en-viviendas\/","url":"https:\/\/circutor.com\/pt-pt\/artigos\/aspectos-clave-para-realizar-una-instalacion-de-puntos-de-recarga-en-viviendas\/","name":"Aspetos chave para realizar uma instala\u00e7\u00e3o de pontos de carregamento em habita\u00e7\u00f5es - CIRCUTOR","isPartOf":{"@id":"https:\/\/circutor.com\/#website"},"datePublished":"2022-04-19T13:48:08+00:00","dateModified":"2022-04-19T13:49:00+00:00","description":"Administra\u00e7\u00e3o p\u00f4s em marcha o Plano de Ajuda MOVES, que este ano chega \u00e0 sua terceira edi\u00e7\u00e3o. Gra\u00e7as a estas ajudas, um particular pode 4500 e 7000\u20ac na aquisi\u00e7\u00e3o do ve\u00edculo al\u00e9m de entre 70 e 80 % do custo total da instala\u00e7\u00e3o do ponto de carregamento.","breadcrumb":{"@id":"https:\/\/circutor.com\/pt-pt\/artigos\/aspectos-clave-para-realizar-una-instalacion-de-puntos-de-recarga-en-viviendas\/#breadcrumb"},"inLanguage":"pt-PT","potentialAction":[{"@type":"ReadAction","target":["https:\/\/circutor.com\/pt-pt\/artigos\/aspectos-clave-para-realizar-una-instalacion-de-puntos-de-recarga-en-viviendas\/"]}]},{"@type":"BreadcrumbList","@id":"https:\/\/circutor.com\/pt-pt\/artigos\/aspectos-clave-para-realizar-una-instalacion-de-puntos-de-recarga-en-viviendas\/#breadcrumb","itemListElement":[{"@type":"ListItem","position":1,"name":"Portada","item":"https:\/\/circutor.com\/pt-pt\/"},{"@type":"ListItem","position":2,"name":"Aspetos chave para realizar uma instala\u00e7\u00e3o de pontos de carregamento em habita\u00e7\u00f5es"}]},{"@type":"Article","@id":"https:\/\/circutor.com\/pt-pt\/artigos\/aspectos-clave-para-realizar-una-instalacion-de-puntos-de-recarga-en-viviendas\/#article","isPartOf":{"@id":"https:\/\/circutor.com\/pt-pt\/artigos\/aspectos-clave-para-realizar-una-instalacion-de-puntos-de-recarga-en-viviendas\/"},"author":{"name":"Circutor","@id":"https:\/\/circutor.com\/#\/schema\/person\/06cd1bedf12980260d76632f5805f930"},"headline":"Aspetos chave para realizar uma instala\u00e7\u00e3o de pontos de carregamento em habita\u00e7\u00f5es","datePublished":"2022-04-19T13:48:08+00:00","dateModified":"2022-04-19T13:49:00+00:00","mainEntityOfPage":{"@id":"https:\/\/circutor.com\/pt-pt\/artigos\/aspectos-clave-para-realizar-una-instalacion-de-puntos-de-recarga-en-viviendas\/"},"wordCount":1498,"commentCount":0,"publisher":{"@id":"https:\/\/circutor.com\/#organization"},"keywords":["Carregamento de ve\u00edculos el\u00e9tricos","Mobilidade el\u00e9trica\u00a0","Poupan\u00e7a energ\u00e9tica"],"articleSection":["Artigos"],"inLanguage":"pt-PT","potentialAction":[{"@type":"CommentAction","name":"Comment","target":["https:\/\/circutor.com\/pt-pt\/artigos\/aspectos-clave-para-realizar-una-instalacion-de-puntos-de-recarga-en-viviendas\/#respond"]}]},{"@type":"Person","@id":"https:\/\/circutor.com\/#\/schema\/person\/06cd1bedf12980260d76632f5805f930","name":"Circutor","image":{"@type":"ImageObject","inLanguage":"pt-PT","@id":"https:\/\/circutor.com\/#\/schema\/person\/image\/","url":"https:\/\/circutor.com\/wp-content\/uploads\/2022\/04\/usuario-logo-gris-96x96.png","contentUrl":"https:\/\/circutor.com\/wp-content\/uploads\/2022\/04\/usuario-logo-gris-96x96.png","caption":"Circutor"}}]}},"_links":{"self":[{"href":"https:\/\/circutor.com\/pt-pt\/wp-json\/wp\/v2\/posts\/16216"}],"collection":[{"href":"https:\/\/circutor.com\/pt-pt\/wp-json\/wp\/v2\/posts"}],"about":[{"href":"https:\/\/circutor.com\/pt-pt\/wp-json\/wp\/v2\/types\/post"}],"author":[{"embeddable":true,"href":"https:\/\/circutor.com\/pt-pt\/wp-json\/wp\/v2\/users\/6"}],"replies":[{"embeddable":true,"href":"https:\/\/circutor.com\/pt-pt\/wp-json\/wp\/v2\/comments?post=16216"}],"version-history":[{"count":0,"href":"https:\/\/circutor.com\/pt-pt\/wp-json\/wp\/v2\/posts\/16216\/revisions"}],"wp:featuredmedia":[{"embeddable":true,"href":"https:\/\/circutor.com\/pt-pt\/wp-json\/wp\/v2\/media\/16224"}],"wp:attachment":[{"href":"https:\/\/circutor.com\/pt-pt\/wp-json\/wp\/v2\/media?parent=16216"}],"wp:term":[{"taxonomy":"category","embeddable":true,"href":"https:\/\/circutor.com\/pt-pt\/wp-json\/wp\/v2\/categories?post=16216"},{"taxonomy":"post_tag","embeddable":true,"href":"https:\/\/circutor.com\/pt-pt\/wp-json\/wp\/v2\/tags?post=16216"}],"curies":[{"name":"wp","href":"https:\/\/api.w.org\/{rel}","templated":true}]}}