{"id":10819,"date":"2017-03-28T09:06:00","date_gmt":"2017-03-28T09:06:00","guid":{"rendered":"https:\/\/circutorweb.atic.blue\/?p=395"},"modified":"2017-03-28T09:06:00","modified_gmt":"2017-03-28T09:06:00","slug":"circutor-galardoada-com-o-primeiro-premio-na-categoria-de-melhor-projecto-de-eficiencia-energetica","status":"publish","type":"post","link":"https:\/\/circutor.com\/pt-pt\/uncategorized\/circutor-galardoada-com-o-primeiro-premio-na-categoria-de-melhor-projecto-de-eficiencia-energetica\/","title":{"rendered":"CIRCUTOR, galardoada com o primeiro pr\u00e9mio na categoria de \u201cMelhor projecto de Efici\u00eancia energ\u00e9tica\u201d"},"content":{"rendered":"<h4 class=\"dark\">No passado dia 23 de mar\u00e7o foram entregues em Madrid, local onde decorreu a quinta edi\u00e7\u00e3o do Electro FORUM 2017, os \u201cInnovation Awards iElektro\u201d, pr\u00e9mios de inova\u00e7\u00e3o no setor el\u00e9trico. A CIRCUTOR foi galardoada com o primeiro pr\u00e9mio na categoria de \u201cMelhor projeto de Efici\u00eancia energ\u00e9tica\u201d. Recebeu o pr\u00e9mio o Sr. Vicente Barra, Diretor de Marketing da CIRCUTOR.<\/h4>\n<p>Os &#8220;<strong>Innovation Awards iElektro<\/strong>&#8221; s\u00e3o um certame anual organizado pela <strong>iElektro<\/strong>, jornal online especializado no setor do material el\u00e9trico, conjuntamente com o <strong>Grupo Electro Stocks<\/strong>, l\u00edder da distribui\u00e7\u00e3o profissional de material el\u00e9trico, com o objetivo de estimular o setor el\u00e9trico e impulsionar projetos que explorem poss\u00edveis cen\u00e1rios el\u00e9tricos durante os pr\u00f3ximos anos.<\/p>\n<p>A <strong>CIRCUTOR<\/strong> conseguiu o galard\u00e3o para o melhor projeto de Efici\u00eancia energ\u00e9tica devido ao seu intuitivo analisador de redes port\u00e1til: &#8220;<strong>MYeBOX\u00ae. Conectado \u00e0 efici\u00eancia<\/strong>&#8220;, que fornece as informa\u00e7\u00f5es detalhadas de todos os par\u00e2metros el\u00e9tricos de uma instala\u00e7\u00e3o, proporcionando um acesso total aos dados conectando-nos diretamente ao equipamento atrav\u00e9s da app a partir de dispositivos m\u00f3veis e conectando-nos \u00e0 Cloud.<\/p>\n<p>Gra\u00e7as \u00e0 conectividade e versatilidade do analisador <strong>MYeBOX\u00ae<\/strong>, a realiza\u00e7\u00e3o de auditorias energ\u00e9ticas ser\u00e1 uma tarefa f\u00e1cil.<\/p>\n<p>&nbsp;<\/p>\n<table style=\"width: 75%; margin-left: auto; margin-right: auto;\">\n<tbody>\n<tr>\n<td>\n<p>&nbsp;{youtube}3UAKPUuCKF4{\/youtube}&nbsp;<\/p>\n<\/td>\n<\/tr>\n<\/tbody>\n<\/table>\n<p>&nbsp;<\/p>\n<table style=\"width: 100%; background-color: #eeeeee;\">\n<tbody>\n<tr>\n<td style=\"width: 10px;\">&nbsp;<\/td>\n<td style=\"width: 250px;\" colspan=\"7\" valign=\"top\">\n<p>Mais informa\u00e7\u00f5es: <strong><a href=\"https:\/\/myebox.es\/init\/index-en.html\">https:\/\/myebox.es\/init\/index-en.html<\/a><\/strong><\/p>\n<\/td>\n<td style=\"width: 10px;\">&nbsp;<\/td>\n<\/tr>\n<\/tbody>\n<\/table>\n","protected":false},"excerpt":{"rendered":"<p>No passado dia 23 de mar\u00e7o foram entregues em Madrid, local onde decorreu a quinta edi\u00e7\u00e3o do Electro FORUM 2017, os \u201cInnovation Awards iElektro\u201d, pr\u00e9mios de inova\u00e7\u00e3o no setor el\u00e9trico. A CIRCUTOR foi galardoada com o primeiro pr\u00e9mio na categoria de \u201cMelhor projeto de Efici\u00eancia energ\u00e9tica\u201d. Recebeu o pr\u00e9mio o Sr. Vicente Barra, Diretor de [&hellip;]<\/p>\n","protected":false},"author":1,"featured_media":0,"comment_status":"open","ping_status":"open","sticky":false,"template":"","format":"standard","meta":[],"categories":[33],"tags":[],"acf":[],"yoast_head":"<!-- This site is optimized with the Yoast SEO plugin v19.4 - https:\/\/yoast.com\/wordpress\/plugins\/seo\/ -->\n<title>CIRCUTOR, galardoada com o primeiro pr\u00e9mio na categoria de \u201cMelhor projecto de Efici\u00eancia energ\u00e9tica\u201d - CIRCUTOR<\/title>\n<meta name=\"description\" content=\"No passado dia 23 de mar\u00e7o foram entregues em Madrid, local onde decorreu a quinta edi\u00e7\u00e3o do Electro FORUM 2017, os \u201cInnovation Awards iElektro\u201d, pr\u00e9mios de inova\u00e7\u00e3o no setor el\u00e9trico. A CIRCUTOR foi galardoada com o primeiro pr\u00e9mio na categoria de \u201cMelhor projeto de Efici\u00eancia energ\u00e9tica\u201d.\" \/>\n<meta name=\"robots\" content=\"index, follow, max-snippet:-1, max-image-preview:large, max-video-preview:-1\" \/>\n<link rel=\"canonical\" href=\"https:\/\/circutor.com\/pt-pt\/sem-categoria\/circutor-galardoada-com-o-primeiro-premio-na-categoria-de-melhor-projecto-de-eficiencia-energetica\/\" \/>\n<meta property=\"og:locale\" content=\"pt_PT\" \/>\n<meta property=\"og:type\" content=\"article\" \/>\n<meta property=\"og:title\" content=\"CIRCUTOR, galardoada com o primeiro pr\u00e9mio na categoria de \u201cMelhor projecto de Efici\u00eancia energ\u00e9tica\u201d - CIRCUTOR\" \/>\n<meta property=\"og:description\" content=\"No passado dia 23 de mar\u00e7o foram entregues em Madrid, local onde decorreu a quinta edi\u00e7\u00e3o do Electro FORUM 2017, os \u201cInnovation Awards iElektro\u201d, pr\u00e9mios de inova\u00e7\u00e3o no setor el\u00e9trico. A CIRCUTOR foi galardoada com o primeiro pr\u00e9mio na categoria de \u201cMelhor projeto de Efici\u00eancia energ\u00e9tica\u201d.\" \/>\n<meta property=\"og:url\" content=\"https:\/\/circutor.com\/pt-pt\/sem-categoria\/circutor-galardoada-com-o-primeiro-premio-na-categoria-de-melhor-projecto-de-eficiencia-energetica\/\" \/>\n<meta property=\"og:site_name\" content=\"CIRCUTOR\" \/>\n<meta property=\"article:publisher\" content=\"https:\/\/www.facebook.com\/CIRCUTOR.ES\" \/>\n<meta property=\"article:published_time\" content=\"2017-03-28T09:06:00+00:00\" \/>\n<meta property=\"og:image\" content=\"https:\/\/circutor.com\/wp-content\/uploads\/2022\/07\/Circutor_Logo_Color.png\" \/>\n\t<meta property=\"og:image:width\" content=\"1299\" \/>\n\t<meta property=\"og:image:height\" content=\"354\" \/>\n\t<meta property=\"og:image:type\" content=\"image\/png\" \/>\n<meta name=\"author\" content=\"admin\" \/>\n<meta name=\"twitter:card\" content=\"summary_large_image\" \/>\n<meta name=\"twitter:creator\" content=\"@circutor\" \/>\n<meta name=\"twitter:site\" content=\"@circutor\" \/>\n<meta name=\"twitter:label1\" content=\"Escrito por\" \/>\n\t<meta name=\"twitter:data1\" content=\"admin\" \/>\n\t<meta name=\"twitter:label2\" content=\"Tempo estimado de leitura\" \/>\n\t<meta name=\"twitter:data2\" content=\"1 minuto\" \/>\n<script type=\"application\/ld+json\" class=\"yoast-schema-graph\">{\"@context\":\"https:\/\/schema.org\",\"@graph\":[{\"@type\":\"Organization\",\"@id\":\"https:\/\/circutor.com\/#organization\",\"name\":\"Circutor\",\"url\":\"https:\/\/circutor.com\/\",\"sameAs\":[\"https:\/\/www.instagram.com\/circutor_es\",\"https:\/\/www.linkedin.com\/company\/circutor\",\"https:\/\/www.youtube.com\/user\/CIRCUTORoficial\",\"https:\/\/www.facebook.com\/CIRCUTOR.ES\",\"https:\/\/twitter.com\/circutor\"],\"logo\":{\"@type\":\"ImageObject\",\"inLanguage\":\"pt-PT\",\"@id\":\"https:\/\/circutor.com\/#\/schema\/logo\/image\/\",\"url\":\"https:\/\/circutor.com\/wp-content\/uploads\/2020\/09\/CIR_LOGO_RED.png\",\"contentUrl\":\"https:\/\/circutor.com\/wp-content\/uploads\/2020\/09\/CIR_LOGO_RED.png\",\"width\":512,\"height\":128,\"caption\":\"Circutor\"},\"image\":{\"@id\":\"https:\/\/circutor.com\/#\/schema\/logo\/image\/\"}},{\"@type\":\"WebSite\",\"@id\":\"https:\/\/circutor.com\/#website\",\"url\":\"https:\/\/circutor.com\/\",\"name\":\"CIRCUTOR\",\"description\":\"Soluciones para la eficiencia energ\u00e9tica el\u00e9ctrica\",\"publisher\":{\"@id\":\"https:\/\/circutor.com\/#organization\"},\"potentialAction\":[{\"@type\":\"SearchAction\",\"target\":{\"@type\":\"EntryPoint\",\"urlTemplate\":\"https:\/\/circutor.com\/?s={search_term_string}\"},\"query-input\":\"required name=search_term_string\"}],\"inLanguage\":\"pt-PT\"},{\"@type\":\"WebPage\",\"@id\":\"https:\/\/circutor.com\/pt-pt\/sem-categoria\/circutor-galardoada-com-o-primeiro-premio-na-categoria-de-melhor-projecto-de-eficiencia-energetica\/\",\"url\":\"https:\/\/circutor.com\/pt-pt\/sem-categoria\/circutor-galardoada-com-o-primeiro-premio-na-categoria-de-melhor-projecto-de-eficiencia-energetica\/\",\"name\":\"CIRCUTOR, galardoada com o primeiro pr\u00e9mio na categoria de \u201cMelhor projecto de Efici\u00eancia energ\u00e9tica\u201d - CIRCUTOR\",\"isPartOf\":{\"@id\":\"https:\/\/circutor.com\/#website\"},\"datePublished\":\"2017-03-28T09:06:00+00:00\",\"dateModified\":\"2017-03-28T09:06:00+00:00\",\"description\":\"No passado dia 23 de mar\u00e7o foram entregues em Madrid, local onde decorreu a quinta edi\u00e7\u00e3o do Electro FORUM 2017, os \u201cInnovation Awards iElektro\u201d, pr\u00e9mios de inova\u00e7\u00e3o no setor el\u00e9trico. A CIRCUTOR foi galardoada com o primeiro pr\u00e9mio na categoria de \u201cMelhor projeto de Efici\u00eancia energ\u00e9tica\u201d.\",\"breadcrumb\":{\"@id\":\"https:\/\/circutor.com\/pt-pt\/sem-categoria\/circutor-galardoada-com-o-primeiro-premio-na-categoria-de-melhor-projecto-de-eficiencia-energetica\/#breadcrumb\"},\"inLanguage\":\"pt-PT\",\"potentialAction\":[{\"@type\":\"ReadAction\",\"target\":[\"https:\/\/circutor.com\/pt-pt\/sem-categoria\/circutor-galardoada-com-o-primeiro-premio-na-categoria-de-melhor-projecto-de-eficiencia-energetica\/\"]}]},{\"@type\":\"BreadcrumbList\",\"@id\":\"https:\/\/circutor.com\/pt-pt\/sem-categoria\/circutor-galardoada-com-o-primeiro-premio-na-categoria-de-melhor-projecto-de-eficiencia-energetica\/#breadcrumb\",\"itemListElement\":[{\"@type\":\"ListItem\",\"position\":1,\"name\":\"Portada\",\"item\":\"https:\/\/circutor.com\/pt-pt\/\"},{\"@type\":\"ListItem\",\"position\":2,\"name\":\"CIRCUTOR, galardoada com o primeiro pr\u00e9mio na categoria de \u201cMelhor projecto de Efici\u00eancia energ\u00e9tica\u201d\"}]},{\"@type\":\"Article\",\"@id\":\"https:\/\/circutor.com\/pt-pt\/sem-categoria\/circutor-galardoada-com-o-primeiro-premio-na-categoria-de-melhor-projecto-de-eficiencia-energetica\/#article\",\"isPartOf\":{\"@id\":\"https:\/\/circutor.com\/pt-pt\/sem-categoria\/circutor-galardoada-com-o-primeiro-premio-na-categoria-de-melhor-projecto-de-eficiencia-energetica\/\"},\"author\":{\"name\":\"admin\",\"@id\":\"https:\/\/circutor.com\/#\/schema\/person\/17d169bdccd6e2367b1ce7182dd31283\"},\"headline\":\"CIRCUTOR, galardoada com o primeiro pr\u00e9mio na categoria de \u201cMelhor projecto de Efici\u00eancia energ\u00e9tica\u201d\",\"datePublished\":\"2017-03-28T09:06:00+00:00\",\"dateModified\":\"2017-03-28T09:06:00+00:00\",\"mainEntityOfPage\":{\"@id\":\"https:\/\/circutor.com\/pt-pt\/sem-categoria\/circutor-galardoada-com-o-primeiro-premio-na-categoria-de-melhor-projecto-de-eficiencia-energetica\/\"},\"wordCount\":250,\"commentCount\":0,\"publisher\":{\"@id\":\"https:\/\/circutor.com\/#organization\"},\"articleSection\":[\"Uncategorized\"],\"inLanguage\":\"pt-PT\",\"potentialAction\":[{\"@type\":\"CommentAction\",\"name\":\"Comment\",\"target\":[\"https:\/\/circutor.com\/pt-pt\/sem-categoria\/circutor-galardoada-com-o-primeiro-premio-na-categoria-de-melhor-projecto-de-eficiencia-energetica\/#respond\"]}]},{\"@type\":\"Person\",\"@id\":\"https:\/\/circutor.com\/#\/schema\/person\/17d169bdccd6e2367b1ce7182dd31283\",\"name\":\"admin\",\"image\":{\"@type\":\"ImageObject\",\"inLanguage\":\"pt-PT\",\"@id\":\"https:\/\/circutor.com\/#\/schema\/person\/image\/\",\"url\":\"https:\/\/circutor.com\/wp-content\/uploads\/2022\/04\/usuario-logo-gris-96x96.png\",\"contentUrl\":\"https:\/\/circutor.com\/wp-content\/uploads\/2022\/04\/usuario-logo-gris-96x96.png\",\"caption\":\"admin\"}}]}<\/script>\n<!-- \/ Yoast SEO plugin. -->","yoast_head_json":{"title":"CIRCUTOR, galardoada com o primeiro pr\u00e9mio na categoria de \u201cMelhor projecto de Efici\u00eancia energ\u00e9tica\u201d - CIRCUTOR","description":"No passado dia 23 de mar\u00e7o foram entregues em Madrid, local onde decorreu a quinta edi\u00e7\u00e3o do Electro FORUM 2017, os \u201cInnovation Awards iElektro\u201d, pr\u00e9mios de inova\u00e7\u00e3o no setor el\u00e9trico. A CIRCUTOR foi galardoada com o primeiro pr\u00e9mio na categoria de \u201cMelhor projeto de Efici\u00eancia energ\u00e9tica\u201d.","robots":{"index":"index","follow":"follow","max-snippet":"max-snippet:-1","max-image-preview":"max-image-preview:large","max-video-preview":"max-video-preview:-1"},"canonical":"https:\/\/circutor.com\/pt-pt\/sem-categoria\/circutor-galardoada-com-o-primeiro-premio-na-categoria-de-melhor-projecto-de-eficiencia-energetica\/","og_locale":"pt_PT","og_type":"article","og_title":"CIRCUTOR, galardoada com o primeiro pr\u00e9mio na categoria de \u201cMelhor projecto de Efici\u00eancia energ\u00e9tica\u201d - CIRCUTOR","og_description":"No passado dia 23 de mar\u00e7o foram entregues em Madrid, local onde decorreu a quinta edi\u00e7\u00e3o do Electro FORUM 2017, os \u201cInnovation Awards iElektro\u201d, pr\u00e9mios de inova\u00e7\u00e3o no setor el\u00e9trico. A CIRCUTOR foi galardoada com o primeiro pr\u00e9mio na categoria de \u201cMelhor projeto de Efici\u00eancia energ\u00e9tica\u201d.","og_url":"https:\/\/circutor.com\/pt-pt\/sem-categoria\/circutor-galardoada-com-o-primeiro-premio-na-categoria-de-melhor-projecto-de-eficiencia-energetica\/","og_site_name":"CIRCUTOR","article_publisher":"https:\/\/www.facebook.com\/CIRCUTOR.ES","article_published_time":"2017-03-28T09:06:00+00:00","og_image":[{"width":1299,"height":354,"url":"https:\/\/circutor.com\/wp-content\/uploads\/2022\/07\/Circutor_Logo_Color.png","type":"image\/png"}],"author":"admin","twitter_card":"summary_large_image","twitter_creator":"@circutor","twitter_site":"@circutor","twitter_misc":{"Escrito por":"admin","Tempo estimado de leitura":"1 minuto"},"schema":{"@context":"https:\/\/schema.org","@graph":[{"@type":"Organization","@id":"https:\/\/circutor.com\/#organization","name":"Circutor","url":"https:\/\/circutor.com\/","sameAs":["https:\/\/www.instagram.com\/circutor_es","https:\/\/www.linkedin.com\/company\/circutor","https:\/\/www.youtube.com\/user\/CIRCUTORoficial","https:\/\/www.facebook.com\/CIRCUTOR.ES","https:\/\/twitter.com\/circutor"],"logo":{"@type":"ImageObject","inLanguage":"pt-PT","@id":"https:\/\/circutor.com\/#\/schema\/logo\/image\/","url":"https:\/\/circutor.com\/wp-content\/uploads\/2020\/09\/CIR_LOGO_RED.png","contentUrl":"https:\/\/circutor.com\/wp-content\/uploads\/2020\/09\/CIR_LOGO_RED.png","width":512,"height":128,"caption":"Circutor"},"image":{"@id":"https:\/\/circutor.com\/#\/schema\/logo\/image\/"}},{"@type":"WebSite","@id":"https:\/\/circutor.com\/#website","url":"https:\/\/circutor.com\/","name":"CIRCUTOR","description":"Soluciones para la eficiencia energ\u00e9tica el\u00e9ctrica","publisher":{"@id":"https:\/\/circutor.com\/#organization"},"potentialAction":[{"@type":"SearchAction","target":{"@type":"EntryPoint","urlTemplate":"https:\/\/circutor.com\/?s={search_term_string}"},"query-input":"required name=search_term_string"}],"inLanguage":"pt-PT"},{"@type":"WebPage","@id":"https:\/\/circutor.com\/pt-pt\/sem-categoria\/circutor-galardoada-com-o-primeiro-premio-na-categoria-de-melhor-projecto-de-eficiencia-energetica\/","url":"https:\/\/circutor.com\/pt-pt\/sem-categoria\/circutor-galardoada-com-o-primeiro-premio-na-categoria-de-melhor-projecto-de-eficiencia-energetica\/","name":"CIRCUTOR, galardoada com o primeiro pr\u00e9mio na categoria de \u201cMelhor projecto de Efici\u00eancia energ\u00e9tica\u201d - CIRCUTOR","isPartOf":{"@id":"https:\/\/circutor.com\/#website"},"datePublished":"2017-03-28T09:06:00+00:00","dateModified":"2017-03-28T09:06:00+00:00","description":"No passado dia 23 de mar\u00e7o foram entregues em Madrid, local onde decorreu a quinta edi\u00e7\u00e3o do Electro FORUM 2017, os \u201cInnovation Awards iElektro\u201d, pr\u00e9mios de inova\u00e7\u00e3o no setor el\u00e9trico. A CIRCUTOR foi galardoada com o primeiro pr\u00e9mio na categoria de \u201cMelhor projeto de Efici\u00eancia energ\u00e9tica\u201d.","breadcrumb":{"@id":"https:\/\/circutor.com\/pt-pt\/sem-categoria\/circutor-galardoada-com-o-primeiro-premio-na-categoria-de-melhor-projecto-de-eficiencia-energetica\/#breadcrumb"},"inLanguage":"pt-PT","potentialAction":[{"@type":"ReadAction","target":["https:\/\/circutor.com\/pt-pt\/sem-categoria\/circutor-galardoada-com-o-primeiro-premio-na-categoria-de-melhor-projecto-de-eficiencia-energetica\/"]}]},{"@type":"BreadcrumbList","@id":"https:\/\/circutor.com\/pt-pt\/sem-categoria\/circutor-galardoada-com-o-primeiro-premio-na-categoria-de-melhor-projecto-de-eficiencia-energetica\/#breadcrumb","itemListElement":[{"@type":"ListItem","position":1,"name":"Portada","item":"https:\/\/circutor.com\/pt-pt\/"},{"@type":"ListItem","position":2,"name":"CIRCUTOR, galardoada com o primeiro pr\u00e9mio na categoria de \u201cMelhor projecto de Efici\u00eancia energ\u00e9tica\u201d"}]},{"@type":"Article","@id":"https:\/\/circutor.com\/pt-pt\/sem-categoria\/circutor-galardoada-com-o-primeiro-premio-na-categoria-de-melhor-projecto-de-eficiencia-energetica\/#article","isPartOf":{"@id":"https:\/\/circutor.com\/pt-pt\/sem-categoria\/circutor-galardoada-com-o-primeiro-premio-na-categoria-de-melhor-projecto-de-eficiencia-energetica\/"},"author":{"name":"admin","@id":"https:\/\/circutor.com\/#\/schema\/person\/17d169bdccd6e2367b1ce7182dd31283"},"headline":"CIRCUTOR, galardoada com o primeiro pr\u00e9mio na categoria de \u201cMelhor projecto de Efici\u00eancia energ\u00e9tica\u201d","datePublished":"2017-03-28T09:06:00+00:00","dateModified":"2017-03-28T09:06:00+00:00","mainEntityOfPage":{"@id":"https:\/\/circutor.com\/pt-pt\/sem-categoria\/circutor-galardoada-com-o-primeiro-premio-na-categoria-de-melhor-projecto-de-eficiencia-energetica\/"},"wordCount":250,"commentCount":0,"publisher":{"@id":"https:\/\/circutor.com\/#organization"},"articleSection":["Uncategorized"],"inLanguage":"pt-PT","potentialAction":[{"@type":"CommentAction","name":"Comment","target":["https:\/\/circutor.com\/pt-pt\/sem-categoria\/circutor-galardoada-com-o-primeiro-premio-na-categoria-de-melhor-projecto-de-eficiencia-energetica\/#respond"]}]},{"@type":"Person","@id":"https:\/\/circutor.com\/#\/schema\/person\/17d169bdccd6e2367b1ce7182dd31283","name":"admin","image":{"@type":"ImageObject","inLanguage":"pt-PT","@id":"https:\/\/circutor.com\/#\/schema\/person\/image\/","url":"https:\/\/circutor.com\/wp-content\/uploads\/2022\/04\/usuario-logo-gris-96x96.png","contentUrl":"https:\/\/circutor.com\/wp-content\/uploads\/2022\/04\/usuario-logo-gris-96x96.png","caption":"admin"}}]}},"_links":{"self":[{"href":"https:\/\/circutor.com\/pt-pt\/wp-json\/wp\/v2\/posts\/10819"}],"collection":[{"href":"https:\/\/circutor.com\/pt-pt\/wp-json\/wp\/v2\/posts"}],"about":[{"href":"https:\/\/circutor.com\/pt-pt\/wp-json\/wp\/v2\/types\/post"}],"author":[{"embeddable":true,"href":"https:\/\/circutor.com\/pt-pt\/wp-json\/wp\/v2\/users\/1"}],"replies":[{"embeddable":true,"href":"https:\/\/circutor.com\/pt-pt\/wp-json\/wp\/v2\/comments?post=10819"}],"version-history":[{"count":0,"href":"https:\/\/circutor.com\/pt-pt\/wp-json\/wp\/v2\/posts\/10819\/revisions"}],"wp:attachment":[{"href":"https:\/\/circutor.com\/pt-pt\/wp-json\/wp\/v2\/media?parent=10819"}],"wp:term":[{"taxonomy":"category","embeddable":true,"href":"https:\/\/circutor.com\/pt-pt\/wp-json\/wp\/v2\/categories?post=10819"},{"taxonomy":"post_tag","embeddable":true,"href":"https:\/\/circutor.com\/pt-pt\/wp-json\/wp\/v2\/tags?post=10819"}],"curies":[{"name":"wp","href":"https:\/\/api.w.org\/{rel}","templated":true}]}}