{"id":10803,"date":"2015-11-13T08:00:00","date_gmt":"2015-11-13T08:00:00","guid":{"rendered":"https:\/\/circutorweb.atic.blue\/?p=323"},"modified":"2015-11-13T08:00:00","modified_gmt":"2015-11-13T08:00:00","slug":"a-circutor-no-congresso-mundial-smart-city-expo-2015","status":"publish","type":"post","link":"https:\/\/circutor.com\/pt-pt\/uncategorized\/a-circutor-no-congresso-mundial-smart-city-expo-2015\/","title":{"rendered":"A CIRCUTOR no Congresso Mundial Smart City Expo 2015"},"content":{"rendered":"<h4 class=\"dark\">A CIRCUTOR participou na Expo Smart City, de 17 a 19 de Novembro no recinto da Gran Via de Fira de Barcelona<\/h4>\n<p>Barcelona foi a capital das <strong>cidades inteligentes<\/strong> durante a <strong>Expo Smart City<\/strong>. Evento durante o qual se debateram e mostraram os desafios da transforma\u00e7\u00e3o urbana que dever\u00e3o ser abordados no futuro das cidades para garantir a sustentabilidade.<\/p>\n<p>A <strong>CIRCUTOR<\/strong>, a empresa est\u00e1 comprometida com a <strong>sustentabilidade e o meio ambiente<\/strong>, esteve presente no evento para mostrar as solu\u00e7\u00f5es e os sistemas que foram criados especialmente para contribuir para a melhoria da efici\u00eancia energ\u00e9tica nas cidades:<\/p>\n<ul>\n<li>Solu\u00e7\u00f5es e sistemas de melhoria de <a href=\"http:\/\/circutor.pt\/pt\/formacao\/eficiencia-energetica-electrica\">efici\u00eancia energ\u00e9tica<\/a><\/li>\n<li>Solu\u00e7\u00f5es para edif\u00edcios nZEB (Nearly Zero-Energy Buildings)<\/li>\n<li>Equipamentos e sistemas de gest\u00e3o para <a href=\"http:\/\/circutor.pt\/pt\/produtos\/recarga-inteligente-para-veiculos-electricos\">carregamento de ve\u00edculos el\u00e9ctricos<\/a><\/li>\n<li>Analisadores para <a href=\"http:\/\/circutor.pt\/pt\/produtos\/medida-e-controlo\/analisadores-de-redes-fixos\">monitoriza\u00e7\u00e3o e gest\u00e3o de consumo energ\u00e9tico<\/a><\/li>\n<li>Sistemas de gest\u00e3o de <a href=\"http:\/\/circutor.pt\/pt\/produtos\/medida-e-controlo\/sistemas-de-controlo\/controlo-iluminacao-publica\/serie-cirlamp-detail\">ilumina\u00e7\u00e3o p\u00fablica<\/a><\/li>\n<\/ul>\n<p>Do mesmo modo, a <strong>18 de Novembro pelas 17h<\/strong> no stand da Generalitat de Catalunya, a <strong>CIRCUTOR<\/strong> fez parte da equipa que apresentou o projecto POWERINHOUSE.<\/p>\n<p>O POWERINHOUSE \u00e9 um sistema de gest\u00e3o energ\u00e9tica que permite <strong>utilizar energia 100% sustent\u00e1vel nas resid\u00eancias de qualquer local do mundo<\/strong>. Para o conseguir, faz uma mistura de hardware e electr\u00f3nica especializada (CIRCUTOR) com dom\u00f3tica (Dassa) e planos de desenvolvimento e constru\u00e7\u00e3o personalizados (TBI).<\/p>\n<p>&nbsp;<\/p>\n<table style=\"width: 100%; background-color: #eeeeee;\">\n<tbody>\n<tr>\n<td style=\"width: 10px;\">&nbsp;<\/td>\n<td style=\"width: 250px;\" colspan=\"7\" valign=\"top\">\n<p>Mais informa\u00e7\u00f5es:&nbsp;<a href=\"http:\/\/circutor.pt\/pt\/formacao\/energias-renovaveis-autoconsumo\">Energias renov\u00e1veis &#8211; Autoconsumo<\/a><\/p>\n<\/td>\n<td style=\"width: 10px;\">&nbsp;<\/td>\n<\/tr>\n<\/tbody>\n<\/table>\n<table style=\"width: 100%; background-color: #eeeeee;\">\n<tbody>\n<tr>\n<td style=\"width: 10px;\">&nbsp;<\/td>\n<td style=\"width: 250px;\" colspan=\"7\" valign=\"top\">\n<p><span style=\"background-color: #eeeeee;\">Mais informa\u00e7\u00f5es<\/span>:&nbsp;<a href=\"http:\/\/circutor.pt\/pt\/formacao\/eficiencia-energetica-electrica\">Efici\u00eancia energ\u00e9tica el\u00e9ctrica<\/a><\/p>\n<\/td>\n<td style=\"width: 10px;\">&nbsp;<\/td>\n<\/tr>\n<\/tbody>\n<\/table>\n<hr \/>\n<p>Consultar novidades na&nbsp;<a href=\"http:\/\/circutor.pt\/pt\/produtos\/novidades\">Se\u00e7\u00e3o Novidades<\/a>.<br \/>Seguir as mensagens&nbsp;no&nbsp;<a href=\"https:\/\/twitter.com\/circutor\" rel=\"nofollow\">Twitter<\/a>, e&nbsp;<a href=\"http:\/\/www.linkedin.com\/company\/circutor\" rel=\"nofollow noopener noreferrer\" target=\"_blank\">LinkedIn<\/a>.<\/p>\n","protected":false},"excerpt":{"rendered":"<p>A CIRCUTOR participou na Expo Smart City, de 17 a 19 de Novembro no recinto da Gran Via de Fira de Barcelona Barcelona foi a capital das cidades inteligentes durante a Expo Smart City. Evento durante o qual se debateram e mostraram os desafios da transforma\u00e7\u00e3o urbana que dever\u00e3o ser abordados no futuro das cidades [&hellip;]<\/p>\n","protected":false},"author":1,"featured_media":0,"comment_status":"open","ping_status":"open","sticky":false,"template":"","format":"standard","meta":[],"categories":[33],"tags":[],"acf":[],"yoast_head":"<!-- This site is optimized with the Yoast SEO plugin v19.4 - https:\/\/yoast.com\/wordpress\/plugins\/seo\/ -->\n<title>A CIRCUTOR no Congresso Mundial Smart City Expo 2015 - CIRCUTOR<\/title>\n<meta name=\"description\" content=\"CIRCUTOR, a empresa est\u00e1 comprometida com a sustentabilidade e o meio ambiente, esteve presente no evento para mostrar as solu\u00e7\u00f5es e os sistemas que foram criados especialmente para contribuir para a melhoria da efici\u00eancia energ\u00e9tica nas cidade.\" \/>\n<meta name=\"robots\" content=\"index, follow, max-snippet:-1, max-image-preview:large, max-video-preview:-1\" \/>\n<link rel=\"canonical\" href=\"https:\/\/circutor.com\/pt-pt\/sem-categoria\/a-circutor-no-congresso-mundial-smart-city-expo-2015\/\" \/>\n<meta property=\"og:locale\" content=\"pt_PT\" \/>\n<meta property=\"og:type\" content=\"article\" \/>\n<meta property=\"og:title\" content=\"A CIRCUTOR no Congresso Mundial Smart City Expo 2015 - CIRCUTOR\" \/>\n<meta property=\"og:description\" content=\"CIRCUTOR, a empresa est\u00e1 comprometida com a sustentabilidade e o meio ambiente, esteve presente no evento para mostrar as solu\u00e7\u00f5es e os sistemas que foram criados especialmente para contribuir para a melhoria da efici\u00eancia energ\u00e9tica nas cidade.\" \/>\n<meta property=\"og:url\" content=\"https:\/\/circutor.com\/pt-pt\/sem-categoria\/a-circutor-no-congresso-mundial-smart-city-expo-2015\/\" \/>\n<meta property=\"og:site_name\" content=\"CIRCUTOR\" \/>\n<meta property=\"article:publisher\" content=\"https:\/\/www.facebook.com\/CIRCUTOR.ES\" \/>\n<meta property=\"article:published_time\" content=\"2015-11-13T08:00:00+00:00\" \/>\n<meta property=\"og:image\" content=\"https:\/\/circutor.com\/wp-content\/uploads\/2022\/07\/Circutor_Logo_Color.png\" \/>\n\t<meta property=\"og:image:width\" content=\"1299\" \/>\n\t<meta property=\"og:image:height\" content=\"354\" \/>\n\t<meta property=\"og:image:type\" content=\"image\/png\" \/>\n<meta name=\"author\" content=\"admin\" \/>\n<meta name=\"twitter:card\" content=\"summary_large_image\" \/>\n<meta name=\"twitter:creator\" content=\"@circutor\" \/>\n<meta name=\"twitter:site\" content=\"@circutor\" \/>\n<meta name=\"twitter:label1\" content=\"Escrito por\" \/>\n\t<meta name=\"twitter:data1\" content=\"admin\" \/>\n\t<meta name=\"twitter:label2\" content=\"Tempo estimado de leitura\" \/>\n\t<meta name=\"twitter:data2\" content=\"1 minuto\" \/>\n<script type=\"application\/ld+json\" class=\"yoast-schema-graph\">{\"@context\":\"https:\/\/schema.org\",\"@graph\":[{\"@type\":\"Organization\",\"@id\":\"https:\/\/circutor.com\/#organization\",\"name\":\"Circutor\",\"url\":\"https:\/\/circutor.com\/\",\"sameAs\":[\"https:\/\/www.instagram.com\/circutor_es\",\"https:\/\/www.linkedin.com\/company\/circutor\",\"https:\/\/www.youtube.com\/user\/CIRCUTORoficial\",\"https:\/\/www.facebook.com\/CIRCUTOR.ES\",\"https:\/\/twitter.com\/circutor\"],\"logo\":{\"@type\":\"ImageObject\",\"inLanguage\":\"pt-PT\",\"@id\":\"https:\/\/circutor.com\/#\/schema\/logo\/image\/\",\"url\":\"https:\/\/circutor.com\/wp-content\/uploads\/2020\/09\/CIR_LOGO_RED.png\",\"contentUrl\":\"https:\/\/circutor.com\/wp-content\/uploads\/2020\/09\/CIR_LOGO_RED.png\",\"width\":512,\"height\":128,\"caption\":\"Circutor\"},\"image\":{\"@id\":\"https:\/\/circutor.com\/#\/schema\/logo\/image\/\"}},{\"@type\":\"WebSite\",\"@id\":\"https:\/\/circutor.com\/#website\",\"url\":\"https:\/\/circutor.com\/\",\"name\":\"CIRCUTOR\",\"description\":\"Soluciones para la eficiencia energ\u00e9tica el\u00e9ctrica\",\"publisher\":{\"@id\":\"https:\/\/circutor.com\/#organization\"},\"potentialAction\":[{\"@type\":\"SearchAction\",\"target\":{\"@type\":\"EntryPoint\",\"urlTemplate\":\"https:\/\/circutor.com\/?s={search_term_string}\"},\"query-input\":\"required name=search_term_string\"}],\"inLanguage\":\"pt-PT\"},{\"@type\":\"WebPage\",\"@id\":\"https:\/\/circutor.com\/pt-pt\/sem-categoria\/a-circutor-no-congresso-mundial-smart-city-expo-2015\/\",\"url\":\"https:\/\/circutor.com\/pt-pt\/sem-categoria\/a-circutor-no-congresso-mundial-smart-city-expo-2015\/\",\"name\":\"A CIRCUTOR no Congresso Mundial Smart City Expo 2015 - CIRCUTOR\",\"isPartOf\":{\"@id\":\"https:\/\/circutor.com\/#website\"},\"datePublished\":\"2015-11-13T08:00:00+00:00\",\"dateModified\":\"2015-11-13T08:00:00+00:00\",\"description\":\"CIRCUTOR, a empresa est\u00e1 comprometida com a sustentabilidade e o meio ambiente, esteve presente no evento para mostrar as solu\u00e7\u00f5es e os sistemas que foram criados especialmente para contribuir para a melhoria da efici\u00eancia energ\u00e9tica nas cidade.\",\"breadcrumb\":{\"@id\":\"https:\/\/circutor.com\/pt-pt\/sem-categoria\/a-circutor-no-congresso-mundial-smart-city-expo-2015\/#breadcrumb\"},\"inLanguage\":\"pt-PT\",\"potentialAction\":[{\"@type\":\"ReadAction\",\"target\":[\"https:\/\/circutor.com\/pt-pt\/sem-categoria\/a-circutor-no-congresso-mundial-smart-city-expo-2015\/\"]}]},{\"@type\":\"BreadcrumbList\",\"@id\":\"https:\/\/circutor.com\/pt-pt\/sem-categoria\/a-circutor-no-congresso-mundial-smart-city-expo-2015\/#breadcrumb\",\"itemListElement\":[{\"@type\":\"ListItem\",\"position\":1,\"name\":\"Portada\",\"item\":\"https:\/\/circutor.com\/pt-pt\/\"},{\"@type\":\"ListItem\",\"position\":2,\"name\":\"A CIRCUTOR no Congresso Mundial Smart City Expo 2015\"}]},{\"@type\":\"Article\",\"@id\":\"https:\/\/circutor.com\/pt-pt\/sem-categoria\/a-circutor-no-congresso-mundial-smart-city-expo-2015\/#article\",\"isPartOf\":{\"@id\":\"https:\/\/circutor.com\/pt-pt\/sem-categoria\/a-circutor-no-congresso-mundial-smart-city-expo-2015\/\"},\"author\":{\"name\":\"admin\",\"@id\":\"https:\/\/circutor.com\/#\/schema\/person\/17d169bdccd6e2367b1ce7182dd31283\"},\"headline\":\"A CIRCUTOR no Congresso Mundial Smart City Expo 2015\",\"datePublished\":\"2015-11-13T08:00:00+00:00\",\"dateModified\":\"2015-11-13T08:00:00+00:00\",\"mainEntityOfPage\":{\"@id\":\"https:\/\/circutor.com\/pt-pt\/sem-categoria\/a-circutor-no-congresso-mundial-smart-city-expo-2015\/\"},\"wordCount\":276,\"commentCount\":0,\"publisher\":{\"@id\":\"https:\/\/circutor.com\/#organization\"},\"articleSection\":[\"Uncategorized\"],\"inLanguage\":\"pt-PT\",\"potentialAction\":[{\"@type\":\"CommentAction\",\"name\":\"Comment\",\"target\":[\"https:\/\/circutor.com\/pt-pt\/sem-categoria\/a-circutor-no-congresso-mundial-smart-city-expo-2015\/#respond\"]}]},{\"@type\":\"Person\",\"@id\":\"https:\/\/circutor.com\/#\/schema\/person\/17d169bdccd6e2367b1ce7182dd31283\",\"name\":\"admin\",\"image\":{\"@type\":\"ImageObject\",\"inLanguage\":\"pt-PT\",\"@id\":\"https:\/\/circutor.com\/#\/schema\/person\/image\/\",\"url\":\"https:\/\/circutor.com\/wp-content\/uploads\/2022\/04\/usuario-logo-gris-96x96.png\",\"contentUrl\":\"https:\/\/circutor.com\/wp-content\/uploads\/2022\/04\/usuario-logo-gris-96x96.png\",\"caption\":\"admin\"}}]}<\/script>\n<!-- \/ Yoast SEO plugin. -->","yoast_head_json":{"title":"A CIRCUTOR no Congresso Mundial Smart City Expo 2015 - CIRCUTOR","description":"CIRCUTOR, a empresa est\u00e1 comprometida com a sustentabilidade e o meio ambiente, esteve presente no evento para mostrar as solu\u00e7\u00f5es e os sistemas que foram criados especialmente para contribuir para a melhoria da efici\u00eancia energ\u00e9tica nas cidade.","robots":{"index":"index","follow":"follow","max-snippet":"max-snippet:-1","max-image-preview":"max-image-preview:large","max-video-preview":"max-video-preview:-1"},"canonical":"https:\/\/circutor.com\/pt-pt\/sem-categoria\/a-circutor-no-congresso-mundial-smart-city-expo-2015\/","og_locale":"pt_PT","og_type":"article","og_title":"A CIRCUTOR no Congresso Mundial Smart City Expo 2015 - CIRCUTOR","og_description":"CIRCUTOR, a empresa est\u00e1 comprometida com a sustentabilidade e o meio ambiente, esteve presente no evento para mostrar as solu\u00e7\u00f5es e os sistemas que foram criados especialmente para contribuir para a melhoria da efici\u00eancia energ\u00e9tica nas cidade.","og_url":"https:\/\/circutor.com\/pt-pt\/sem-categoria\/a-circutor-no-congresso-mundial-smart-city-expo-2015\/","og_site_name":"CIRCUTOR","article_publisher":"https:\/\/www.facebook.com\/CIRCUTOR.ES","article_published_time":"2015-11-13T08:00:00+00:00","og_image":[{"width":1299,"height":354,"url":"https:\/\/circutor.com\/wp-content\/uploads\/2022\/07\/Circutor_Logo_Color.png","type":"image\/png"}],"author":"admin","twitter_card":"summary_large_image","twitter_creator":"@circutor","twitter_site":"@circutor","twitter_misc":{"Escrito por":"admin","Tempo estimado de leitura":"1 minuto"},"schema":{"@context":"https:\/\/schema.org","@graph":[{"@type":"Organization","@id":"https:\/\/circutor.com\/#organization","name":"Circutor","url":"https:\/\/circutor.com\/","sameAs":["https:\/\/www.instagram.com\/circutor_es","https:\/\/www.linkedin.com\/company\/circutor","https:\/\/www.youtube.com\/user\/CIRCUTORoficial","https:\/\/www.facebook.com\/CIRCUTOR.ES","https:\/\/twitter.com\/circutor"],"logo":{"@type":"ImageObject","inLanguage":"pt-PT","@id":"https:\/\/circutor.com\/#\/schema\/logo\/image\/","url":"https:\/\/circutor.com\/wp-content\/uploads\/2020\/09\/CIR_LOGO_RED.png","contentUrl":"https:\/\/circutor.com\/wp-content\/uploads\/2020\/09\/CIR_LOGO_RED.png","width":512,"height":128,"caption":"Circutor"},"image":{"@id":"https:\/\/circutor.com\/#\/schema\/logo\/image\/"}},{"@type":"WebSite","@id":"https:\/\/circutor.com\/#website","url":"https:\/\/circutor.com\/","name":"CIRCUTOR","description":"Soluciones para la eficiencia energ\u00e9tica el\u00e9ctrica","publisher":{"@id":"https:\/\/circutor.com\/#organization"},"potentialAction":[{"@type":"SearchAction","target":{"@type":"EntryPoint","urlTemplate":"https:\/\/circutor.com\/?s={search_term_string}"},"query-input":"required name=search_term_string"}],"inLanguage":"pt-PT"},{"@type":"WebPage","@id":"https:\/\/circutor.com\/pt-pt\/sem-categoria\/a-circutor-no-congresso-mundial-smart-city-expo-2015\/","url":"https:\/\/circutor.com\/pt-pt\/sem-categoria\/a-circutor-no-congresso-mundial-smart-city-expo-2015\/","name":"A CIRCUTOR no Congresso Mundial Smart City Expo 2015 - CIRCUTOR","isPartOf":{"@id":"https:\/\/circutor.com\/#website"},"datePublished":"2015-11-13T08:00:00+00:00","dateModified":"2015-11-13T08:00:00+00:00","description":"CIRCUTOR, a empresa est\u00e1 comprometida com a sustentabilidade e o meio ambiente, esteve presente no evento para mostrar as solu\u00e7\u00f5es e os sistemas que foram criados especialmente para contribuir para a melhoria da efici\u00eancia energ\u00e9tica nas cidade.","breadcrumb":{"@id":"https:\/\/circutor.com\/pt-pt\/sem-categoria\/a-circutor-no-congresso-mundial-smart-city-expo-2015\/#breadcrumb"},"inLanguage":"pt-PT","potentialAction":[{"@type":"ReadAction","target":["https:\/\/circutor.com\/pt-pt\/sem-categoria\/a-circutor-no-congresso-mundial-smart-city-expo-2015\/"]}]},{"@type":"BreadcrumbList","@id":"https:\/\/circutor.com\/pt-pt\/sem-categoria\/a-circutor-no-congresso-mundial-smart-city-expo-2015\/#breadcrumb","itemListElement":[{"@type":"ListItem","position":1,"name":"Portada","item":"https:\/\/circutor.com\/pt-pt\/"},{"@type":"ListItem","position":2,"name":"A CIRCUTOR no Congresso Mundial Smart City Expo 2015"}]},{"@type":"Article","@id":"https:\/\/circutor.com\/pt-pt\/sem-categoria\/a-circutor-no-congresso-mundial-smart-city-expo-2015\/#article","isPartOf":{"@id":"https:\/\/circutor.com\/pt-pt\/sem-categoria\/a-circutor-no-congresso-mundial-smart-city-expo-2015\/"},"author":{"name":"admin","@id":"https:\/\/circutor.com\/#\/schema\/person\/17d169bdccd6e2367b1ce7182dd31283"},"headline":"A CIRCUTOR no Congresso Mundial Smart City Expo 2015","datePublished":"2015-11-13T08:00:00+00:00","dateModified":"2015-11-13T08:00:00+00:00","mainEntityOfPage":{"@id":"https:\/\/circutor.com\/pt-pt\/sem-categoria\/a-circutor-no-congresso-mundial-smart-city-expo-2015\/"},"wordCount":276,"commentCount":0,"publisher":{"@id":"https:\/\/circutor.com\/#organization"},"articleSection":["Uncategorized"],"inLanguage":"pt-PT","potentialAction":[{"@type":"CommentAction","name":"Comment","target":["https:\/\/circutor.com\/pt-pt\/sem-categoria\/a-circutor-no-congresso-mundial-smart-city-expo-2015\/#respond"]}]},{"@type":"Person","@id":"https:\/\/circutor.com\/#\/schema\/person\/17d169bdccd6e2367b1ce7182dd31283","name":"admin","image":{"@type":"ImageObject","inLanguage":"pt-PT","@id":"https:\/\/circutor.com\/#\/schema\/person\/image\/","url":"https:\/\/circutor.com\/wp-content\/uploads\/2022\/04\/usuario-logo-gris-96x96.png","contentUrl":"https:\/\/circutor.com\/wp-content\/uploads\/2022\/04\/usuario-logo-gris-96x96.png","caption":"admin"}}]}},"_links":{"self":[{"href":"https:\/\/circutor.com\/pt-pt\/wp-json\/wp\/v2\/posts\/10803"}],"collection":[{"href":"https:\/\/circutor.com\/pt-pt\/wp-json\/wp\/v2\/posts"}],"about":[{"href":"https:\/\/circutor.com\/pt-pt\/wp-json\/wp\/v2\/types\/post"}],"author":[{"embeddable":true,"href":"https:\/\/circutor.com\/pt-pt\/wp-json\/wp\/v2\/users\/1"}],"replies":[{"embeddable":true,"href":"https:\/\/circutor.com\/pt-pt\/wp-json\/wp\/v2\/comments?post=10803"}],"version-history":[{"count":0,"href":"https:\/\/circutor.com\/pt-pt\/wp-json\/wp\/v2\/posts\/10803\/revisions"}],"wp:attachment":[{"href":"https:\/\/circutor.com\/pt-pt\/wp-json\/wp\/v2\/media?parent=10803"}],"wp:term":[{"taxonomy":"category","embeddable":true,"href":"https:\/\/circutor.com\/pt-pt\/wp-json\/wp\/v2\/categories?post=10803"},{"taxonomy":"post_tag","embeddable":true,"href":"https:\/\/circutor.com\/pt-pt\/wp-json\/wp\/v2\/tags?post=10803"}],"curies":[{"name":"wp","href":"https:\/\/api.w.org\/{rel}","templated":true}]}}