{"id":10777,"date":"2015-02-06T08:00:00","date_gmt":"2015-02-06T08:00:00","guid":{"rendered":"https:\/\/circutorweb.atic.blue\/?p=168"},"modified":"2015-02-06T08:00:00","modified_gmt":"2015-02-06T08:00:00","slug":"a-circutor-participa-na-genera-2015","status":"publish","type":"post","link":"https:\/\/circutor.com\/pt-pt\/uncategorized\/a-circutor-participa-na-genera-2015\/","title":{"rendered":"A CIRCUTOR participa na GENERA 2015"},"content":{"rendered":"<h4 class=\"dark\">A CIRCUTOR participar\u00e1 na GENERA, Feira Internacional da Energia e do Meio Ambiente, organizado pela IFEMA, de 24 a 27 de Fevereiro, na Feira de Madrid.<\/h4>\n<p>A CIRCUTOR desenvolveu durante os \u00faltimos anos algumas das <strong>solu\u00e7\u00f5es mais inovadoras<\/strong> e de ponta no sector do <strong>autoconsumo fotovoltaico em Espanha<\/strong>, liderando iniciativas e movimentos para facilitar os processos de legaliza\u00e7\u00e3o das instala\u00e7\u00f5es interligadas em rede para<strong> autoconsumo com injec\u00e7\u00e3o de zero<\/strong>.<\/p>\n<p>Isto permitiu posicionar a CIRCUTOR como a empresa que proporciona a gama de <strong>solu\u00e7\u00f5es mais alargada<\/strong> no mercado espanhol com solu\u00e7\u00f5es para integrar a gera\u00e7\u00e3o distribu\u00edda na rede atrav\u00e9s de aplica\u00e7\u00f5es para auto-consumo tanto<strong> instant\u00e2neo como diferido<\/strong>. Solu\u00e7\u00f5es para aplica\u00e7\u00f5es industriais, edif\u00edcios de servi\u00e7os e residenciais que se adaptam a cada situa\u00e7\u00e3o para proporcionar uma boa gest\u00e3o do recurso solar, optimizando a efici\u00eancia, simplificando a gest\u00e3o e permitindo uma maior poupan\u00e7a de custos poss\u00edvel.<\/p>\n<p>Foram apresentados v\u00e1rios produtos e solu\u00e7\u00f5es inovadoras como:<\/p>\n<ul>\n<li><a href=\"http:\/\/circutor.pt\/pt\/produtos\/energias-renovaveis\">Energias renov\u00e1veis e solu\u00e7\u00f5es para autoconsumo fotovoltaico<\/a><\/li>\n<li><a href=\"http:\/\/circutor.pt\/pt\/produtos\/recarga-inteligente-para-veiculos-electricos\">Recarga inteligente de ve\u00edculos el\u00e9ctricos<\/a> com energia solar fotovoltaica.<\/li>\n<li>Kits de pain\u00e9is solares para autoconsumo sem injec\u00e7\u00e3o \u00e0 rede.<\/li>\n<li>Novo <a href=\"http:\/\/circutor.pt\/pt\/produtos\/novidades\/2603-controlador-dinamico-de-potencia-com-gestao-de-exigencia\">controlador din\u00e2mico de pot\u00eancia (CDP-G)<\/a> com gest\u00e3o de exig\u00eancia<\/li>\n<li>Novo inversor h\u00edbrido com carga de bateria.<\/li>\n<\/ul>\n<h3>Consiga o seu convite profissional para a feira<\/h3>\n<p>Esperamos poder atend\u00ea-lo pessoalmente no nosso <strong>stand n\u00ba 2C07 do pavilh\u00e3o 2<\/strong> da Feira de Madrid e, por esta raz\u00e3o, lhe oferecemos um convite para visitar a feira e conhecer as novidades da CIRCUTOR.<\/p>\n<p>Visite a nossa p\u00e1gina web para conseguir <strong>o seu convite<\/strong>:<\/p>\n<p class=\"dark\">{ BreezingForms : entrada_genera_pt }<\/p>\n<p>&nbsp;<\/p>\n<hr \/>\n<p>Consultar novidades na&nbsp;<a href=\"http:\/\/circutor.pt\/pt\/produtos\/novidades\">Se\u00e7\u00e3o Novidades<\/a>.<br \/>Seguir as mensagens&nbsp;no&nbsp;<a href=\"https:\/\/twitter.com\/circutor\" rel=\"nofollow\">Twitter<\/a>, e&nbsp;<a href=\"http:\/\/www.linkedin.com\/company\/circutor\" rel=\"nofollow noopener noreferrer\" target=\"_blank\">LinkedIn<\/a>.<\/p>\n","protected":false},"excerpt":{"rendered":"<p>A CIRCUTOR participar\u00e1 na GENERA, Feira Internacional da Energia e do Meio Ambiente, organizado pela IFEMA, de 24 a 27 de Fevereiro, na Feira de Madrid. A CIRCUTOR desenvolveu durante os \u00faltimos anos algumas das solu\u00e7\u00f5es mais inovadoras e de ponta no sector do autoconsumo fotovoltaico em Espanha, liderando iniciativas e movimentos para facilitar os [&hellip;]<\/p>\n","protected":false},"author":1,"featured_media":0,"comment_status":"open","ping_status":"open","sticky":false,"template":"","format":"standard","meta":[],"categories":[33],"tags":[],"acf":[],"yoast_head":"<!-- This site is optimized with the Yoast SEO plugin v19.4 - https:\/\/yoast.com\/wordpress\/plugins\/seo\/ -->\n<title>A CIRCUTOR participa na GENERA 2015 - CIRCUTOR<\/title>\n<meta name=\"description\" content=\"A CIRCUTOR desenvolveu durante os \u00faltimos anos algumas das solu\u00e7\u00f5es mais inovadoras e de ponta no sector do autoconsumo fotovoltaico em Espanha, liderando iniciativas e movimentos para facilitar os processos de legaliza\u00e7\u00e3o das instala\u00e7\u00f5es interligadas em rede para autoconsumo com injec\u00e7\u00e3o de zero.\" \/>\n<meta name=\"robots\" content=\"index, follow, max-snippet:-1, max-image-preview:large, max-video-preview:-1\" \/>\n<link rel=\"canonical\" href=\"https:\/\/circutor.com\/pt-pt\/sem-categoria\/a-circutor-participa-na-genera-2015\/\" \/>\n<meta property=\"og:locale\" content=\"pt_PT\" \/>\n<meta property=\"og:type\" content=\"article\" \/>\n<meta property=\"og:title\" content=\"A CIRCUTOR participa na GENERA 2015 - CIRCUTOR\" \/>\n<meta property=\"og:description\" content=\"A CIRCUTOR desenvolveu durante os \u00faltimos anos algumas das solu\u00e7\u00f5es mais inovadoras e de ponta no sector do autoconsumo fotovoltaico em Espanha, liderando iniciativas e movimentos para facilitar os processos de legaliza\u00e7\u00e3o das instala\u00e7\u00f5es interligadas em rede para autoconsumo com injec\u00e7\u00e3o de zero.\" \/>\n<meta property=\"og:url\" content=\"https:\/\/circutor.com\/pt-pt\/sem-categoria\/a-circutor-participa-na-genera-2015\/\" \/>\n<meta property=\"og:site_name\" content=\"CIRCUTOR\" \/>\n<meta property=\"article:publisher\" content=\"https:\/\/www.facebook.com\/CIRCUTOR.ES\" \/>\n<meta property=\"article:published_time\" content=\"2015-02-06T08:00:00+00:00\" \/>\n<meta property=\"og:image\" content=\"https:\/\/circutor.com\/wp-content\/uploads\/2022\/07\/Circutor_Logo_Color.png\" \/>\n\t<meta property=\"og:image:width\" content=\"1299\" \/>\n\t<meta property=\"og:image:height\" content=\"354\" \/>\n\t<meta property=\"og:image:type\" content=\"image\/png\" \/>\n<meta name=\"author\" content=\"admin\" \/>\n<meta name=\"twitter:card\" content=\"summary_large_image\" \/>\n<meta name=\"twitter:creator\" content=\"@circutor\" \/>\n<meta name=\"twitter:site\" content=\"@circutor\" \/>\n<meta name=\"twitter:label1\" content=\"Escrito por\" \/>\n\t<meta name=\"twitter:data1\" content=\"admin\" \/>\n\t<meta name=\"twitter:label2\" content=\"Tempo estimado de leitura\" \/>\n\t<meta name=\"twitter:data2\" content=\"2 minutos\" \/>\n<script type=\"application\/ld+json\" class=\"yoast-schema-graph\">{\"@context\":\"https:\/\/schema.org\",\"@graph\":[{\"@type\":\"Organization\",\"@id\":\"https:\/\/circutor.com\/#organization\",\"name\":\"Circutor\",\"url\":\"https:\/\/circutor.com\/\",\"sameAs\":[\"https:\/\/www.instagram.com\/circutor_es\",\"https:\/\/www.linkedin.com\/company\/circutor\",\"https:\/\/www.youtube.com\/user\/CIRCUTORoficial\",\"https:\/\/www.facebook.com\/CIRCUTOR.ES\",\"https:\/\/twitter.com\/circutor\"],\"logo\":{\"@type\":\"ImageObject\",\"inLanguage\":\"pt-PT\",\"@id\":\"https:\/\/circutor.com\/#\/schema\/logo\/image\/\",\"url\":\"https:\/\/circutor.com\/wp-content\/uploads\/2020\/09\/CIR_LOGO_RED.png\",\"contentUrl\":\"https:\/\/circutor.com\/wp-content\/uploads\/2020\/09\/CIR_LOGO_RED.png\",\"width\":512,\"height\":128,\"caption\":\"Circutor\"},\"image\":{\"@id\":\"https:\/\/circutor.com\/#\/schema\/logo\/image\/\"}},{\"@type\":\"WebSite\",\"@id\":\"https:\/\/circutor.com\/#website\",\"url\":\"https:\/\/circutor.com\/\",\"name\":\"CIRCUTOR\",\"description\":\"Soluciones para la eficiencia energ\u00e9tica el\u00e9ctrica\",\"publisher\":{\"@id\":\"https:\/\/circutor.com\/#organization\"},\"potentialAction\":[{\"@type\":\"SearchAction\",\"target\":{\"@type\":\"EntryPoint\",\"urlTemplate\":\"https:\/\/circutor.com\/?s={search_term_string}\"},\"query-input\":\"required name=search_term_string\"}],\"inLanguage\":\"pt-PT\"},{\"@type\":\"WebPage\",\"@id\":\"https:\/\/circutor.com\/pt-pt\/sem-categoria\/a-circutor-participa-na-genera-2015\/\",\"url\":\"https:\/\/circutor.com\/pt-pt\/sem-categoria\/a-circutor-participa-na-genera-2015\/\",\"name\":\"A CIRCUTOR participa na GENERA 2015 - CIRCUTOR\",\"isPartOf\":{\"@id\":\"https:\/\/circutor.com\/#website\"},\"datePublished\":\"2015-02-06T08:00:00+00:00\",\"dateModified\":\"2015-02-06T08:00:00+00:00\",\"description\":\"A CIRCUTOR desenvolveu durante os \u00faltimos anos algumas das solu\u00e7\u00f5es mais inovadoras e de ponta no sector do autoconsumo fotovoltaico em Espanha, liderando iniciativas e movimentos para facilitar os processos de legaliza\u00e7\u00e3o das instala\u00e7\u00f5es interligadas em rede para autoconsumo com injec\u00e7\u00e3o de zero.\",\"breadcrumb\":{\"@id\":\"https:\/\/circutor.com\/pt-pt\/sem-categoria\/a-circutor-participa-na-genera-2015\/#breadcrumb\"},\"inLanguage\":\"pt-PT\",\"potentialAction\":[{\"@type\":\"ReadAction\",\"target\":[\"https:\/\/circutor.com\/pt-pt\/sem-categoria\/a-circutor-participa-na-genera-2015\/\"]}]},{\"@type\":\"BreadcrumbList\",\"@id\":\"https:\/\/circutor.com\/pt-pt\/sem-categoria\/a-circutor-participa-na-genera-2015\/#breadcrumb\",\"itemListElement\":[{\"@type\":\"ListItem\",\"position\":1,\"name\":\"Portada\",\"item\":\"https:\/\/circutor.com\/pt-pt\/\"},{\"@type\":\"ListItem\",\"position\":2,\"name\":\"A CIRCUTOR participa na GENERA 2015\"}]},{\"@type\":\"Article\",\"@id\":\"https:\/\/circutor.com\/pt-pt\/sem-categoria\/a-circutor-participa-na-genera-2015\/#article\",\"isPartOf\":{\"@id\":\"https:\/\/circutor.com\/pt-pt\/sem-categoria\/a-circutor-participa-na-genera-2015\/\"},\"author\":{\"name\":\"admin\",\"@id\":\"https:\/\/circutor.com\/#\/schema\/person\/17d169bdccd6e2367b1ce7182dd31283\"},\"headline\":\"A CIRCUTOR participa na GENERA 2015\",\"datePublished\":\"2015-02-06T08:00:00+00:00\",\"dateModified\":\"2015-02-06T08:00:00+00:00\",\"mainEntityOfPage\":{\"@id\":\"https:\/\/circutor.com\/pt-pt\/sem-categoria\/a-circutor-participa-na-genera-2015\/\"},\"wordCount\":307,\"commentCount\":0,\"publisher\":{\"@id\":\"https:\/\/circutor.com\/#organization\"},\"articleSection\":[\"Uncategorized\"],\"inLanguage\":\"pt-PT\",\"potentialAction\":[{\"@type\":\"CommentAction\",\"name\":\"Comment\",\"target\":[\"https:\/\/circutor.com\/pt-pt\/sem-categoria\/a-circutor-participa-na-genera-2015\/#respond\"]}]},{\"@type\":\"Person\",\"@id\":\"https:\/\/circutor.com\/#\/schema\/person\/17d169bdccd6e2367b1ce7182dd31283\",\"name\":\"admin\",\"image\":{\"@type\":\"ImageObject\",\"inLanguage\":\"pt-PT\",\"@id\":\"https:\/\/circutor.com\/#\/schema\/person\/image\/\",\"url\":\"https:\/\/circutor.com\/wp-content\/uploads\/2022\/04\/usuario-logo-gris-96x96.png\",\"contentUrl\":\"https:\/\/circutor.com\/wp-content\/uploads\/2022\/04\/usuario-logo-gris-96x96.png\",\"caption\":\"admin\"}}]}<\/script>\n<!-- \/ Yoast SEO plugin. -->","yoast_head_json":{"title":"A CIRCUTOR participa na GENERA 2015 - CIRCUTOR","description":"A CIRCUTOR desenvolveu durante os \u00faltimos anos algumas das solu\u00e7\u00f5es mais inovadoras e de ponta no sector do autoconsumo fotovoltaico em Espanha, liderando iniciativas e movimentos para facilitar os processos de legaliza\u00e7\u00e3o das instala\u00e7\u00f5es interligadas em rede para autoconsumo com injec\u00e7\u00e3o de zero.","robots":{"index":"index","follow":"follow","max-snippet":"max-snippet:-1","max-image-preview":"max-image-preview:large","max-video-preview":"max-video-preview:-1"},"canonical":"https:\/\/circutor.com\/pt-pt\/sem-categoria\/a-circutor-participa-na-genera-2015\/","og_locale":"pt_PT","og_type":"article","og_title":"A CIRCUTOR participa na GENERA 2015 - CIRCUTOR","og_description":"A CIRCUTOR desenvolveu durante os \u00faltimos anos algumas das solu\u00e7\u00f5es mais inovadoras e de ponta no sector do autoconsumo fotovoltaico em Espanha, liderando iniciativas e movimentos para facilitar os processos de legaliza\u00e7\u00e3o das instala\u00e7\u00f5es interligadas em rede para autoconsumo com injec\u00e7\u00e3o de zero.","og_url":"https:\/\/circutor.com\/pt-pt\/sem-categoria\/a-circutor-participa-na-genera-2015\/","og_site_name":"CIRCUTOR","article_publisher":"https:\/\/www.facebook.com\/CIRCUTOR.ES","article_published_time":"2015-02-06T08:00:00+00:00","og_image":[{"width":1299,"height":354,"url":"https:\/\/circutor.com\/wp-content\/uploads\/2022\/07\/Circutor_Logo_Color.png","type":"image\/png"}],"author":"admin","twitter_card":"summary_large_image","twitter_creator":"@circutor","twitter_site":"@circutor","twitter_misc":{"Escrito por":"admin","Tempo estimado de leitura":"2 minutos"},"schema":{"@context":"https:\/\/schema.org","@graph":[{"@type":"Organization","@id":"https:\/\/circutor.com\/#organization","name":"Circutor","url":"https:\/\/circutor.com\/","sameAs":["https:\/\/www.instagram.com\/circutor_es","https:\/\/www.linkedin.com\/company\/circutor","https:\/\/www.youtube.com\/user\/CIRCUTORoficial","https:\/\/www.facebook.com\/CIRCUTOR.ES","https:\/\/twitter.com\/circutor"],"logo":{"@type":"ImageObject","inLanguage":"pt-PT","@id":"https:\/\/circutor.com\/#\/schema\/logo\/image\/","url":"https:\/\/circutor.com\/wp-content\/uploads\/2020\/09\/CIR_LOGO_RED.png","contentUrl":"https:\/\/circutor.com\/wp-content\/uploads\/2020\/09\/CIR_LOGO_RED.png","width":512,"height":128,"caption":"Circutor"},"image":{"@id":"https:\/\/circutor.com\/#\/schema\/logo\/image\/"}},{"@type":"WebSite","@id":"https:\/\/circutor.com\/#website","url":"https:\/\/circutor.com\/","name":"CIRCUTOR","description":"Soluciones para la eficiencia energ\u00e9tica el\u00e9ctrica","publisher":{"@id":"https:\/\/circutor.com\/#organization"},"potentialAction":[{"@type":"SearchAction","target":{"@type":"EntryPoint","urlTemplate":"https:\/\/circutor.com\/?s={search_term_string}"},"query-input":"required name=search_term_string"}],"inLanguage":"pt-PT"},{"@type":"WebPage","@id":"https:\/\/circutor.com\/pt-pt\/sem-categoria\/a-circutor-participa-na-genera-2015\/","url":"https:\/\/circutor.com\/pt-pt\/sem-categoria\/a-circutor-participa-na-genera-2015\/","name":"A CIRCUTOR participa na GENERA 2015 - CIRCUTOR","isPartOf":{"@id":"https:\/\/circutor.com\/#website"},"datePublished":"2015-02-06T08:00:00+00:00","dateModified":"2015-02-06T08:00:00+00:00","description":"A CIRCUTOR desenvolveu durante os \u00faltimos anos algumas das solu\u00e7\u00f5es mais inovadoras e de ponta no sector do autoconsumo fotovoltaico em Espanha, liderando iniciativas e movimentos para facilitar os processos de legaliza\u00e7\u00e3o das instala\u00e7\u00f5es interligadas em rede para autoconsumo com injec\u00e7\u00e3o de zero.","breadcrumb":{"@id":"https:\/\/circutor.com\/pt-pt\/sem-categoria\/a-circutor-participa-na-genera-2015\/#breadcrumb"},"inLanguage":"pt-PT","potentialAction":[{"@type":"ReadAction","target":["https:\/\/circutor.com\/pt-pt\/sem-categoria\/a-circutor-participa-na-genera-2015\/"]}]},{"@type":"BreadcrumbList","@id":"https:\/\/circutor.com\/pt-pt\/sem-categoria\/a-circutor-participa-na-genera-2015\/#breadcrumb","itemListElement":[{"@type":"ListItem","position":1,"name":"Portada","item":"https:\/\/circutor.com\/pt-pt\/"},{"@type":"ListItem","position":2,"name":"A CIRCUTOR participa na GENERA 2015"}]},{"@type":"Article","@id":"https:\/\/circutor.com\/pt-pt\/sem-categoria\/a-circutor-participa-na-genera-2015\/#article","isPartOf":{"@id":"https:\/\/circutor.com\/pt-pt\/sem-categoria\/a-circutor-participa-na-genera-2015\/"},"author":{"name":"admin","@id":"https:\/\/circutor.com\/#\/schema\/person\/17d169bdccd6e2367b1ce7182dd31283"},"headline":"A CIRCUTOR participa na GENERA 2015","datePublished":"2015-02-06T08:00:00+00:00","dateModified":"2015-02-06T08:00:00+00:00","mainEntityOfPage":{"@id":"https:\/\/circutor.com\/pt-pt\/sem-categoria\/a-circutor-participa-na-genera-2015\/"},"wordCount":307,"commentCount":0,"publisher":{"@id":"https:\/\/circutor.com\/#organization"},"articleSection":["Uncategorized"],"inLanguage":"pt-PT","potentialAction":[{"@type":"CommentAction","name":"Comment","target":["https:\/\/circutor.com\/pt-pt\/sem-categoria\/a-circutor-participa-na-genera-2015\/#respond"]}]},{"@type":"Person","@id":"https:\/\/circutor.com\/#\/schema\/person\/17d169bdccd6e2367b1ce7182dd31283","name":"admin","image":{"@type":"ImageObject","inLanguage":"pt-PT","@id":"https:\/\/circutor.com\/#\/schema\/person\/image\/","url":"https:\/\/circutor.com\/wp-content\/uploads\/2022\/04\/usuario-logo-gris-96x96.png","contentUrl":"https:\/\/circutor.com\/wp-content\/uploads\/2022\/04\/usuario-logo-gris-96x96.png","caption":"admin"}}]}},"_links":{"self":[{"href":"https:\/\/circutor.com\/pt-pt\/wp-json\/wp\/v2\/posts\/10777"}],"collection":[{"href":"https:\/\/circutor.com\/pt-pt\/wp-json\/wp\/v2\/posts"}],"about":[{"href":"https:\/\/circutor.com\/pt-pt\/wp-json\/wp\/v2\/types\/post"}],"author":[{"embeddable":true,"href":"https:\/\/circutor.com\/pt-pt\/wp-json\/wp\/v2\/users\/1"}],"replies":[{"embeddable":true,"href":"https:\/\/circutor.com\/pt-pt\/wp-json\/wp\/v2\/comments?post=10777"}],"version-history":[{"count":0,"href":"https:\/\/circutor.com\/pt-pt\/wp-json\/wp\/v2\/posts\/10777\/revisions"}],"wp:attachment":[{"href":"https:\/\/circutor.com\/pt-pt\/wp-json\/wp\/v2\/media?parent=10777"}],"wp:term":[{"taxonomy":"category","embeddable":true,"href":"https:\/\/circutor.com\/pt-pt\/wp-json\/wp\/v2\/categories?post=10777"},{"taxonomy":"post_tag","embeddable":true,"href":"https:\/\/circutor.com\/pt-pt\/wp-json\/wp\/v2\/tags?post=10777"}],"curies":[{"name":"wp","href":"https:\/\/api.w.org\/{rel}","templated":true}]}}