{"id":10767,"date":"2014-11-11T08:00:00","date_gmt":"2014-11-11T08:00:00","guid":{"rendered":"https:\/\/circutorweb.atic.blue\/?p=141"},"modified":"2014-11-11T08:00:00","modified_gmt":"2014-11-11T08:00:00","slug":"reinventando-a-compensacao-da-energia-reactiva","status":"publish","type":"post","link":"https:\/\/circutor.com\/pt-pt\/uncategorized\/reinventando-a-compensacao-da-energia-reactiva\/","title":{"rendered":"Reinventando a compensa\u00e7\u00e3o da energia reactiva"},"content":{"rendered":"<p class=\"dark\">Um factor importante que normalmente n\u00e3o se tem em conta na hora de compensar, \u00e9 o pr\u00f3prio <strong>desequil\u00edbrio das cargas<\/strong>. A utiliza\u00e7\u00e3o de sistemas de compensa\u00e7\u00e3o medindo numa \u00fanica fase e compensado unicamente com condensadores trif\u00e1sicos, <strong>pode supor uma sobrecompensa\u00e7\u00e3o do sistema<\/strong>, conseguindo um <strong>resultado contr\u00e1rio ao desejado<\/strong> que \u00e9 o de melhorar o factor de pot\u00eancia e as perdas nos sistemas de distribui\u00e7\u00e3o.<\/p>\n<p class=\"dark\">Tudo isto somado \u00e0 extens\u00e3o dos contadores de energia electr\u00f3nicos (smart meters), capazes de registar, de forma individual, o consumo por fase e novas formas de penaliza\u00e7\u00e3o que contemplam as penaliza\u00e7\u00f5es devido a consumo por capacitativa, fez-nos <strong>reinventar novamente os sistemas tradicionais de compensa\u00e7\u00e3o de energia reactiva<\/strong>.<\/p>\n<p class=\"dark\">A CIRCUTOR apresenta a sua <strong>nova gama de baterias OPTIM HYB<\/strong> capazes de realizar a compensa\u00e7\u00e3o de energia reactiva de uma <strong>medida real trif\u00e1sica<\/strong> do sistema (medida das tr\u00eas fases ao inv\u00e9s de uma) e gra\u00e7as \u00e0 combina\u00e7\u00e3o da compensa\u00e7\u00e3o com condensadores <strong>monof\u00e1sicos<\/strong> (F-N) <strong>com tiristores e trif\u00e1sicos<\/strong> (III) com <strong>contatores<\/strong>, permite-nos realizar uma compensa\u00e7\u00e3o individualizada, r\u00e1pida e precisa de cada fase.<\/p>\n<p class=\"dark\">Un facteur important, qui normalement n&#8217;est pas envisag\u00e9 \u00e0 l&#8217;heure de compenser, est le <strong>propre d\u00e9s\u00e9quilibre des charges<\/strong>. L&#8217;emploi de syst\u00e8mes de compensation mesurant dans une seule phase et uniquement compens\u00e9s avec des condensateurs triphas\u00e9s, <strong>peut supposer une surcompensation du syst\u00e8me<\/strong>, en obtenant un <strong>r\u00e9sultat contraire \u00e0 celui souhait\u00e9<\/strong>, \u00e0 savoir am\u00e9liorer le facteur de puissance et les pertes dans les syst\u00e8mes de distribution.<\/p>\n<p class=\"dark\">Tout ce, ajout\u00e9 \u00e0 l&#8217;extension des compteurs d&#8217;\u00e9nergie \u00e9lectroniques (smart meters), capables d&#8217;enregistrer sous une forme individuelle la consommation par phase, et aux nouvelles formes de p\u00e9nalisation qui visent les p\u00e9nalisations pour consommation par capacitive, nous a fait <strong>r\u00e9inventer une fois encore les syst\u00e8mes traditionnels de compensation d&#8217;\u00e9nergie r\u00e9active<\/strong>.<\/p>\n<p class=\"dark\">CIRCUTOR pr\u00e9sente sa <strong>nouvelle gamme de batteries OPTIM HYB<\/strong>, capables de r\u00e9aliser la compensation de r\u00e9active en partant d&#8217;une <strong>mesure r\u00e9elle triphas\u00e9e<\/strong> du syst\u00e8me (mesure des trois phases au lieu d&#8217;une). Gr\u00e2ce \u00e0 la combinaison de la compensation avec des condensateurs <strong>monophas\u00e9s<\/strong> (F-N) <strong>avec des thyristors, et triphas\u00e9s<\/strong> (III) <strong>avec des contacteurs<\/strong>, nous pouvons r\u00e9aliser une compensation individualis\u00e9e, rapide et pr\u00e9cise pour chaque phase.<\/p>\n<p>{youtube}yPscH5IiKsA{\/youtube}<\/p>\n<table style=\"width: 100%; background-color: #eeeeee;\">\n<tbody>\n<tr>\n<td style=\"width: 10px;\">&nbsp;<\/td>\n<td style=\"width: 250px;\" colspan=\"7\" valign=\"top\">\n<p>Cat\u00e1logo:&nbsp;<a style=\"background-color: #eeeeee;\" href=\"http:\/\/circutor.pt\/pt\/documentacao\/compensacao-de-energia-reactiva-e-filtragem-de-harmonicas\/baterias-de-condensadores-para-baixa-tensao\/2527-optim-hyb-baterias-de-condensadores-automaticas-com-manobra-hibrida\">Baterias de condensadores autom\u00e1ticas com manobra h\u00edbrida OPTIM HYB<\/a><a href=\"https:\/\/circutor.com\/fr\/documentation\/catalogues\/protection-et-controle\/protection-differentielle-industrielle\/1509-gamme-complete-d-equipements-de-protection-et-surveillance-differentielle-classe-b\"><br \/><\/a><\/p>\n<\/td>\n<td style=\"width: 10px;\">&nbsp;<\/td>\n<\/tr>\n<\/tbody>\n<\/table>\n<table style=\"width: 100%; background-color: #eeeeee;\">\n<tbody>\n<tr>\n<td style=\"width: 10px;\">&nbsp;<\/td>\n<td style=\"width: 250px;\" colspan=\"7\" valign=\"top\">\n<p>Saber mais:&nbsp;<a href=\"http:\/\/circutor.pt\/pt\/produtos\/novidades\/2522-baterias-de-condensadores-automaticas-com-manobra-hibrida-optim-hyb\">Baterias de condensadores autom\u00e1ticas com manobra h\u00edbrida OPTIM HYB<\/a><a href=\"https:\/\/circutor.com\/es\/documentacion-es\/articulos\/1226-las-3-reglas-esenciales-para-la-selectividad-en-protecciones-diferenciales\"><br \/><\/a><\/p>\n<\/td>\n<td style=\"width: 10px;\">&nbsp;<\/td>\n<\/tr>\n<\/tbody>\n<\/table>\n<table style=\"width: 100%; background-color: #eeeeee;\">\n<tbody>\n<tr>\n<td style=\"width: 10px;\">&nbsp;<\/td>\n<td style=\"width: 250px;\" colspan=\"7\" valign=\"top\">\n<p>Ficha de dados:&nbsp;<a href=\"http:\/\/circutor.pt\/pt\/produtos\/compensacao-de-energia-reactiva-e-filtragem-de-harmonicas\/baterias-de-condensadores-para-baixa-tensao\/serie-optim-hyb-detail\">Baterias de condensadores autom\u00e1ticas com manobra h\u00edbrida OPTIM HYB<\/a>&nbsp;(ficha de dados, manual, cat\u00e1logos, etc.)<\/p>\n<\/td>\n<td style=\"width: 10px;\">&nbsp;<\/td>\n<\/tr>\n<\/tbody>\n<\/table>\n<hr \/>\n<p>Consultar novidades na&nbsp;<a href=\"http:\/\/circutor.pt\/pt\/produtos\/novidades\">Se\u00e7\u00e3o Novidades<\/a>.<br \/>Seguir as mensagens&nbsp;no&nbsp;<a href=\"https:\/\/twitter.com\/circutor\" rel=\"nofollow\">Twitter<\/a>, e&nbsp;<a href=\"http:\/\/www.linkedin.com\/company\/circutor\" rel=\"nofollow noopener noreferrer\" target=\"_blank\">LinkedIn<\/a>.<\/p>\n","protected":false},"excerpt":{"rendered":"<p>Um factor importante que normalmente n\u00e3o se tem em conta na hora de compensar, \u00e9 o pr\u00f3prio desequil\u00edbrio das cargas. A utiliza\u00e7\u00e3o de sistemas de compensa\u00e7\u00e3o medindo numa \u00fanica fase e compensado unicamente com condensadores trif\u00e1sicos, pode supor uma sobrecompensa\u00e7\u00e3o do sistema, conseguindo um resultado contr\u00e1rio ao desejado que \u00e9 o de melhorar o factor [&hellip;]<\/p>\n","protected":false},"author":1,"featured_media":0,"comment_status":"open","ping_status":"open","sticky":false,"template":"","format":"standard","meta":[],"categories":[33],"tags":[],"acf":[],"yoast_head":"<!-- This site is optimized with the Yoast SEO plugin v19.4 - https:\/\/yoast.com\/wordpress\/plugins\/seo\/ -->\n<title>Reinventando a compensa\u00e7\u00e3o da energia reactiva - CIRCUTOR<\/title>\n<meta name=\"description\" content=\"admin | 11 de Novembro de 2014 Um factor importante que normalmente n\u00e3o se tem em conta na hora de compensar, \u00e9 o pr\u00f3prio desequil\u00edbrio das cargas.\" \/>\n<meta name=\"robots\" content=\"index, follow, max-snippet:-1, max-image-preview:large, max-video-preview:-1\" \/>\n<link rel=\"canonical\" href=\"https:\/\/circutor.com\/pt-pt\/sem-categoria\/reinventando-a-compensacao-da-energia-reactiva\/\" \/>\n<meta property=\"og:locale\" content=\"pt_PT\" \/>\n<meta property=\"og:type\" content=\"article\" \/>\n<meta property=\"og:title\" content=\"Reinventando a compensa\u00e7\u00e3o da energia reactiva - CIRCUTOR\" \/>\n<meta property=\"og:description\" content=\"admin | 11 de Novembro de 2014 Um factor importante que normalmente n\u00e3o se tem em conta na hora de compensar, \u00e9 o pr\u00f3prio desequil\u00edbrio das cargas.\" \/>\n<meta property=\"og:url\" content=\"https:\/\/circutor.com\/pt-pt\/sem-categoria\/reinventando-a-compensacao-da-energia-reactiva\/\" \/>\n<meta property=\"og:site_name\" content=\"CIRCUTOR\" \/>\n<meta property=\"article:publisher\" content=\"https:\/\/www.facebook.com\/CIRCUTOR.ES\" \/>\n<meta property=\"article:published_time\" content=\"2014-11-11T08:00:00+00:00\" \/>\n<meta property=\"og:image\" content=\"https:\/\/circutor.com\/wp-content\/uploads\/2022\/07\/Circutor_Logo_Color.png\" \/>\n\t<meta property=\"og:image:width\" content=\"1299\" \/>\n\t<meta property=\"og:image:height\" content=\"354\" \/>\n\t<meta property=\"og:image:type\" content=\"image\/png\" \/>\n<meta name=\"author\" content=\"admin\" \/>\n<meta name=\"twitter:card\" content=\"summary_large_image\" \/>\n<meta name=\"twitter:creator\" content=\"@circutor\" \/>\n<meta name=\"twitter:site\" content=\"@circutor\" \/>\n<meta name=\"twitter:label1\" content=\"Escrito por\" \/>\n\t<meta name=\"twitter:data1\" content=\"admin\" \/>\n\t<meta name=\"twitter:label2\" content=\"Tempo estimado de leitura\" \/>\n\t<meta name=\"twitter:data2\" content=\"2 minutos\" \/>\n<script type=\"application\/ld+json\" class=\"yoast-schema-graph\">{\"@context\":\"https:\/\/schema.org\",\"@graph\":[{\"@type\":\"Organization\",\"@id\":\"https:\/\/circutor.com\/#organization\",\"name\":\"Circutor\",\"url\":\"https:\/\/circutor.com\/\",\"sameAs\":[\"https:\/\/www.instagram.com\/circutor_es\",\"https:\/\/www.linkedin.com\/company\/circutor\",\"https:\/\/www.youtube.com\/user\/CIRCUTORoficial\",\"https:\/\/www.facebook.com\/CIRCUTOR.ES\",\"https:\/\/twitter.com\/circutor\"],\"logo\":{\"@type\":\"ImageObject\",\"inLanguage\":\"pt-PT\",\"@id\":\"https:\/\/circutor.com\/#\/schema\/logo\/image\/\",\"url\":\"https:\/\/circutor.com\/wp-content\/uploads\/2020\/09\/CIR_LOGO_RED.png\",\"contentUrl\":\"https:\/\/circutor.com\/wp-content\/uploads\/2020\/09\/CIR_LOGO_RED.png\",\"width\":512,\"height\":128,\"caption\":\"Circutor\"},\"image\":{\"@id\":\"https:\/\/circutor.com\/#\/schema\/logo\/image\/\"}},{\"@type\":\"WebSite\",\"@id\":\"https:\/\/circutor.com\/#website\",\"url\":\"https:\/\/circutor.com\/\",\"name\":\"CIRCUTOR\",\"description\":\"Soluciones para la eficiencia energ\u00e9tica el\u00e9ctrica\",\"publisher\":{\"@id\":\"https:\/\/circutor.com\/#organization\"},\"potentialAction\":[{\"@type\":\"SearchAction\",\"target\":{\"@type\":\"EntryPoint\",\"urlTemplate\":\"https:\/\/circutor.com\/?s={search_term_string}\"},\"query-input\":\"required name=search_term_string\"}],\"inLanguage\":\"pt-PT\"},{\"@type\":\"WebPage\",\"@id\":\"https:\/\/circutor.com\/pt-pt\/sem-categoria\/reinventando-a-compensacao-da-energia-reactiva\/\",\"url\":\"https:\/\/circutor.com\/pt-pt\/sem-categoria\/reinventando-a-compensacao-da-energia-reactiva\/\",\"name\":\"Reinventando a compensa\u00e7\u00e3o da energia reactiva - CIRCUTOR\",\"isPartOf\":{\"@id\":\"https:\/\/circutor.com\/#website\"},\"datePublished\":\"2014-11-11T08:00:00+00:00\",\"dateModified\":\"2014-11-11T08:00:00+00:00\",\"description\":\"admin | 11 de Novembro de 2014 Um factor importante que normalmente n\u00e3o se tem em conta na hora de compensar, \u00e9 o pr\u00f3prio desequil\u00edbrio das cargas.\",\"breadcrumb\":{\"@id\":\"https:\/\/circutor.com\/pt-pt\/sem-categoria\/reinventando-a-compensacao-da-energia-reactiva\/#breadcrumb\"},\"inLanguage\":\"pt-PT\",\"potentialAction\":[{\"@type\":\"ReadAction\",\"target\":[\"https:\/\/circutor.com\/pt-pt\/sem-categoria\/reinventando-a-compensacao-da-energia-reactiva\/\"]}]},{\"@type\":\"BreadcrumbList\",\"@id\":\"https:\/\/circutor.com\/pt-pt\/sem-categoria\/reinventando-a-compensacao-da-energia-reactiva\/#breadcrumb\",\"itemListElement\":[{\"@type\":\"ListItem\",\"position\":1,\"name\":\"Portada\",\"item\":\"https:\/\/circutor.com\/pt-pt\/\"},{\"@type\":\"ListItem\",\"position\":2,\"name\":\"Reinventando a compensa\u00e7\u00e3o da energia reactiva\"}]},{\"@type\":\"Article\",\"@id\":\"https:\/\/circutor.com\/pt-pt\/sem-categoria\/reinventando-a-compensacao-da-energia-reactiva\/#article\",\"isPartOf\":{\"@id\":\"https:\/\/circutor.com\/pt-pt\/sem-categoria\/reinventando-a-compensacao-da-energia-reactiva\/\"},\"author\":{\"name\":\"admin\",\"@id\":\"https:\/\/circutor.com\/#\/schema\/person\/17d169bdccd6e2367b1ce7182dd31283\"},\"headline\":\"Reinventando a compensa\u00e7\u00e3o da energia reactiva\",\"datePublished\":\"2014-11-11T08:00:00+00:00\",\"dateModified\":\"2014-11-11T08:00:00+00:00\",\"mainEntityOfPage\":{\"@id\":\"https:\/\/circutor.com\/pt-pt\/sem-categoria\/reinventando-a-compensacao-da-energia-reactiva\/\"},\"wordCount\":480,\"commentCount\":0,\"publisher\":{\"@id\":\"https:\/\/circutor.com\/#organization\"},\"articleSection\":[\"Uncategorized\"],\"inLanguage\":\"pt-PT\",\"potentialAction\":[{\"@type\":\"CommentAction\",\"name\":\"Comment\",\"target\":[\"https:\/\/circutor.com\/pt-pt\/sem-categoria\/reinventando-a-compensacao-da-energia-reactiva\/#respond\"]}]},{\"@type\":\"Person\",\"@id\":\"https:\/\/circutor.com\/#\/schema\/person\/17d169bdccd6e2367b1ce7182dd31283\",\"name\":\"admin\",\"image\":{\"@type\":\"ImageObject\",\"inLanguage\":\"pt-PT\",\"@id\":\"https:\/\/circutor.com\/#\/schema\/person\/image\/\",\"url\":\"https:\/\/circutor.com\/wp-content\/uploads\/2022\/04\/usuario-logo-gris-96x96.png\",\"contentUrl\":\"https:\/\/circutor.com\/wp-content\/uploads\/2022\/04\/usuario-logo-gris-96x96.png\",\"caption\":\"admin\"}}]}<\/script>\n<!-- \/ Yoast SEO plugin. -->","yoast_head_json":{"title":"Reinventando a compensa\u00e7\u00e3o da energia reactiva - CIRCUTOR","description":"admin | 11 de Novembro de 2014 Um factor importante que normalmente n\u00e3o se tem em conta na hora de compensar, \u00e9 o pr\u00f3prio desequil\u00edbrio das cargas.","robots":{"index":"index","follow":"follow","max-snippet":"max-snippet:-1","max-image-preview":"max-image-preview:large","max-video-preview":"max-video-preview:-1"},"canonical":"https:\/\/circutor.com\/pt-pt\/sem-categoria\/reinventando-a-compensacao-da-energia-reactiva\/","og_locale":"pt_PT","og_type":"article","og_title":"Reinventando a compensa\u00e7\u00e3o da energia reactiva - CIRCUTOR","og_description":"admin | 11 de Novembro de 2014 Um factor importante que normalmente n\u00e3o se tem em conta na hora de compensar, \u00e9 o pr\u00f3prio desequil\u00edbrio das cargas.","og_url":"https:\/\/circutor.com\/pt-pt\/sem-categoria\/reinventando-a-compensacao-da-energia-reactiva\/","og_site_name":"CIRCUTOR","article_publisher":"https:\/\/www.facebook.com\/CIRCUTOR.ES","article_published_time":"2014-11-11T08:00:00+00:00","og_image":[{"width":1299,"height":354,"url":"https:\/\/circutor.com\/wp-content\/uploads\/2022\/07\/Circutor_Logo_Color.png","type":"image\/png"}],"author":"admin","twitter_card":"summary_large_image","twitter_creator":"@circutor","twitter_site":"@circutor","twitter_misc":{"Escrito por":"admin","Tempo estimado de leitura":"2 minutos"},"schema":{"@context":"https:\/\/schema.org","@graph":[{"@type":"Organization","@id":"https:\/\/circutor.com\/#organization","name":"Circutor","url":"https:\/\/circutor.com\/","sameAs":["https:\/\/www.instagram.com\/circutor_es","https:\/\/www.linkedin.com\/company\/circutor","https:\/\/www.youtube.com\/user\/CIRCUTORoficial","https:\/\/www.facebook.com\/CIRCUTOR.ES","https:\/\/twitter.com\/circutor"],"logo":{"@type":"ImageObject","inLanguage":"pt-PT","@id":"https:\/\/circutor.com\/#\/schema\/logo\/image\/","url":"https:\/\/circutor.com\/wp-content\/uploads\/2020\/09\/CIR_LOGO_RED.png","contentUrl":"https:\/\/circutor.com\/wp-content\/uploads\/2020\/09\/CIR_LOGO_RED.png","width":512,"height":128,"caption":"Circutor"},"image":{"@id":"https:\/\/circutor.com\/#\/schema\/logo\/image\/"}},{"@type":"WebSite","@id":"https:\/\/circutor.com\/#website","url":"https:\/\/circutor.com\/","name":"CIRCUTOR","description":"Soluciones para la eficiencia energ\u00e9tica el\u00e9ctrica","publisher":{"@id":"https:\/\/circutor.com\/#organization"},"potentialAction":[{"@type":"SearchAction","target":{"@type":"EntryPoint","urlTemplate":"https:\/\/circutor.com\/?s={search_term_string}"},"query-input":"required name=search_term_string"}],"inLanguage":"pt-PT"},{"@type":"WebPage","@id":"https:\/\/circutor.com\/pt-pt\/sem-categoria\/reinventando-a-compensacao-da-energia-reactiva\/","url":"https:\/\/circutor.com\/pt-pt\/sem-categoria\/reinventando-a-compensacao-da-energia-reactiva\/","name":"Reinventando a compensa\u00e7\u00e3o da energia reactiva - CIRCUTOR","isPartOf":{"@id":"https:\/\/circutor.com\/#website"},"datePublished":"2014-11-11T08:00:00+00:00","dateModified":"2014-11-11T08:00:00+00:00","description":"admin | 11 de Novembro de 2014 Um factor importante que normalmente n\u00e3o se tem em conta na hora de compensar, \u00e9 o pr\u00f3prio desequil\u00edbrio das cargas.","breadcrumb":{"@id":"https:\/\/circutor.com\/pt-pt\/sem-categoria\/reinventando-a-compensacao-da-energia-reactiva\/#breadcrumb"},"inLanguage":"pt-PT","potentialAction":[{"@type":"ReadAction","target":["https:\/\/circutor.com\/pt-pt\/sem-categoria\/reinventando-a-compensacao-da-energia-reactiva\/"]}]},{"@type":"BreadcrumbList","@id":"https:\/\/circutor.com\/pt-pt\/sem-categoria\/reinventando-a-compensacao-da-energia-reactiva\/#breadcrumb","itemListElement":[{"@type":"ListItem","position":1,"name":"Portada","item":"https:\/\/circutor.com\/pt-pt\/"},{"@type":"ListItem","position":2,"name":"Reinventando a compensa\u00e7\u00e3o da energia reactiva"}]},{"@type":"Article","@id":"https:\/\/circutor.com\/pt-pt\/sem-categoria\/reinventando-a-compensacao-da-energia-reactiva\/#article","isPartOf":{"@id":"https:\/\/circutor.com\/pt-pt\/sem-categoria\/reinventando-a-compensacao-da-energia-reactiva\/"},"author":{"name":"admin","@id":"https:\/\/circutor.com\/#\/schema\/person\/17d169bdccd6e2367b1ce7182dd31283"},"headline":"Reinventando a compensa\u00e7\u00e3o da energia reactiva","datePublished":"2014-11-11T08:00:00+00:00","dateModified":"2014-11-11T08:00:00+00:00","mainEntityOfPage":{"@id":"https:\/\/circutor.com\/pt-pt\/sem-categoria\/reinventando-a-compensacao-da-energia-reactiva\/"},"wordCount":480,"commentCount":0,"publisher":{"@id":"https:\/\/circutor.com\/#organization"},"articleSection":["Uncategorized"],"inLanguage":"pt-PT","potentialAction":[{"@type":"CommentAction","name":"Comment","target":["https:\/\/circutor.com\/pt-pt\/sem-categoria\/reinventando-a-compensacao-da-energia-reactiva\/#respond"]}]},{"@type":"Person","@id":"https:\/\/circutor.com\/#\/schema\/person\/17d169bdccd6e2367b1ce7182dd31283","name":"admin","image":{"@type":"ImageObject","inLanguage":"pt-PT","@id":"https:\/\/circutor.com\/#\/schema\/person\/image\/","url":"https:\/\/circutor.com\/wp-content\/uploads\/2022\/04\/usuario-logo-gris-96x96.png","contentUrl":"https:\/\/circutor.com\/wp-content\/uploads\/2022\/04\/usuario-logo-gris-96x96.png","caption":"admin"}}]}},"_links":{"self":[{"href":"https:\/\/circutor.com\/pt-pt\/wp-json\/wp\/v2\/posts\/10767"}],"collection":[{"href":"https:\/\/circutor.com\/pt-pt\/wp-json\/wp\/v2\/posts"}],"about":[{"href":"https:\/\/circutor.com\/pt-pt\/wp-json\/wp\/v2\/types\/post"}],"author":[{"embeddable":true,"href":"https:\/\/circutor.com\/pt-pt\/wp-json\/wp\/v2\/users\/1"}],"replies":[{"embeddable":true,"href":"https:\/\/circutor.com\/pt-pt\/wp-json\/wp\/v2\/comments?post=10767"}],"version-history":[{"count":0,"href":"https:\/\/circutor.com\/pt-pt\/wp-json\/wp\/v2\/posts\/10767\/revisions"}],"wp:attachment":[{"href":"https:\/\/circutor.com\/pt-pt\/wp-json\/wp\/v2\/media?parent=10767"}],"wp:term":[{"taxonomy":"category","embeddable":true,"href":"https:\/\/circutor.com\/pt-pt\/wp-json\/wp\/v2\/categories?post=10767"},{"taxonomy":"post_tag","embeddable":true,"href":"https:\/\/circutor.com\/pt-pt\/wp-json\/wp\/v2\/tags?post=10767"}],"curies":[{"name":"wp","href":"https:\/\/api.w.org\/{rel}","templated":true}]}}