{"id":10745,"date":"2014-05-28T23:10:00","date_gmt":"2014-05-28T23:10:00","guid":{"rendered":"https:\/\/circutorweb.atic.blue\/?p=89"},"modified":"2014-05-28T23:10:00","modified_gmt":"2014-05-28T23:10:00","slug":"novo-inversor-para-autoconsumo-com-gestao-de-acumulacao-em-intersolar-2014","status":"publish","type":"post","link":"https:\/\/circutor.com\/pt-pt\/uncategorized\/novo-inversor-para-autoconsumo-com-gestao-de-acumulacao-em-intersolar-2014\/","title":{"rendered":"Novo inversor para autoconsumo com gest\u00e3o de acumula\u00e7\u00e3o em INTERSOLAR 2014"},"content":{"rendered":"<h4 class=\"dark\">&nbsp;A CIRCUTOR apresentar\u00e1 na Intersolar 2014 em Munique, o seu novo inversor para autoconsumo com gest\u00e3o de acumula\u00e7\u00e3o ISTG<\/h4>\n<p>Entre 4 e 6 de Junho, a CIRCUTOR expor\u00e1 no seu stand tamb\u00e9m a <strong>nova fam\u00edlia de kits para autoconsumo com injec\u00e7\u00e3o zero<\/strong> \u00e0 rede assim como as <strong>p\u00e9rgulas fotovoltaicas para estacionamento<\/strong> e <strong>recarga de ve\u00edculo el\u00e9ctrico<\/strong>, juntamente com outras inova\u00e7\u00f5es de produto.<\/p>\n<p>Teremos o maior prazer em atend\u00ea-lo(a) no <strong>Stand&nbsp;455 do Hall B3<\/strong> <\/p>\n<table style=\"width: 100%; background-color: #eeeeee;\">\n<tbody>\n<tr>\n<td style=\"width: 10px;\">&nbsp;<\/td>\n<td style=\"width: 250px; text-align: center;\"><img loading=\"lazy\" class=\" size-full wp-image-88\" title=\"Inversor com gest\u00e3o de acumula\u00e7\u00e3o ISTG da CIRCUTOR\" src=\"https:\/\/circutorweb.atic.blue\/wp-content\/uploads\/2014\/05\/noticia-inversor-ISTG.png\" alt=\"Inversor com gest\u00e3o de acumula\u00e7\u00e3o ISTG da CIRCUTOR\" width=\"250\" height=\"300\" \/> \t\t\t<\/td>\n<td style=\"width: 10px;\">\n<h2>&nbsp;<\/h2>\n<\/td>\n<td>\n<h3>Inversor com gest\u00e3o de acumula\u00e7\u00e3o ISTG<\/h3>\n<p>Os <strong>ISTG<\/strong> s\u00e3o uma fam\u00edlia de <strong>inversores para instala\u00e7\u00f5es fotovoltaicas em autoconsumo<\/strong> com capacidade de gerir a carga de excedentes energ\u00e9ticos em baterias, assim como a sua posterior descarga para alimentar cargas quando a pot\u00eancia instant\u00e2nea do gerador solar n\u00e3o \u00e9 suficiente.<\/p>\n<p>Mais informa\u00e7\u00f5es:&nbsp;<a href=\"https:\/\/circutor.com\/es\/productos\/energias-renovables\/autoconsumo-con-acumulacion-instalaciones-aisladas-y-microrredes\/istg-detail\"><span style=\"color: #1a262f; font-family: Helvetica, Arial, sans-serif; font-size: 12px; line-height: 20px;\">Inversor com gest\u00e3o de acumula\u00e7\u00e3o<\/span><\/a> \t\t\t\t<\/p>\n<\/td>\n<td style=\"width: 10px;\">\n<p>&nbsp;<\/p>\n<\/td>\n<\/tr>\n<\/tbody>\n<\/table>\n<p>&nbsp;<\/p>\n<hr \/>\n<p>Para mais informa\u00e7\u00e3o e exemplos sobre as <a href=\"https:\/\/circutor.com\/es\/aplicaciones-y-soluciones\/energia\/autoconsumo\">instala\u00e7\u00f5es de autoconsumo, pode visitar aqui nossa sec\u00e7\u00e3o sobre esse assunto<\/a>.<br \/>Consulte o nosso <a href=\"https:\/\/circutor.com\/es\/aplicaciones-y-soluciones\/energia\/autoconsumo\/guia-legalizacion-instalaciones\">Guia para a legaliza\u00e7\u00e3o de instala\u00e7\u00f5es de energia solar fotovoltaica em autoconsumo sem injec\u00e7\u00e3o de excedentes na rede<\/a>.<\/p>\n","protected":false},"excerpt":{"rendered":"<p>&nbsp;A CIRCUTOR apresentar\u00e1 na Intersolar 2014 em Munique, o seu novo inversor para autoconsumo com gest\u00e3o de acumula\u00e7\u00e3o ISTG Entre 4 e 6 de Junho, a CIRCUTOR expor\u00e1 no seu stand tamb\u00e9m a nova fam\u00edlia de kits para autoconsumo com injec\u00e7\u00e3o zero \u00e0 rede assim como as p\u00e9rgulas fotovoltaicas para estacionamento e recarga de ve\u00edculo [&hellip;]<\/p>\n","protected":false},"author":1,"featured_media":88,"comment_status":"open","ping_status":"open","sticky":false,"template":"","format":"standard","meta":[],"categories":[33],"tags":[1158],"acf":[],"yoast_head":"<!-- This site is optimized with the Yoast SEO plugin v19.4 - https:\/\/yoast.com\/wordpress\/plugins\/seo\/ -->\n<title>Novo inversor para autoconsumo com gest\u00e3o de acumula\u00e7\u00e3o em INTERSOLAR 2014 - CIRCUTOR<\/title>\n<meta name=\"description\" content=\"Entre 4 e 6 de Junho, a CIRCUTOR expor\u00e1 no seu stand tamb\u00e9m a nova fam\u00edlia de kits para autoconsumo com injec\u00e7\u00e3o zero \u00e0 rede assim como as p\u00e9rgulas fotovoltaicas para estacionamento e recarga de ve\u00edculo el\u00e9ctrico, juntamente com outras inova\u00e7\u00f5es de produto.\" \/>\n<meta name=\"robots\" content=\"index, follow, max-snippet:-1, max-image-preview:large, max-video-preview:-1\" \/>\n<link rel=\"canonical\" href=\"https:\/\/circutor.com\/pt-pt\/sem-categoria\/novo-inversor-para-autoconsumo-com-gestao-de-acumulacao-em-intersolar-2014\/\" \/>\n<meta property=\"og:locale\" content=\"pt_PT\" \/>\n<meta property=\"og:type\" content=\"article\" \/>\n<meta property=\"og:title\" content=\"Novo inversor para autoconsumo com gest\u00e3o de acumula\u00e7\u00e3o em INTERSOLAR 2014 - CIRCUTOR\" \/>\n<meta property=\"og:description\" content=\"Entre 4 e 6 de Junho, a CIRCUTOR expor\u00e1 no seu stand tamb\u00e9m a nova fam\u00edlia de kits para autoconsumo com injec\u00e7\u00e3o zero \u00e0 rede assim como as p\u00e9rgulas fotovoltaicas para estacionamento e recarga de ve\u00edculo el\u00e9ctrico, juntamente com outras inova\u00e7\u00f5es de produto.\" \/>\n<meta property=\"og:url\" content=\"https:\/\/circutor.com\/pt-pt\/sem-categoria\/novo-inversor-para-autoconsumo-com-gestao-de-acumulacao-em-intersolar-2014\/\" \/>\n<meta property=\"og:site_name\" content=\"CIRCUTOR\" \/>\n<meta property=\"article:publisher\" content=\"https:\/\/www.facebook.com\/CIRCUTOR.ES\" \/>\n<meta property=\"article:published_time\" content=\"2014-05-28T23:10:00+00:00\" \/>\n<meta property=\"og:image\" content=\"https:\/\/circutor.com\/wp-content\/uploads\/2022\/07\/Circutor_Logo_Color.png\" \/>\n\t<meta property=\"og:image:width\" content=\"1299\" \/>\n\t<meta property=\"og:image:height\" content=\"354\" \/>\n\t<meta property=\"og:image:type\" content=\"image\/png\" \/>\n<meta name=\"author\" content=\"admin\" \/>\n<meta name=\"twitter:card\" content=\"summary_large_image\" \/>\n<meta name=\"twitter:creator\" content=\"@circutor\" \/>\n<meta name=\"twitter:site\" content=\"@circutor\" \/>\n<meta name=\"twitter:label1\" content=\"Escrito por\" \/>\n\t<meta name=\"twitter:data1\" content=\"admin\" \/>\n\t<meta name=\"twitter:label2\" content=\"Tempo estimado de leitura\" \/>\n\t<meta name=\"twitter:data2\" content=\"1 minuto\" \/>\n<script type=\"application\/ld+json\" class=\"yoast-schema-graph\">{\"@context\":\"https:\/\/schema.org\",\"@graph\":[{\"@type\":\"Organization\",\"@id\":\"https:\/\/circutor.com\/#organization\",\"name\":\"Circutor\",\"url\":\"https:\/\/circutor.com\/\",\"sameAs\":[\"https:\/\/www.instagram.com\/circutor_es\",\"https:\/\/www.linkedin.com\/company\/circutor\",\"https:\/\/www.youtube.com\/user\/CIRCUTORoficial\",\"https:\/\/www.facebook.com\/CIRCUTOR.ES\",\"https:\/\/twitter.com\/circutor\"],\"logo\":{\"@type\":\"ImageObject\",\"inLanguage\":\"pt-PT\",\"@id\":\"https:\/\/circutor.com\/#\/schema\/logo\/image\/\",\"url\":\"https:\/\/circutor.com\/wp-content\/uploads\/2020\/09\/CIR_LOGO_RED.png\",\"contentUrl\":\"https:\/\/circutor.com\/wp-content\/uploads\/2020\/09\/CIR_LOGO_RED.png\",\"width\":512,\"height\":128,\"caption\":\"Circutor\"},\"image\":{\"@id\":\"https:\/\/circutor.com\/#\/schema\/logo\/image\/\"}},{\"@type\":\"WebSite\",\"@id\":\"https:\/\/circutor.com\/#website\",\"url\":\"https:\/\/circutor.com\/\",\"name\":\"CIRCUTOR\",\"description\":\"Soluciones para la eficiencia energ\u00e9tica el\u00e9ctrica\",\"publisher\":{\"@id\":\"https:\/\/circutor.com\/#organization\"},\"potentialAction\":[{\"@type\":\"SearchAction\",\"target\":{\"@type\":\"EntryPoint\",\"urlTemplate\":\"https:\/\/circutor.com\/?s={search_term_string}\"},\"query-input\":\"required name=search_term_string\"}],\"inLanguage\":\"pt-PT\"},{\"@type\":\"WebPage\",\"@id\":\"https:\/\/circutor.com\/pt-pt\/sem-categoria\/novo-inversor-para-autoconsumo-com-gestao-de-acumulacao-em-intersolar-2014\/\",\"url\":\"https:\/\/circutor.com\/pt-pt\/sem-categoria\/novo-inversor-para-autoconsumo-com-gestao-de-acumulacao-em-intersolar-2014\/\",\"name\":\"Novo inversor para autoconsumo com gest\u00e3o de acumula\u00e7\u00e3o em INTERSOLAR 2014 - CIRCUTOR\",\"isPartOf\":{\"@id\":\"https:\/\/circutor.com\/#website\"},\"datePublished\":\"2014-05-28T23:10:00+00:00\",\"dateModified\":\"2014-05-28T23:10:00+00:00\",\"description\":\"Entre 4 e 6 de Junho, a CIRCUTOR expor\u00e1 no seu stand tamb\u00e9m a nova fam\u00edlia de kits para autoconsumo com injec\u00e7\u00e3o zero \u00e0 rede assim como as p\u00e9rgulas fotovoltaicas para estacionamento e recarga de ve\u00edculo el\u00e9ctrico, juntamente com outras inova\u00e7\u00f5es de produto.\",\"breadcrumb\":{\"@id\":\"https:\/\/circutor.com\/pt-pt\/sem-categoria\/novo-inversor-para-autoconsumo-com-gestao-de-acumulacao-em-intersolar-2014\/#breadcrumb\"},\"inLanguage\":\"pt-PT\",\"potentialAction\":[{\"@type\":\"ReadAction\",\"target\":[\"https:\/\/circutor.com\/pt-pt\/sem-categoria\/novo-inversor-para-autoconsumo-com-gestao-de-acumulacao-em-intersolar-2014\/\"]}]},{\"@type\":\"BreadcrumbList\",\"@id\":\"https:\/\/circutor.com\/pt-pt\/sem-categoria\/novo-inversor-para-autoconsumo-com-gestao-de-acumulacao-em-intersolar-2014\/#breadcrumb\",\"itemListElement\":[{\"@type\":\"ListItem\",\"position\":1,\"name\":\"Portada\",\"item\":\"https:\/\/circutor.com\/pt-pt\/\"},{\"@type\":\"ListItem\",\"position\":2,\"name\":\"Novo inversor para autoconsumo com gest\u00e3o de acumula\u00e7\u00e3o em INTERSOLAR 2014\"}]},{\"@type\":\"Article\",\"@id\":\"https:\/\/circutor.com\/pt-pt\/sem-categoria\/novo-inversor-para-autoconsumo-com-gestao-de-acumulacao-em-intersolar-2014\/#article\",\"isPartOf\":{\"@id\":\"https:\/\/circutor.com\/pt-pt\/sem-categoria\/novo-inversor-para-autoconsumo-com-gestao-de-acumulacao-em-intersolar-2014\/\"},\"author\":{\"name\":\"admin\",\"@id\":\"https:\/\/circutor.com\/#\/schema\/person\/17d169bdccd6e2367b1ce7182dd31283\"},\"headline\":\"Novo inversor para autoconsumo com gest\u00e3o de acumula\u00e7\u00e3o em INTERSOLAR 2014\",\"datePublished\":\"2014-05-28T23:10:00+00:00\",\"dateModified\":\"2014-05-28T23:10:00+00:00\",\"mainEntityOfPage\":{\"@id\":\"https:\/\/circutor.com\/pt-pt\/sem-categoria\/novo-inversor-para-autoconsumo-com-gestao-de-acumulacao-em-intersolar-2014\/\"},\"wordCount\":210,\"commentCount\":0,\"publisher\":{\"@id\":\"https:\/\/circutor.com\/#organization\"},\"keywords\":[\"Autoconsumo\"],\"articleSection\":[\"Uncategorized\"],\"inLanguage\":\"pt-PT\",\"potentialAction\":[{\"@type\":\"CommentAction\",\"name\":\"Comment\",\"target\":[\"https:\/\/circutor.com\/pt-pt\/sem-categoria\/novo-inversor-para-autoconsumo-com-gestao-de-acumulacao-em-intersolar-2014\/#respond\"]}]},{\"@type\":\"Person\",\"@id\":\"https:\/\/circutor.com\/#\/schema\/person\/17d169bdccd6e2367b1ce7182dd31283\",\"name\":\"admin\",\"image\":{\"@type\":\"ImageObject\",\"inLanguage\":\"pt-PT\",\"@id\":\"https:\/\/circutor.com\/#\/schema\/person\/image\/\",\"url\":\"https:\/\/circutor.com\/wp-content\/uploads\/2022\/04\/usuario-logo-gris-96x96.png\",\"contentUrl\":\"https:\/\/circutor.com\/wp-content\/uploads\/2022\/04\/usuario-logo-gris-96x96.png\",\"caption\":\"admin\"}}]}<\/script>\n<!-- \/ Yoast SEO plugin. -->","yoast_head_json":{"title":"Novo inversor para autoconsumo com gest\u00e3o de acumula\u00e7\u00e3o em INTERSOLAR 2014 - CIRCUTOR","description":"Entre 4 e 6 de Junho, a CIRCUTOR expor\u00e1 no seu stand tamb\u00e9m a nova fam\u00edlia de kits para autoconsumo com injec\u00e7\u00e3o zero \u00e0 rede assim como as p\u00e9rgulas fotovoltaicas para estacionamento e recarga de ve\u00edculo el\u00e9ctrico, juntamente com outras inova\u00e7\u00f5es de produto.","robots":{"index":"index","follow":"follow","max-snippet":"max-snippet:-1","max-image-preview":"max-image-preview:large","max-video-preview":"max-video-preview:-1"},"canonical":"https:\/\/circutor.com\/pt-pt\/sem-categoria\/novo-inversor-para-autoconsumo-com-gestao-de-acumulacao-em-intersolar-2014\/","og_locale":"pt_PT","og_type":"article","og_title":"Novo inversor para autoconsumo com gest\u00e3o de acumula\u00e7\u00e3o em INTERSOLAR 2014 - CIRCUTOR","og_description":"Entre 4 e 6 de Junho, a CIRCUTOR expor\u00e1 no seu stand tamb\u00e9m a nova fam\u00edlia de kits para autoconsumo com injec\u00e7\u00e3o zero \u00e0 rede assim como as p\u00e9rgulas fotovoltaicas para estacionamento e recarga de ve\u00edculo el\u00e9ctrico, juntamente com outras inova\u00e7\u00f5es de produto.","og_url":"https:\/\/circutor.com\/pt-pt\/sem-categoria\/novo-inversor-para-autoconsumo-com-gestao-de-acumulacao-em-intersolar-2014\/","og_site_name":"CIRCUTOR","article_publisher":"https:\/\/www.facebook.com\/CIRCUTOR.ES","article_published_time":"2014-05-28T23:10:00+00:00","og_image":[{"width":1299,"height":354,"url":"https:\/\/circutor.com\/wp-content\/uploads\/2022\/07\/Circutor_Logo_Color.png","type":"image\/png"}],"author":"admin","twitter_card":"summary_large_image","twitter_creator":"@circutor","twitter_site":"@circutor","twitter_misc":{"Escrito por":"admin","Tempo estimado de leitura":"1 minuto"},"schema":{"@context":"https:\/\/schema.org","@graph":[{"@type":"Organization","@id":"https:\/\/circutor.com\/#organization","name":"Circutor","url":"https:\/\/circutor.com\/","sameAs":["https:\/\/www.instagram.com\/circutor_es","https:\/\/www.linkedin.com\/company\/circutor","https:\/\/www.youtube.com\/user\/CIRCUTORoficial","https:\/\/www.facebook.com\/CIRCUTOR.ES","https:\/\/twitter.com\/circutor"],"logo":{"@type":"ImageObject","inLanguage":"pt-PT","@id":"https:\/\/circutor.com\/#\/schema\/logo\/image\/","url":"https:\/\/circutor.com\/wp-content\/uploads\/2020\/09\/CIR_LOGO_RED.png","contentUrl":"https:\/\/circutor.com\/wp-content\/uploads\/2020\/09\/CIR_LOGO_RED.png","width":512,"height":128,"caption":"Circutor"},"image":{"@id":"https:\/\/circutor.com\/#\/schema\/logo\/image\/"}},{"@type":"WebSite","@id":"https:\/\/circutor.com\/#website","url":"https:\/\/circutor.com\/","name":"CIRCUTOR","description":"Soluciones para la eficiencia energ\u00e9tica el\u00e9ctrica","publisher":{"@id":"https:\/\/circutor.com\/#organization"},"potentialAction":[{"@type":"SearchAction","target":{"@type":"EntryPoint","urlTemplate":"https:\/\/circutor.com\/?s={search_term_string}"},"query-input":"required name=search_term_string"}],"inLanguage":"pt-PT"},{"@type":"WebPage","@id":"https:\/\/circutor.com\/pt-pt\/sem-categoria\/novo-inversor-para-autoconsumo-com-gestao-de-acumulacao-em-intersolar-2014\/","url":"https:\/\/circutor.com\/pt-pt\/sem-categoria\/novo-inversor-para-autoconsumo-com-gestao-de-acumulacao-em-intersolar-2014\/","name":"Novo inversor para autoconsumo com gest\u00e3o de acumula\u00e7\u00e3o em INTERSOLAR 2014 - CIRCUTOR","isPartOf":{"@id":"https:\/\/circutor.com\/#website"},"datePublished":"2014-05-28T23:10:00+00:00","dateModified":"2014-05-28T23:10:00+00:00","description":"Entre 4 e 6 de Junho, a CIRCUTOR expor\u00e1 no seu stand tamb\u00e9m a nova fam\u00edlia de kits para autoconsumo com injec\u00e7\u00e3o zero \u00e0 rede assim como as p\u00e9rgulas fotovoltaicas para estacionamento e recarga de ve\u00edculo el\u00e9ctrico, juntamente com outras inova\u00e7\u00f5es de produto.","breadcrumb":{"@id":"https:\/\/circutor.com\/pt-pt\/sem-categoria\/novo-inversor-para-autoconsumo-com-gestao-de-acumulacao-em-intersolar-2014\/#breadcrumb"},"inLanguage":"pt-PT","potentialAction":[{"@type":"ReadAction","target":["https:\/\/circutor.com\/pt-pt\/sem-categoria\/novo-inversor-para-autoconsumo-com-gestao-de-acumulacao-em-intersolar-2014\/"]}]},{"@type":"BreadcrumbList","@id":"https:\/\/circutor.com\/pt-pt\/sem-categoria\/novo-inversor-para-autoconsumo-com-gestao-de-acumulacao-em-intersolar-2014\/#breadcrumb","itemListElement":[{"@type":"ListItem","position":1,"name":"Portada","item":"https:\/\/circutor.com\/pt-pt\/"},{"@type":"ListItem","position":2,"name":"Novo inversor para autoconsumo com gest\u00e3o de acumula\u00e7\u00e3o em INTERSOLAR 2014"}]},{"@type":"Article","@id":"https:\/\/circutor.com\/pt-pt\/sem-categoria\/novo-inversor-para-autoconsumo-com-gestao-de-acumulacao-em-intersolar-2014\/#article","isPartOf":{"@id":"https:\/\/circutor.com\/pt-pt\/sem-categoria\/novo-inversor-para-autoconsumo-com-gestao-de-acumulacao-em-intersolar-2014\/"},"author":{"name":"admin","@id":"https:\/\/circutor.com\/#\/schema\/person\/17d169bdccd6e2367b1ce7182dd31283"},"headline":"Novo inversor para autoconsumo com gest\u00e3o de acumula\u00e7\u00e3o em INTERSOLAR 2014","datePublished":"2014-05-28T23:10:00+00:00","dateModified":"2014-05-28T23:10:00+00:00","mainEntityOfPage":{"@id":"https:\/\/circutor.com\/pt-pt\/sem-categoria\/novo-inversor-para-autoconsumo-com-gestao-de-acumulacao-em-intersolar-2014\/"},"wordCount":210,"commentCount":0,"publisher":{"@id":"https:\/\/circutor.com\/#organization"},"keywords":["Autoconsumo"],"articleSection":["Uncategorized"],"inLanguage":"pt-PT","potentialAction":[{"@type":"CommentAction","name":"Comment","target":["https:\/\/circutor.com\/pt-pt\/sem-categoria\/novo-inversor-para-autoconsumo-com-gestao-de-acumulacao-em-intersolar-2014\/#respond"]}]},{"@type":"Person","@id":"https:\/\/circutor.com\/#\/schema\/person\/17d169bdccd6e2367b1ce7182dd31283","name":"admin","image":{"@type":"ImageObject","inLanguage":"pt-PT","@id":"https:\/\/circutor.com\/#\/schema\/person\/image\/","url":"https:\/\/circutor.com\/wp-content\/uploads\/2022\/04\/usuario-logo-gris-96x96.png","contentUrl":"https:\/\/circutor.com\/wp-content\/uploads\/2022\/04\/usuario-logo-gris-96x96.png","caption":"admin"}}]}},"_links":{"self":[{"href":"https:\/\/circutor.com\/pt-pt\/wp-json\/wp\/v2\/posts\/10745"}],"collection":[{"href":"https:\/\/circutor.com\/pt-pt\/wp-json\/wp\/v2\/posts"}],"about":[{"href":"https:\/\/circutor.com\/pt-pt\/wp-json\/wp\/v2\/types\/post"}],"author":[{"embeddable":true,"href":"https:\/\/circutor.com\/pt-pt\/wp-json\/wp\/v2\/users\/1"}],"replies":[{"embeddable":true,"href":"https:\/\/circutor.com\/pt-pt\/wp-json\/wp\/v2\/comments?post=10745"}],"version-history":[{"count":0,"href":"https:\/\/circutor.com\/pt-pt\/wp-json\/wp\/v2\/posts\/10745\/revisions"}],"wp:featuredmedia":[{"embeddable":true,"href":"https:\/\/circutor.com\/pt-pt\/wp-json\/wp\/v2\/posts\/88"}],"wp:attachment":[{"href":"https:\/\/circutor.com\/pt-pt\/wp-json\/wp\/v2\/media?parent=10745"}],"wp:term":[{"taxonomy":"category","embeddable":true,"href":"https:\/\/circutor.com\/pt-pt\/wp-json\/wp\/v2\/categories?post=10745"},{"taxonomy":"post_tag","embeddable":true,"href":"https:\/\/circutor.com\/pt-pt\/wp-json\/wp\/v2\/tags?post=10745"}],"curies":[{"name":"wp","href":"https:\/\/api.w.org\/{rel}","templated":true}]}}