{"id":10716,"date":"2014-02-05T23:10:00","date_gmt":"2014-02-05T23:10:00","guid":{"rendered":"https:\/\/circutorweb.atic.blue\/?p=38"},"modified":"2014-02-05T23:10:00","modified_gmt":"2014-02-05T23:10:00","slug":"expoalcaldia-equipamentos-de-proteccao-e-controlo-para-sistemas-de-iluminacao-publica","status":"publish","type":"post","link":"https:\/\/circutor.com\/pt-pt\/uncategorized\/expoalcaldia-equipamentos-de-proteccao-e-controlo-para-sistemas-de-iluminacao-publica\/","title":{"rendered":"EXPOALCALDIA: Equipamentos de protec\u00e7\u00e3o e controlo para sistemas de ilumina\u00e7\u00e3o p\u00fablica"},"content":{"rendered":"<h4 class=\"dark\">&nbsp;\u201cCIRCUTOR exp\u00f5e no Sal\u00e3o EXPOALCALDIA, os seus produtos orientados para a gest\u00e3o energ\u00e9tica e solu\u00e7\u00f5es para o sector da ilumina\u00e7\u00e3o p\u00fablica\u201d<\/h4>\n<p>De 4 a 6 de Mar\u00e7o de 2014 celebra-se a V edi\u00e7\u00e3o do Sal\u00e3o<strong> EXPOALCALDIA<\/strong> na cidade de Sarago\u00e7a (Espanha), orientada para a exposi\u00e7\u00e3o de equipamentos e servi\u00e7os para munic\u00edpios e entidades territoriais.<\/p>\n<p>A <strong>CIRCUTOR<\/strong> apresenta o seu <a href=\"https:\/\/circutor.com\/es\/productos\/medida-y-control\/sistemas-de-control\/control-alumbrado\/serie-cirlamp-detail\"><strong>novo sistema CirLamp<\/strong><\/a>, orientado para o <a href=\"https:\/\/circutor.com\/es\/productos\/medida-y-control\/sistemas-de-control\/control-alumbrado\/serie-cirlamp-detail\"><strong>controlo e regula\u00e7\u00e3o da ilumina\u00e7\u00e3o ponto a ponto<\/strong><\/a>. O sistema foi desenvolvido para a comunica\u00e7\u00e3o PLC atrav\u00e9s da rede el\u00e9ctrica (power line communication) entre o quadro de distribui\u00e7\u00e3o e os postes de ilumina\u00e7\u00e3o, chegando a regular de forma pr\u00e9-estabelecida cada um dos pontos de luz do sistema.<\/p>\n<p>De forma totalmente aut\u00f3noma, os pontos de luz ligados ao sistema (n\u00f3s) reportam ao sistema de gest\u00e3o, localizado no quadro de distribui\u00e7\u00e3o, toda a informa\u00e7\u00e3o sobre o funcionamento an\u00f3malo dos postes de ilumina\u00e7\u00e3o: l\u00e2mpada fundida, piscar de l\u00e2mpada, condensador aberto e at\u00e9 conhecer o tempo de vida de cada ponto de luz.<\/p>\n<p>O sistema CirLamp, assim como as solu\u00e7\u00f5es no campo da <strong>protec\u00e7\u00e3o diferencial inteligente<\/strong>, incidem positivamente na racionaliza\u00e7\u00e3o dos custos energ\u00e9ticos, programando o acendimento e o apagamento de postes de ilumina\u00e7\u00e3o, alargando a vida \u00fatil das l\u00e2mpadas, reduzindo os gastos de manuten\u00e7\u00e3o e suprimindo os gastos derivados do servi\u00e7o de vigil\u00e2ncia nocturna para a detec\u00e7\u00e3o de avarias.<\/p>\n<p>Entre muitos outros produtos que se destacam neste evento, assume especial relev\u00e2ncia as solu\u00e7\u00f5es desenvolvidas para o campo da protec\u00e7\u00e3o diferencial, onde ser\u00e1 promovida activamente a<a href=\"https:\/\/circutor.com\/es\/productos\/proteccion-y-control\/proteccion-diferencial-industrial\/serie-rgu2-detail\"><strong> nova gama de protec\u00e7\u00e3o diferencial ultra-imunizada RGU2<\/strong><\/a>, assim como a<a href=\"https:\/\/circutor.com\/es\/productos\/proteccion-y-control\/proteccion-diferencial-industrial\/serie-recmaxmp-detail\"><strong> nova s\u00e9rie compacta com religa\u00e7\u00e3o autom\u00e1tica RECmax<\/strong><\/a>.<\/p>\n<p><img class=\" size-full wp-image-37\" style=\"line-height: 1.3em;\" src=\"https:\/\/circutorweb.atic.blue\/wp-content\/uploads\/2014\/02\/logo_Expoalcaldia.png\" alt=\"logo_Expoalcaldia\" width=\"80%\" \/><\/p>\n<p>Clique aqui para conseguir um convite gratuito para a EXPOALCALD\u00cdA:<\/p>\n<div style=\"background-color: #4b575f; border-radius: 3px; color: #bdc1c4; padding: 5px 10px; max-width: 255px;\"><a style=\"color: #bdc1c4;\" href=\"http:\/\/acreditaciones.feriazaragoza.es\/EXPOALCALDIA_TECNODEPORTE_2014\/EXPOALCALDIA_TECNODEPORTE_2014.html\" target=\"_blanck\" rel=\"noopener noreferrer\"><strong>CONVITE GRATUITO EXPOALCALDIA<\/strong><\/a><\/div>\n<p>Se desejar mais informa\u00e7\u00f5es visite-nos no nosso stand e ficaremos encantados por atend\u00ea-lo(a),<\/p>\n<p>Pavilh\u00e3o 6<br \/>Stand F18<\/p>\n<p>EXPOALCALDIA<br \/>Feira de Sarago\u00e7a<br \/>Carretera A-2, km 311<br \/>50012 ZARAGOZA<\/p>\n","protected":false},"excerpt":{"rendered":"<p>&nbsp;\u201cCIRCUTOR exp\u00f5e no Sal\u00e3o EXPOALCALDIA, os seus produtos orientados para a gest\u00e3o energ\u00e9tica e solu\u00e7\u00f5es para o sector da ilumina\u00e7\u00e3o p\u00fablica\u201d De 4 a 6 de Mar\u00e7o de 2014 celebra-se a V edi\u00e7\u00e3o do Sal\u00e3o EXPOALCALDIA na cidade de Sarago\u00e7a (Espanha), orientada para a exposi\u00e7\u00e3o de equipamentos e servi\u00e7os para munic\u00edpios e entidades territoriais. A [&hellip;]<\/p>\n","protected":false},"author":1,"featured_media":37,"comment_status":"open","ping_status":"open","sticky":false,"template":"","format":"standard","meta":[],"categories":[33],"tags":[],"acf":[],"yoast_head":"<!-- This site is optimized with the Yoast SEO plugin v19.4 - https:\/\/yoast.com\/wordpress\/plugins\/seo\/ -->\n<title>EXPOALCALDIA: Equipamentos de protec\u00e7\u00e3o e controlo para sistemas de ilumina\u00e7\u00e3o p\u00fablica - CIRCUTOR<\/title>\n<meta name=\"description\" content=\"\u201cCIRCUTOR exp\u00f5e no Sal\u00e3o EXPOALCALDIA, os seus produtos orientados para a gest\u00e3o energ\u00e9tica e solu\u00e7\u00f5es para o sector da ilumina\u00e7\u00e3o p\u00fablica\u201d\" \/>\n<meta name=\"robots\" content=\"index, follow, max-snippet:-1, max-image-preview:large, max-video-preview:-1\" \/>\n<link rel=\"canonical\" href=\"https:\/\/circutor.com\/pt-pt\/sem-categoria\/expoalcaldia-equipamentos-de-proteccao-e-controlo-para-sistemas-de-iluminacao-publica\/\" \/>\n<meta property=\"og:locale\" content=\"pt_PT\" \/>\n<meta property=\"og:type\" content=\"article\" \/>\n<meta property=\"og:title\" content=\"EXPOALCALDIA: Equipamentos de protec\u00e7\u00e3o e controlo para sistemas de ilumina\u00e7\u00e3o p\u00fablica - CIRCUTOR\" \/>\n<meta property=\"og:description\" content=\"\u201cCIRCUTOR exp\u00f5e no Sal\u00e3o EXPOALCALDIA, os seus produtos orientados para a gest\u00e3o energ\u00e9tica e solu\u00e7\u00f5es para o sector da ilumina\u00e7\u00e3o p\u00fablica\u201d\" \/>\n<meta property=\"og:url\" content=\"https:\/\/circutor.com\/pt-pt\/sem-categoria\/expoalcaldia-equipamentos-de-proteccao-e-controlo-para-sistemas-de-iluminacao-publica\/\" \/>\n<meta property=\"og:site_name\" content=\"CIRCUTOR\" \/>\n<meta property=\"article:publisher\" content=\"https:\/\/www.facebook.com\/CIRCUTOR.ES\" \/>\n<meta property=\"article:published_time\" content=\"2014-02-05T23:10:00+00:00\" \/>\n<meta property=\"og:image\" content=\"https:\/\/circutor.com\/wp-content\/uploads\/2022\/07\/Circutor_Logo_Color.png\" \/>\n\t<meta property=\"og:image:width\" content=\"1299\" \/>\n\t<meta property=\"og:image:height\" content=\"354\" \/>\n\t<meta property=\"og:image:type\" content=\"image\/png\" \/>\n<meta name=\"author\" content=\"admin\" \/>\n<meta name=\"twitter:card\" content=\"summary_large_image\" \/>\n<meta name=\"twitter:creator\" content=\"@circutor\" \/>\n<meta name=\"twitter:site\" content=\"@circutor\" \/>\n<meta name=\"twitter:label1\" content=\"Escrito por\" \/>\n\t<meta name=\"twitter:data1\" content=\"admin\" \/>\n\t<meta name=\"twitter:label2\" content=\"Tempo estimado de leitura\" \/>\n\t<meta name=\"twitter:data2\" content=\"2 minutos\" \/>\n<script type=\"application\/ld+json\" class=\"yoast-schema-graph\">{\"@context\":\"https:\/\/schema.org\",\"@graph\":[{\"@type\":\"Organization\",\"@id\":\"https:\/\/circutor.com\/#organization\",\"name\":\"Circutor\",\"url\":\"https:\/\/circutor.com\/\",\"sameAs\":[\"https:\/\/www.instagram.com\/circutor_es\",\"https:\/\/www.linkedin.com\/company\/circutor\",\"https:\/\/www.youtube.com\/user\/CIRCUTORoficial\",\"https:\/\/www.facebook.com\/CIRCUTOR.ES\",\"https:\/\/twitter.com\/circutor\"],\"logo\":{\"@type\":\"ImageObject\",\"inLanguage\":\"pt-PT\",\"@id\":\"https:\/\/circutor.com\/#\/schema\/logo\/image\/\",\"url\":\"https:\/\/circutor.com\/wp-content\/uploads\/2020\/09\/CIR_LOGO_RED.png\",\"contentUrl\":\"https:\/\/circutor.com\/wp-content\/uploads\/2020\/09\/CIR_LOGO_RED.png\",\"width\":512,\"height\":128,\"caption\":\"Circutor\"},\"image\":{\"@id\":\"https:\/\/circutor.com\/#\/schema\/logo\/image\/\"}},{\"@type\":\"WebSite\",\"@id\":\"https:\/\/circutor.com\/#website\",\"url\":\"https:\/\/circutor.com\/\",\"name\":\"CIRCUTOR\",\"description\":\"Soluciones para la eficiencia energ\u00e9tica el\u00e9ctrica\",\"publisher\":{\"@id\":\"https:\/\/circutor.com\/#organization\"},\"potentialAction\":[{\"@type\":\"SearchAction\",\"target\":{\"@type\":\"EntryPoint\",\"urlTemplate\":\"https:\/\/circutor.com\/?s={search_term_string}\"},\"query-input\":\"required name=search_term_string\"}],\"inLanguage\":\"pt-PT\"},{\"@type\":\"WebPage\",\"@id\":\"https:\/\/circutor.com\/pt-pt\/sem-categoria\/expoalcaldia-equipamentos-de-proteccao-e-controlo-para-sistemas-de-iluminacao-publica\/\",\"url\":\"https:\/\/circutor.com\/pt-pt\/sem-categoria\/expoalcaldia-equipamentos-de-proteccao-e-controlo-para-sistemas-de-iluminacao-publica\/\",\"name\":\"EXPOALCALDIA: Equipamentos de protec\u00e7\u00e3o e controlo para sistemas de ilumina\u00e7\u00e3o p\u00fablica - CIRCUTOR\",\"isPartOf\":{\"@id\":\"https:\/\/circutor.com\/#website\"},\"datePublished\":\"2014-02-05T23:10:00+00:00\",\"dateModified\":\"2014-02-05T23:10:00+00:00\",\"description\":\"\u201cCIRCUTOR exp\u00f5e no Sal\u00e3o EXPOALCALDIA, os seus produtos orientados para a gest\u00e3o energ\u00e9tica e solu\u00e7\u00f5es para o sector da ilumina\u00e7\u00e3o p\u00fablica\u201d\",\"breadcrumb\":{\"@id\":\"https:\/\/circutor.com\/pt-pt\/sem-categoria\/expoalcaldia-equipamentos-de-proteccao-e-controlo-para-sistemas-de-iluminacao-publica\/#breadcrumb\"},\"inLanguage\":\"pt-PT\",\"potentialAction\":[{\"@type\":\"ReadAction\",\"target\":[\"https:\/\/circutor.com\/pt-pt\/sem-categoria\/expoalcaldia-equipamentos-de-proteccao-e-controlo-para-sistemas-de-iluminacao-publica\/\"]}]},{\"@type\":\"BreadcrumbList\",\"@id\":\"https:\/\/circutor.com\/pt-pt\/sem-categoria\/expoalcaldia-equipamentos-de-proteccao-e-controlo-para-sistemas-de-iluminacao-publica\/#breadcrumb\",\"itemListElement\":[{\"@type\":\"ListItem\",\"position\":1,\"name\":\"Portada\",\"item\":\"https:\/\/circutor.com\/pt-pt\/\"},{\"@type\":\"ListItem\",\"position\":2,\"name\":\"EXPOALCALDIA: Equipamentos de protec\u00e7\u00e3o e controlo para sistemas de ilumina\u00e7\u00e3o p\u00fablica\"}]},{\"@type\":\"Article\",\"@id\":\"https:\/\/circutor.com\/pt-pt\/sem-categoria\/expoalcaldia-equipamentos-de-proteccao-e-controlo-para-sistemas-de-iluminacao-publica\/#article\",\"isPartOf\":{\"@id\":\"https:\/\/circutor.com\/pt-pt\/sem-categoria\/expoalcaldia-equipamentos-de-proteccao-e-controlo-para-sistemas-de-iluminacao-publica\/\"},\"author\":{\"name\":\"admin\",\"@id\":\"https:\/\/circutor.com\/#\/schema\/person\/17d169bdccd6e2367b1ce7182dd31283\"},\"headline\":\"EXPOALCALDIA: Equipamentos de protec\u00e7\u00e3o e controlo para sistemas de ilumina\u00e7\u00e3o p\u00fablica\",\"datePublished\":\"2014-02-05T23:10:00+00:00\",\"dateModified\":\"2014-02-05T23:10:00+00:00\",\"mainEntityOfPage\":{\"@id\":\"https:\/\/circutor.com\/pt-pt\/sem-categoria\/expoalcaldia-equipamentos-de-proteccao-e-controlo-para-sistemas-de-iluminacao-publica\/\"},\"wordCount\":364,\"commentCount\":0,\"publisher\":{\"@id\":\"https:\/\/circutor.com\/#organization\"},\"articleSection\":[\"Uncategorized\"],\"inLanguage\":\"pt-PT\",\"potentialAction\":[{\"@type\":\"CommentAction\",\"name\":\"Comment\",\"target\":[\"https:\/\/circutor.com\/pt-pt\/sem-categoria\/expoalcaldia-equipamentos-de-proteccao-e-controlo-para-sistemas-de-iluminacao-publica\/#respond\"]}]},{\"@type\":\"Person\",\"@id\":\"https:\/\/circutor.com\/#\/schema\/person\/17d169bdccd6e2367b1ce7182dd31283\",\"name\":\"admin\",\"image\":{\"@type\":\"ImageObject\",\"inLanguage\":\"pt-PT\",\"@id\":\"https:\/\/circutor.com\/#\/schema\/person\/image\/\",\"url\":\"https:\/\/circutor.com\/wp-content\/uploads\/2022\/04\/usuario-logo-gris-96x96.png\",\"contentUrl\":\"https:\/\/circutor.com\/wp-content\/uploads\/2022\/04\/usuario-logo-gris-96x96.png\",\"caption\":\"admin\"}}]}<\/script>\n<!-- \/ Yoast SEO plugin. -->","yoast_head_json":{"title":"EXPOALCALDIA: Equipamentos de protec\u00e7\u00e3o e controlo para sistemas de ilumina\u00e7\u00e3o p\u00fablica - CIRCUTOR","description":"\u201cCIRCUTOR exp\u00f5e no Sal\u00e3o EXPOALCALDIA, os seus produtos orientados para a gest\u00e3o energ\u00e9tica e solu\u00e7\u00f5es para o sector da ilumina\u00e7\u00e3o p\u00fablica\u201d","robots":{"index":"index","follow":"follow","max-snippet":"max-snippet:-1","max-image-preview":"max-image-preview:large","max-video-preview":"max-video-preview:-1"},"canonical":"https:\/\/circutor.com\/pt-pt\/sem-categoria\/expoalcaldia-equipamentos-de-proteccao-e-controlo-para-sistemas-de-iluminacao-publica\/","og_locale":"pt_PT","og_type":"article","og_title":"EXPOALCALDIA: Equipamentos de protec\u00e7\u00e3o e controlo para sistemas de ilumina\u00e7\u00e3o p\u00fablica - CIRCUTOR","og_description":"\u201cCIRCUTOR exp\u00f5e no Sal\u00e3o EXPOALCALDIA, os seus produtos orientados para a gest\u00e3o energ\u00e9tica e solu\u00e7\u00f5es para o sector da ilumina\u00e7\u00e3o p\u00fablica\u201d","og_url":"https:\/\/circutor.com\/pt-pt\/sem-categoria\/expoalcaldia-equipamentos-de-proteccao-e-controlo-para-sistemas-de-iluminacao-publica\/","og_site_name":"CIRCUTOR","article_publisher":"https:\/\/www.facebook.com\/CIRCUTOR.ES","article_published_time":"2014-02-05T23:10:00+00:00","og_image":[{"width":1299,"height":354,"url":"https:\/\/circutor.com\/wp-content\/uploads\/2022\/07\/Circutor_Logo_Color.png","type":"image\/png"}],"author":"admin","twitter_card":"summary_large_image","twitter_creator":"@circutor","twitter_site":"@circutor","twitter_misc":{"Escrito por":"admin","Tempo estimado de leitura":"2 minutos"},"schema":{"@context":"https:\/\/schema.org","@graph":[{"@type":"Organization","@id":"https:\/\/circutor.com\/#organization","name":"Circutor","url":"https:\/\/circutor.com\/","sameAs":["https:\/\/www.instagram.com\/circutor_es","https:\/\/www.linkedin.com\/company\/circutor","https:\/\/www.youtube.com\/user\/CIRCUTORoficial","https:\/\/www.facebook.com\/CIRCUTOR.ES","https:\/\/twitter.com\/circutor"],"logo":{"@type":"ImageObject","inLanguage":"pt-PT","@id":"https:\/\/circutor.com\/#\/schema\/logo\/image\/","url":"https:\/\/circutor.com\/wp-content\/uploads\/2020\/09\/CIR_LOGO_RED.png","contentUrl":"https:\/\/circutor.com\/wp-content\/uploads\/2020\/09\/CIR_LOGO_RED.png","width":512,"height":128,"caption":"Circutor"},"image":{"@id":"https:\/\/circutor.com\/#\/schema\/logo\/image\/"}},{"@type":"WebSite","@id":"https:\/\/circutor.com\/#website","url":"https:\/\/circutor.com\/","name":"CIRCUTOR","description":"Soluciones para la eficiencia energ\u00e9tica el\u00e9ctrica","publisher":{"@id":"https:\/\/circutor.com\/#organization"},"potentialAction":[{"@type":"SearchAction","target":{"@type":"EntryPoint","urlTemplate":"https:\/\/circutor.com\/?s={search_term_string}"},"query-input":"required name=search_term_string"}],"inLanguage":"pt-PT"},{"@type":"WebPage","@id":"https:\/\/circutor.com\/pt-pt\/sem-categoria\/expoalcaldia-equipamentos-de-proteccao-e-controlo-para-sistemas-de-iluminacao-publica\/","url":"https:\/\/circutor.com\/pt-pt\/sem-categoria\/expoalcaldia-equipamentos-de-proteccao-e-controlo-para-sistemas-de-iluminacao-publica\/","name":"EXPOALCALDIA: Equipamentos de protec\u00e7\u00e3o e controlo para sistemas de ilumina\u00e7\u00e3o p\u00fablica - CIRCUTOR","isPartOf":{"@id":"https:\/\/circutor.com\/#website"},"datePublished":"2014-02-05T23:10:00+00:00","dateModified":"2014-02-05T23:10:00+00:00","description":"\u201cCIRCUTOR exp\u00f5e no Sal\u00e3o EXPOALCALDIA, os seus produtos orientados para a gest\u00e3o energ\u00e9tica e solu\u00e7\u00f5es para o sector da ilumina\u00e7\u00e3o p\u00fablica\u201d","breadcrumb":{"@id":"https:\/\/circutor.com\/pt-pt\/sem-categoria\/expoalcaldia-equipamentos-de-proteccao-e-controlo-para-sistemas-de-iluminacao-publica\/#breadcrumb"},"inLanguage":"pt-PT","potentialAction":[{"@type":"ReadAction","target":["https:\/\/circutor.com\/pt-pt\/sem-categoria\/expoalcaldia-equipamentos-de-proteccao-e-controlo-para-sistemas-de-iluminacao-publica\/"]}]},{"@type":"BreadcrumbList","@id":"https:\/\/circutor.com\/pt-pt\/sem-categoria\/expoalcaldia-equipamentos-de-proteccao-e-controlo-para-sistemas-de-iluminacao-publica\/#breadcrumb","itemListElement":[{"@type":"ListItem","position":1,"name":"Portada","item":"https:\/\/circutor.com\/pt-pt\/"},{"@type":"ListItem","position":2,"name":"EXPOALCALDIA: Equipamentos de protec\u00e7\u00e3o e controlo para sistemas de ilumina\u00e7\u00e3o p\u00fablica"}]},{"@type":"Article","@id":"https:\/\/circutor.com\/pt-pt\/sem-categoria\/expoalcaldia-equipamentos-de-proteccao-e-controlo-para-sistemas-de-iluminacao-publica\/#article","isPartOf":{"@id":"https:\/\/circutor.com\/pt-pt\/sem-categoria\/expoalcaldia-equipamentos-de-proteccao-e-controlo-para-sistemas-de-iluminacao-publica\/"},"author":{"name":"admin","@id":"https:\/\/circutor.com\/#\/schema\/person\/17d169bdccd6e2367b1ce7182dd31283"},"headline":"EXPOALCALDIA: Equipamentos de protec\u00e7\u00e3o e controlo para sistemas de ilumina\u00e7\u00e3o p\u00fablica","datePublished":"2014-02-05T23:10:00+00:00","dateModified":"2014-02-05T23:10:00+00:00","mainEntityOfPage":{"@id":"https:\/\/circutor.com\/pt-pt\/sem-categoria\/expoalcaldia-equipamentos-de-proteccao-e-controlo-para-sistemas-de-iluminacao-publica\/"},"wordCount":364,"commentCount":0,"publisher":{"@id":"https:\/\/circutor.com\/#organization"},"articleSection":["Uncategorized"],"inLanguage":"pt-PT","potentialAction":[{"@type":"CommentAction","name":"Comment","target":["https:\/\/circutor.com\/pt-pt\/sem-categoria\/expoalcaldia-equipamentos-de-proteccao-e-controlo-para-sistemas-de-iluminacao-publica\/#respond"]}]},{"@type":"Person","@id":"https:\/\/circutor.com\/#\/schema\/person\/17d169bdccd6e2367b1ce7182dd31283","name":"admin","image":{"@type":"ImageObject","inLanguage":"pt-PT","@id":"https:\/\/circutor.com\/#\/schema\/person\/image\/","url":"https:\/\/circutor.com\/wp-content\/uploads\/2022\/04\/usuario-logo-gris-96x96.png","contentUrl":"https:\/\/circutor.com\/wp-content\/uploads\/2022\/04\/usuario-logo-gris-96x96.png","caption":"admin"}}]}},"_links":{"self":[{"href":"https:\/\/circutor.com\/pt-pt\/wp-json\/wp\/v2\/posts\/10716"}],"collection":[{"href":"https:\/\/circutor.com\/pt-pt\/wp-json\/wp\/v2\/posts"}],"about":[{"href":"https:\/\/circutor.com\/pt-pt\/wp-json\/wp\/v2\/types\/post"}],"author":[{"embeddable":true,"href":"https:\/\/circutor.com\/pt-pt\/wp-json\/wp\/v2\/users\/1"}],"replies":[{"embeddable":true,"href":"https:\/\/circutor.com\/pt-pt\/wp-json\/wp\/v2\/comments?post=10716"}],"version-history":[{"count":0,"href":"https:\/\/circutor.com\/pt-pt\/wp-json\/wp\/v2\/posts\/10716\/revisions"}],"wp:featuredmedia":[{"embeddable":true,"href":"https:\/\/circutor.com\/pt-pt\/wp-json\/wp\/v2\/posts\/37"}],"wp:attachment":[{"href":"https:\/\/circutor.com\/pt-pt\/wp-json\/wp\/v2\/media?parent=10716"}],"wp:term":[{"taxonomy":"category","embeddable":true,"href":"https:\/\/circutor.com\/pt-pt\/wp-json\/wp\/v2\/categories?post=10716"},{"taxonomy":"post_tag","embeddable":true,"href":"https:\/\/circutor.com\/pt-pt\/wp-json\/wp\/v2\/tags?post=10716"}],"curies":[{"name":"wp","href":"https:\/\/api.w.org\/{rel}","templated":true}]}}