{"id":10711,"date":"2014-02-14T23:10:00","date_gmt":"2014-02-14T23:10:00","guid":{"rendered":"https:\/\/circutorweb.atic.blue\/?p=11"},"modified":"2022-05-19T16:29:14","modified_gmt":"2022-05-19T14:29:14","slug":"aproveite-a-nova-tarifa-horaria-da-luz-com-a-circutor","status":"publish","type":"post","link":"https:\/\/circutor.com\/pt-pt\/sem-categoria\/aproveite-a-nova-tarifa-horaria-da-luz-com-a-circutor\/","title":{"rendered":"Aproveite a nova tarifa hor\u00e1ria da luz com a CIRCUTOR"},"content":{"rendered":"<p><img class=\" size-full wp-image-9\" src=\"https:\/\/circutorweb.atic.blue\/wp-content\/uploads\/2014\/02\/factura-electrica.jpg\" alt=\"factura-el\u00e9ctrica\" width=\"99%\" \/>&nbsp;<\/p>\n<p>No passado dia 8 de Fevereiro surgiu a not\u00edcia da nova <strong>altera\u00e7\u00e3o tarif\u00e1ria na energia el\u00e9ctrica<\/strong> (Espanha). Deixaremos de ter pre\u00e7os por leil\u00f5es trimestrais e passaremos a ter pre\u00e7os para cada hora.&nbsp;Isto significa que um consumidor <strong>com um contador inteligente<\/strong> poder\u00e1 pagar segundo o seu consumo cada hora e segundo o pre\u00e7o da electricidade nessas horas.<\/p>\n<p>Para os <a href=\"https:\/\/circutor.com\/es\/empresa\/noticias\/noticias\/427-google-avisa-del-creciente-interes-en-como-ahorrar-luz\">consumidores preocupados com a sua factura de electricidade<\/a>, que n\u00e3o disponham de contador inteligente, ser\u00e1 aplicado ao utilizador o pre\u00e7o meio di\u00e1rio no mercado grossista.<\/p>\n<p>Conforme foi avan\u00e7ado pelo Governo, isto pode significar uma poupan\u00e7a m\u00ednima de 3% para os consumidores finais, mas depender\u00e1 em grande medida de da forma como se comportar o mercado el\u00e9ctrico grossista e do facto de se dispor ou n\u00e3o de um contador el\u00e9ctrico inteligente.<\/p>\n<p>A <strong>CIRCUTOR<\/strong> disp\u00f5e, no seu cat\u00e1logo, de <a href=\"https:\/\/circutor.com\/es\/productos\/metering\/contadores-de-energia-electrica-multifuncion\/contadores-monofasicos\/212-es4a-b0b-13-detail\">contadores de energia el\u00e9ctrica inteligentes (com gest\u00e3o remota\/PLC)<\/a>, que cumprem o Real Decreto 1110\/2007 (Espanha), <strong>para utilizadores com pot\u00eancias contratadas inferiores a 15 kW<\/strong>, que constituem <strong>a maioria de consumidores dom\u00e9sticos<\/strong>.<\/p>\n<p>Para poder beneficiar desta nova tarifa el\u00e9ctrica, dever\u00e1 contar com um <strong>contador inteligente da CIRCUTOR<\/strong>, que pode conseguir <strong>colocando-se em contacto com o seu fornecedor el\u00e9ctrico<\/strong>. O prazo de amortiza\u00e7\u00e3o deste contador e da sua instala\u00e7\u00e3o \u00e9 de 8 a 18 meses, segundo o aluguer que lhe for cobrado pelo seu fornecedor de energia el\u00e9ctrica e consoante o consumo mensal que tiver.<\/p>\n<p>A CIRCUTOR tamb\u00e9m disp\u00f5e de uma ampla gama de produtos para <a href=\"https:\/\/circutor.com\/es\/aplicaciones-y-soluciones\/energia\/autoconsumo\">economizar na factura de electricidade atrav\u00e9s do autoconsumo<\/a>, que se adapta a cada consumidor e edif\u00edcio ou condom\u00ednio.<\/p>\n<table style=\"width: 100%; background-color: #eeeeee;\">\n<tbody>\n<tr>\n<td style=\"width: 10px;\">&nbsp;<\/td>\n<td style=\"width: 250px; text-align: center;\" valign=\"top\"><img class=\" size-full wp-image-10\" src=\"https:\/\/circutorweb.atic.blue\/wp-content\/uploads\/2014\/02\/FO_CIRWATT-B200RCP_250x250.png\" alt=\"CIRWATT-B200RCP\" width=\"99%\" \/><\/td>\n<td style=\"width: 10px;\">\n<h2>&nbsp;<\/h2>\n<\/td>\n<td>\n<h2>Contador monof\u00e1sico digital multifun\u00e7\u00f5es CIRWATT<\/h2>\n<p>O <strong>CIRWATT B 200 RCP<\/strong> \u00e9 um <a href=\"https:\/\/circutor.com\/es\/productos\/metering\/contadores-de-energia-electrica-multifuncion\/contadores-monofasicos\/212-es4a-b0b-13-detail\">contador monof\u00e1sico digital multifun\u00e7\u00f5es<\/a> de classe B em medi\u00e7\u00e3o de energia activa e classe 2 para a energia reactiva.<\/p>\n<p>Este contador cumpre a normativa europeia actual em vigor para contadores de energia (MID) EN 50470-1 e EN 50470-3, facto que aprova a instala\u00e7\u00e3o destes contadores em qualquer pa\u00eds da comunidade europeia.<\/p>\n<p>Disp\u00f5e de comunica\u00e7\u00f5es PLC \/ PRIME (Power Line Carrier) atrav\u00e9s da rede el\u00e9ctrica, cumprindo os requisitos estabelecidos no Real Decreto 1110\/2007 (Espanha). Al\u00e9m disso, incorpora elemento de corte, que permite ao utilizador controlar o consumo do fornecimento, que pode ser gerido de forma remota utilizando comunica\u00e7\u00f5es PLC.<\/p>\n<p><strong>Cat\u00e1logos:<\/strong><\/p>\n<p>&#8211; Contadores multifun\u00e7\u00f5es de energia el\u00e9ctrica:&nbsp;<a href=\"https:\/\/circutor.com\/pt-pt\/suporte\/\" target=\"_blank\" rel=\"noopener noreferrer\"><img loading=\"lazy\" class=\" size-full wp-image-5\" src=\"https:\/\/circutorweb.atic.blue\/wp-content\/uploads\/2014\/07\/es.gif\" alt=\"es\" width=\"18\" height=\"12\" \/><\/a>&nbsp;<a href=\"https:\/\/circutor.com\/pt-pt\/suporte\/\" target=\"_blank\" rel=\"noopener noreferrer\"><img loading=\"lazy\" class=\" size-full wp-image-6\" src=\"https:\/\/circutorweb.atic.blue\/wp-content\/uploads\/2014\/07\/en.gif\" alt=\"en\" width=\"18\" height=\"12\" \/><\/a><\/p>\n<\/td>\n<td style=\"width: 10px;\">&nbsp;<\/td>\n<\/tr>\n<\/tbody>\n<\/table>\n","protected":false},"excerpt":{"rendered":"<p>&nbsp; No passado dia 8 de Fevereiro surgiu a not\u00edcia da nova altera\u00e7\u00e3o tarif\u00e1ria na energia el\u00e9ctrica (Espanha). Deixaremos de ter pre\u00e7os por leil\u00f5es trimestrais e passaremos a ter pre\u00e7os para cada hora.&nbsp;Isto significa que um consumidor com um contador inteligente poder\u00e1 pagar segundo o seu consumo cada hora e segundo o pre\u00e7o da electricidade [&hellip;]<\/p>\n","protected":false},"author":1,"featured_media":0,"comment_status":"open","ping_status":"open","sticky":false,"template":"","format":"standard","meta":[],"categories":[],"tags":[],"acf":[],"yoast_head":"<!-- This site is optimized with the Yoast SEO plugin v19.4 - https:\/\/yoast.com\/wordpress\/plugins\/seo\/ -->\n<title>Aproveite a nova tarifa hor\u00e1ria da luz com a CIRCUTOR - CIRCUTOR<\/title>\n<meta name=\"description\" content=\"No passado dia 8 de Fevereiro surgiu a not\u00edcia da nova altera\u00e7\u00e3o tarif\u00e1ria na energia el\u00e9ctrica (Espanha). Deixaremos de ter pre\u00e7os por leil\u00f5es trimestrais e passaremos a ter pre\u00e7os para cada hora.\" \/>\n<meta name=\"robots\" content=\"index, follow, max-snippet:-1, max-image-preview:large, max-video-preview:-1\" \/>\n<link rel=\"canonical\" href=\"https:\/\/circutor.com\/pt-pt\/sem-categoria\/aproveite-a-nova-tarifa-horaria-da-luz-com-a-circutor\/\" \/>\n<meta property=\"og:locale\" content=\"pt_PT\" \/>\n<meta property=\"og:type\" content=\"article\" \/>\n<meta property=\"og:title\" content=\"Aproveite a nova tarifa hor\u00e1ria da luz com a CIRCUTOR - CIRCUTOR\" \/>\n<meta property=\"og:description\" content=\"No passado dia 8 de Fevereiro surgiu a not\u00edcia da nova altera\u00e7\u00e3o tarif\u00e1ria na energia el\u00e9ctrica (Espanha). Deixaremos de ter pre\u00e7os por leil\u00f5es trimestrais e passaremos a ter pre\u00e7os para cada hora.\" \/>\n<meta property=\"og:url\" content=\"https:\/\/circutor.com\/pt-pt\/sem-categoria\/aproveite-a-nova-tarifa-horaria-da-luz-com-a-circutor\/\" \/>\n<meta property=\"og:site_name\" content=\"CIRCUTOR\" \/>\n<meta property=\"article:publisher\" content=\"https:\/\/www.facebook.com\/CIRCUTOR.ES\" \/>\n<meta property=\"article:published_time\" content=\"2014-02-14T23:10:00+00:00\" \/>\n<meta property=\"article:modified_time\" content=\"2022-05-19T14:29:14+00:00\" \/>\n<meta property=\"og:image\" content=\"https:\/\/circutorweb.atic.blue\/wp-content\/uploads\/2014\/02\/factura-electrica.jpg\" \/>\n<meta name=\"author\" content=\"admin\" \/>\n<meta name=\"twitter:card\" content=\"summary_large_image\" \/>\n<meta name=\"twitter:creator\" content=\"@circutor\" \/>\n<meta name=\"twitter:site\" content=\"@circutor\" \/>\n<meta name=\"twitter:label1\" content=\"Escrito por\" \/>\n\t<meta name=\"twitter:data1\" content=\"admin\" \/>\n\t<meta name=\"twitter:label2\" content=\"Tempo estimado de leitura\" \/>\n\t<meta name=\"twitter:data2\" content=\"2 minutos\" \/>\n<script type=\"application\/ld+json\" class=\"yoast-schema-graph\">{\"@context\":\"https:\/\/schema.org\",\"@graph\":[{\"@type\":\"Organization\",\"@id\":\"https:\/\/circutor.com\/#organization\",\"name\":\"Circutor\",\"url\":\"https:\/\/circutor.com\/\",\"sameAs\":[\"https:\/\/www.instagram.com\/circutor_es\",\"https:\/\/www.linkedin.com\/company\/circutor\",\"https:\/\/www.youtube.com\/user\/CIRCUTORoficial\",\"https:\/\/www.facebook.com\/CIRCUTOR.ES\",\"https:\/\/twitter.com\/circutor\"],\"logo\":{\"@type\":\"ImageObject\",\"inLanguage\":\"pt-PT\",\"@id\":\"https:\/\/circutor.com\/#\/schema\/logo\/image\/\",\"url\":\"https:\/\/circutor.com\/wp-content\/uploads\/2020\/09\/CIR_LOGO_RED.png\",\"contentUrl\":\"https:\/\/circutor.com\/wp-content\/uploads\/2020\/09\/CIR_LOGO_RED.png\",\"width\":512,\"height\":128,\"caption\":\"Circutor\"},\"image\":{\"@id\":\"https:\/\/circutor.com\/#\/schema\/logo\/image\/\"}},{\"@type\":\"WebSite\",\"@id\":\"https:\/\/circutor.com\/#website\",\"url\":\"https:\/\/circutor.com\/\",\"name\":\"CIRCUTOR\",\"description\":\"Soluciones para la eficiencia energ\u00e9tica el\u00e9ctrica\",\"publisher\":{\"@id\":\"https:\/\/circutor.com\/#organization\"},\"potentialAction\":[{\"@type\":\"SearchAction\",\"target\":{\"@type\":\"EntryPoint\",\"urlTemplate\":\"https:\/\/circutor.com\/?s={search_term_string}\"},\"query-input\":\"required name=search_term_string\"}],\"inLanguage\":\"pt-PT\"},{\"@type\":\"WebPage\",\"@id\":\"https:\/\/circutor.com\/pt-pt\/sem-categoria\/aproveite-a-nova-tarifa-horaria-da-luz-com-a-circutor\/\",\"url\":\"https:\/\/circutor.com\/pt-pt\/sem-categoria\/aproveite-a-nova-tarifa-horaria-da-luz-com-a-circutor\/\",\"name\":\"Aproveite a nova tarifa hor\u00e1ria da luz com a CIRCUTOR - CIRCUTOR\",\"isPartOf\":{\"@id\":\"https:\/\/circutor.com\/#website\"},\"datePublished\":\"2014-02-14T23:10:00+00:00\",\"dateModified\":\"2022-05-19T14:29:14+00:00\",\"description\":\"No passado dia 8 de Fevereiro surgiu a not\u00edcia da nova altera\u00e7\u00e3o tarif\u00e1ria na energia el\u00e9ctrica (Espanha). Deixaremos de ter pre\u00e7os por leil\u00f5es trimestrais e passaremos a ter pre\u00e7os para cada hora.\",\"breadcrumb\":{\"@id\":\"https:\/\/circutor.com\/pt-pt\/sem-categoria\/aproveite-a-nova-tarifa-horaria-da-luz-com-a-circutor\/#breadcrumb\"},\"inLanguage\":\"pt-PT\",\"potentialAction\":[{\"@type\":\"ReadAction\",\"target\":[\"https:\/\/circutor.com\/pt-pt\/sem-categoria\/aproveite-a-nova-tarifa-horaria-da-luz-com-a-circutor\/\"]}]},{\"@type\":\"BreadcrumbList\",\"@id\":\"https:\/\/circutor.com\/pt-pt\/sem-categoria\/aproveite-a-nova-tarifa-horaria-da-luz-com-a-circutor\/#breadcrumb\",\"itemListElement\":[{\"@type\":\"ListItem\",\"position\":1,\"name\":\"Portada\",\"item\":\"https:\/\/circutor.com\/pt-pt\/\"},{\"@type\":\"ListItem\",\"position\":2,\"name\":\"Aproveite a nova tarifa hor\u00e1ria da luz com a CIRCUTOR\"}]},{\"@type\":\"Article\",\"@id\":\"https:\/\/circutor.com\/pt-pt\/sem-categoria\/aproveite-a-nova-tarifa-horaria-da-luz-com-a-circutor\/#article\",\"isPartOf\":{\"@id\":\"https:\/\/circutor.com\/pt-pt\/sem-categoria\/aproveite-a-nova-tarifa-horaria-da-luz-com-a-circutor\/\"},\"author\":{\"name\":\"admin\",\"@id\":\"https:\/\/circutor.com\/#\/schema\/person\/17d169bdccd6e2367b1ce7182dd31283\"},\"headline\":\"Aproveite a nova tarifa hor\u00e1ria da luz com a CIRCUTOR\",\"datePublished\":\"2014-02-14T23:10:00+00:00\",\"dateModified\":\"2022-05-19T14:29:14+00:00\",\"mainEntityOfPage\":{\"@id\":\"https:\/\/circutor.com\/pt-pt\/sem-categoria\/aproveite-a-nova-tarifa-horaria-da-luz-com-a-circutor\/\"},\"wordCount\":431,\"commentCount\":0,\"publisher\":{\"@id\":\"https:\/\/circutor.com\/#organization\"},\"inLanguage\":\"pt-PT\",\"potentialAction\":[{\"@type\":\"CommentAction\",\"name\":\"Comment\",\"target\":[\"https:\/\/circutor.com\/pt-pt\/sem-categoria\/aproveite-a-nova-tarifa-horaria-da-luz-com-a-circutor\/#respond\"]}]},{\"@type\":\"Person\",\"@id\":\"https:\/\/circutor.com\/#\/schema\/person\/17d169bdccd6e2367b1ce7182dd31283\",\"name\":\"admin\",\"image\":{\"@type\":\"ImageObject\",\"inLanguage\":\"pt-PT\",\"@id\":\"https:\/\/circutor.com\/#\/schema\/person\/image\/\",\"url\":\"https:\/\/circutor.com\/wp-content\/uploads\/2022\/04\/usuario-logo-gris-96x96.png\",\"contentUrl\":\"https:\/\/circutor.com\/wp-content\/uploads\/2022\/04\/usuario-logo-gris-96x96.png\",\"caption\":\"admin\"}}]}<\/script>\n<!-- \/ Yoast SEO plugin. -->","yoast_head_json":{"title":"Aproveite a nova tarifa hor\u00e1ria da luz com a CIRCUTOR - CIRCUTOR","description":"No passado dia 8 de Fevereiro surgiu a not\u00edcia da nova altera\u00e7\u00e3o tarif\u00e1ria na energia el\u00e9ctrica (Espanha). Deixaremos de ter pre\u00e7os por leil\u00f5es trimestrais e passaremos a ter pre\u00e7os para cada hora.","robots":{"index":"index","follow":"follow","max-snippet":"max-snippet:-1","max-image-preview":"max-image-preview:large","max-video-preview":"max-video-preview:-1"},"canonical":"https:\/\/circutor.com\/pt-pt\/sem-categoria\/aproveite-a-nova-tarifa-horaria-da-luz-com-a-circutor\/","og_locale":"pt_PT","og_type":"article","og_title":"Aproveite a nova tarifa hor\u00e1ria da luz com a CIRCUTOR - CIRCUTOR","og_description":"No passado dia 8 de Fevereiro surgiu a not\u00edcia da nova altera\u00e7\u00e3o tarif\u00e1ria na energia el\u00e9ctrica (Espanha). Deixaremos de ter pre\u00e7os por leil\u00f5es trimestrais e passaremos a ter pre\u00e7os para cada hora.","og_url":"https:\/\/circutor.com\/pt-pt\/sem-categoria\/aproveite-a-nova-tarifa-horaria-da-luz-com-a-circutor\/","og_site_name":"CIRCUTOR","article_publisher":"https:\/\/www.facebook.com\/CIRCUTOR.ES","article_published_time":"2014-02-14T23:10:00+00:00","article_modified_time":"2022-05-19T14:29:14+00:00","og_image":[{"url":"https:\/\/circutorweb.atic.blue\/wp-content\/uploads\/2014\/02\/factura-electrica.jpg"}],"author":"admin","twitter_card":"summary_large_image","twitter_creator":"@circutor","twitter_site":"@circutor","twitter_misc":{"Escrito por":"admin","Tempo estimado de leitura":"2 minutos"},"schema":{"@context":"https:\/\/schema.org","@graph":[{"@type":"Organization","@id":"https:\/\/circutor.com\/#organization","name":"Circutor","url":"https:\/\/circutor.com\/","sameAs":["https:\/\/www.instagram.com\/circutor_es","https:\/\/www.linkedin.com\/company\/circutor","https:\/\/www.youtube.com\/user\/CIRCUTORoficial","https:\/\/www.facebook.com\/CIRCUTOR.ES","https:\/\/twitter.com\/circutor"],"logo":{"@type":"ImageObject","inLanguage":"pt-PT","@id":"https:\/\/circutor.com\/#\/schema\/logo\/image\/","url":"https:\/\/circutor.com\/wp-content\/uploads\/2020\/09\/CIR_LOGO_RED.png","contentUrl":"https:\/\/circutor.com\/wp-content\/uploads\/2020\/09\/CIR_LOGO_RED.png","width":512,"height":128,"caption":"Circutor"},"image":{"@id":"https:\/\/circutor.com\/#\/schema\/logo\/image\/"}},{"@type":"WebSite","@id":"https:\/\/circutor.com\/#website","url":"https:\/\/circutor.com\/","name":"CIRCUTOR","description":"Soluciones para la eficiencia energ\u00e9tica el\u00e9ctrica","publisher":{"@id":"https:\/\/circutor.com\/#organization"},"potentialAction":[{"@type":"SearchAction","target":{"@type":"EntryPoint","urlTemplate":"https:\/\/circutor.com\/?s={search_term_string}"},"query-input":"required name=search_term_string"}],"inLanguage":"pt-PT"},{"@type":"WebPage","@id":"https:\/\/circutor.com\/pt-pt\/sem-categoria\/aproveite-a-nova-tarifa-horaria-da-luz-com-a-circutor\/","url":"https:\/\/circutor.com\/pt-pt\/sem-categoria\/aproveite-a-nova-tarifa-horaria-da-luz-com-a-circutor\/","name":"Aproveite a nova tarifa hor\u00e1ria da luz com a CIRCUTOR - CIRCUTOR","isPartOf":{"@id":"https:\/\/circutor.com\/#website"},"datePublished":"2014-02-14T23:10:00+00:00","dateModified":"2022-05-19T14:29:14+00:00","description":"No passado dia 8 de Fevereiro surgiu a not\u00edcia da nova altera\u00e7\u00e3o tarif\u00e1ria na energia el\u00e9ctrica (Espanha). Deixaremos de ter pre\u00e7os por leil\u00f5es trimestrais e passaremos a ter pre\u00e7os para cada hora.","breadcrumb":{"@id":"https:\/\/circutor.com\/pt-pt\/sem-categoria\/aproveite-a-nova-tarifa-horaria-da-luz-com-a-circutor\/#breadcrumb"},"inLanguage":"pt-PT","potentialAction":[{"@type":"ReadAction","target":["https:\/\/circutor.com\/pt-pt\/sem-categoria\/aproveite-a-nova-tarifa-horaria-da-luz-com-a-circutor\/"]}]},{"@type":"BreadcrumbList","@id":"https:\/\/circutor.com\/pt-pt\/sem-categoria\/aproveite-a-nova-tarifa-horaria-da-luz-com-a-circutor\/#breadcrumb","itemListElement":[{"@type":"ListItem","position":1,"name":"Portada","item":"https:\/\/circutor.com\/pt-pt\/"},{"@type":"ListItem","position":2,"name":"Aproveite a nova tarifa hor\u00e1ria da luz com a CIRCUTOR"}]},{"@type":"Article","@id":"https:\/\/circutor.com\/pt-pt\/sem-categoria\/aproveite-a-nova-tarifa-horaria-da-luz-com-a-circutor\/#article","isPartOf":{"@id":"https:\/\/circutor.com\/pt-pt\/sem-categoria\/aproveite-a-nova-tarifa-horaria-da-luz-com-a-circutor\/"},"author":{"name":"admin","@id":"https:\/\/circutor.com\/#\/schema\/person\/17d169bdccd6e2367b1ce7182dd31283"},"headline":"Aproveite a nova tarifa hor\u00e1ria da luz com a CIRCUTOR","datePublished":"2014-02-14T23:10:00+00:00","dateModified":"2022-05-19T14:29:14+00:00","mainEntityOfPage":{"@id":"https:\/\/circutor.com\/pt-pt\/sem-categoria\/aproveite-a-nova-tarifa-horaria-da-luz-com-a-circutor\/"},"wordCount":431,"commentCount":0,"publisher":{"@id":"https:\/\/circutor.com\/#organization"},"inLanguage":"pt-PT","potentialAction":[{"@type":"CommentAction","name":"Comment","target":["https:\/\/circutor.com\/pt-pt\/sem-categoria\/aproveite-a-nova-tarifa-horaria-da-luz-com-a-circutor\/#respond"]}]},{"@type":"Person","@id":"https:\/\/circutor.com\/#\/schema\/person\/17d169bdccd6e2367b1ce7182dd31283","name":"admin","image":{"@type":"ImageObject","inLanguage":"pt-PT","@id":"https:\/\/circutor.com\/#\/schema\/person\/image\/","url":"https:\/\/circutor.com\/wp-content\/uploads\/2022\/04\/usuario-logo-gris-96x96.png","contentUrl":"https:\/\/circutor.com\/wp-content\/uploads\/2022\/04\/usuario-logo-gris-96x96.png","caption":"admin"}}]}},"_links":{"self":[{"href":"https:\/\/circutor.com\/pt-pt\/wp-json\/wp\/v2\/posts\/10711"}],"collection":[{"href":"https:\/\/circutor.com\/pt-pt\/wp-json\/wp\/v2\/posts"}],"about":[{"href":"https:\/\/circutor.com\/pt-pt\/wp-json\/wp\/v2\/types\/post"}],"author":[{"embeddable":true,"href":"https:\/\/circutor.com\/pt-pt\/wp-json\/wp\/v2\/users\/1"}],"replies":[{"embeddable":true,"href":"https:\/\/circutor.com\/pt-pt\/wp-json\/wp\/v2\/comments?post=10711"}],"version-history":[{"count":0,"href":"https:\/\/circutor.com\/pt-pt\/wp-json\/wp\/v2\/posts\/10711\/revisions"}],"wp:attachment":[{"href":"https:\/\/circutor.com\/pt-pt\/wp-json\/wp\/v2\/media?parent=10711"}],"wp:term":[{"taxonomy":"category","embeddable":true,"href":"https:\/\/circutor.com\/pt-pt\/wp-json\/wp\/v2\/categories?post=10711"},{"taxonomy":"post_tag","embeddable":true,"href":"https:\/\/circutor.com\/pt-pt\/wp-json\/wp\/v2\/tags?post=10711"}],"curies":[{"name":"wp","href":"https:\/\/api.w.org\/{rel}","templated":true}]}}