{"id":16215,"date":"2022-04-08T13:44:43","date_gmt":"2022-04-08T11:44:43","guid":{"rendered":"https:\/\/circutor.com\/?p=16215"},"modified":"2022-04-19T15:54:56","modified_gmt":"2022-04-19T13:54:56","slug":"aspectos-clave-para-realizar-una-instalacion-de-puntos-de-recarga-en-viviendas","status":"publish","type":"post","link":"https:\/\/circutor.com\/fr\/articles-fr\/aspectos-clave-para-realizar-una-instalacion-de-puntos-de-recarga-en-viviendas\/","title":{"rendered":"Principaux aspects de l&rsquo;installation de points de recharge dans les logements"},"content":{"rendered":"<p>[vc_row][vc_column][vc_column_text]Cinq ans en arri\u00e8re, peu d&rsquo;entre nous pensaient que la mobilit\u00e9 \u00e9lectrique serait d\u00e9j\u00e0 per\u00e7ue en 2021 comme une option de pr\u00e9sent et d&rsquo;avenir par rapport aux v\u00e9hicules \u00e0 combustion interne traditionnels.<\/p>\n<p>Les constructeurs, pouss\u00e9s dans de nombreux cas par les lignes directrices europ\u00e9ennes et leurs sanctions \u00e9ventuelles, ont chang\u00e9 leur attitude vis-\u00e0-vis des v\u00e9hicules \u00e9lectriques, en annon\u00e7ant de plus en plus de mod\u00e8les avec des versions \u00e9lectrifi\u00e9es. Il suffit de se mettre devant la t\u00e9l\u00e9vision pour comprendre qu&rsquo;aucune marque ne semble vouloir rester \u00e0 la tra\u00eene. Il y a de nombreuses publicit\u00e9s de voitures et presque toutes comprennent des mod\u00e8les \u00e9lectrifi\u00e9s, dont on souligne toujours le caract\u00e8re propre, silencieux et \u00e9cologique.<\/p>\n<p>Pour les consommateurs, de plus en plus <em>eco-friendly<\/em>, le prix des produits durables est un v\u00e9ritable frein. C&rsquo;est pourquoi le plan d&rsquo;aide \u00e0 la circulation MOVES a \u00e9t\u00e9 lanc\u00e9 par l&rsquo;administration, dont c&rsquo;est la troisi\u00e8me \u00e9dition cette ann\u00e9e. <strong>Gr\u00e2ce \u00e0 ces aides, un particulier peut \u00e9conomiser entre 4500 et 7000 \u20ac pour l&rsquo;acquisition du v\u00e9hicule en plus de 70 \u00e0 80 % sur le co\u00fbt total de l&rsquo;installation du point de recharge.<\/strong><\/p>\n<p>Les doutes que ces v\u00e9hicules ont suscit\u00e9s quant \u00e0 leur rechargement ont \u00e9t\u00e9 un autre facteur qui a limit\u00e9 leur expansion, notamment dans des endroits comme les copropri\u00e9t\u00e9s.<\/p>\n<p>Les constructeurs automobiles choisissent de plus en plus de proposer et de promouvoir des modes \u00e9lectriques. Mais de nombreux doutes subsistent \u00e0 ce sujet. Nous r\u00e9pondons ci-apr\u00e8s aux plus fr\u00e9quents.<a href=\"#_ednref1\" name=\"_edn1\"><\/a><\/p>\n<p>&nbsp;<\/p>\n<p><span style=\"font-size: 18pt;\"><strong>Comment vais-je charger ma voiture\u00a0?<\/strong><\/span><\/p>\n<h5>Les performances en mati\u00e8re de rechargement de votre v\u00e9hicule<\/h5>\n<p>La plupart des v\u00e9hicules disposent actuellement d&rsquo;un connecteur normalis\u00e9 de type 2, qui permet une recharge en monophas\u00e9 \u00e0 32 amp\u00e8res (7,4\u00a0kW), probablement plus puissante que celle dont vous disposez dans votre logement. Dans ce cas, vous avez besoin d&rsquo;un chargeur monophas\u00e9 et, si possible, d&rsquo;un tuyau avec connecteur de type 2 pour ne pas avoir \u00e0 utiliser un c\u00e2ble externe. Comme il s&rsquo;agit d&rsquo;un connecteur normalis\u00e9, il n&rsquo;est pas n\u00e9cessaire de le remplacer en cas de changement de v\u00e9hicule.<\/p>\n<p>Si vous achetez un v\u00e9hicule capable de recharger en triphas\u00e9, et si vous avez un logement avec une disponibilit\u00e9 de raccordement triphas\u00e9, vous pouvez profiter de recharges \u00e0 plus grande puissance et ainsi vous assurer que la voiture est toujours recharg\u00e9e quand vous en avez besoin.<\/p>\n<p>[vc_empty_space height=\u00a0\u00bb20px\u00a0\u00bb][\/vc_column_text][vc_single_image image=\u00a0\u00bb16232&Prime; img_size=\u00a0\u00bblarge\u00a0\u00bb alignment=\u00a0\u00bbcenter\u00a0\u00bb][vc_column_text]<\/p>\n<p style=\"text-align: center;\"><span style=\"color: #426da8;\"><strong>eNext<\/strong>, Bo\u00eetier de recharge intelligent pour installations domestiques permettant \u00e0 tout utilisateur de recharger son v\u00e9hicule \u00e9lectrique, quel qu&rsquo;en soit le constructeur.<\/span><\/p>\n<p>[vc_empty_space height=\u00a0\u00bb10px\u00a0\u00bb][\/vc_column_text][vc_column_text]<strong><span style=\"font-size: 18pt;\">Combien de temps dure la recharge de ma voiture\u00a0?<\/span><\/strong><\/p>\n<p>Si quelqu&rsquo;un a souscrit 5,75 kW (25 amp\u00e8res), on pourrait utiliser la plupart de cette puissance pour recharger la nuit et donner environ 300 km d&rsquo;autonomie au v\u00e9hicule en 8 heures. Le meilleur alli\u00e9 pour optimiser l&rsquo;utilisation de la puissance souscrite serait un dispositif comme CirBEON qui, en temps r\u00e9el, offre au v\u00e9hicule la puissance exc\u00e9dentaire du logement.<\/p>\n<p>[vc_empty_space height=\u00a0\u00bb20px\u00a0\u00bb][\/vc_column_text][vc_single_image image=\u00a0\u00bb18747&Prime; img_size=\u00a0\u00bblarge\u00a0\u00bb alignment=\u00a0\u00bbcenter\u00a0\u00bb][vc_column_text]<\/p>\n<p style=\"text-align: center;\"><span style=\"color: #426da8;\"><strong>eHome CirBEON Sensor, <\/strong>s&rsquo;installe facilement dans le tableau \u00e9lectrique domestique et ajuste dynamiquement la consommation du v\u00e9hicule \u00e9lectrique lorsqu&rsquo;une surcharge est sur le point de se produire.<\/span><\/p>\n<p>[vc_empty_space height=\u00a0\u00bb10px\u00a0\u00bb][\/vc_column_text][vc_column_text]Une autre option est, gr\u00e2ce au changement de tarifs publi\u00e9 dans la circulaire 3\/2020 du BOE, de souscrire une puissance sup\u00e9rieure pendant la nuit (heures creuses) par rapport \u00e0 la journ\u00e9e (heures de pointe et pleines). Ainsi, les conditions des nouveaux tarifs sont optimis\u00e9es, comme le 2.0TD, dans lequel non seulement l&rsquo;\u00e9nergie est moins ch\u00e8re pendant les heures creuses, mais la prime de puissance l&rsquo;est bien moins encore.<a href=\"#_ednref1\" name=\"_edn1\"><\/a><\/p>\n<p>[vc_empty_space height=\u00a0\u00bb20px\u00a0\u00bb][\/vc_column_text][vc_single_image image=\u00a0\u00bb17248&Prime; img_size=\u00a0\u00bblarge\u00a0\u00bb alignment=\u00a0\u00bbcenter\u00a0\u00bb][vc_column_text]Pour que vous puissiez vous faire une id\u00e9e, dans le tableau suivant, vous pouvez observer la vitesse de recharge (exprim\u00e9e en\u00a0km d&rsquo;autonomie par heure de rechargement) que vous obtenez en fonction de la puissance configur\u00e9e sur votre chargeur.<\/p>\n<table style=\"height: 151px; width: 100%; border-collapse: collapse; border-color: #b1b2b3; background-color: #ffffff;\">\n<tbody>\n<tr style=\"height: 24px;\">\n<td style=\"width: 100%; height: 31px; background-color: #e7e8e9; text-align: center;\" colspan=\"6\">CA monophas\u00e9 (230 V)<\/td>\n<\/tr>\n<tr style=\"height: 24px;\">\n<td style=\"width: 16.6667%; height: 24px; border-style: solid; border-color: #b1b2b3;\">\u00a0 \u00a0Courant<\/td>\n<td style=\"width: 16.6667%; height: 24px; border-style: solid; border-color: #b1b2b3;\">\u00a0 \u00a0 10 A<\/td>\n<td style=\"width: 16.6667%; height: 24px; border-style: solid; border-color: #b1b2b3;\">\u00a0 \u00a0 16 A<\/td>\n<td style=\"width: 16.6667%; height: 24px; border-style: solid; border-color: #b1b2b3;\">\u00a0 \u00a0 20 A<\/td>\n<td style=\"width: 16.6667%; height: 24px; border-style: solid; border-color: #b1b2b3;\">\u00a0 \u00a0 25 A<\/td>\n<td style=\"width: 16.6667%; height: 24px; border-style: solid; border-color: #b1b2b3;\">\u00a0 \u00a0 32 A<\/td>\n<\/tr>\n<tr style=\"height: 24px;\">\n<td style=\"width: 16.6667%; height: 24px; border-style: solid; border-color: #b1b2b3;\">\u00a0 \u00a0Puissance<\/td>\n<td style=\"width: 16.6667%; height: 24px; border-style: solid; border-color: #b1b2b3;\">\u00a0 \u00a0 2.3 kW<\/td>\n<td style=\"width: 16.6667%; height: 24px; border-style: solid; border-color: #b1b2b3;\">\u00a0 \u00a0 3.7 kW<\/td>\n<td style=\"width: 16.6667%; height: 24px; border-style: solid; border-color: #b1b2b3;\">\u00a0 \u00a0 4.6 kW<\/td>\n<td style=\"width: 16.6667%; height: 24px; border-style: solid; border-color: #b1b2b3;\">\u00a0 \u00a0 5.75 kW<\/td>\n<td style=\"width: 16.6667%; height: 24px; border-style: solid; border-color: #b1b2b3;\">\u00a0 \u00a0 7.4 kW<\/td>\n<\/tr>\n<tr style=\"height: 24px;\">\n<td style=\"width: 16.6667%; height: 24px; background-color: #e7e8e9; border-style: solid; border-color: #b1b2b3;\">\u00a0 \u00a0Vitesse*<\/td>\n<td style=\"width: 16.6667%; height: 24px; background-color: #ff5d3f; border-style: solid; border-color: #b1b2b3;\"><span style=\"color: #ffffff;\">\u00a0 \u00a0 15 km\/h<\/span><\/td>\n<td style=\"width: 16.6667%; height: 24px; background-color: #ffbf3f; border-style: solid; border-color: #b1b2b3;\">\u00a0 \u00a0 25 km\/h<\/td>\n<td style=\"width: 16.6667%; height: 24px; background-color: #ffe640; border-style: solid; border-color: #b1b2b3;\">\u00a0 \u00a0 30 km\/h<\/td>\n<td style=\"width: 16.6667%; height: 24px; background-color: #d3f56e; border-style: solid; border-color: #b1b2b3;\">\u00a0 \u00a0 40 km\/h<\/td>\n<td style=\"width: 16.6667%; height: 24px; background-color: #a3ed42; border-style: solid; border-color: #b1b2b3;\">\u00a0 \u00a0 50 km\/h<\/td>\n<\/tr>\n<tr style=\"height: 48px;\">\n<td style=\"width: 100%; height: 48px;\" colspan=\"6\"><em>Tableau 1 &#8211; Tableau de vitesse de recharge en CA<\/em><\/td>\n<\/tr>\n<\/tbody>\n<\/table>\n<p>&nbsp;<\/p>\n<p>Pendant les longs trajets, o\u00f9 une recharge est n\u00e9cessaire pendant le trajet, ces vitesses de recharge peuvent s&rsquo;av\u00e9rer insuffisantes et il faut opter pour une recharge \u00e0 plus grande puissance dans une station de recharge en courant continu. En fonction de votre v\u00e9hicule, vous pouvez recharger \u00e0 des puissances de 50 \u00e0 150\u00a0kW. Certains mod\u00e8les permettent m\u00eame des pics de charge allant jusqu&rsquo;\u00e0 350\u00a0kW.<\/p>\n<p>Suivant la m\u00eame analogie que pour la recharge nocturne, il s&rsquo;agit de l&rsquo;autonomie acquise par minute de recharge en courant continu\u00a0:<\/p>\n<table style=\"height: 151px; width: 100%; border-collapse: collapse; border-color: #b1b2b3; background-color: #ffffff;\">\n<tbody>\n<tr style=\"height: 24px;\">\n<td style=\"width: 83.3335%; height: 31px; background-color: #e7e8e9; text-align: center;\" colspan=\"5\">CC<\/td>\n<\/tr>\n<tr style=\"height: 24px;\">\n<td style=\"width: 16.6667%; height: 24px; border-style: solid; border-color: #b1b2b3;\">\u00a0 \u00a0Puissance<\/td>\n<td style=\"width: 16.6667%; height: 24px; border-style: solid; border-color: #b1b2b3;\">\u00a0 \u00a0 50 kW<\/td>\n<td style=\"width: 16.6667%; height: 24px; border-style: solid; border-color: #b1b2b3;\">\u00a0 \u00a0 100 kW<\/td>\n<td style=\"width: 16.6667%; height: 24px; border-style: solid; border-color: #b1b2b3;\">\u00a0 \u00a0 150 kW<\/td>\n<td style=\"width: 16.6667%; height: 24px; border-style: solid; border-color: #b1b2b3;\">\u00a0 \u00a0 350 kW<\/td>\n<\/tr>\n<tr style=\"height: 24px;\">\n<td style=\"width: 16.6667%; height: 24px; background-color: #e7e8e9; border-style: solid; border-color: #b1b2b3;\">\u00a0 \u00a0Vitesse*<\/td>\n<td style=\"width: 16.6667%; height: 24px; background-color: #d3f56e; border-style: solid; border-color: #b1b2b3;\">\u00a0 \u00a0 5 km\/min<\/td>\n<td style=\"width: 16.6667%; height: 24px; background-color: #bceb2f; border-style: solid; border-color: #b1b2b3;\">\u00a0 \u00a0 100 km\/min<\/td>\n<td style=\"width: 16.6667%; height: 24px; background-color: #a3ed42; border-style: solid; border-color: #b1b2b3;\">\u00a0 \u00a0 15 km\/min<\/td>\n<td style=\"width: 16.6667%; height: 24px; background-color: #85db14; border-style: solid; border-color: #b1b2b3;\">\u00a0 \u00a0 35 km\/min<\/td>\n<\/tr>\n<tr style=\"height: 48px;\">\n<td style=\"width: 83.3335%; height: 48px;\" colspan=\"5\"><em>Tableau 2 &#8211; Tableau de vitesse de recharge en CC<\/em><\/td>\n<\/tr>\n<\/tbody>\n<\/table>\n<p>[vc_empty_space height=\u00a0\u00bb20px\u00a0\u00bb][\/vc_column_text][vc_column_text]<strong><span style=\"font-size: 18pt;\">Et si on essaye de me voler l&rsquo;\u00e9nergie\u00a0?<\/span><\/strong><\/p>\n<p>Une autre pr\u00e9occupation courante, surtout dans les copropri\u00e9t\u00e9s, est de pouvoir limiter l&rsquo;utilisation du chargeur lorsque la voiture n&rsquo;est pas \u00e0 sa place. Chez Circutor, nous disposons de diff\u00e9rentes m\u00e9thodes d&rsquo;authentification sur nos chargeurs, les plus courantes \u00e9tant l&rsquo;authentification via application de Smartphone et l&rsquo;utilisation de cartes RFID. Les deux syst\u00e8mes sont faciles \u00e0 utiliser et le choix se fait selon vos pr\u00e9f\u00e9rences.<a href=\"#_ednref1\" name=\"_edn1\"><\/a><\/p>\n<p>[vc_empty_space height=\u00a0\u00bb20px\u00a0\u00bb][\/vc_column_text][vc_single_image image=\u00a0\u00bb16249&Prime; img_size=\u00a0\u00bblarge\u00a0\u00bb alignment=\u00a0\u00bbcenter\u00a0\u00bb][vc_column_text]<\/p>\n<p style=\"text-align: center;\"><span style=\"color: #426da8;\">Carte RFID pour l&rsquo;authentification des utilisateurs sur les chargeurs de v\u00e9hicules \u00e9lectriques<\/span><\/p>\n<p>[vc_empty_space height=\u00a0\u00bb10px\u00a0\u00bb][\/vc_column_text][vc_column_text]<strong><span style=\"font-size: 18pt;\">Le processus de recharge est-il s\u00fbr\u00a0?<\/span><\/strong><\/p>\n<p>La s\u00e9curit\u00e9 \u00e9lectrique est le facteur le plus d\u00e9terminant au moment de l\u00e9gif\u00e9rer sur l&rsquo;implantation de la mobilit\u00e9 \u00e9lectrique. Les lignes directrices europ\u00e9ennes ou les r\u00e9glementations nationales qui en d\u00e9coulent encouragent \u00e0 doter toute installation consacr\u00e9e \u00e0 la recharge de v\u00e9hicules \u00e9lectriques de dispositifs de s\u00e9curit\u00e9 appropri\u00e9s.<\/p>\n<p>Conform\u00e9ment au r\u00e8glement \u00e9lectrotechnique basse tension dans son instruction technique compl\u00e9mentaire ITC-BT-52, cela inclut tout d&rsquo;abord une protection contre les surintensit\u00e9s, qui est dimensionn\u00e9e en fonction de la puissance que peut fournir le point de recharge. Nous devons \u00e9galement inclure pour chaque prise de recharge un protecteur contre les contacts directs et indirects, qui se traduit par un interrupteur diff\u00e9rentiel au moins de type A, m\u00eame s&rsquo;il est recommand\u00e9 d&rsquo;ajouter un dispositif assurant \u00e9galement la d\u00e9connexion en cas de fuite de 6 mA en courant continu. Enfin, vous devez doter l&rsquo;installation d&rsquo;un protecteur contre les surtensions, permanentes et transitoires.<\/p>\n<p>Une bonne m\u00e9thode pour faciliter l&rsquo;installation de tous ces \u00e9l\u00e9ments est de disposer d&rsquo;un tableau \u00e9lectrique pr\u00e9mont\u00e9, comme ceux de la s\u00e9rie <strong>COFRET <\/strong>que propose Circutor :<\/p>\n<p>[vc_empty_space height=\u00a0\u00bb20px\u00a0\u00bb][\/vc_column_text][vc_single_image image=\u00a0\u00bb12283&Prime; img_size=\u00a0\u00bblarge\u00a0\u00bb alignment=\u00a0\u00bbcenter\u00a0\u00bb][vc_column_text]<\/p>\n<p style=\"text-align: center;\"><span style=\"color: #426da8;\"><strong>COFRET<\/strong>, bo\u00eetier de protection pour les points de recharge monophas\u00e9s<\/span><\/p>\n<p>[vc_empty_space height=\u00a0\u00bb10px\u00a0\u00bb][\/vc_column_text][vc_column_text]<span style=\"font-size: 18pt;\"><strong>Qui m&rsquo;installe le point de recharge ?<\/strong><\/span><\/p>\n<p>L&rsquo;installation d&rsquo;un point de recharge domestique exige rarement de projet technique, les sp\u00e9cifications techniques de l&rsquo;installateur suffisent la plupart du temps. C&rsquo;est pourquoi, le plus pratique est de <strong>consulter votre installateur de confiance ou tout installateur qualifi\u00e9<\/strong>, afin que ce soit lui qui vous offre le service d&rsquo;installation du devis jusqu&rsquo;\u00e0 sa mise en service.<\/p>\n<p><strong>Certains constructeurs automobiles travaillent avec des soci\u00e9t\u00e9s locales d&rsquo;installation pour fournir l&rsquo;installation du point de recharge au moment de l&rsquo;acquisition du v\u00e9hicule.<\/strong> Une autre option consiste \u00e0 contacter votre distributeur d&rsquo;\u00e9lectricit\u00e9, car il propose \u00e9galement l&rsquo;installation de points de recharge \u00e0 ses clients.<\/p>\n<p>En d\u00e9finitive, bien que les utilisateurs aient encore beaucoup de doutes quant aux v\u00e9hicules et \u00e0 leur recharge, leurs avantages sont \u00e9vidents.<\/p>\n<p>[vc_empty_space height=\u00a0\u00bb20px\u00a0\u00bb][\/vc_column_text][\/vc_column][\/vc_row][vc_row][vc_column][vc_column_text]<a href=\"https:\/\/circutor.com\/fr\/produits\/recharge-intelligente-pour-vehicules-electriques\/\"><strong>Plus d&rsquo;informations \u2192<\/strong><\/a><\/p>\n<p>&nbsp;<\/p>\n<p><em><strong>Enlaces externos:<\/strong><\/em><\/p>\n<p><a href=\"https:\/\/www.idae.es\/en\/node\/23186\"><strong>Programme MOVES III\u2192<\/strong><\/a><\/p>\n<p>[vc_empty_space height=\u00a0\u00bb10px\u00a0\u00bb][\/vc_column_text][\/vc_column][\/vc_row]<\/p>\n","protected":false},"excerpt":{"rendered":"<p>[vc_row][vc_column][vc_column_text]Cinq ans en arri\u00e8re, peu d&rsquo;entre nous pensaient que la mobilit\u00e9 \u00e9lectrique serait d\u00e9j\u00e0 per\u00e7ue en 2021 comme une option de pr\u00e9sent et d&rsquo;avenir par rapport aux v\u00e9hicules \u00e0 combustion interne traditionnels. Les constructeurs, pouss\u00e9s dans de nombreux cas par les lignes directrices europ\u00e9ennes et leurs sanctions \u00e9ventuelles, ont chang\u00e9 leur attitude vis-\u00e0-vis des v\u00e9hicules [&hellip;]<\/p>\n","protected":false},"author":6,"featured_media":16221,"comment_status":"open","ping_status":"open","sticky":false,"template":"","format":"standard","meta":[],"categories":[3522],"tags":[3591,3641,3651],"acf":[],"yoast_head":"<!-- This site is optimized with the Yoast SEO plugin v19.4 - https:\/\/yoast.com\/wordpress\/plugins\/seo\/ -->\n<title>Principaux aspects de l&#039;installation de points de recharge dans les logements - CIRCUTOR<\/title>\n<meta name=\"description\" content=\"Cinq ans en arri\u00e8re, peu d&#039;entre nous pensaient que la mobilit\u00e9 \u00e9lectrique serait d\u00e9j\u00e0 per\u00e7ue en 2021 comme une option de pr\u00e9sent et d&#039;avenir par rapport aux v\u00e9hicules \u00e0 combustion interne traditionnels.\" \/>\n<meta name=\"robots\" content=\"index, follow, max-snippet:-1, max-image-preview:large, max-video-preview:-1\" \/>\n<link rel=\"canonical\" href=\"https:\/\/circutor.com\/fr\/articles-fr\/aspectos-clave-para-realizar-una-instalacion-de-puntos-de-recarga-en-viviendas\/\" \/>\n<meta property=\"og:locale\" content=\"fr_FR\" \/>\n<meta property=\"og:type\" content=\"article\" \/>\n<meta property=\"og:title\" content=\"Principaux aspects de l&#039;installation de points de recharge dans les logements - CIRCUTOR\" \/>\n<meta property=\"og:description\" content=\"Cinq ans en arri\u00e8re, peu d&#039;entre nous pensaient que la mobilit\u00e9 \u00e9lectrique serait d\u00e9j\u00e0 per\u00e7ue en 2021 comme une option de pr\u00e9sent et d&#039;avenir par rapport aux v\u00e9hicules \u00e0 combustion interne traditionnels.\" \/>\n<meta property=\"og:url\" content=\"https:\/\/circutor.com\/fr\/articles-fr\/aspectos-clave-para-realizar-una-instalacion-de-puntos-de-recarga-en-viviendas\/\" \/>\n<meta property=\"og:site_name\" content=\"CIRCUTOR\" \/>\n<meta property=\"article:publisher\" content=\"https:\/\/www.facebook.com\/CIRCUTOR.ES\" \/>\n<meta property=\"article:published_time\" content=\"2022-04-08T11:44:43+00:00\" \/>\n<meta property=\"article:modified_time\" content=\"2022-04-19T13:54:56+00:00\" \/>\n<meta property=\"og:image\" content=\"https:\/\/circutor.com\/wp-content\/uploads\/2022\/03\/FSB_Recarga_VE_Domestica.jpg\" \/>\n\t<meta property=\"og:image:width\" content=\"1920\" \/>\n\t<meta property=\"og:image:height\" content=\"1080\" \/>\n\t<meta property=\"og:image:type\" content=\"image\/jpeg\" \/>\n<meta name=\"author\" content=\"Circutor\" \/>\n<meta name=\"twitter:card\" content=\"summary_large_image\" \/>\n<meta name=\"twitter:creator\" content=\"@circutor\" \/>\n<meta name=\"twitter:site\" content=\"@circutor\" \/>\n<meta name=\"twitter:label1\" content=\"\u00c9crit par\" \/>\n\t<meta name=\"twitter:data1\" content=\"Circutor\" \/>\n\t<meta name=\"twitter:label2\" content=\"Dur\u00e9e de lecture estim\u00e9e\" \/>\n\t<meta name=\"twitter:data2\" content=\"6 minutes\" \/>\n<script type=\"application\/ld+json\" class=\"yoast-schema-graph\">{\"@context\":\"https:\/\/schema.org\",\"@graph\":[{\"@type\":\"Organization\",\"@id\":\"https:\/\/circutor.com\/#organization\",\"name\":\"Circutor\",\"url\":\"https:\/\/circutor.com\/\",\"sameAs\":[\"https:\/\/www.instagram.com\/circutor_es\",\"https:\/\/www.linkedin.com\/company\/circutor\",\"https:\/\/www.youtube.com\/user\/CIRCUTORoficial\",\"https:\/\/www.facebook.com\/CIRCUTOR.ES\",\"https:\/\/twitter.com\/circutor\"],\"logo\":{\"@type\":\"ImageObject\",\"inLanguage\":\"fr-FR\",\"@id\":\"https:\/\/circutor.com\/#\/schema\/logo\/image\/\",\"url\":\"https:\/\/circutor.com\/wp-content\/uploads\/2020\/09\/CIR_LOGO_RED.png\",\"contentUrl\":\"https:\/\/circutor.com\/wp-content\/uploads\/2020\/09\/CIR_LOGO_RED.png\",\"width\":512,\"height\":128,\"caption\":\"Circutor\"},\"image\":{\"@id\":\"https:\/\/circutor.com\/#\/schema\/logo\/image\/\"}},{\"@type\":\"WebSite\",\"@id\":\"https:\/\/circutor.com\/#website\",\"url\":\"https:\/\/circutor.com\/\",\"name\":\"CIRCUTOR\",\"description\":\"Soluciones para la eficiencia energ\u00e9tica el\u00e9ctrica\",\"publisher\":{\"@id\":\"https:\/\/circutor.com\/#organization\"},\"potentialAction\":[{\"@type\":\"SearchAction\",\"target\":{\"@type\":\"EntryPoint\",\"urlTemplate\":\"https:\/\/circutor.com\/?s={search_term_string}\"},\"query-input\":\"required name=search_term_string\"}],\"inLanguage\":\"fr-FR\"},{\"@type\":\"WebPage\",\"@id\":\"https:\/\/circutor.com\/fr\/articles-fr\/aspectos-clave-para-realizar-una-instalacion-de-puntos-de-recarga-en-viviendas\/\",\"url\":\"https:\/\/circutor.com\/fr\/articles-fr\/aspectos-clave-para-realizar-una-instalacion-de-puntos-de-recarga-en-viviendas\/\",\"name\":\"Principaux aspects de l'installation de points de recharge dans les logements - CIRCUTOR\",\"isPartOf\":{\"@id\":\"https:\/\/circutor.com\/#website\"},\"datePublished\":\"2022-04-08T11:44:43+00:00\",\"dateModified\":\"2022-04-19T13:54:56+00:00\",\"description\":\"Cinq ans en arri\u00e8re, peu d'entre nous pensaient que la mobilit\u00e9 \u00e9lectrique serait d\u00e9j\u00e0 per\u00e7ue en 2021 comme une option de pr\u00e9sent et d'avenir par rapport aux v\u00e9hicules \u00e0 combustion interne traditionnels.\",\"breadcrumb\":{\"@id\":\"https:\/\/circutor.com\/fr\/articles-fr\/aspectos-clave-para-realizar-una-instalacion-de-puntos-de-recarga-en-viviendas\/#breadcrumb\"},\"inLanguage\":\"fr-FR\",\"potentialAction\":[{\"@type\":\"ReadAction\",\"target\":[\"https:\/\/circutor.com\/fr\/articles-fr\/aspectos-clave-para-realizar-una-instalacion-de-puntos-de-recarga-en-viviendas\/\"]}]},{\"@type\":\"BreadcrumbList\",\"@id\":\"https:\/\/circutor.com\/fr\/articles-fr\/aspectos-clave-para-realizar-una-instalacion-de-puntos-de-recarga-en-viviendas\/#breadcrumb\",\"itemListElement\":[{\"@type\":\"ListItem\",\"position\":1,\"name\":\"Portada\",\"item\":\"https:\/\/circutor.com\/fr\/\"},{\"@type\":\"ListItem\",\"position\":2,\"name\":\"Principaux aspects de l&rsquo;installation de points de recharge dans les logements\"}]},{\"@type\":\"Article\",\"@id\":\"https:\/\/circutor.com\/fr\/articles-fr\/aspectos-clave-para-realizar-una-instalacion-de-puntos-de-recarga-en-viviendas\/#article\",\"isPartOf\":{\"@id\":\"https:\/\/circutor.com\/fr\/articles-fr\/aspectos-clave-para-realizar-una-instalacion-de-puntos-de-recarga-en-viviendas\/\"},\"author\":{\"name\":\"Circutor\",\"@id\":\"https:\/\/circutor.com\/#\/schema\/person\/06cd1bedf12980260d76632f5805f930\"},\"headline\":\"Principaux aspects de l&rsquo;installation de points de recharge dans les logements\",\"datePublished\":\"2022-04-08T11:44:43+00:00\",\"dateModified\":\"2022-04-19T13:54:56+00:00\",\"mainEntityOfPage\":{\"@id\":\"https:\/\/circutor.com\/fr\/articles-fr\/aspectos-clave-para-realizar-una-instalacion-de-puntos-de-recarga-en-viviendas\/\"},\"wordCount\":1428,\"commentCount\":0,\"publisher\":{\"@id\":\"https:\/\/circutor.com\/#organization\"},\"keywords\":[\"\u00c9conomies d'\u00e9nergie\u00a0\",\"Mobilit\u00e9 \u00e9lectrique\u00a0\",\"Recharge de v\u00e9hicules \u00e9lectriques\u00a0\"],\"articleSection\":[\"Articles\"],\"inLanguage\":\"fr-FR\",\"potentialAction\":[{\"@type\":\"CommentAction\",\"name\":\"Comment\",\"target\":[\"https:\/\/circutor.com\/fr\/articles-fr\/aspectos-clave-para-realizar-una-instalacion-de-puntos-de-recarga-en-viviendas\/#respond\"]}]},{\"@type\":\"Person\",\"@id\":\"https:\/\/circutor.com\/#\/schema\/person\/06cd1bedf12980260d76632f5805f930\",\"name\":\"Circutor\",\"image\":{\"@type\":\"ImageObject\",\"inLanguage\":\"fr-FR\",\"@id\":\"https:\/\/circutor.com\/#\/schema\/person\/image\/\",\"url\":\"https:\/\/circutor.com\/wp-content\/uploads\/2022\/04\/usuario-logo-gris-96x96.png\",\"contentUrl\":\"https:\/\/circutor.com\/wp-content\/uploads\/2022\/04\/usuario-logo-gris-96x96.png\",\"caption\":\"Circutor\"}}]}<\/script>\n<!-- \/ Yoast SEO plugin. -->","yoast_head_json":{"title":"Principaux aspects de l'installation de points de recharge dans les logements - CIRCUTOR","description":"Cinq ans en arri\u00e8re, peu d'entre nous pensaient que la mobilit\u00e9 \u00e9lectrique serait d\u00e9j\u00e0 per\u00e7ue en 2021 comme une option de pr\u00e9sent et d'avenir par rapport aux v\u00e9hicules \u00e0 combustion interne traditionnels.","robots":{"index":"index","follow":"follow","max-snippet":"max-snippet:-1","max-image-preview":"max-image-preview:large","max-video-preview":"max-video-preview:-1"},"canonical":"https:\/\/circutor.com\/fr\/articles-fr\/aspectos-clave-para-realizar-una-instalacion-de-puntos-de-recarga-en-viviendas\/","og_locale":"fr_FR","og_type":"article","og_title":"Principaux aspects de l'installation de points de recharge dans les logements - CIRCUTOR","og_description":"Cinq ans en arri\u00e8re, peu d'entre nous pensaient que la mobilit\u00e9 \u00e9lectrique serait d\u00e9j\u00e0 per\u00e7ue en 2021 comme une option de pr\u00e9sent et d'avenir par rapport aux v\u00e9hicules \u00e0 combustion interne traditionnels.","og_url":"https:\/\/circutor.com\/fr\/articles-fr\/aspectos-clave-para-realizar-una-instalacion-de-puntos-de-recarga-en-viviendas\/","og_site_name":"CIRCUTOR","article_publisher":"https:\/\/www.facebook.com\/CIRCUTOR.ES","article_published_time":"2022-04-08T11:44:43+00:00","article_modified_time":"2022-04-19T13:54:56+00:00","og_image":[{"width":1920,"height":1080,"url":"https:\/\/circutor.com\/wp-content\/uploads\/2022\/03\/FSB_Recarga_VE_Domestica.jpg","type":"image\/jpeg"}],"author":"Circutor","twitter_card":"summary_large_image","twitter_creator":"@circutor","twitter_site":"@circutor","twitter_misc":{"\u00c9crit par":"Circutor","Dur\u00e9e de lecture estim\u00e9e":"6 minutes"},"schema":{"@context":"https:\/\/schema.org","@graph":[{"@type":"Organization","@id":"https:\/\/circutor.com\/#organization","name":"Circutor","url":"https:\/\/circutor.com\/","sameAs":["https:\/\/www.instagram.com\/circutor_es","https:\/\/www.linkedin.com\/company\/circutor","https:\/\/www.youtube.com\/user\/CIRCUTORoficial","https:\/\/www.facebook.com\/CIRCUTOR.ES","https:\/\/twitter.com\/circutor"],"logo":{"@type":"ImageObject","inLanguage":"fr-FR","@id":"https:\/\/circutor.com\/#\/schema\/logo\/image\/","url":"https:\/\/circutor.com\/wp-content\/uploads\/2020\/09\/CIR_LOGO_RED.png","contentUrl":"https:\/\/circutor.com\/wp-content\/uploads\/2020\/09\/CIR_LOGO_RED.png","width":512,"height":128,"caption":"Circutor"},"image":{"@id":"https:\/\/circutor.com\/#\/schema\/logo\/image\/"}},{"@type":"WebSite","@id":"https:\/\/circutor.com\/#website","url":"https:\/\/circutor.com\/","name":"CIRCUTOR","description":"Soluciones para la eficiencia energ\u00e9tica el\u00e9ctrica","publisher":{"@id":"https:\/\/circutor.com\/#organization"},"potentialAction":[{"@type":"SearchAction","target":{"@type":"EntryPoint","urlTemplate":"https:\/\/circutor.com\/?s={search_term_string}"},"query-input":"required name=search_term_string"}],"inLanguage":"fr-FR"},{"@type":"WebPage","@id":"https:\/\/circutor.com\/fr\/articles-fr\/aspectos-clave-para-realizar-una-instalacion-de-puntos-de-recarga-en-viviendas\/","url":"https:\/\/circutor.com\/fr\/articles-fr\/aspectos-clave-para-realizar-una-instalacion-de-puntos-de-recarga-en-viviendas\/","name":"Principaux aspects de l'installation de points de recharge dans les logements - CIRCUTOR","isPartOf":{"@id":"https:\/\/circutor.com\/#website"},"datePublished":"2022-04-08T11:44:43+00:00","dateModified":"2022-04-19T13:54:56+00:00","description":"Cinq ans en arri\u00e8re, peu d'entre nous pensaient que la mobilit\u00e9 \u00e9lectrique serait d\u00e9j\u00e0 per\u00e7ue en 2021 comme une option de pr\u00e9sent et d'avenir par rapport aux v\u00e9hicules \u00e0 combustion interne traditionnels.","breadcrumb":{"@id":"https:\/\/circutor.com\/fr\/articles-fr\/aspectos-clave-para-realizar-una-instalacion-de-puntos-de-recarga-en-viviendas\/#breadcrumb"},"inLanguage":"fr-FR","potentialAction":[{"@type":"ReadAction","target":["https:\/\/circutor.com\/fr\/articles-fr\/aspectos-clave-para-realizar-una-instalacion-de-puntos-de-recarga-en-viviendas\/"]}]},{"@type":"BreadcrumbList","@id":"https:\/\/circutor.com\/fr\/articles-fr\/aspectos-clave-para-realizar-una-instalacion-de-puntos-de-recarga-en-viviendas\/#breadcrumb","itemListElement":[{"@type":"ListItem","position":1,"name":"Portada","item":"https:\/\/circutor.com\/fr\/"},{"@type":"ListItem","position":2,"name":"Principaux aspects de l&rsquo;installation de points de recharge dans les logements"}]},{"@type":"Article","@id":"https:\/\/circutor.com\/fr\/articles-fr\/aspectos-clave-para-realizar-una-instalacion-de-puntos-de-recarga-en-viviendas\/#article","isPartOf":{"@id":"https:\/\/circutor.com\/fr\/articles-fr\/aspectos-clave-para-realizar-una-instalacion-de-puntos-de-recarga-en-viviendas\/"},"author":{"name":"Circutor","@id":"https:\/\/circutor.com\/#\/schema\/person\/06cd1bedf12980260d76632f5805f930"},"headline":"Principaux aspects de l&rsquo;installation de points de recharge dans les logements","datePublished":"2022-04-08T11:44:43+00:00","dateModified":"2022-04-19T13:54:56+00:00","mainEntityOfPage":{"@id":"https:\/\/circutor.com\/fr\/articles-fr\/aspectos-clave-para-realizar-una-instalacion-de-puntos-de-recarga-en-viviendas\/"},"wordCount":1428,"commentCount":0,"publisher":{"@id":"https:\/\/circutor.com\/#organization"},"keywords":["\u00c9conomies d'\u00e9nergie\u00a0","Mobilit\u00e9 \u00e9lectrique\u00a0","Recharge de v\u00e9hicules \u00e9lectriques\u00a0"],"articleSection":["Articles"],"inLanguage":"fr-FR","potentialAction":[{"@type":"CommentAction","name":"Comment","target":["https:\/\/circutor.com\/fr\/articles-fr\/aspectos-clave-para-realizar-una-instalacion-de-puntos-de-recarga-en-viviendas\/#respond"]}]},{"@type":"Person","@id":"https:\/\/circutor.com\/#\/schema\/person\/06cd1bedf12980260d76632f5805f930","name":"Circutor","image":{"@type":"ImageObject","inLanguage":"fr-FR","@id":"https:\/\/circutor.com\/#\/schema\/person\/image\/","url":"https:\/\/circutor.com\/wp-content\/uploads\/2022\/04\/usuario-logo-gris-96x96.png","contentUrl":"https:\/\/circutor.com\/wp-content\/uploads\/2022\/04\/usuario-logo-gris-96x96.png","caption":"Circutor"}}]}},"_links":{"self":[{"href":"https:\/\/circutor.com\/fr\/wp-json\/wp\/v2\/posts\/16215"}],"collection":[{"href":"https:\/\/circutor.com\/fr\/wp-json\/wp\/v2\/posts"}],"about":[{"href":"https:\/\/circutor.com\/fr\/wp-json\/wp\/v2\/types\/post"}],"author":[{"embeddable":true,"href":"https:\/\/circutor.com\/fr\/wp-json\/wp\/v2\/users\/6"}],"replies":[{"embeddable":true,"href":"https:\/\/circutor.com\/fr\/wp-json\/wp\/v2\/comments?post=16215"}],"version-history":[{"count":0,"href":"https:\/\/circutor.com\/fr\/wp-json\/wp\/v2\/posts\/16215\/revisions"}],"wp:featuredmedia":[{"embeddable":true,"href":"https:\/\/circutor.com\/fr\/wp-json\/wp\/v2\/media\/16221"}],"wp:attachment":[{"href":"https:\/\/circutor.com\/fr\/wp-json\/wp\/v2\/media?parent=16215"}],"wp:term":[{"taxonomy":"category","embeddable":true,"href":"https:\/\/circutor.com\/fr\/wp-json\/wp\/v2\/categories?post=16215"},{"taxonomy":"post_tag","embeddable":true,"href":"https:\/\/circutor.com\/fr\/wp-json\/wp\/v2\/tags?post=16215"}],"curies":[{"name":"wp","href":"https:\/\/api.w.org\/{rel}","templated":true}]}}