{"id":10566,"date":"2020-02-24T08:01:00","date_gmt":"2020-02-24T08:01:00","guid":{"rendered":"https:\/\/circutorweb.atic.blue\/?p=566"},"modified":"2022-01-20T13:55:13","modified_gmt":"2022-01-20T13:55:13","slug":"de-nouvelles-penalisations-pour-l-energie-reactive-capacitive-en-espagne","status":"publish","type":"post","link":"https:\/\/circutor.com\/fr\/articles-fr\/de-nouvelles-penalisations-pour-l-energie-reactive-capacitive-en-espagne\/","title":{"rendered":"De nouvelles p\u00e9nalisations pour l&rsquo;\u00e9nergie r\u00e9active capacitive en Espagne"},"content":{"rendered":"<p>[vc_row][vc_column][vc_column_text]<\/p>\n<h4>CIRCUTOR signale l&rsquo;adoption r\u00e9cente par la Commission nationale des march\u00e9s en Espagne de la circulaire 3\/2020, dont les dispositions entreront en vigueur le 1 novembre 2020. Sa mise en \u0153uvre implique un nouveau sc\u00e9nario dans le domaine de la compensation \u00e9nerg\u00e9tique r\u00e9active.<\/h4>\n<p>Les exc\u00e8s d&rsquo;injection d&rsquo;\u00e9nergie capacitive au r\u00e9seau, commun\u00e9ment appel\u00e9s surcompensation, seront p\u00e9nalis\u00e9s sur toute la <strong>p\u00e9riode tarifaire 6<\/strong> et pour <strong>tous les consommateurs connect\u00e9s \u00e0 une tension sup\u00e9rieure \u00e0 1 kV<\/strong>, c&rsquo;est-\u00e0-dire ceux qui disposent d&rsquo;un transformateur de puissance propre.<\/p>\n<p>La p\u00e9nalit\u00e9 s&rsquo;appliquera sur base horaire \u00e0 tous les exc\u00e9dents d&rsquo;\u00e9nergie capacitive d\u00e9passant la limite d&rsquo;un <strong>cos phi de 0,98 capacitif<\/strong>. Exprim\u00e9 en pourcentage, cela signifie que la consommation horaire en kvarC.h doit \u00eatre inf\u00e9rieure \u00e0 20 % de la consommation en kW.h et que les d\u00e9passements seront soumis \u00e0 un co\u00fbt de <strong>0,05 \u20ac\/ kvarC.h<\/strong>, analogue \u00e0 ceux actuellement imput\u00e9s aux exc\u00e8s d&rsquo;\u00e9nergie r\u00e9active inductive.<\/p>\n<p>La p\u00e9riode 6 correspond toujours \u00e0 la frange horaire suivante : du lundi au vendredi, entre 0h00 et 8h00, samedi, dimanche et jours f\u00e9ri\u00e9s nationaux. Il convient de souligner que cela signifie <strong>environ 51 % du total des heures annuelles<\/strong>.<\/p>\n<p>Pendant cette p\u00e9riode, la consommation d&rsquo;\u00e9nergie active sera g\u00e9n\u00e9ralement moindre par rapport aux autres p\u00e9riodes, de sorte que la probabilit\u00e9 de d\u00e9passer la consommation de kvarC.h autoris\u00e9e est consid\u00e9rablement \u00e9lev\u00e9e. Par cons\u00e9quent, il sera d&rsquo;autant plus indispensable de disposer d&rsquo;une <span style=\"text-decoration: underline;\"><strong>compensation \u00e9nerg\u00e9tique r\u00e9active plus efficace et pr\u00e9cise<\/strong><\/span>, et absolument n\u00e9cessaire de pouvoir r\u00e9aliser la mesure de courant sur les 3 phases de l&rsquo;installation.<\/p>\n<p>\u00c0 titre d&rsquo;exemple pour quantifier l&rsquo;impact que peut avoir cette p\u00e9nalisation, nous pouvons estimer que, dans une installation \u00e9quip\u00e9e d&rsquo;un transformateur de 630 kVA, un <strong>d\u00e9passement moyen de seulement 30 kvarC.h<\/strong> \u00e9quivaudrait \u00e0 une <strong>p\u00e9nalit\u00e9<\/strong> de 552 \u20ac pour le total des environ 368 h mensuelles couvertes par la p\u00e9riode 6, soit environ <strong>6 600 \u20ac par an<\/strong> (uniquement en Espagne).<\/p>\n<table style=\"border: 0px solid #ebebeb;\" cellpadding=\"10\" align=\"center\">\n<tbody>\n<tr>\n<td style=\"background-color: #f2f2f2; border: 1px solid #d1d1d1;\" colspan=\"5\" align=\"center\"><strong>AUTRES EXEMPLES<\/strong><\/td>\n<\/tr>\n<tr>\n<td style=\"background-color: #f2f2f2; border: 1px solid #d1d1d1;\" align=\"center\">TRANSFORMATEUR<\/td>\n<td style=\"background-color: #f2f2f2; border: 1px solid #d1d1d1;\" align=\"center\">D\u00e9passement<br \/>\nen kvarC.h<\/td>\n<td style=\"background-color: #f2f2f2; border: 1px solid #d1d1d1;\" align=\"center\">Heures de P6<\/td>\n<td style=\"background-color: #f2f2f2; border: 1px solid #d1d1d1;\" align=\"center\">Redevance<br \/>\nmensuelle \/ annuelle<br \/>\nactuelle<\/td>\n<td style=\"background-color: #f2f2f2; border: 1px solid #d1d1d1;\" align=\"center\"><strong>Nouvelle redevance<br \/>\nmensuelle \/ annuelle<br \/>\n(Espagne seulement) <\/strong><\/td>\n<\/tr>\n<tr>\n<td style=\"background-color: #f2f2f2; border: 1px solid #d1d1d1;\" align=\"center\">250 kVA<\/td>\n<td style=\"background-color: #f2f2f2; border: 1px solid #d1d1d1;\" align=\"center\">20 kvar<\/td>\n<td style=\"background-color: #f2f2f2; border: 1px solid #d1d1d1;\" align=\"center\">368 h<\/td>\n<td style=\"background-color: #f2f2f2; border: 1px solid #d1d1d1;\" align=\"center\">0 \u20ac\/ 0 \u20ac<\/td>\n<td style=\"background-color: #f2f2f2; border: 1px solid #d1d1d1;\" align=\"center\"><strong>368 \u20ac \/ 4416 \u20ac<\/strong><\/td>\n<\/tr>\n<tr>\n<td style=\"background-color: #f2f2f2; border: 1px solid #d1d1d1;\" align=\"center\">400 kVA<\/td>\n<td style=\"background-color: #f2f2f2; border: 1px solid #d1d1d1;\" align=\"center\"><span style=\"text-align: -webkit-center;\">25 kvar<\/span><\/td>\n<td style=\"background-color: #f2f2f2; border: 1px solid #d1d1d1;\" align=\"center\"><span style=\"text-align: -webkit-center;\">368 h<\/span><\/td>\n<td style=\"background-color: #f2f2f2; border: 1px solid #d1d1d1;\" align=\"center\"><span style=\"text-align: -webkit-center;\">0 \u20ac\/ 0 \u20ac<\/span><\/td>\n<td style=\"background-color: #f2f2f2; border: 1px solid #d1d1d1;\" align=\"center\"><strong>460 \u20ac \/ 5520 \u20ac<\/strong><\/td>\n<\/tr>\n<tr>\n<td style=\"background-color: #f2f2f2; border: 1px solid #d1d1d1;\" align=\"center\">1000 kVA<\/td>\n<td style=\"background-color: #f2f2f2; border: 1px solid #d1d1d1;\" align=\"center\"><span style=\"text-align: -webkit-center;\">50 kvar<\/span><\/td>\n<td style=\"background-color: #f2f2f2; border: 1px solid #d1d1d1;\" align=\"center\"><span style=\"text-align: -webkit-center;\">368 h<\/span><\/td>\n<td style=\"background-color: #f2f2f2; border: 1px solid #d1d1d1;\" align=\"center\"><span style=\"text-align: -webkit-center;\">0 \u20ac\/ 0 \u20ac<\/span><\/td>\n<td style=\"background-color: #f2f2f2; border: 1px solid #d1d1d1;\" align=\"center\"><strong>920 \u20ac \/ 11040 \u20ac<\/strong><\/td>\n<\/tr>\n<\/tbody>\n<\/table>\n<p>CIRCUTOR, entreprise pionni\u00e8re et leader incontest\u00e9 en mati\u00e8re de solutions de compensation de r\u00e9active, a con\u00e7u une nouvelle batterie de condensateur qui mesure les 3 phases, comme le fait le compteur de la compagnie, et est en mesure de s&rsquo;adapter aux diff\u00e9rents cosinus de phi objectifs requis pour chaque p\u00e9riode de tarification, garantissant ainsi <strong>qu&rsquo;aucune sanction<\/strong> ne sera impos\u00e9e, <strong>tout en maintenant l&rsquo;efficacit\u00e9 maximale du syst\u00e8me \u00e9lectrique<\/strong>. Cette solution est con\u00e7ue \u00e0 la fois pour les nouveaux \u00e9quipements de compensation de r\u00e9active et pour leur adaptation \u00e0 des batteries de condensateurs d\u00e9j\u00e0 op\u00e9rationnelles dans les installations \u00e9lectriques.<\/p>\n<hr \/>\n<h5>Pour plus d&rsquo;informations, vous pouvez contacter CIRCUTOR par les voies habituelles ou \u00e0 l&rsquo;adresse de courrier \u00e9lectronique suivante : <a href=\"mailto:reactiva@circutor.com\">reactiva@circutor.com<\/a><\/h5>\n<p>[\/vc_column_text][\/vc_column][\/vc_row]<\/p>\n","protected":false},"excerpt":{"rendered":"<p>[vc_row][vc_column][vc_column_text] CIRCUTOR signale l&rsquo;adoption r\u00e9cente par la Commission nationale des march\u00e9s en Espagne de la circulaire 3\/2020, dont les dispositions entreront en vigueur le 1 novembre 2020. Sa mise en \u0153uvre implique un nouveau sc\u00e9nario dans le domaine de la compensation \u00e9nerg\u00e9tique r\u00e9active. Les exc\u00e8s d&rsquo;injection d&rsquo;\u00e9nergie capacitive au r\u00e9seau, commun\u00e9ment appel\u00e9s surcompensation, seront p\u00e9nalis\u00e9s [&hellip;]<\/p>\n","protected":false},"author":1,"featured_media":6449,"comment_status":"open","ping_status":"open","sticky":false,"template":"","format":"standard","meta":[],"categories":[3522],"tags":[],"acf":[],"yoast_head":"<!-- This site is optimized with the Yoast SEO plugin v19.4 - https:\/\/yoast.com\/wordpress\/plugins\/seo\/ -->\n<title>De nouvelles p\u00e9nalisations pour l&#039;\u00e9nergie r\u00e9active capacitive en Espagne - CIRCUTOR<\/title>\n<meta name=\"description\" content=\"CIRCUTOR signale l&#039;adoption r\u00e9cente par la Commission nationale des march\u00e9s en Espagne de la circulaire 3\/2020, dont les dispositions entreront en vigueur le 1 novembre 2020. Sa mise en \u0153uvre implique un nouveau sc\u00e9nario dans le domaine de la compensation \u00e9nerg\u00e9tique r\u00e9active.\" \/>\n<meta name=\"robots\" content=\"index, follow, max-snippet:-1, max-image-preview:large, max-video-preview:-1\" \/>\n<link rel=\"canonical\" href=\"https:\/\/circutor.com\/fr\/articles-fr\/de-nouvelles-penalisations-pour-l-energie-reactive-capacitive-en-espagne\/\" \/>\n<meta property=\"og:locale\" content=\"fr_FR\" \/>\n<meta property=\"og:type\" content=\"article\" \/>\n<meta property=\"og:title\" content=\"De nouvelles p\u00e9nalisations pour l&#039;\u00e9nergie r\u00e9active capacitive en Espagne - CIRCUTOR\" \/>\n<meta property=\"og:description\" content=\"CIRCUTOR signale l&#039;adoption r\u00e9cente par la Commission nationale des march\u00e9s en Espagne de la circulaire 3\/2020, dont les dispositions entreront en vigueur le 1 novembre 2020. Sa mise en \u0153uvre implique un nouveau sc\u00e9nario dans le domaine de la compensation \u00e9nerg\u00e9tique r\u00e9active.\" \/>\n<meta property=\"og:url\" content=\"https:\/\/circutor.com\/fr\/articles-fr\/de-nouvelles-penalisations-pour-l-energie-reactive-capacitive-en-espagne\/\" \/>\n<meta property=\"og:site_name\" content=\"CIRCUTOR\" \/>\n<meta property=\"article:publisher\" content=\"https:\/\/www.facebook.com\/CIRCUTOR.ES\" \/>\n<meta property=\"article:published_time\" content=\"2020-02-24T08:01:00+00:00\" \/>\n<meta property=\"article:modified_time\" content=\"2022-01-20T13:55:13+00:00\" \/>\n<meta property=\"og:image\" content=\"https:\/\/circutor.com\/wp-content\/uploads\/2021\/05\/article-penalizacion-reactiva.jpg\" \/>\n\t<meta property=\"og:image:width\" content=\"760\" \/>\n\t<meta property=\"og:image:height\" content=\"356\" \/>\n\t<meta property=\"og:image:type\" content=\"image\/jpeg\" \/>\n<meta name=\"author\" content=\"admin\" \/>\n<meta name=\"twitter:card\" content=\"summary_large_image\" \/>\n<meta name=\"twitter:creator\" content=\"@circutor\" \/>\n<meta name=\"twitter:site\" content=\"@circutor\" \/>\n<meta name=\"twitter:label1\" content=\"\u00c9crit par\" \/>\n\t<meta name=\"twitter:data1\" content=\"admin\" \/>\n\t<meta name=\"twitter:label2\" content=\"Dur\u00e9e de lecture estim\u00e9e\" \/>\n\t<meta name=\"twitter:data2\" content=\"3 minutes\" \/>\n<script type=\"application\/ld+json\" class=\"yoast-schema-graph\">{\"@context\":\"https:\/\/schema.org\",\"@graph\":[{\"@type\":\"Organization\",\"@id\":\"https:\/\/circutor.com\/#organization\",\"name\":\"Circutor\",\"url\":\"https:\/\/circutor.com\/\",\"sameAs\":[\"https:\/\/www.instagram.com\/circutor_es\",\"https:\/\/www.linkedin.com\/company\/circutor\",\"https:\/\/www.youtube.com\/user\/CIRCUTORoficial\",\"https:\/\/www.facebook.com\/CIRCUTOR.ES\",\"https:\/\/twitter.com\/circutor\"],\"logo\":{\"@type\":\"ImageObject\",\"inLanguage\":\"fr-FR\",\"@id\":\"https:\/\/circutor.com\/#\/schema\/logo\/image\/\",\"url\":\"https:\/\/circutor.com\/wp-content\/uploads\/2020\/09\/CIR_LOGO_RED.png\",\"contentUrl\":\"https:\/\/circutor.com\/wp-content\/uploads\/2020\/09\/CIR_LOGO_RED.png\",\"width\":512,\"height\":128,\"caption\":\"Circutor\"},\"image\":{\"@id\":\"https:\/\/circutor.com\/#\/schema\/logo\/image\/\"}},{\"@type\":\"WebSite\",\"@id\":\"https:\/\/circutor.com\/#website\",\"url\":\"https:\/\/circutor.com\/\",\"name\":\"CIRCUTOR\",\"description\":\"Soluciones para la eficiencia energ\u00e9tica el\u00e9ctrica\",\"publisher\":{\"@id\":\"https:\/\/circutor.com\/#organization\"},\"potentialAction\":[{\"@type\":\"SearchAction\",\"target\":{\"@type\":\"EntryPoint\",\"urlTemplate\":\"https:\/\/circutor.com\/?s={search_term_string}\"},\"query-input\":\"required name=search_term_string\"}],\"inLanguage\":\"fr-FR\"},{\"@type\":\"WebPage\",\"@id\":\"https:\/\/circutor.com\/fr\/articles-fr\/de-nouvelles-penalisations-pour-l-energie-reactive-capacitive-en-espagne\/\",\"url\":\"https:\/\/circutor.com\/fr\/articles-fr\/de-nouvelles-penalisations-pour-l-energie-reactive-capacitive-en-espagne\/\",\"name\":\"De nouvelles p\u00e9nalisations pour l'\u00e9nergie r\u00e9active capacitive en Espagne - CIRCUTOR\",\"isPartOf\":{\"@id\":\"https:\/\/circutor.com\/#website\"},\"datePublished\":\"2020-02-24T08:01:00+00:00\",\"dateModified\":\"2022-01-20T13:55:13+00:00\",\"description\":\"CIRCUTOR signale l'adoption r\u00e9cente par la Commission nationale des march\u00e9s en Espagne de la circulaire 3\/2020, dont les dispositions entreront en vigueur le 1 novembre 2020. Sa mise en \u0153uvre implique un nouveau sc\u00e9nario dans le domaine de la compensation \u00e9nerg\u00e9tique r\u00e9active.\",\"breadcrumb\":{\"@id\":\"https:\/\/circutor.com\/fr\/articles-fr\/de-nouvelles-penalisations-pour-l-energie-reactive-capacitive-en-espagne\/#breadcrumb\"},\"inLanguage\":\"fr-FR\",\"potentialAction\":[{\"@type\":\"ReadAction\",\"target\":[\"https:\/\/circutor.com\/fr\/articles-fr\/de-nouvelles-penalisations-pour-l-energie-reactive-capacitive-en-espagne\/\"]}]},{\"@type\":\"BreadcrumbList\",\"@id\":\"https:\/\/circutor.com\/fr\/articles-fr\/de-nouvelles-penalisations-pour-l-energie-reactive-capacitive-en-espagne\/#breadcrumb\",\"itemListElement\":[{\"@type\":\"ListItem\",\"position\":1,\"name\":\"Portada\",\"item\":\"https:\/\/circutor.com\/fr\/\"},{\"@type\":\"ListItem\",\"position\":2,\"name\":\"De nouvelles p\u00e9nalisations pour l&rsquo;\u00e9nergie r\u00e9active capacitive en Espagne\"}]},{\"@type\":\"Article\",\"@id\":\"https:\/\/circutor.com\/fr\/articles-fr\/de-nouvelles-penalisations-pour-l-energie-reactive-capacitive-en-espagne\/#article\",\"isPartOf\":{\"@id\":\"https:\/\/circutor.com\/fr\/articles-fr\/de-nouvelles-penalisations-pour-l-energie-reactive-capacitive-en-espagne\/\"},\"author\":{\"name\":\"admin\",\"@id\":\"https:\/\/circutor.com\/#\/schema\/person\/17d169bdccd6e2367b1ce7182dd31283\"},\"headline\":\"De nouvelles p\u00e9nalisations pour l&rsquo;\u00e9nergie r\u00e9active capacitive en Espagne\",\"datePublished\":\"2020-02-24T08:01:00+00:00\",\"dateModified\":\"2022-01-20T13:55:13+00:00\",\"mainEntityOfPage\":{\"@id\":\"https:\/\/circutor.com\/fr\/articles-fr\/de-nouvelles-penalisations-pour-l-energie-reactive-capacitive-en-espagne\/\"},\"wordCount\":516,\"commentCount\":0,\"publisher\":{\"@id\":\"https:\/\/circutor.com\/#organization\"},\"articleSection\":[\"Articles\"],\"inLanguage\":\"fr-FR\",\"potentialAction\":[{\"@type\":\"CommentAction\",\"name\":\"Comment\",\"target\":[\"https:\/\/circutor.com\/fr\/articles-fr\/de-nouvelles-penalisations-pour-l-energie-reactive-capacitive-en-espagne\/#respond\"]}]},{\"@type\":\"Person\",\"@id\":\"https:\/\/circutor.com\/#\/schema\/person\/17d169bdccd6e2367b1ce7182dd31283\",\"name\":\"admin\",\"image\":{\"@type\":\"ImageObject\",\"inLanguage\":\"fr-FR\",\"@id\":\"https:\/\/circutor.com\/#\/schema\/person\/image\/\",\"url\":\"https:\/\/circutor.com\/wp-content\/uploads\/2022\/04\/usuario-logo-gris-96x96.png\",\"contentUrl\":\"https:\/\/circutor.com\/wp-content\/uploads\/2022\/04\/usuario-logo-gris-96x96.png\",\"caption\":\"admin\"}}]}<\/script>\n<!-- \/ Yoast SEO plugin. -->","yoast_head_json":{"title":"De nouvelles p\u00e9nalisations pour l'\u00e9nergie r\u00e9active capacitive en Espagne - CIRCUTOR","description":"CIRCUTOR signale l'adoption r\u00e9cente par la Commission nationale des march\u00e9s en Espagne de la circulaire 3\/2020, dont les dispositions entreront en vigueur le 1 novembre 2020. Sa mise en \u0153uvre implique un nouveau sc\u00e9nario dans le domaine de la compensation \u00e9nerg\u00e9tique r\u00e9active.","robots":{"index":"index","follow":"follow","max-snippet":"max-snippet:-1","max-image-preview":"max-image-preview:large","max-video-preview":"max-video-preview:-1"},"canonical":"https:\/\/circutor.com\/fr\/articles-fr\/de-nouvelles-penalisations-pour-l-energie-reactive-capacitive-en-espagne\/","og_locale":"fr_FR","og_type":"article","og_title":"De nouvelles p\u00e9nalisations pour l'\u00e9nergie r\u00e9active capacitive en Espagne - CIRCUTOR","og_description":"CIRCUTOR signale l'adoption r\u00e9cente par la Commission nationale des march\u00e9s en Espagne de la circulaire 3\/2020, dont les dispositions entreront en vigueur le 1 novembre 2020. Sa mise en \u0153uvre implique un nouveau sc\u00e9nario dans le domaine de la compensation \u00e9nerg\u00e9tique r\u00e9active.","og_url":"https:\/\/circutor.com\/fr\/articles-fr\/de-nouvelles-penalisations-pour-l-energie-reactive-capacitive-en-espagne\/","og_site_name":"CIRCUTOR","article_publisher":"https:\/\/www.facebook.com\/CIRCUTOR.ES","article_published_time":"2020-02-24T08:01:00+00:00","article_modified_time":"2022-01-20T13:55:13+00:00","og_image":[{"width":760,"height":356,"url":"https:\/\/circutor.com\/wp-content\/uploads\/2021\/05\/article-penalizacion-reactiva.jpg","type":"image\/jpeg"}],"author":"admin","twitter_card":"summary_large_image","twitter_creator":"@circutor","twitter_site":"@circutor","twitter_misc":{"\u00c9crit par":"admin","Dur\u00e9e de lecture estim\u00e9e":"3 minutes"},"schema":{"@context":"https:\/\/schema.org","@graph":[{"@type":"Organization","@id":"https:\/\/circutor.com\/#organization","name":"Circutor","url":"https:\/\/circutor.com\/","sameAs":["https:\/\/www.instagram.com\/circutor_es","https:\/\/www.linkedin.com\/company\/circutor","https:\/\/www.youtube.com\/user\/CIRCUTORoficial","https:\/\/www.facebook.com\/CIRCUTOR.ES","https:\/\/twitter.com\/circutor"],"logo":{"@type":"ImageObject","inLanguage":"fr-FR","@id":"https:\/\/circutor.com\/#\/schema\/logo\/image\/","url":"https:\/\/circutor.com\/wp-content\/uploads\/2020\/09\/CIR_LOGO_RED.png","contentUrl":"https:\/\/circutor.com\/wp-content\/uploads\/2020\/09\/CIR_LOGO_RED.png","width":512,"height":128,"caption":"Circutor"},"image":{"@id":"https:\/\/circutor.com\/#\/schema\/logo\/image\/"}},{"@type":"WebSite","@id":"https:\/\/circutor.com\/#website","url":"https:\/\/circutor.com\/","name":"CIRCUTOR","description":"Soluciones para la eficiencia energ\u00e9tica el\u00e9ctrica","publisher":{"@id":"https:\/\/circutor.com\/#organization"},"potentialAction":[{"@type":"SearchAction","target":{"@type":"EntryPoint","urlTemplate":"https:\/\/circutor.com\/?s={search_term_string}"},"query-input":"required name=search_term_string"}],"inLanguage":"fr-FR"},{"@type":"WebPage","@id":"https:\/\/circutor.com\/fr\/articles-fr\/de-nouvelles-penalisations-pour-l-energie-reactive-capacitive-en-espagne\/","url":"https:\/\/circutor.com\/fr\/articles-fr\/de-nouvelles-penalisations-pour-l-energie-reactive-capacitive-en-espagne\/","name":"De nouvelles p\u00e9nalisations pour l'\u00e9nergie r\u00e9active capacitive en Espagne - CIRCUTOR","isPartOf":{"@id":"https:\/\/circutor.com\/#website"},"datePublished":"2020-02-24T08:01:00+00:00","dateModified":"2022-01-20T13:55:13+00:00","description":"CIRCUTOR signale l'adoption r\u00e9cente par la Commission nationale des march\u00e9s en Espagne de la circulaire 3\/2020, dont les dispositions entreront en vigueur le 1 novembre 2020. Sa mise en \u0153uvre implique un nouveau sc\u00e9nario dans le domaine de la compensation \u00e9nerg\u00e9tique r\u00e9active.","breadcrumb":{"@id":"https:\/\/circutor.com\/fr\/articles-fr\/de-nouvelles-penalisations-pour-l-energie-reactive-capacitive-en-espagne\/#breadcrumb"},"inLanguage":"fr-FR","potentialAction":[{"@type":"ReadAction","target":["https:\/\/circutor.com\/fr\/articles-fr\/de-nouvelles-penalisations-pour-l-energie-reactive-capacitive-en-espagne\/"]}]},{"@type":"BreadcrumbList","@id":"https:\/\/circutor.com\/fr\/articles-fr\/de-nouvelles-penalisations-pour-l-energie-reactive-capacitive-en-espagne\/#breadcrumb","itemListElement":[{"@type":"ListItem","position":1,"name":"Portada","item":"https:\/\/circutor.com\/fr\/"},{"@type":"ListItem","position":2,"name":"De nouvelles p\u00e9nalisations pour l&rsquo;\u00e9nergie r\u00e9active capacitive en Espagne"}]},{"@type":"Article","@id":"https:\/\/circutor.com\/fr\/articles-fr\/de-nouvelles-penalisations-pour-l-energie-reactive-capacitive-en-espagne\/#article","isPartOf":{"@id":"https:\/\/circutor.com\/fr\/articles-fr\/de-nouvelles-penalisations-pour-l-energie-reactive-capacitive-en-espagne\/"},"author":{"name":"admin","@id":"https:\/\/circutor.com\/#\/schema\/person\/17d169bdccd6e2367b1ce7182dd31283"},"headline":"De nouvelles p\u00e9nalisations pour l&rsquo;\u00e9nergie r\u00e9active capacitive en Espagne","datePublished":"2020-02-24T08:01:00+00:00","dateModified":"2022-01-20T13:55:13+00:00","mainEntityOfPage":{"@id":"https:\/\/circutor.com\/fr\/articles-fr\/de-nouvelles-penalisations-pour-l-energie-reactive-capacitive-en-espagne\/"},"wordCount":516,"commentCount":0,"publisher":{"@id":"https:\/\/circutor.com\/#organization"},"articleSection":["Articles"],"inLanguage":"fr-FR","potentialAction":[{"@type":"CommentAction","name":"Comment","target":["https:\/\/circutor.com\/fr\/articles-fr\/de-nouvelles-penalisations-pour-l-energie-reactive-capacitive-en-espagne\/#respond"]}]},{"@type":"Person","@id":"https:\/\/circutor.com\/#\/schema\/person\/17d169bdccd6e2367b1ce7182dd31283","name":"admin","image":{"@type":"ImageObject","inLanguage":"fr-FR","@id":"https:\/\/circutor.com\/#\/schema\/person\/image\/","url":"https:\/\/circutor.com\/wp-content\/uploads\/2022\/04\/usuario-logo-gris-96x96.png","contentUrl":"https:\/\/circutor.com\/wp-content\/uploads\/2022\/04\/usuario-logo-gris-96x96.png","caption":"admin"}}]}},"_links":{"self":[{"href":"https:\/\/circutor.com\/fr\/wp-json\/wp\/v2\/posts\/10566"}],"collection":[{"href":"https:\/\/circutor.com\/fr\/wp-json\/wp\/v2\/posts"}],"about":[{"href":"https:\/\/circutor.com\/fr\/wp-json\/wp\/v2\/types\/post"}],"author":[{"embeddable":true,"href":"https:\/\/circutor.com\/fr\/wp-json\/wp\/v2\/users\/1"}],"replies":[{"embeddable":true,"href":"https:\/\/circutor.com\/fr\/wp-json\/wp\/v2\/comments?post=10566"}],"version-history":[{"count":0,"href":"https:\/\/circutor.com\/fr\/wp-json\/wp\/v2\/posts\/10566\/revisions"}],"wp:featuredmedia":[{"embeddable":true,"href":"https:\/\/circutor.com\/fr\/wp-json\/wp\/v2\/media\/6449"}],"wp:attachment":[{"href":"https:\/\/circutor.com\/fr\/wp-json\/wp\/v2\/media?parent=10566"}],"wp:term":[{"taxonomy":"category","embeddable":true,"href":"https:\/\/circutor.com\/fr\/wp-json\/wp\/v2\/categories?post=10566"},{"taxonomy":"post_tag","embeddable":true,"href":"https:\/\/circutor.com\/fr\/wp-json\/wp\/v2\/tags?post=10566"}],"curies":[{"name":"wp","href":"https:\/\/api.w.org\/{rel}","templated":true}]}}