{"id":10561,"date":"2019-05-03T07:02:00","date_gmt":"2019-05-03T07:02:00","guid":{"rendered":"https:\/\/circutorweb.atic.blue\/?p=536"},"modified":"2022-01-20T14:32:03","modified_gmt":"2022-01-20T14:32:03","slug":"les-derniers-developpements-en-matiere-de-systemes-de-recharge-de-vehicules-electriques-au-salon-automobile-barcelona-2019","status":"publish","type":"post","link":"https:\/\/circutor.com\/fr\/evenement\/les-derniers-developpements-en-matiere-de-systemes-de-recharge-de-vehicules-electriques-au-salon-automobile-barcelona-2019\/","title":{"rendered":"Les derniers d\u00e9veloppements en mati\u00e8re de syst\u00e8mes de recharge de v\u00e9hicules \u00e9lectriques au salon Automobile Barcelona 2019"},"content":{"rendered":"<p>[vc_row][vc_column][vc_column_text]<\/p>\n<h4>CIRCUTOR pr\u00e9sente la gamme compl\u00e8te de points de recharge pour v\u00e9hicules \u00e9lectriques dans le cadre du salon Automobile Barcelona 2019, qui se tient du 11 au 19 mai au parc des expositions de Montju\u00efc (Barcelone).<\/h4>\n<p>L&rsquo;Automobile Barcelona 2019 (anciennement connu sous le nom de Salon international de l&rsquo;automobile) organis\u00e9 par la Fira de Barcelona se d\u00e9roulera du 11 au 19 mai 2019 \u00e0 Barcelone. Cette \u00e9dition est sp\u00e9ciale car elle c\u00e9l\u00e8bre ses 100 ans d&rsquo;existence, ce qui constitue une excellente occasion de se familiariser avec les nouvelles tendances du secteur automobile telles que le lancement de nouveaux v\u00e9hicules et de nouvelles technologies appliqu\u00e9es \u00e0 la conduite ainsi que de toutes les nouveaut\u00e9s en mati\u00e8re de syst\u00e8mes de recharge de v\u00e9hicules \u00e9lectriques.<\/p>\n<p>Circutor participera au concours et pr\u00e9sentera tous les derniers d\u00e9veloppements en mati\u00e8re de syst\u00e8mes de recharge de v\u00e9hicules \u00e9lectriques, allant des besoins domestiques aux recharges rapides sur les routes publiques, desservant ainsi tous les types de public int\u00e9ress\u00e9s par le secteur.<\/p>\n<p>Nous pr\u00e9sentons en d\u00e9tails les diff\u00e9rentes solutions qui seront expos\u00e9es pendant le concours:<\/p>\n<h5>Solutions pour la recharge domestique<\/h5>\n<ul>\n<li><strong>Chargeurs EHome et eNEXT<\/strong> : la solution id\u00e9ale pour les installations domestiques permettant \u00e0 tout utilisateur de recharger son v\u00e9hicule \u00e9lectrique quel que soit son constructeur.<\/li>\n<\/ul>\n<h5>Solutions\u00a0pour recharge dans des parkings int\u00e9rieurs multi-utilisateurs<\/h5>\n<ul>\n<li><strong>Chargeurs EPark<\/strong> : la solution id\u00e9ale pour les installations multi-utilisateurs n\u00e9cessitant une s\u00e9curit\u00e9 suppl\u00e9mentaire afin de s\u00e9curiser le rechargement et d&rsquo;\u00e9viter les fraudes gr\u00e2ce \u00e0 l&rsquo;activation par carte de proximit\u00e9 (RFID). Les chargeurs ePark disposent de deux prises de recharge via une seule connexion, ce qui facilite leur installation.<\/li>\n<li><strong>Chargeurs urbains WB<\/strong> : solution robuste avec bo\u00eetier m\u00e9tallique pour installations multi-utilisateurs, con\u00e7ue pour recharger n&rsquo;importe quel v\u00e9hicule \u00e9lectrique en ext\u00e9rieur. L&rsquo;appareil dispose d&rsquo;un syst\u00e8me d&rsquo;\u00e9quilibrage de charges permettant la recharge par double alimentation avec communications 3G, avec le protocole OCPP 1.5\/1.6 pour sa gestion \u00e0 distance.<\/li>\n<\/ul>\n<h5>Solutions\u00a0de recharge dans les parkings ext\u00e9rieurs multi-utilisateurs<\/h5>\n<ul>\n<li><strong>Bornes de recharge URBAN<\/strong> : \u00e9quipements robustes dot\u00e9s d&rsquo;un bo\u00eetier m\u00e9tallique con\u00e7us pour recharger n&rsquo;importe quel v\u00e9hicule \u00e9lectrique dans les installations multi-utilisateurs en ext\u00e9rieur. L&rsquo;appareil dispose d&rsquo;un syst\u00e8me d&rsquo;\u00e9quilibrage de charges \u00e0 double alimentation, offrant des puissances allant jusqu&rsquo;\u00e0 44 kW, d&rsquo;un compteur de facturation int\u00e9gr\u00e9 avec homologation MID et gestion via une carte de proximit\u00e9 (RFID) ou des communications 3G, avec le protocole OCPP 1.5\/1.6 pour sa gestion \u00e0 distance.<\/li>\n<li><strong>Bornes de recharge URBAN Ma\u00eetre\/Esclave<\/strong> : pr\u00e9sentant tous les avantages de la gamme URBAN, elles offrent la possibilit\u00e9 de disposer d&rsquo;un seul \u00e9quipement ma\u00eetre pour g\u00e9rer de mani\u00e8re autonome jusqu&rsquo;\u00e0 8 bornes esclaves, et d&rsquo;optimiser et r\u00e9duire les co\u00fbts de l&rsquo;installation en permettant une gestion locale ou \u00e0 distance.<\/li>\n<\/ul>\n<h5>Solutions pour une recharge rapide en ext\u00e9rieur<\/h5>\n<ul>\n<li><strong>Chargeurs Raption 50<\/strong> : L&rsquo;\u00e9quipement permet de recharger les v\u00e9hicules \u00e9lectriques dans les cas n\u00e9cessitant une recharge plus rapide. De plus, il a une puissance de charge allant jusqu&rsquo;\u00e0 50 kW CC simultan\u00e9ment par prise. L&rsquo;\u00e9quipement int\u00e8gre un \u00e9cran anti-vandalisme, le protocole de communication OCCP et peut g\u00e9rer des \u00e9quipements de la gamme URBAN ma\u00eetre\/esclave.<\/li>\n<li><strong>Chargeurs Raption 150<\/strong> : L&rsquo;\u00e9quipement de recharge rapide RAPTION 150 est le plus puissant de sa gamme, avec une puissance pouvant atteindre 150 kW CC ce qui \u00e9quivaut \u00e0 environ 500 km d&rsquo;autonomie en 30 minutes. Pour cette raison, il devient la solution la plus rapide pour la recharge sur les voies publiques ou les stations-service.<\/li>\n<\/ul>\n<p>Nous esp\u00e9rons vous accueillir afin de vous pr\u00e9senter toutes nos nouveaut\u00e9s lors du salon Automobile Barcelona 2019 (Parc des expositions de Montju\u00efc, Pavillon 8, Niveau 0, All\u00e9e D, Stand 420).<\/p>\n<p>&nbsp;<\/p>\n<p><img loading=\"lazy\" class=\" size-full wp-image-535\" title=\"Les derniers d\u00e9veloppements en mati\u00e8re de syst\u00e8mes de recharge de v\u00e9hicules \u00e9lectriques au salon Automobile Barcelona 2019\" src=\"https:\/\/circutorweb.atic.blue\/wp-content\/uploads\/2019\/05\/FN-AUTOMOBILE-BARCELONA-2019-1.jpg\" alt=\"Les derniers d\u00e9veloppements en mati\u00e8re de syst\u00e8mes de recharge de v\u00e9hicules \u00e9lectriques au salon Automobile Barcelona 2019\" width=\"100%\" height=\"NaN\" \/>[\/vc_column_text][\/vc_column][\/vc_row]<\/p>\n","protected":false},"excerpt":{"rendered":"<p>[vc_row][vc_column][vc_column_text] CIRCUTOR pr\u00e9sente la gamme compl\u00e8te de points de recharge pour v\u00e9hicules \u00e9lectriques dans le cadre du salon Automobile Barcelona 2019, qui se tient du 11 au 19 mai au parc des expositions de Montju\u00efc (Barcelone). L&rsquo;Automobile Barcelona 2019 (anciennement connu sous le nom de Salon international de l&rsquo;automobile) organis\u00e9 par la Fira de Barcelona [&hellip;]<\/p>\n","protected":false},"author":1,"featured_media":4734,"comment_status":"open","ping_status":"open","sticky":false,"template":"","format":"standard","meta":[],"categories":[3534],"tags":[],"acf":[],"yoast_head":"<!-- This site is optimized with the Yoast SEO plugin v19.4 - https:\/\/yoast.com\/wordpress\/plugins\/seo\/ -->\n<title>Les derniers d\u00e9veloppements en mati\u00e8re de syst\u00e8mes de recharge de v\u00e9hicules \u00e9lectriques au salon Automobile Barcelona 2019 - CIRCUTOR<\/title>\n<meta name=\"description\" content=\"CIRCUTOR pr\u00e9sente la gamme compl\u00e8te de points de recharge pour v\u00e9hicules \u00e9lectriques dans le cadre du salon Automobile Barcelona 2019, qui se tient du 11 au 19 mai au parc des expositions de Montju\u00efc (Barcelone).\" \/>\n<meta name=\"robots\" content=\"index, follow, max-snippet:-1, max-image-preview:large, max-video-preview:-1\" \/>\n<link rel=\"canonical\" href=\"https:\/\/circutor.com\/fr\/evenement\/les-derniers-developpements-en-matiere-de-systemes-de-recharge-de-vehicules-electriques-au-salon-automobile-barcelona-2019\/\" \/>\n<meta property=\"og:locale\" content=\"fr_FR\" \/>\n<meta property=\"og:type\" content=\"article\" \/>\n<meta property=\"og:title\" content=\"Les derniers d\u00e9veloppements en mati\u00e8re de syst\u00e8mes de recharge de v\u00e9hicules \u00e9lectriques au salon Automobile Barcelona 2019 - CIRCUTOR\" \/>\n<meta property=\"og:description\" content=\"CIRCUTOR pr\u00e9sente la gamme compl\u00e8te de points de recharge pour v\u00e9hicules \u00e9lectriques dans le cadre du salon Automobile Barcelona 2019, qui se tient du 11 au 19 mai au parc des expositions de Montju\u00efc (Barcelone).\" \/>\n<meta property=\"og:url\" content=\"https:\/\/circutor.com\/fr\/evenement\/les-derniers-developpements-en-matiere-de-systemes-de-recharge-de-vehicules-electriques-au-salon-automobile-barcelona-2019\/\" \/>\n<meta property=\"og:site_name\" content=\"CIRCUTOR\" \/>\n<meta property=\"article:publisher\" content=\"https:\/\/www.facebook.com\/CIRCUTOR.ES\" \/>\n<meta property=\"article:published_time\" content=\"2019-05-03T07:02:00+00:00\" \/>\n<meta property=\"article:modified_time\" content=\"2022-01-20T14:32:03+00:00\" \/>\n<meta property=\"og:image\" content=\"https:\/\/circutor.com\/wp-content\/uploads\/2021\/05\/FN-AUTOMOBILE-BARCELONA-2019.jpg\" \/>\n\t<meta property=\"og:image:width\" content=\"760\" \/>\n\t<meta property=\"og:image:height\" content=\"356\" \/>\n\t<meta property=\"og:image:type\" content=\"image\/jpeg\" \/>\n<meta name=\"author\" content=\"admin\" \/>\n<meta name=\"twitter:card\" content=\"summary_large_image\" \/>\n<meta name=\"twitter:creator\" content=\"@circutor\" \/>\n<meta name=\"twitter:site\" content=\"@circutor\" \/>\n<meta name=\"twitter:label1\" content=\"\u00c9crit par\" \/>\n\t<meta name=\"twitter:data1\" content=\"admin\" \/>\n\t<meta name=\"twitter:label2\" content=\"Dur\u00e9e de lecture estim\u00e9e\" \/>\n\t<meta name=\"twitter:data2\" content=\"3 minutes\" \/>\n<script type=\"application\/ld+json\" class=\"yoast-schema-graph\">{\"@context\":\"https:\/\/schema.org\",\"@graph\":[{\"@type\":\"Organization\",\"@id\":\"https:\/\/circutor.com\/#organization\",\"name\":\"Circutor\",\"url\":\"https:\/\/circutor.com\/\",\"sameAs\":[\"https:\/\/www.instagram.com\/circutor_es\",\"https:\/\/www.linkedin.com\/company\/circutor\",\"https:\/\/www.youtube.com\/user\/CIRCUTORoficial\",\"https:\/\/www.facebook.com\/CIRCUTOR.ES\",\"https:\/\/twitter.com\/circutor\"],\"logo\":{\"@type\":\"ImageObject\",\"inLanguage\":\"fr-FR\",\"@id\":\"https:\/\/circutor.com\/#\/schema\/logo\/image\/\",\"url\":\"https:\/\/circutor.com\/wp-content\/uploads\/2020\/09\/CIR_LOGO_RED.png\",\"contentUrl\":\"https:\/\/circutor.com\/wp-content\/uploads\/2020\/09\/CIR_LOGO_RED.png\",\"width\":512,\"height\":128,\"caption\":\"Circutor\"},\"image\":{\"@id\":\"https:\/\/circutor.com\/#\/schema\/logo\/image\/\"}},{\"@type\":\"WebSite\",\"@id\":\"https:\/\/circutor.com\/#website\",\"url\":\"https:\/\/circutor.com\/\",\"name\":\"CIRCUTOR\",\"description\":\"Soluciones para la eficiencia energ\u00e9tica el\u00e9ctrica\",\"publisher\":{\"@id\":\"https:\/\/circutor.com\/#organization\"},\"potentialAction\":[{\"@type\":\"SearchAction\",\"target\":{\"@type\":\"EntryPoint\",\"urlTemplate\":\"https:\/\/circutor.com\/?s={search_term_string}\"},\"query-input\":\"required name=search_term_string\"}],\"inLanguage\":\"fr-FR\"},{\"@type\":\"WebPage\",\"@id\":\"https:\/\/circutor.com\/fr\/evenement\/les-derniers-developpements-en-matiere-de-systemes-de-recharge-de-vehicules-electriques-au-salon-automobile-barcelona-2019\/\",\"url\":\"https:\/\/circutor.com\/fr\/evenement\/les-derniers-developpements-en-matiere-de-systemes-de-recharge-de-vehicules-electriques-au-salon-automobile-barcelona-2019\/\",\"name\":\"Les derniers d\u00e9veloppements en mati\u00e8re de syst\u00e8mes de recharge de v\u00e9hicules \u00e9lectriques au salon Automobile Barcelona 2019 - CIRCUTOR\",\"isPartOf\":{\"@id\":\"https:\/\/circutor.com\/#website\"},\"datePublished\":\"2019-05-03T07:02:00+00:00\",\"dateModified\":\"2022-01-20T14:32:03+00:00\",\"description\":\"CIRCUTOR pr\u00e9sente la gamme compl\u00e8te de points de recharge pour v\u00e9hicules \u00e9lectriques dans le cadre du salon Automobile Barcelona 2019, qui se tient du 11 au 19 mai au parc des expositions de Montju\u00efc (Barcelone).\",\"breadcrumb\":{\"@id\":\"https:\/\/circutor.com\/fr\/evenement\/les-derniers-developpements-en-matiere-de-systemes-de-recharge-de-vehicules-electriques-au-salon-automobile-barcelona-2019\/#breadcrumb\"},\"inLanguage\":\"fr-FR\",\"potentialAction\":[{\"@type\":\"ReadAction\",\"target\":[\"https:\/\/circutor.com\/fr\/evenement\/les-derniers-developpements-en-matiere-de-systemes-de-recharge-de-vehicules-electriques-au-salon-automobile-barcelona-2019\/\"]}]},{\"@type\":\"BreadcrumbList\",\"@id\":\"https:\/\/circutor.com\/fr\/evenement\/les-derniers-developpements-en-matiere-de-systemes-de-recharge-de-vehicules-electriques-au-salon-automobile-barcelona-2019\/#breadcrumb\",\"itemListElement\":[{\"@type\":\"ListItem\",\"position\":1,\"name\":\"Portada\",\"item\":\"https:\/\/circutor.com\/fr\/\"},{\"@type\":\"ListItem\",\"position\":2,\"name\":\"Les derniers d\u00e9veloppements en mati\u00e8re de syst\u00e8mes de recharge de v\u00e9hicules \u00e9lectriques au salon Automobile Barcelona 2019\"}]},{\"@type\":\"Article\",\"@id\":\"https:\/\/circutor.com\/fr\/evenement\/les-derniers-developpements-en-matiere-de-systemes-de-recharge-de-vehicules-electriques-au-salon-automobile-barcelona-2019\/#article\",\"isPartOf\":{\"@id\":\"https:\/\/circutor.com\/fr\/evenement\/les-derniers-developpements-en-matiere-de-systemes-de-recharge-de-vehicules-electriques-au-salon-automobile-barcelona-2019\/\"},\"author\":{\"name\":\"admin\",\"@id\":\"https:\/\/circutor.com\/#\/schema\/person\/17d169bdccd6e2367b1ce7182dd31283\"},\"headline\":\"Les derniers d\u00e9veloppements en mati\u00e8re de syst\u00e8mes de recharge de v\u00e9hicules \u00e9lectriques au salon Automobile Barcelona 2019\",\"datePublished\":\"2019-05-03T07:02:00+00:00\",\"dateModified\":\"2022-01-20T14:32:03+00:00\",\"mainEntityOfPage\":{\"@id\":\"https:\/\/circutor.com\/fr\/evenement\/les-derniers-developpements-en-matiere-de-systemes-de-recharge-de-vehicules-electriques-au-salon-automobile-barcelona-2019\/\"},\"wordCount\":658,\"commentCount\":0,\"publisher\":{\"@id\":\"https:\/\/circutor.com\/#organization\"},\"articleSection\":[\"\u00c9v\u00e9nements\"],\"inLanguage\":\"fr-FR\",\"potentialAction\":[{\"@type\":\"CommentAction\",\"name\":\"Comment\",\"target\":[\"https:\/\/circutor.com\/fr\/evenement\/les-derniers-developpements-en-matiere-de-systemes-de-recharge-de-vehicules-electriques-au-salon-automobile-barcelona-2019\/#respond\"]}]},{\"@type\":\"Person\",\"@id\":\"https:\/\/circutor.com\/#\/schema\/person\/17d169bdccd6e2367b1ce7182dd31283\",\"name\":\"admin\",\"image\":{\"@type\":\"ImageObject\",\"inLanguage\":\"fr-FR\",\"@id\":\"https:\/\/circutor.com\/#\/schema\/person\/image\/\",\"url\":\"https:\/\/circutor.com\/wp-content\/uploads\/2022\/04\/usuario-logo-gris-96x96.png\",\"contentUrl\":\"https:\/\/circutor.com\/wp-content\/uploads\/2022\/04\/usuario-logo-gris-96x96.png\",\"caption\":\"admin\"}}]}<\/script>\n<!-- \/ Yoast SEO plugin. -->","yoast_head_json":{"title":"Les derniers d\u00e9veloppements en mati\u00e8re de syst\u00e8mes de recharge de v\u00e9hicules \u00e9lectriques au salon Automobile Barcelona 2019 - CIRCUTOR","description":"CIRCUTOR pr\u00e9sente la gamme compl\u00e8te de points de recharge pour v\u00e9hicules \u00e9lectriques dans le cadre du salon Automobile Barcelona 2019, qui se tient du 11 au 19 mai au parc des expositions de Montju\u00efc (Barcelone).","robots":{"index":"index","follow":"follow","max-snippet":"max-snippet:-1","max-image-preview":"max-image-preview:large","max-video-preview":"max-video-preview:-1"},"canonical":"https:\/\/circutor.com\/fr\/evenement\/les-derniers-developpements-en-matiere-de-systemes-de-recharge-de-vehicules-electriques-au-salon-automobile-barcelona-2019\/","og_locale":"fr_FR","og_type":"article","og_title":"Les derniers d\u00e9veloppements en mati\u00e8re de syst\u00e8mes de recharge de v\u00e9hicules \u00e9lectriques au salon Automobile Barcelona 2019 - CIRCUTOR","og_description":"CIRCUTOR pr\u00e9sente la gamme compl\u00e8te de points de recharge pour v\u00e9hicules \u00e9lectriques dans le cadre du salon Automobile Barcelona 2019, qui se tient du 11 au 19 mai au parc des expositions de Montju\u00efc (Barcelone).","og_url":"https:\/\/circutor.com\/fr\/evenement\/les-derniers-developpements-en-matiere-de-systemes-de-recharge-de-vehicules-electriques-au-salon-automobile-barcelona-2019\/","og_site_name":"CIRCUTOR","article_publisher":"https:\/\/www.facebook.com\/CIRCUTOR.ES","article_published_time":"2019-05-03T07:02:00+00:00","article_modified_time":"2022-01-20T14:32:03+00:00","og_image":[{"width":760,"height":356,"url":"https:\/\/circutor.com\/wp-content\/uploads\/2021\/05\/FN-AUTOMOBILE-BARCELONA-2019.jpg","type":"image\/jpeg"}],"author":"admin","twitter_card":"summary_large_image","twitter_creator":"@circutor","twitter_site":"@circutor","twitter_misc":{"\u00c9crit par":"admin","Dur\u00e9e de lecture estim\u00e9e":"3 minutes"},"schema":{"@context":"https:\/\/schema.org","@graph":[{"@type":"Organization","@id":"https:\/\/circutor.com\/#organization","name":"Circutor","url":"https:\/\/circutor.com\/","sameAs":["https:\/\/www.instagram.com\/circutor_es","https:\/\/www.linkedin.com\/company\/circutor","https:\/\/www.youtube.com\/user\/CIRCUTORoficial","https:\/\/www.facebook.com\/CIRCUTOR.ES","https:\/\/twitter.com\/circutor"],"logo":{"@type":"ImageObject","inLanguage":"fr-FR","@id":"https:\/\/circutor.com\/#\/schema\/logo\/image\/","url":"https:\/\/circutor.com\/wp-content\/uploads\/2020\/09\/CIR_LOGO_RED.png","contentUrl":"https:\/\/circutor.com\/wp-content\/uploads\/2020\/09\/CIR_LOGO_RED.png","width":512,"height":128,"caption":"Circutor"},"image":{"@id":"https:\/\/circutor.com\/#\/schema\/logo\/image\/"}},{"@type":"WebSite","@id":"https:\/\/circutor.com\/#website","url":"https:\/\/circutor.com\/","name":"CIRCUTOR","description":"Soluciones para la eficiencia energ\u00e9tica el\u00e9ctrica","publisher":{"@id":"https:\/\/circutor.com\/#organization"},"potentialAction":[{"@type":"SearchAction","target":{"@type":"EntryPoint","urlTemplate":"https:\/\/circutor.com\/?s={search_term_string}"},"query-input":"required name=search_term_string"}],"inLanguage":"fr-FR"},{"@type":"WebPage","@id":"https:\/\/circutor.com\/fr\/evenement\/les-derniers-developpements-en-matiere-de-systemes-de-recharge-de-vehicules-electriques-au-salon-automobile-barcelona-2019\/","url":"https:\/\/circutor.com\/fr\/evenement\/les-derniers-developpements-en-matiere-de-systemes-de-recharge-de-vehicules-electriques-au-salon-automobile-barcelona-2019\/","name":"Les derniers d\u00e9veloppements en mati\u00e8re de syst\u00e8mes de recharge de v\u00e9hicules \u00e9lectriques au salon Automobile Barcelona 2019 - CIRCUTOR","isPartOf":{"@id":"https:\/\/circutor.com\/#website"},"datePublished":"2019-05-03T07:02:00+00:00","dateModified":"2022-01-20T14:32:03+00:00","description":"CIRCUTOR pr\u00e9sente la gamme compl\u00e8te de points de recharge pour v\u00e9hicules \u00e9lectriques dans le cadre du salon Automobile Barcelona 2019, qui se tient du 11 au 19 mai au parc des expositions de Montju\u00efc (Barcelone).","breadcrumb":{"@id":"https:\/\/circutor.com\/fr\/evenement\/les-derniers-developpements-en-matiere-de-systemes-de-recharge-de-vehicules-electriques-au-salon-automobile-barcelona-2019\/#breadcrumb"},"inLanguage":"fr-FR","potentialAction":[{"@type":"ReadAction","target":["https:\/\/circutor.com\/fr\/evenement\/les-derniers-developpements-en-matiere-de-systemes-de-recharge-de-vehicules-electriques-au-salon-automobile-barcelona-2019\/"]}]},{"@type":"BreadcrumbList","@id":"https:\/\/circutor.com\/fr\/evenement\/les-derniers-developpements-en-matiere-de-systemes-de-recharge-de-vehicules-electriques-au-salon-automobile-barcelona-2019\/#breadcrumb","itemListElement":[{"@type":"ListItem","position":1,"name":"Portada","item":"https:\/\/circutor.com\/fr\/"},{"@type":"ListItem","position":2,"name":"Les derniers d\u00e9veloppements en mati\u00e8re de syst\u00e8mes de recharge de v\u00e9hicules \u00e9lectriques au salon Automobile Barcelona 2019"}]},{"@type":"Article","@id":"https:\/\/circutor.com\/fr\/evenement\/les-derniers-developpements-en-matiere-de-systemes-de-recharge-de-vehicules-electriques-au-salon-automobile-barcelona-2019\/#article","isPartOf":{"@id":"https:\/\/circutor.com\/fr\/evenement\/les-derniers-developpements-en-matiere-de-systemes-de-recharge-de-vehicules-electriques-au-salon-automobile-barcelona-2019\/"},"author":{"name":"admin","@id":"https:\/\/circutor.com\/#\/schema\/person\/17d169bdccd6e2367b1ce7182dd31283"},"headline":"Les derniers d\u00e9veloppements en mati\u00e8re de syst\u00e8mes de recharge de v\u00e9hicules \u00e9lectriques au salon Automobile Barcelona 2019","datePublished":"2019-05-03T07:02:00+00:00","dateModified":"2022-01-20T14:32:03+00:00","mainEntityOfPage":{"@id":"https:\/\/circutor.com\/fr\/evenement\/les-derniers-developpements-en-matiere-de-systemes-de-recharge-de-vehicules-electriques-au-salon-automobile-barcelona-2019\/"},"wordCount":658,"commentCount":0,"publisher":{"@id":"https:\/\/circutor.com\/#organization"},"articleSection":["\u00c9v\u00e9nements"],"inLanguage":"fr-FR","potentialAction":[{"@type":"CommentAction","name":"Comment","target":["https:\/\/circutor.com\/fr\/evenement\/les-derniers-developpements-en-matiere-de-systemes-de-recharge-de-vehicules-electriques-au-salon-automobile-barcelona-2019\/#respond"]}]},{"@type":"Person","@id":"https:\/\/circutor.com\/#\/schema\/person\/17d169bdccd6e2367b1ce7182dd31283","name":"admin","image":{"@type":"ImageObject","inLanguage":"fr-FR","@id":"https:\/\/circutor.com\/#\/schema\/person\/image\/","url":"https:\/\/circutor.com\/wp-content\/uploads\/2022\/04\/usuario-logo-gris-96x96.png","contentUrl":"https:\/\/circutor.com\/wp-content\/uploads\/2022\/04\/usuario-logo-gris-96x96.png","caption":"admin"}}]}},"_links":{"self":[{"href":"https:\/\/circutor.com\/fr\/wp-json\/wp\/v2\/posts\/10561"}],"collection":[{"href":"https:\/\/circutor.com\/fr\/wp-json\/wp\/v2\/posts"}],"about":[{"href":"https:\/\/circutor.com\/fr\/wp-json\/wp\/v2\/types\/post"}],"author":[{"embeddable":true,"href":"https:\/\/circutor.com\/fr\/wp-json\/wp\/v2\/users\/1"}],"replies":[{"embeddable":true,"href":"https:\/\/circutor.com\/fr\/wp-json\/wp\/v2\/comments?post=10561"}],"version-history":[{"count":0,"href":"https:\/\/circutor.com\/fr\/wp-json\/wp\/v2\/posts\/10561\/revisions"}],"wp:featuredmedia":[{"embeddable":true,"href":"https:\/\/circutor.com\/fr\/wp-json\/wp\/v2\/media\/4734"}],"wp:attachment":[{"href":"https:\/\/circutor.com\/fr\/wp-json\/wp\/v2\/media?parent=10561"}],"wp:term":[{"taxonomy":"category","embeddable":true,"href":"https:\/\/circutor.com\/fr\/wp-json\/wp\/v2\/categories?post=10561"},{"taxonomy":"post_tag","embeddable":true,"href":"https:\/\/circutor.com\/fr\/wp-json\/wp\/v2\/tags?post=10561"}],"curies":[{"name":"wp","href":"https:\/\/api.w.org\/{rel}","templated":true}]}}