{"id":10557,"date":"2019-02-26T09:29:00","date_gmt":"2019-02-26T09:29:00","guid":{"rendered":"https:\/\/circutorweb.atic.blue\/?p=513"},"modified":"2022-01-20T15:16:14","modified_gmt":"2022-01-20T15:16:14","slug":"systemes-de-gestion-energetique-et-analyse-de-la-consommation","status":"publish","type":"post","link":"https:\/\/circutor.com\/fr\/articles-fr\/systemes-de-gestion-energetique-et-analyse-de-la-consommation\/","title":{"rendered":"Syst\u00e8mes de gestion \u00e9nerg\u00e9tique et analyse de la consommation"},"content":{"rendered":"<p>[vc_row][vc_column][vc_column_text]<\/p>\n<h4>La place croissante de la facture \u00e9lectrique dans les d\u00e9penses professionnelles ou domestiques a suscit\u00e9 le besoin d&rsquo;interpr\u00e9ter cette consommation.<\/h4>\n<p><strong>Si vous souhaitez \u00e9conomiser l&rsquo;\u00e9nergie, vous devez conna\u00eetre la r\u00e9alit\u00e9 cach\u00e9e derri\u00e8re chaque prise de courant. Vous devrez explorer les alternatives, afin de corriger les surcharges qui font monter la facture finale \u00e0 des chiffres qui d\u00e9passent votre budget.<\/strong><\/p>\n<h3>Principes de base des installations \u00e9lectriques pour l&rsquo;optimisation \u00e9nerg\u00e9tique<\/h3>\n<p>Avant de tenter toute action visant \u00e0 all\u00e9ger le poids de la facture d&rsquo;\u00e9lectricit\u00e9, il est n\u00e9cessaire de conna\u00eetre le r\u00e9seau \u00e9lectrique interne. Voici trois cat\u00e9gories essentielles pour l\u2019analyse des probl\u00e8mes:<\/p>\n<ol>\n<li><strong>La puissance contractuelle totale<\/strong>. Elle figure sur la facture d&rsquo;\u00e9lectricit\u00e9 et correspond \u00e0 un type de consommation standard qui r\u00e9pond aux besoins des clients.<\/li>\n<li><strong>La structure de la d\u00e9pense par unit\u00e9 industrielle ou domestique<\/strong>. Concr\u00e8tement, il s&rsquo;agit des appareils install\u00e9s et des exigences de consommation individualis\u00e9es pour un fonctionnement correct.<\/li>\n<li><strong>L\u2018intensit\u00e9 des d\u00e9penses par unit\u00e9 de consommation<\/strong>. Il s&rsquo;agit d&rsquo;un facteur d\u00e9riv\u00e9 de la cat\u00e9gorie pr\u00e9c\u00e9dente. Par exemple, il d\u00e9finit le temps d&rsquo;utilisation du p\u00e9riph\u00e9rique consommateur. Dans le cas du r\u00e9frig\u00e9rateur, la consommation sera g\u00e9n\u00e9ralement continue, tandis que pour le lave-vaisselle, elle sera ponctuelle et peut-\u00eatre variable d&rsquo;un mois \u00e0 l&rsquo;autre. En identifiant ces variables, il vous sera facile d&rsquo;intervenir dans la gestion \u00e9nerg\u00e9tique.<\/li>\n<\/ol>\n<p>Il est tr\u00e8s int\u00e9ressant <strong>de d\u00e9composer la consommation d&rsquo;\u00e9nergie contractuelle en fonction des appareils \u00e9lectriques install\u00e9s et des dur\u00e9es d&rsquo;utilisation<\/strong>. Si vous ne trouvez pas d\u2019alternative \u00e0 la consommation, vous avez toujours la possibilit\u00e9 de comparer les tarifs et les offres des entreprises \u00e9lectriques. Elles offrent toutes un <strong>rabais sur la consommation \u00e9lectrique moyennant des conditions contractuelles particuli\u00e8res<\/strong>, qui devront \u00e9galement \u00eatre \u00e9valu\u00e9es.<\/p>\n<h3>Cl\u00e9s et appareils pour calculer la consommation d&rsquo;\u00e9lectricit\u00e9<\/h3>\n<p>Il est possible de proc\u00e9der \u00e0 un suivi ais\u00e9 de la consommation \u00e9lectrique gr\u00e2ce \u00e0 des <a href=\"http:\/\/circutor.fr\/fr\/produits\/mesure-et-controle\" target=\"_blank\" rel=\"noopener noreferrer\"><strong> instruments de mesure<\/strong><\/a> tels que les analyseurs de d\u00e9penses \u00e9lectriques. Vous d\u00e9tecterez instantan\u00e9ment tout \u00e9cart par rapport \u00e0 une d\u00e9pense normale en raison du dysfonctionnement d\u2019un appareil. Il s&rsquo;agit tout simplement d&rsquo;une comparaison des d\u00e9penses effectu\u00e9es par le m\u00eame appareil pour les p\u00e9riodes pr\u00e9c\u00e9dentes.<\/p>\n<p>L\u2019analyse de plus de <a href=\"http:\/\/circutor.fr\/fr\/produits\/articles-en-vedette\/4462-verifie-chaque-parametre-de-votre-installation-electrique\"><strong> 250 param\u00e8tres \u00e9lectriques<\/strong><\/a> concernant l&rsquo;\u00e9nergie, le co\u00fbt et l&rsquo;\u00e9quivalence en \u00e9missions vous indique la conformit\u00e9 ou non par rapport aux r\u00e9glementations en vigueur sur l&rsquo;efficacit\u00e9 \u00e9nerg\u00e9tique. La documentation fournie permet une configuration rapide, afin de le convertir en un moyen fiable et s\u00fbr de surveiller les d\u00e9penses de votre r\u00e9seau priv\u00e9. Cela vous permet d&rsquo;\u00e9viter de devoir calculer manuellement et d&rsquo;obtenir une mise \u00e0 jour confortable des taux voire m\u00eame de les diff\u00e9rencier en fonction des sources d&rsquo;approvisionnement. C&rsquo;est notamment le cas des groupes \u00e9lectrog\u00e8nes auxiliaires ou des syst\u00e8mes SAI (syst\u00e8mes d&rsquo;alimentation ininterrompue).<\/p>\n<p>En d\u00e9finitive, il s\u2019agit d\u2019une suite permettant de prendre le contr\u00f4le complet du fonctionnement d\u2019un r\u00e9seau \u00e9lectrique. Pour les anomalies d\u00e9tect\u00e9es, il pr\u00e9voit, par souci de clart\u00e9 informative, de prendre une mesure corrective.<\/p>\n<p>L\u2019Espagne dispose, avec l\u2019Allemagne, du <strong>tarif \u00e9lectrique<\/strong> le plus \u00e9lev\u00e9 de l&rsquo;Union europ\u00e9enne. Les actions que vous prenez en mati\u00e8re <a href=\"http:\/\/www.controlastuenergia.gob.es\/Paginas\/index.aspx\"><strong> d&rsquo;\u00e9conomie d&rsquo;\u00e9nergie<\/strong><\/a> r\u00e9duisent cet impact important sur votre \u00e9conomie et impliquent de grandes \u00e9conomies \u00e0 moyen et long terme. Si vous avez des questions concernant ce chapitre, veuillez contacter les r\u00e9seaux commerciaux offrant ces produits pour que ceux-ci vous apportent une solution.<\/p>\n<p><img style=\"display: block; margin-left: auto; margin-right: auto;\" src=\"https:\/\/circutor.com\/images\/stories\/virtuemart\/category\/resized\/analizadores-de-redes_55x55.png\" alt=\"Analyseurs de r\u00e9seaux\" \/><\/p>\n<p><img style=\"display: block; margin-left: auto; margin-right: auto;\" src=\"https:\/\/circutor.com\/images\/stories\/virtuemart\/category\/resized\/analizadores-de-consumos_55x55.png\" alt=\"Analyseur de consommations\" \/><\/p>\n<hr \/>\n<p>Liens d&rsquo;int\u00e9r\u00eat:<\/p>\n<ul>\n<li>\n<h5><a href=\"https:\/\/docs.circutor.com\/docs\/CT_AnalizadoresFijos_FR.pdf\" target=\"_blank\" rel=\"noopener noreferrer\">CVM. Analyseurs de r\u00e9seaux \u00e9lectriques<\/a><\/h5>\n<\/li>\n<li>\n<h5><a href=\"https:\/\/docs.circutor.com\/docs\/CT_PowerStudio_FR.pdf\" target=\"_blank\" rel=\"noopener noreferrer\">Environnements de Logiciel pour la gestion et le contr\u00f4le \u00e9nerg\u00e9tique<\/a><\/h5>\n<\/li>\n<\/ul>\n<hr \/>\n<p>[\/vc_column_text][\/vc_column][\/vc_row]<\/p>\n","protected":false},"excerpt":{"rendered":"<p>[vc_row][vc_column][vc_column_text] La place croissante de la facture \u00e9lectrique dans les d\u00e9penses professionnelles ou domestiques a suscit\u00e9 le besoin d&rsquo;interpr\u00e9ter cette consommation. Si vous souhaitez \u00e9conomiser l&rsquo;\u00e9nergie, vous devez conna\u00eetre la r\u00e9alit\u00e9 cach\u00e9e derri\u00e8re chaque prise de courant. Vous devrez explorer les alternatives, afin de corriger les surcharges qui font monter la facture finale \u00e0 des [&hellip;]<\/p>\n","protected":false},"author":1,"featured_media":6722,"comment_status":"open","ping_status":"open","sticky":false,"template":"","format":"standard","meta":[],"categories":[3522],"tags":[],"acf":[],"yoast_head":"<!-- This site is optimized with the Yoast SEO plugin v19.4 - https:\/\/yoast.com\/wordpress\/plugins\/seo\/ -->\n<title>Syst\u00e8mes de gestion \u00e9nerg\u00e9tique et analyse de la consommation - CIRCUTOR<\/title>\n<meta name=\"description\" content=\"La place croissante de la facture \u00e9lectrique dans les d\u00e9penses professionnelles ou domestiques a suscit\u00e9 le besoin d&#039;interpr\u00e9ter cette consommation.\" \/>\n<meta name=\"robots\" content=\"index, follow, max-snippet:-1, max-image-preview:large, max-video-preview:-1\" \/>\n<link rel=\"canonical\" href=\"https:\/\/circutor.com\/fr\/articles-fr\/systemes-de-gestion-energetique-et-analyse-de-la-consommation\/\" \/>\n<meta property=\"og:locale\" content=\"fr_FR\" \/>\n<meta property=\"og:type\" content=\"article\" \/>\n<meta property=\"og:title\" content=\"Syst\u00e8mes de gestion \u00e9nerg\u00e9tique et analyse de la consommation - CIRCUTOR\" \/>\n<meta property=\"og:description\" content=\"La place croissante de la facture \u00e9lectrique dans les d\u00e9penses professionnelles ou domestiques a suscit\u00e9 le besoin d&#039;interpr\u00e9ter cette consommation.\" \/>\n<meta property=\"og:url\" content=\"https:\/\/circutor.com\/fr\/articles-fr\/systemes-de-gestion-energetique-et-analyse-de-la-consommation\/\" \/>\n<meta property=\"og:site_name\" content=\"CIRCUTOR\" \/>\n<meta property=\"article:publisher\" content=\"https:\/\/www.facebook.com\/CIRCUTOR.ES\" \/>\n<meta property=\"article:published_time\" content=\"2019-02-26T09:29:00+00:00\" \/>\n<meta property=\"article:modified_time\" content=\"2022-01-20T15:16:14+00:00\" \/>\n<meta property=\"og:image\" content=\"https:\/\/circutor.com\/wp-content\/uploads\/2021\/05\/FDi_SGE-analisis.jpg\" \/>\n\t<meta property=\"og:image:width\" content=\"1152\" \/>\n\t<meta property=\"og:image:height\" content=\"540\" \/>\n\t<meta property=\"og:image:type\" content=\"image\/jpeg\" \/>\n<meta name=\"author\" content=\"admin\" \/>\n<meta name=\"twitter:card\" content=\"summary_large_image\" \/>\n<meta name=\"twitter:creator\" content=\"@circutor\" \/>\n<meta name=\"twitter:site\" content=\"@circutor\" \/>\n<meta name=\"twitter:label1\" content=\"\u00c9crit par\" \/>\n\t<meta name=\"twitter:data1\" content=\"admin\" \/>\n\t<meta name=\"twitter:label2\" content=\"Dur\u00e9e de lecture estim\u00e9e\" \/>\n\t<meta name=\"twitter:data2\" content=\"3 minutes\" \/>\n<script type=\"application\/ld+json\" class=\"yoast-schema-graph\">{\"@context\":\"https:\/\/schema.org\",\"@graph\":[{\"@type\":\"Organization\",\"@id\":\"https:\/\/circutor.com\/#organization\",\"name\":\"Circutor\",\"url\":\"https:\/\/circutor.com\/\",\"sameAs\":[\"https:\/\/www.instagram.com\/circutor_es\",\"https:\/\/www.linkedin.com\/company\/circutor\",\"https:\/\/www.youtube.com\/user\/CIRCUTORoficial\",\"https:\/\/www.facebook.com\/CIRCUTOR.ES\",\"https:\/\/twitter.com\/circutor\"],\"logo\":{\"@type\":\"ImageObject\",\"inLanguage\":\"fr-FR\",\"@id\":\"https:\/\/circutor.com\/#\/schema\/logo\/image\/\",\"url\":\"https:\/\/circutor.com\/wp-content\/uploads\/2020\/09\/CIR_LOGO_RED.png\",\"contentUrl\":\"https:\/\/circutor.com\/wp-content\/uploads\/2020\/09\/CIR_LOGO_RED.png\",\"width\":512,\"height\":128,\"caption\":\"Circutor\"},\"image\":{\"@id\":\"https:\/\/circutor.com\/#\/schema\/logo\/image\/\"}},{\"@type\":\"WebSite\",\"@id\":\"https:\/\/circutor.com\/#website\",\"url\":\"https:\/\/circutor.com\/\",\"name\":\"CIRCUTOR\",\"description\":\"Soluciones para la eficiencia energ\u00e9tica el\u00e9ctrica\",\"publisher\":{\"@id\":\"https:\/\/circutor.com\/#organization\"},\"potentialAction\":[{\"@type\":\"SearchAction\",\"target\":{\"@type\":\"EntryPoint\",\"urlTemplate\":\"https:\/\/circutor.com\/?s={search_term_string}\"},\"query-input\":\"required name=search_term_string\"}],\"inLanguage\":\"fr-FR\"},{\"@type\":\"WebPage\",\"@id\":\"https:\/\/circutor.com\/fr\/articles-fr\/systemes-de-gestion-energetique-et-analyse-de-la-consommation\/\",\"url\":\"https:\/\/circutor.com\/fr\/articles-fr\/systemes-de-gestion-energetique-et-analyse-de-la-consommation\/\",\"name\":\"Syst\u00e8mes de gestion \u00e9nerg\u00e9tique et analyse de la consommation - CIRCUTOR\",\"isPartOf\":{\"@id\":\"https:\/\/circutor.com\/#website\"},\"datePublished\":\"2019-02-26T09:29:00+00:00\",\"dateModified\":\"2022-01-20T15:16:14+00:00\",\"description\":\"La place croissante de la facture \u00e9lectrique dans les d\u00e9penses professionnelles ou domestiques a suscit\u00e9 le besoin d'interpr\u00e9ter cette consommation.\",\"breadcrumb\":{\"@id\":\"https:\/\/circutor.com\/fr\/articles-fr\/systemes-de-gestion-energetique-et-analyse-de-la-consommation\/#breadcrumb\"},\"inLanguage\":\"fr-FR\",\"potentialAction\":[{\"@type\":\"ReadAction\",\"target\":[\"https:\/\/circutor.com\/fr\/articles-fr\/systemes-de-gestion-energetique-et-analyse-de-la-consommation\/\"]}]},{\"@type\":\"BreadcrumbList\",\"@id\":\"https:\/\/circutor.com\/fr\/articles-fr\/systemes-de-gestion-energetique-et-analyse-de-la-consommation\/#breadcrumb\",\"itemListElement\":[{\"@type\":\"ListItem\",\"position\":1,\"name\":\"Portada\",\"item\":\"https:\/\/circutor.com\/fr\/\"},{\"@type\":\"ListItem\",\"position\":2,\"name\":\"Syst\u00e8mes de gestion \u00e9nerg\u00e9tique et analyse de la consommation\"}]},{\"@type\":\"Article\",\"@id\":\"https:\/\/circutor.com\/fr\/articles-fr\/systemes-de-gestion-energetique-et-analyse-de-la-consommation\/#article\",\"isPartOf\":{\"@id\":\"https:\/\/circutor.com\/fr\/articles-fr\/systemes-de-gestion-energetique-et-analyse-de-la-consommation\/\"},\"author\":{\"name\":\"admin\",\"@id\":\"https:\/\/circutor.com\/#\/schema\/person\/17d169bdccd6e2367b1ce7182dd31283\"},\"headline\":\"Syst\u00e8mes de gestion \u00e9nerg\u00e9tique et analyse de la consommation\",\"datePublished\":\"2019-02-26T09:29:00+00:00\",\"dateModified\":\"2022-01-20T15:16:14+00:00\",\"mainEntityOfPage\":{\"@id\":\"https:\/\/circutor.com\/fr\/articles-fr\/systemes-de-gestion-energetique-et-analyse-de-la-consommation\/\"},\"wordCount\":667,\"commentCount\":0,\"publisher\":{\"@id\":\"https:\/\/circutor.com\/#organization\"},\"articleSection\":[\"Articles\"],\"inLanguage\":\"fr-FR\",\"potentialAction\":[{\"@type\":\"CommentAction\",\"name\":\"Comment\",\"target\":[\"https:\/\/circutor.com\/fr\/articles-fr\/systemes-de-gestion-energetique-et-analyse-de-la-consommation\/#respond\"]}]},{\"@type\":\"Person\",\"@id\":\"https:\/\/circutor.com\/#\/schema\/person\/17d169bdccd6e2367b1ce7182dd31283\",\"name\":\"admin\",\"image\":{\"@type\":\"ImageObject\",\"inLanguage\":\"fr-FR\",\"@id\":\"https:\/\/circutor.com\/#\/schema\/person\/image\/\",\"url\":\"https:\/\/circutor.com\/wp-content\/uploads\/2022\/04\/usuario-logo-gris-96x96.png\",\"contentUrl\":\"https:\/\/circutor.com\/wp-content\/uploads\/2022\/04\/usuario-logo-gris-96x96.png\",\"caption\":\"admin\"}}]}<\/script>\n<!-- \/ Yoast SEO plugin. -->","yoast_head_json":{"title":"Syst\u00e8mes de gestion \u00e9nerg\u00e9tique et analyse de la consommation - CIRCUTOR","description":"La place croissante de la facture \u00e9lectrique dans les d\u00e9penses professionnelles ou domestiques a suscit\u00e9 le besoin d'interpr\u00e9ter cette consommation.","robots":{"index":"index","follow":"follow","max-snippet":"max-snippet:-1","max-image-preview":"max-image-preview:large","max-video-preview":"max-video-preview:-1"},"canonical":"https:\/\/circutor.com\/fr\/articles-fr\/systemes-de-gestion-energetique-et-analyse-de-la-consommation\/","og_locale":"fr_FR","og_type":"article","og_title":"Syst\u00e8mes de gestion \u00e9nerg\u00e9tique et analyse de la consommation - CIRCUTOR","og_description":"La place croissante de la facture \u00e9lectrique dans les d\u00e9penses professionnelles ou domestiques a suscit\u00e9 le besoin d'interpr\u00e9ter cette consommation.","og_url":"https:\/\/circutor.com\/fr\/articles-fr\/systemes-de-gestion-energetique-et-analyse-de-la-consommation\/","og_site_name":"CIRCUTOR","article_publisher":"https:\/\/www.facebook.com\/CIRCUTOR.ES","article_published_time":"2019-02-26T09:29:00+00:00","article_modified_time":"2022-01-20T15:16:14+00:00","og_image":[{"width":1152,"height":540,"url":"https:\/\/circutor.com\/wp-content\/uploads\/2021\/05\/FDi_SGE-analisis.jpg","type":"image\/jpeg"}],"author":"admin","twitter_card":"summary_large_image","twitter_creator":"@circutor","twitter_site":"@circutor","twitter_misc":{"\u00c9crit par":"admin","Dur\u00e9e de lecture estim\u00e9e":"3 minutes"},"schema":{"@context":"https:\/\/schema.org","@graph":[{"@type":"Organization","@id":"https:\/\/circutor.com\/#organization","name":"Circutor","url":"https:\/\/circutor.com\/","sameAs":["https:\/\/www.instagram.com\/circutor_es","https:\/\/www.linkedin.com\/company\/circutor","https:\/\/www.youtube.com\/user\/CIRCUTORoficial","https:\/\/www.facebook.com\/CIRCUTOR.ES","https:\/\/twitter.com\/circutor"],"logo":{"@type":"ImageObject","inLanguage":"fr-FR","@id":"https:\/\/circutor.com\/#\/schema\/logo\/image\/","url":"https:\/\/circutor.com\/wp-content\/uploads\/2020\/09\/CIR_LOGO_RED.png","contentUrl":"https:\/\/circutor.com\/wp-content\/uploads\/2020\/09\/CIR_LOGO_RED.png","width":512,"height":128,"caption":"Circutor"},"image":{"@id":"https:\/\/circutor.com\/#\/schema\/logo\/image\/"}},{"@type":"WebSite","@id":"https:\/\/circutor.com\/#website","url":"https:\/\/circutor.com\/","name":"CIRCUTOR","description":"Soluciones para la eficiencia energ\u00e9tica el\u00e9ctrica","publisher":{"@id":"https:\/\/circutor.com\/#organization"},"potentialAction":[{"@type":"SearchAction","target":{"@type":"EntryPoint","urlTemplate":"https:\/\/circutor.com\/?s={search_term_string}"},"query-input":"required name=search_term_string"}],"inLanguage":"fr-FR"},{"@type":"WebPage","@id":"https:\/\/circutor.com\/fr\/articles-fr\/systemes-de-gestion-energetique-et-analyse-de-la-consommation\/","url":"https:\/\/circutor.com\/fr\/articles-fr\/systemes-de-gestion-energetique-et-analyse-de-la-consommation\/","name":"Syst\u00e8mes de gestion \u00e9nerg\u00e9tique et analyse de la consommation - CIRCUTOR","isPartOf":{"@id":"https:\/\/circutor.com\/#website"},"datePublished":"2019-02-26T09:29:00+00:00","dateModified":"2022-01-20T15:16:14+00:00","description":"La place croissante de la facture \u00e9lectrique dans les d\u00e9penses professionnelles ou domestiques a suscit\u00e9 le besoin d'interpr\u00e9ter cette consommation.","breadcrumb":{"@id":"https:\/\/circutor.com\/fr\/articles-fr\/systemes-de-gestion-energetique-et-analyse-de-la-consommation\/#breadcrumb"},"inLanguage":"fr-FR","potentialAction":[{"@type":"ReadAction","target":["https:\/\/circutor.com\/fr\/articles-fr\/systemes-de-gestion-energetique-et-analyse-de-la-consommation\/"]}]},{"@type":"BreadcrumbList","@id":"https:\/\/circutor.com\/fr\/articles-fr\/systemes-de-gestion-energetique-et-analyse-de-la-consommation\/#breadcrumb","itemListElement":[{"@type":"ListItem","position":1,"name":"Portada","item":"https:\/\/circutor.com\/fr\/"},{"@type":"ListItem","position":2,"name":"Syst\u00e8mes de gestion \u00e9nerg\u00e9tique et analyse de la consommation"}]},{"@type":"Article","@id":"https:\/\/circutor.com\/fr\/articles-fr\/systemes-de-gestion-energetique-et-analyse-de-la-consommation\/#article","isPartOf":{"@id":"https:\/\/circutor.com\/fr\/articles-fr\/systemes-de-gestion-energetique-et-analyse-de-la-consommation\/"},"author":{"name":"admin","@id":"https:\/\/circutor.com\/#\/schema\/person\/17d169bdccd6e2367b1ce7182dd31283"},"headline":"Syst\u00e8mes de gestion \u00e9nerg\u00e9tique et analyse de la consommation","datePublished":"2019-02-26T09:29:00+00:00","dateModified":"2022-01-20T15:16:14+00:00","mainEntityOfPage":{"@id":"https:\/\/circutor.com\/fr\/articles-fr\/systemes-de-gestion-energetique-et-analyse-de-la-consommation\/"},"wordCount":667,"commentCount":0,"publisher":{"@id":"https:\/\/circutor.com\/#organization"},"articleSection":["Articles"],"inLanguage":"fr-FR","potentialAction":[{"@type":"CommentAction","name":"Comment","target":["https:\/\/circutor.com\/fr\/articles-fr\/systemes-de-gestion-energetique-et-analyse-de-la-consommation\/#respond"]}]},{"@type":"Person","@id":"https:\/\/circutor.com\/#\/schema\/person\/17d169bdccd6e2367b1ce7182dd31283","name":"admin","image":{"@type":"ImageObject","inLanguage":"fr-FR","@id":"https:\/\/circutor.com\/#\/schema\/person\/image\/","url":"https:\/\/circutor.com\/wp-content\/uploads\/2022\/04\/usuario-logo-gris-96x96.png","contentUrl":"https:\/\/circutor.com\/wp-content\/uploads\/2022\/04\/usuario-logo-gris-96x96.png","caption":"admin"}}]}},"_links":{"self":[{"href":"https:\/\/circutor.com\/fr\/wp-json\/wp\/v2\/posts\/10557"}],"collection":[{"href":"https:\/\/circutor.com\/fr\/wp-json\/wp\/v2\/posts"}],"about":[{"href":"https:\/\/circutor.com\/fr\/wp-json\/wp\/v2\/types\/post"}],"author":[{"embeddable":true,"href":"https:\/\/circutor.com\/fr\/wp-json\/wp\/v2\/users\/1"}],"replies":[{"embeddable":true,"href":"https:\/\/circutor.com\/fr\/wp-json\/wp\/v2\/comments?post=10557"}],"version-history":[{"count":0,"href":"https:\/\/circutor.com\/fr\/wp-json\/wp\/v2\/posts\/10557\/revisions"}],"wp:featuredmedia":[{"embeddable":true,"href":"https:\/\/circutor.com\/fr\/wp-json\/wp\/v2\/media\/6722"}],"wp:attachment":[{"href":"https:\/\/circutor.com\/fr\/wp-json\/wp\/v2\/media?parent=10557"}],"wp:term":[{"taxonomy":"category","embeddable":true,"href":"https:\/\/circutor.com\/fr\/wp-json\/wp\/v2\/categories?post=10557"},{"taxonomy":"post_tag","embeddable":true,"href":"https:\/\/circutor.com\/fr\/wp-json\/wp\/v2\/tags?post=10557"}],"curies":[{"name":"wp","href":"https:\/\/api.w.org\/{rel}","templated":true}]}}