{"id":10545,"date":"2018-03-14T12:03:00","date_gmt":"2018-03-14T12:03:00","guid":{"rendered":"https:\/\/circutorweb.atic.blue\/?p=475"},"modified":"2018-03-14T12:03:00","modified_gmt":"2018-03-14T12:03:00","slug":"les-trois-piliers-de-la-transition-energetique","status":"publish","type":"post","link":"https:\/\/circutor.com\/fr\/uncategorized\/les-trois-piliers-de-la-transition-energetique\/","title":{"rendered":"Les trois piliers de la transition \u00e9nerg\u00e9tique"},"content":{"rendered":"<h4>La transition \u00e9nerg\u00e9tique n&rsquo;est pas une obligation mais une n\u00e9cessit\u00e9. Pour satisfaire aux objectifs climatiques, nous devons aller vers un mod\u00e8le \u00e9nerg\u00e9tique durable qui renforce l&rsquo;utilisation de sources d&rsquo;\u00e9nergie renouvelables.<\/h4>\n<p>Les pays industrialis\u00e9s g\u00e9n\u00e8rent la majeure partie de leur \u00e9lectricit\u00e9 \u00e0 partir de centrales \u00e9lectriques conventionnelles, comme celles \u00e0 charbon, gaz ou nucl\u00e9aires. Ces usines fournissent un \u00e9norme b\u00e9n\u00e9fice \u00e9conomique aux entreprises g\u00e9n\u00e9ratrices, o\u00f9 les utilisateurs paient leurs besoins \u00e9nerg\u00e9tiques en achetant l&rsquo;\u00e9lectricit\u00e9 et le combustible aux compagnies de services publics pertinents. Ce mode d&rsquo;approvisionnement, facile \u00e0 utiliser, implique habituellement des co\u00fbts \u00e9lev\u00e9s et, du point de vue de l&rsquo;utilisation rationnelle de l&rsquo;\u00e9nergie, il est assez inefficace.<\/p>\n<p>La <strong>transition \u00e9nerg\u00e9tique<\/strong> est difficile mais non pas impossible, le premier pas est de changer la forme de g\u00e9n\u00e9ration de l&rsquo;\u00e9nergie. Pour ce faire, il faut d\u00e9centraliser les points de g\u00e9n\u00e9ration. Ce mod\u00e8le \u00e9nerg\u00e9tique est connu comme <strong>G\u00e9n\u00e9ration distribu\u00e9e (GD)<\/strong>. Ce syst\u00e8me est fond\u00e9 sur la g\u00e9n\u00e9ration d&rsquo;\u00e9nergie sur le m\u00eame point o\u00f9 elle sera consomm\u00e9e, en r\u00e9duisant directement les pertes du r\u00e9seau, un fait qui contribue \u00e0 la pr\u00e9servation de l&rsquo;environnement moyennant l&rsquo;utilisation de sources d&rsquo;\u00e9nergie renouvelables.<\/p>\n<p>La <strong>G\u00e9n\u00e9ration distribu\u00e9e<\/strong> pr\u00e9sente de multiples avantages par rapport au syst\u00e8me conventionnel. Elle suppose des b\u00e9n\u00e9fices tant au niveau technique, \u00e9conomique qu&rsquo;environnemental.<\/p>\n<div class=\"features-container\">\n<div class=\"feature-warp\">\n<div class=\"feature background-grey padding20\" style=\"border: 1px solid #ddd; padding: 20px;\">\n<h5>&nbsp;Technique<\/h5>\n<p>Elle am\u00e9liore la qualit\u00e9 du service \u00e9lectrique parce qu&rsquo;elle diminue la probabilit\u00e9 de d\u00e9faillance pour chute des lignes de haute tension, de par la r\u00e9duction du pourcentage d&rsquo;utilisation des lignes.<\/p>\n<p>Les syst\u00e8mes DG sont modulaires et donnent une flexibilit\u00e9 au syst\u00e8me de distribution \u00e9lectrique. Ceci implique une installation simple dans un temps r\u00e9duit. Elle fournit \u00e9galement un grand avantage au syst\u00e8me d&rsquo;exploitation, pour le maintien de la flexibilit\u00e9 de sa capacit\u00e9 totale, en augmentant ou en diminuant le nombre de modules.<\/p>\n<p>La GD r\u00e9duit les pertes d&rsquo;\u00e9nergie sur les r\u00e9seaux de distribution et de transport.<\/p>\n<\/p><\/div><\/div>\n<div class=\"feature-warp\">\n<div class=\"feature background-grey padding20\" style=\"border: 1px solid #ddd; padding: 20px;\" p=\"\">\n<h5>\u00c9conomique<\/h5>\n<p>Elle \u00e9vite les co\u00fbts d\u2019investissement en transmission et en distribution, en produisant un co\u00fbt inf\u00e9rieur en mati\u00e8re d\u2019infrastructures \u00e9lectriques et, par cons\u00e9quent, des \u00e9conomies en exploitation et maintenance.<\/p>\n<p>R\u00e9duire les co\u00fbts de combustible gr\u00e2ce \u00e0 l\u2019am\u00e9lioration de l\u2019efficience dans le cas des applications de cog\u00e9n\u00e9ration. Ces syst\u00e8mes utilisent la chaleur r\u00e9siduelle pour leur r\u00e9utilisation dans le chauffage, la climatisation ou pour augmenter leur efficience moyennant la g\u00e9n\u00e9ration d\u2019\u00e9lectricit\u00e9, en \u00e9conomisant l\u2019\u00e9nergie primaire.<\/p>\n<\/p><\/div><\/div>\n<div class=\"feature-warp\">\n<div class=\"feature background-grey padding20\" style=\"border: 1px solid #ddd; padding: 20px;\" p=\"\">\n<h5>Environmental<\/h5>\n<p>Elle r\u00e9duit l\u2019\u00e9mission de polluants. La GD renforce l\u2019autoconsommation en utilisant des syst\u00e8mes de g\u00e9n\u00e9ration sur place. De cette fa\u00e7on, on arrive \u00e0 r\u00e9duire le consommation d\u2019\u00e9nergie primaire de sources conventionnelles par la g\u00e9n\u00e9ration d\u2019\u00e9nergie plus propre comme celle d\u2019un syst\u00e8me photovolta\u00efque, outre \u00e9viter les \u00e9missions produites en raison des pertes de transmission des centrales aux villes<\/p>\n<\/p><\/div><\/div>\n<div class=\"feature-warp\">\n<div class=\"feature background-grey padding20\" style=\"border: 1px solid #ddd; padding: 20px;\" p=\"\">\n<p>Ces syst\u00e8mes peuvent comprendre de multiples syst\u00e8mes de g\u00e9n\u00e9ration et de stockage, en permettant de d\u00e9placer la g\u00e9n\u00e9ration des syst\u00e8mes conventionnels \u00e0 la g\u00e9n\u00e9ration solaire ou \u00e9olienne.<\/p>\n<p>N\u00e9anmoins, pour arriver \u00e0 atteindre une transition \u00e9nerg\u00e9tique, il ne suffit pas de d\u00e9centraliser les points de g\u00e9n\u00e9ration et de faire usage des sources d\u2019\u00e9nergie propre mais il faut aussi changer la forme de consommation. Par cons\u00e9quent, le succ\u00e8s consiste \u00e0 changer la conscience du consommateur et \u00e0 faire une utilisation rationnelle des ressources \u00e9nerg\u00e9tiques.<\/p>\n<\/p><\/div><\/div><\/div>\n<h5>La r\u00e9duction de la consommation \u00e9nerg\u00e9tique est fond\u00e9e sur <b>trois piliers fondamentaux:<\/b><\/h5>\n<div class=\"features-container\">\n<div class=\"feature-warp\">\n<div class=\"feature\" style=\"border: 1px solid #ddd; padding: 20px;\">\n<h4>Efficience \u00e9nerg\u00e9tique \u00e9lectrique<\/h4>\n<p>C&rsquo;est la r\u00e9duction des puissances et des \u00e9nergies demand\u00e9es au syst\u00e8me \u00e9lectrique sans que cela n&rsquo;affecte les activit\u00e9s normales r\u00e9alis\u00e9es dans les immeubles, les industries ou tout processus de transformation. Une installation \u00e9lectriquement efficace permet son <strong>optimisation technique et \u00e9conomique<\/strong>. Autrement dit, la <strong>r\u00e9duction de ses co\u00fbts techniques et \u00e9conomiques<\/strong> d&rsquo;exploitation.<\/p>\n<p>En d\u00e9finitive, l&rsquo;efficience \u00e9nerg\u00e9tique comporte :<\/p>\n<ul>\n<li>Contribuer \u00e0 la <strong>durabilit\u00e9 du syst\u00e8me et de l&rsquo;environnement<\/strong> moyennant la r\u00e9duction des \u00e9missions de CO2, \u00e0 travers l&rsquo;optimisation de la demande d&rsquo;\u00e9nergie.<\/li>\n<li><strong>Am\u00e9liorer la gestion technique<\/strong> des installations en augmentant leur rendement et en \u00e9vitant les arr\u00eats des processus de production et en \u00e9vitant aussi de possibles pannes.<\/li>\n<li><strong>R\u00e9duction<\/strong> tant du co\u00fbt \u00e9conomique de l&rsquo;\u00e9nergie que de l&rsquo;exploitation des installations.<\/li>\n<\/ul><\/div><\/div>\n<div class=\"feature-warp\">\n<div class=\"feature\" style=\"border: 1px solid #ddd; padding: 20px;\">\n<p><img loading=\"lazy\" class=\" size-full wp-image-472\" src=\"https:\/\/circutorweb.atic.blue\/wp-content\/uploads\/2018\/03\/FD-tres-pilares-eee.jpg\" alt=\"Efficience \u00e9nerg\u00e9tique \u00e9lectrique\" title=\"Efficience \u00e9nerg\u00e9tique \u00e9lectrique\" width=\"600\" height=\"356\" \/><\/p>\n<\/p><\/div><\/div>\n<div class=\"feature-warp\">\n<div class=\"feature\" style=\"border: 1px solid #ddd; padding: 20px;\">\n<h4>Mobilit\u00e9 \u00e9lectrique<\/h4>\n<p>La transition \u00e9nerg\u00e9tique n\u2019est pas possible sans la <strong>mobilit\u00e9 \u00e9lectrique<\/strong>. Le v\u00e9hicule \u00e9lectrique, c\u2019est l\u2019avenir. La transition au v\u00e9hicule \u00e9lectrique suppose une r\u00e9duction draconienne des \u00e9missions de gaz \u00e0 effet de serre. Il suffit simplement de penser \u00e0 la diff\u00e9rence de rendement entre un moteur \u00e0 combustion et un \u00e9lectrique.<\/p>\n<p>Un moteur \u00e9lectrique a un rendement d\u2019environ 95% alors que celui d\u2019un moteur thermique est de 30%. Pour parcourir 100 km, l\u2019\u00e9nergie que consomme une voiture \u00e9lectrique est trois fois inf\u00e9rieure \u00e0 celle d\u2019un v\u00e9hicule conventionnel.<\/p>\n<p>En partant de la pr\u00e9misse que l\u2019\u00e9nergie utilis\u00e9e par les v\u00e9hicules \u00e9lectriques peut provenir de sources propres alors que celle d\u2019un v\u00e9hicule conventionnel ne peut provenir que de sources fossiles.<\/p>\n<\/p><\/div><\/div>\n<div class=\"feature-warp\">\n<div class=\"feature\" style=\"border: 1px solid #ddd; padding: 20px;\">\n<p><img loading=\"lazy\" class=\" size-full wp-image-473\" src=\"https:\/\/circutorweb.atic.blue\/wp-content\/uploads\/2018\/03\/FD-tres-pilares-VE.jpg\" alt=\"Mobilit\u00e9 \u00e9lectrique\" title=\"Mobilit\u00e9 \u00e9lectrique\" width=\"600\" height=\"356\" \/><\/p>\n<\/p><\/div><\/div>\n<div class=\"feature-warp\">\n<div class=\"feature\" style=\"border: 1px solid #ddd; padding: 20px;\">\n<h4>Immeubles \u00e0 consommation pratiquement z\u00e9ro&nbsp;(nZEB)<\/h4>\n<p>La consommation dans les immeubles suppose 40% de l\u2019\u00e9nergie totale en Europe. R\u00e9duire la consommation dans les immeubles suppose l\u2019un des principaux points d\u2019action pour r\u00e9duire la d\u00e9pendance \u00e9nerg\u00e9tique et \u00eatre ainsi conforme aux accords internationaux pour freiner le changement climatique.<\/p>\n<p>C\u2019est pour cette raison que voit le jour la <strong>Directive europ\u00e9enne 2010\/31\/UE<\/strong>, relative \u00e0 l\u2019efficience \u00e9nerg\u00e9tique des immeubles, selon laquelle tous les \u00e9tats membres devront prendre des mesures pour que, \u00e0 partir de l\u2019ann\u00e9e 2020, tous les immeubles de nouvelle construction aient une consommation \u00e9nerg\u00e9tique presque nulle (ann\u00e9e 2018 pour les b\u00e2timents publics).<\/p>\n<p>Les <strong>\u00e9difices \u00e0 consommation d\u2019\u00e9nergie quasiment nulle nZEB<\/strong> (nearly Zero-Energy Building) ont un <strong>niveau tr\u00e8s \u00e9lev\u00e9 d\u2019efficience \u00e9nerg\u00e9tique<\/strong> et confort, outre une <strong>consommation \u00e9nerg\u00e9tique tr\u00e8s basse<\/strong>, provenant sous une forme majoritaire de sources renouvelables sur place ou dans les alentours.<\/p>\n<\/p><\/div><\/div>\n<div class=\"feature-warp\">\n<div class=\"feature\" style=\"border: 1px solid #ddd; padding: 20px;\" p=\"\">\n<p><img loading=\"lazy\" class=\" size-full wp-image-474\" src=\"https:\/\/circutorweb.atic.blue\/wp-content\/uploads\/2018\/03\/FD-tres-pilares-edificios.jpg\" alt=\"Immeubles \u00e0 consommation pratiquement z\u00e9ro (nZEB)\" title=\"Immeubles \u00e0 consommation pratiquement z\u00e9ro (nZEB)\" width=\"600\" height=\"356\" \/><\/p>\n<\/p><\/div><\/div><\/div>\n<p><strong>En d\u00e9finitive, la transition \u00e9nerg\u00e9tique suppose une s\u00e9rie de d\u00e9fis complexes \u00e0 relever mais, si ceux-ci sont g\u00e9r\u00e9s sous une forme ad\u00e9quate, les b\u00e9n\u00e9fices que suppose le nouveau mod\u00e8le \u00e9nerg\u00e9tique, permettra de freiner le changement climatique et d&rsquo;am\u00e9liorer la qualit\u00e9 de vie de tous.<\/strong><\/p>\n<div id=\"_mcePaste\" class=\"mcePaste\" data-mce-bogus=\"1\" style=\"position: absolute; left: 0px; top: 775px; width: 1px; height: 1px; overflow: hidden;\">\n<p class=\"MsoNormal\" style=\"text-align: justify;\"><b style=\"mso-bidi-font-weight: normal;\"><span lang=\"FR\" style=\"font-family: 'Calibri Light',sans-serif; mso-ascii-theme-font: major-latin; mso-hansi-theme-font: major-latin; color: red;\">\u00c9conomique<o:p><\/o:p><\/span><\/b><\/p>\n<p class=\"MsoNormal\" style=\"text-align: justify;\"><span lang=\"FR\" style=\"font-family: 'Calibri Light',sans-serif; mso-ascii-theme-font: major-latin; mso-hansi-theme-font: major-latin;\">Elle \u00e9vite les co\u00fbts d\u2019investissement en transmission et en distribution, en produisant un co\u00fbt inf\u00e9rieur en mati\u00e8re d\u2019infrastructures \u00e9lectriques et, par cons\u00e9quent, des \u00e9conomies en exploitation et maintenance.<o:p><\/o:p><\/span><\/p>\n<p class=\"MsoNormal\" style=\"text-align: justify;\"><span lang=\"FR\" style=\"font-family: 'Calibri Light',sans-serif; mso-ascii-theme-font: major-latin; mso-hansi-theme-font: major-latin;\">R\u00e9duire les co\u00fbts de combustible gr\u00e2ce \u00e0 l\u2019am\u00e9lioration de l\u2019efficience dans le cas des applications de cog\u00e9n\u00e9ration. Ces syst\u00e8mes utilisent la chaleur r\u00e9siduelle pour leur r\u00e9utilisation dans le chauffage, la climatisation ou pour augmenter leur efficience moyennant la g\u00e9n\u00e9ration d\u2019\u00e9lectricit\u00e9, en \u00e9conomisant l\u2019\u00e9nergie primaire.<o:p><\/o:p><\/span><\/p>\n<\/p><\/div>\n","protected":false},"excerpt":{"rendered":"<p>La transition \u00e9nerg\u00e9tique n&rsquo;est pas une obligation mais une n\u00e9cessit\u00e9. Pour satisfaire aux objectifs climatiques, nous devons aller vers un mod\u00e8le \u00e9nerg\u00e9tique durable qui renforce l&rsquo;utilisation de sources d&rsquo;\u00e9nergie renouvelables. Les pays industrialis\u00e9s g\u00e9n\u00e8rent la majeure partie de leur \u00e9lectricit\u00e9 \u00e0 partir de centrales \u00e9lectriques conventionnelles, comme celles \u00e0 charbon, gaz ou nucl\u00e9aires. Ces usines [&hellip;]<\/p>\n","protected":false},"author":1,"featured_media":472,"comment_status":"open","ping_status":"open","sticky":false,"template":"","format":"standard","meta":[],"categories":[33],"tags":[],"acf":[],"yoast_head":"<!-- This site is optimized with the Yoast SEO plugin v19.4 - https:\/\/yoast.com\/wordpress\/plugins\/seo\/ -->\n<title>Les trois piliers de la transition \u00e9nerg\u00e9tique - CIRCUTOR<\/title>\n<meta name=\"description\" content=\"La transition \u00e9nerg\u00e9tique n&#039;est pas une obligation mais une n\u00e9cessit\u00e9. Pour satisfaire aux objectifs climatiques, nous devons aller vers un mod\u00e8le \u00e9nerg\u00e9tique durable qui renforce l&#039;utilisation de sources d&#039;\u00e9nergie renouvelables.\" \/>\n<meta name=\"robots\" content=\"index, follow, max-snippet:-1, max-image-preview:large, max-video-preview:-1\" \/>\n<link rel=\"canonical\" href=\"https:\/\/circutor.com\/fr\/non-classifiee\/les-trois-piliers-de-la-transition-energetique\/\" \/>\n<meta property=\"og:locale\" content=\"fr_FR\" \/>\n<meta property=\"og:type\" content=\"article\" \/>\n<meta property=\"og:title\" content=\"Les trois piliers de la transition \u00e9nerg\u00e9tique - CIRCUTOR\" \/>\n<meta property=\"og:description\" content=\"La transition \u00e9nerg\u00e9tique n&#039;est pas une obligation mais une n\u00e9cessit\u00e9. Pour satisfaire aux objectifs climatiques, nous devons aller vers un mod\u00e8le \u00e9nerg\u00e9tique durable qui renforce l&#039;utilisation de sources d&#039;\u00e9nergie renouvelables.\" \/>\n<meta property=\"og:url\" content=\"https:\/\/circutor.com\/fr\/non-classifiee\/les-trois-piliers-de-la-transition-energetique\/\" \/>\n<meta property=\"og:site_name\" content=\"CIRCUTOR\" \/>\n<meta property=\"article:publisher\" content=\"https:\/\/www.facebook.com\/CIRCUTOR.ES\" \/>\n<meta property=\"article:published_time\" content=\"2018-03-14T12:03:00+00:00\" \/>\n<meta property=\"og:image\" content=\"https:\/\/circutor.com\/wp-content\/uploads\/2022\/07\/Circutor_Logo_Color.png\" \/>\n\t<meta property=\"og:image:width\" content=\"1299\" \/>\n\t<meta property=\"og:image:height\" content=\"354\" \/>\n\t<meta property=\"og:image:type\" content=\"image\/png\" \/>\n<meta name=\"author\" content=\"admin\" \/>\n<meta name=\"twitter:card\" content=\"summary_large_image\" \/>\n<meta name=\"twitter:creator\" content=\"@circutor\" \/>\n<meta name=\"twitter:site\" content=\"@circutor\" \/>\n<meta name=\"twitter:label1\" content=\"\u00c9crit par\" \/>\n\t<meta name=\"twitter:data1\" content=\"admin\" \/>\n\t<meta name=\"twitter:label2\" content=\"Dur\u00e9e de lecture estim\u00e9e\" \/>\n\t<meta name=\"twitter:data2\" content=\"6 minutes\" \/>\n<script type=\"application\/ld+json\" class=\"yoast-schema-graph\">{\"@context\":\"https:\/\/schema.org\",\"@graph\":[{\"@type\":\"Organization\",\"@id\":\"https:\/\/circutor.com\/#organization\",\"name\":\"Circutor\",\"url\":\"https:\/\/circutor.com\/\",\"sameAs\":[\"https:\/\/www.instagram.com\/circutor_es\",\"https:\/\/www.linkedin.com\/company\/circutor\",\"https:\/\/www.youtube.com\/user\/CIRCUTORoficial\",\"https:\/\/www.facebook.com\/CIRCUTOR.ES\",\"https:\/\/twitter.com\/circutor\"],\"logo\":{\"@type\":\"ImageObject\",\"inLanguage\":\"fr-FR\",\"@id\":\"https:\/\/circutor.com\/#\/schema\/logo\/image\/\",\"url\":\"https:\/\/circutor.com\/wp-content\/uploads\/2020\/09\/CIR_LOGO_RED.png\",\"contentUrl\":\"https:\/\/circutor.com\/wp-content\/uploads\/2020\/09\/CIR_LOGO_RED.png\",\"width\":512,\"height\":128,\"caption\":\"Circutor\"},\"image\":{\"@id\":\"https:\/\/circutor.com\/#\/schema\/logo\/image\/\"}},{\"@type\":\"WebSite\",\"@id\":\"https:\/\/circutor.com\/#website\",\"url\":\"https:\/\/circutor.com\/\",\"name\":\"CIRCUTOR\",\"description\":\"Soluciones para la eficiencia energ\u00e9tica el\u00e9ctrica\",\"publisher\":{\"@id\":\"https:\/\/circutor.com\/#organization\"},\"potentialAction\":[{\"@type\":\"SearchAction\",\"target\":{\"@type\":\"EntryPoint\",\"urlTemplate\":\"https:\/\/circutor.com\/?s={search_term_string}\"},\"query-input\":\"required name=search_term_string\"}],\"inLanguage\":\"fr-FR\"},{\"@type\":\"WebPage\",\"@id\":\"https:\/\/circutor.com\/fr\/non-classifiee\/les-trois-piliers-de-la-transition-energetique\/\",\"url\":\"https:\/\/circutor.com\/fr\/non-classifiee\/les-trois-piliers-de-la-transition-energetique\/\",\"name\":\"Les trois piliers de la transition \u00e9nerg\u00e9tique - CIRCUTOR\",\"isPartOf\":{\"@id\":\"https:\/\/circutor.com\/#website\"},\"datePublished\":\"2018-03-14T12:03:00+00:00\",\"dateModified\":\"2018-03-14T12:03:00+00:00\",\"description\":\"La transition \u00e9nerg\u00e9tique n'est pas une obligation mais une n\u00e9cessit\u00e9. Pour satisfaire aux objectifs climatiques, nous devons aller vers un mod\u00e8le \u00e9nerg\u00e9tique durable qui renforce l'utilisation de sources d'\u00e9nergie renouvelables.\",\"breadcrumb\":{\"@id\":\"https:\/\/circutor.com\/fr\/non-classifiee\/les-trois-piliers-de-la-transition-energetique\/#breadcrumb\"},\"inLanguage\":\"fr-FR\",\"potentialAction\":[{\"@type\":\"ReadAction\",\"target\":[\"https:\/\/circutor.com\/fr\/non-classifiee\/les-trois-piliers-de-la-transition-energetique\/\"]}]},{\"@type\":\"BreadcrumbList\",\"@id\":\"https:\/\/circutor.com\/fr\/non-classifiee\/les-trois-piliers-de-la-transition-energetique\/#breadcrumb\",\"itemListElement\":[{\"@type\":\"ListItem\",\"position\":1,\"name\":\"Portada\",\"item\":\"https:\/\/circutor.com\/fr\/\"},{\"@type\":\"ListItem\",\"position\":2,\"name\":\"Les trois piliers de la transition \u00e9nerg\u00e9tique\"}]},{\"@type\":\"Article\",\"@id\":\"https:\/\/circutor.com\/fr\/non-classifiee\/les-trois-piliers-de-la-transition-energetique\/#article\",\"isPartOf\":{\"@id\":\"https:\/\/circutor.com\/fr\/non-classifiee\/les-trois-piliers-de-la-transition-energetique\/\"},\"author\":{\"name\":\"admin\",\"@id\":\"https:\/\/circutor.com\/#\/schema\/person\/17d169bdccd6e2367b1ce7182dd31283\"},\"headline\":\"Les trois piliers de la transition \u00e9nerg\u00e9tique\",\"datePublished\":\"2018-03-14T12:03:00+00:00\",\"dateModified\":\"2018-03-14T12:03:00+00:00\",\"mainEntityOfPage\":{\"@id\":\"https:\/\/circutor.com\/fr\/non-classifiee\/les-trois-piliers-de-la-transition-energetique\/\"},\"wordCount\":1217,\"commentCount\":0,\"publisher\":{\"@id\":\"https:\/\/circutor.com\/#organization\"},\"articleSection\":[\"Uncategorized\"],\"inLanguage\":\"fr-FR\",\"potentialAction\":[{\"@type\":\"CommentAction\",\"name\":\"Comment\",\"target\":[\"https:\/\/circutor.com\/fr\/non-classifiee\/les-trois-piliers-de-la-transition-energetique\/#respond\"]}]},{\"@type\":\"Person\",\"@id\":\"https:\/\/circutor.com\/#\/schema\/person\/17d169bdccd6e2367b1ce7182dd31283\",\"name\":\"admin\",\"image\":{\"@type\":\"ImageObject\",\"inLanguage\":\"fr-FR\",\"@id\":\"https:\/\/circutor.com\/#\/schema\/person\/image\/\",\"url\":\"https:\/\/circutor.com\/wp-content\/uploads\/2022\/04\/usuario-logo-gris-96x96.png\",\"contentUrl\":\"https:\/\/circutor.com\/wp-content\/uploads\/2022\/04\/usuario-logo-gris-96x96.png\",\"caption\":\"admin\"}}]}<\/script>\n<!-- \/ Yoast SEO plugin. -->","yoast_head_json":{"title":"Les trois piliers de la transition \u00e9nerg\u00e9tique - CIRCUTOR","description":"La transition \u00e9nerg\u00e9tique n'est pas une obligation mais une n\u00e9cessit\u00e9. Pour satisfaire aux objectifs climatiques, nous devons aller vers un mod\u00e8le \u00e9nerg\u00e9tique durable qui renforce l'utilisation de sources d'\u00e9nergie renouvelables.","robots":{"index":"index","follow":"follow","max-snippet":"max-snippet:-1","max-image-preview":"max-image-preview:large","max-video-preview":"max-video-preview:-1"},"canonical":"https:\/\/circutor.com\/fr\/non-classifiee\/les-trois-piliers-de-la-transition-energetique\/","og_locale":"fr_FR","og_type":"article","og_title":"Les trois piliers de la transition \u00e9nerg\u00e9tique - CIRCUTOR","og_description":"La transition \u00e9nerg\u00e9tique n'est pas une obligation mais une n\u00e9cessit\u00e9. Pour satisfaire aux objectifs climatiques, nous devons aller vers un mod\u00e8le \u00e9nerg\u00e9tique durable qui renforce l'utilisation de sources d'\u00e9nergie renouvelables.","og_url":"https:\/\/circutor.com\/fr\/non-classifiee\/les-trois-piliers-de-la-transition-energetique\/","og_site_name":"CIRCUTOR","article_publisher":"https:\/\/www.facebook.com\/CIRCUTOR.ES","article_published_time":"2018-03-14T12:03:00+00:00","og_image":[{"width":1299,"height":354,"url":"https:\/\/circutor.com\/wp-content\/uploads\/2022\/07\/Circutor_Logo_Color.png","type":"image\/png"}],"author":"admin","twitter_card":"summary_large_image","twitter_creator":"@circutor","twitter_site":"@circutor","twitter_misc":{"\u00c9crit par":"admin","Dur\u00e9e de lecture estim\u00e9e":"6 minutes"},"schema":{"@context":"https:\/\/schema.org","@graph":[{"@type":"Organization","@id":"https:\/\/circutor.com\/#organization","name":"Circutor","url":"https:\/\/circutor.com\/","sameAs":["https:\/\/www.instagram.com\/circutor_es","https:\/\/www.linkedin.com\/company\/circutor","https:\/\/www.youtube.com\/user\/CIRCUTORoficial","https:\/\/www.facebook.com\/CIRCUTOR.ES","https:\/\/twitter.com\/circutor"],"logo":{"@type":"ImageObject","inLanguage":"fr-FR","@id":"https:\/\/circutor.com\/#\/schema\/logo\/image\/","url":"https:\/\/circutor.com\/wp-content\/uploads\/2020\/09\/CIR_LOGO_RED.png","contentUrl":"https:\/\/circutor.com\/wp-content\/uploads\/2020\/09\/CIR_LOGO_RED.png","width":512,"height":128,"caption":"Circutor"},"image":{"@id":"https:\/\/circutor.com\/#\/schema\/logo\/image\/"}},{"@type":"WebSite","@id":"https:\/\/circutor.com\/#website","url":"https:\/\/circutor.com\/","name":"CIRCUTOR","description":"Soluciones para la eficiencia energ\u00e9tica el\u00e9ctrica","publisher":{"@id":"https:\/\/circutor.com\/#organization"},"potentialAction":[{"@type":"SearchAction","target":{"@type":"EntryPoint","urlTemplate":"https:\/\/circutor.com\/?s={search_term_string}"},"query-input":"required name=search_term_string"}],"inLanguage":"fr-FR"},{"@type":"WebPage","@id":"https:\/\/circutor.com\/fr\/non-classifiee\/les-trois-piliers-de-la-transition-energetique\/","url":"https:\/\/circutor.com\/fr\/non-classifiee\/les-trois-piliers-de-la-transition-energetique\/","name":"Les trois piliers de la transition \u00e9nerg\u00e9tique - CIRCUTOR","isPartOf":{"@id":"https:\/\/circutor.com\/#website"},"datePublished":"2018-03-14T12:03:00+00:00","dateModified":"2018-03-14T12:03:00+00:00","description":"La transition \u00e9nerg\u00e9tique n'est pas une obligation mais une n\u00e9cessit\u00e9. Pour satisfaire aux objectifs climatiques, nous devons aller vers un mod\u00e8le \u00e9nerg\u00e9tique durable qui renforce l'utilisation de sources d'\u00e9nergie renouvelables.","breadcrumb":{"@id":"https:\/\/circutor.com\/fr\/non-classifiee\/les-trois-piliers-de-la-transition-energetique\/#breadcrumb"},"inLanguage":"fr-FR","potentialAction":[{"@type":"ReadAction","target":["https:\/\/circutor.com\/fr\/non-classifiee\/les-trois-piliers-de-la-transition-energetique\/"]}]},{"@type":"BreadcrumbList","@id":"https:\/\/circutor.com\/fr\/non-classifiee\/les-trois-piliers-de-la-transition-energetique\/#breadcrumb","itemListElement":[{"@type":"ListItem","position":1,"name":"Portada","item":"https:\/\/circutor.com\/fr\/"},{"@type":"ListItem","position":2,"name":"Les trois piliers de la transition \u00e9nerg\u00e9tique"}]},{"@type":"Article","@id":"https:\/\/circutor.com\/fr\/non-classifiee\/les-trois-piliers-de-la-transition-energetique\/#article","isPartOf":{"@id":"https:\/\/circutor.com\/fr\/non-classifiee\/les-trois-piliers-de-la-transition-energetique\/"},"author":{"name":"admin","@id":"https:\/\/circutor.com\/#\/schema\/person\/17d169bdccd6e2367b1ce7182dd31283"},"headline":"Les trois piliers de la transition \u00e9nerg\u00e9tique","datePublished":"2018-03-14T12:03:00+00:00","dateModified":"2018-03-14T12:03:00+00:00","mainEntityOfPage":{"@id":"https:\/\/circutor.com\/fr\/non-classifiee\/les-trois-piliers-de-la-transition-energetique\/"},"wordCount":1217,"commentCount":0,"publisher":{"@id":"https:\/\/circutor.com\/#organization"},"articleSection":["Uncategorized"],"inLanguage":"fr-FR","potentialAction":[{"@type":"CommentAction","name":"Comment","target":["https:\/\/circutor.com\/fr\/non-classifiee\/les-trois-piliers-de-la-transition-energetique\/#respond"]}]},{"@type":"Person","@id":"https:\/\/circutor.com\/#\/schema\/person\/17d169bdccd6e2367b1ce7182dd31283","name":"admin","image":{"@type":"ImageObject","inLanguage":"fr-FR","@id":"https:\/\/circutor.com\/#\/schema\/person\/image\/","url":"https:\/\/circutor.com\/wp-content\/uploads\/2022\/04\/usuario-logo-gris-96x96.png","contentUrl":"https:\/\/circutor.com\/wp-content\/uploads\/2022\/04\/usuario-logo-gris-96x96.png","caption":"admin"}}]}},"_links":{"self":[{"href":"https:\/\/circutor.com\/fr\/wp-json\/wp\/v2\/posts\/10545"}],"collection":[{"href":"https:\/\/circutor.com\/fr\/wp-json\/wp\/v2\/posts"}],"about":[{"href":"https:\/\/circutor.com\/fr\/wp-json\/wp\/v2\/types\/post"}],"author":[{"embeddable":true,"href":"https:\/\/circutor.com\/fr\/wp-json\/wp\/v2\/users\/1"}],"replies":[{"embeddable":true,"href":"https:\/\/circutor.com\/fr\/wp-json\/wp\/v2\/comments?post=10545"}],"version-history":[{"count":0,"href":"https:\/\/circutor.com\/fr\/wp-json\/wp\/v2\/posts\/10545\/revisions"}],"wp:featuredmedia":[{"embeddable":true,"href":"https:\/\/circutor.com\/fr\/wp-json\/"}],"wp:attachment":[{"href":"https:\/\/circutor.com\/fr\/wp-json\/wp\/v2\/media?parent=10545"}],"wp:term":[{"taxonomy":"category","embeddable":true,"href":"https:\/\/circutor.com\/fr\/wp-json\/wp\/v2\/categories?post=10545"},{"taxonomy":"post_tag","embeddable":true,"href":"https:\/\/circutor.com\/fr\/wp-json\/wp\/v2\/tags?post=10545"}],"curies":[{"name":"wp","href":"https:\/\/api.w.org\/{rel}","templated":true}]}}