{"id":10506,"date":"2015-07-13T08:00:00","date_gmt":"2015-07-13T08:00:00","guid":{"rendered":"https:\/\/circutorweb.atic.blue\/?p=275"},"modified":"2015-07-13T08:00:00","modified_gmt":"2015-07-13T08:00:00","slug":"inauguration-de-l-installation-photovoltaique-pour-autoconsommation-de-mmax","status":"publish","type":"post","link":"https:\/\/circutor.com\/fr\/uncategorized\/inauguration-de-l-installation-photovoltaique-pour-autoconsommation-de-mmax\/","title":{"rendered":"Inauguration de l\u2019installation photovolta\u00efque pour autoconsommation de MMAX"},"content":{"rendered":"<h4 class=\"dark\">Le 19 juin a eu lieu l\u2019inauguration officielle de l\u2019installation photovolta\u00efque pour autoconsommation sans injection au r\u00e9seau des exc\u00e9dents dans l\u2019entreprise MMAX d\u2019El Ejido, Almer\u00eda.<\/h4>\n<p>Le syst\u00e8me photovolta\u00efque install\u00e9 a une <strong>puissance nominale de 90 kW<\/strong>, distribu\u00e9s dans deux sous-syst\u00e8mes :<\/p>\n<ul>\n<li><strong>75 kW sur la toiture<\/strong> de la halle industrielle qui alimentent un inverseur AGILO de la soci\u00e9t\u00e9 FRONIUS<\/li>\n<li>Un <strong>suiveur solaire Sun Tower<\/strong> qui alimente un inverseur SYMO de <strong>15 kW<\/strong>, \u00e9galement de FRONIUS.<\/li>\n<\/ul>\n<p>Ces deux sous-syst\u00e8mes sont <strong>g\u00e9r\u00e9s par un <a href=\"http:\/\/circutor.fr\/fr\/produits\/energies-renouvelables\/autoconsommation-instantanee\/cdp-0-detail\">contr\u00f4le dynamique de Puissance CDP-0<\/a><\/strong> de CIRCUTOR qui assure la <strong>couverture maximale de la demande<\/strong> de la part de l&rsquo;\u00e9nergie solaire et l&rsquo;<strong>absence d&rsquo;exc\u00e9dents qui pourraient \u00eatre inject\u00e9s au r\u00e9seau<\/strong>.<\/p>\n<p>Le projet a \u00e9t\u00e9 promu sous la formule cl\u00e9 en main par <a href=\"http:\/\/www.proconsult.es\/\">PROCONSULT Almer\u00eda<\/a> avec laquelle CIRCUTOR a souscrit un accord de collaboration pour ces applications et en vertu duquel 4 projets ont \u00e9t\u00e9 install\u00e9s \u00e0 Almer\u00eda, ce qui repr\u00e9sente un total de <strong>330 kW<\/strong>.<\/p>\n<p>Ce syst\u00e8me, de m\u00eame que les autres install\u00e9s, est int\u00e9gr\u00e9 dans une <strong>strat\u00e9gie globale d&rsquo;am\u00e9lioration de l&rsquo;efficacit\u00e9 et de la gestion \u00e9nerg\u00e9tique des entreprises<\/strong>. L&rsquo;outil qui permet cette gestion est <a href=\"http:\/\/circutor.fr\/fr\/produits\/logiciel\/powerstudio\/logiciel-de-gestion-energetique\"><strong>POWER STUDIO SCADA<\/strong><\/a>. \u00c0 travers l&rsquo;\u00e9cran g\u00e9ant install\u00e9 dans les bureaux de MMAX, sa g\u00e9rance r\u00e9alise un <strong>suivi continu de la consommation, de la production solaire et des \u00e9conomies obtenues<\/strong>.<\/p>\n<p style=\"text-align: center;\"><img loading=\"lazy\" class=\" size-full wp-image-273\" title=\"Software de gestion \u00e9nerg\u00e9tique pour autoconsommation PowerStudio\" src=\"https:\/\/circutorweb.atic.blue\/wp-content\/uploads\/2015\/07\/FN-MMAX-Sun-Tower-1.jpg\" alt=\"Software de gestion \u00e9nerg\u00e9tique pour autoconsommation PowerStudio\" width=\"800\" height=\"422\" \/><\/p>\n<p style=\"text-align: left;\">Plus de 100 entrepreneurs de la zone ont assist\u00e9 \u00e0 l&rsquo;inauguration. Ils ont pu voir de leurs propres yeux comment cette entreprise a am\u00e9lior\u00e9 sa <strong>comp\u00e9titivit\u00e9<\/strong> ainsi que sa <strong>durabilit\u00e9<\/strong>. Ces attributs se sont vus renforc\u00e9s par les interventions des propri\u00e9taires de l&rsquo;entreprise dans l&rsquo;acte, ainsi que des promoteurs du projet et des autorit\u00e9s municipales, qui ont profit\u00e9 de cet \u00e9v\u00e9nement pour renouveler leur <strong>engagement dans les projets de g\u00e9n\u00e9ration d&rsquo;\u00e9nergie propre<\/strong>.<\/p>\n<p>Pere Soria a \u00e9galement particip\u00e9 \u00e0 cet acte, en repr\u00e9sentation de CIRCUTOR. Il a expliqu\u00e9 aux participants les <strong>avantages offerts par l&rsquo;autoconsommation pour le secteur industriel<\/strong> dans notre pays ainsi que les d\u00e9marches r\u00e9alis\u00e9es au niveau des organisations patronales pour demander au gouvernement de la nation un cadre stable et v\u00e9ritablement facilitateur de ce type de syst\u00e8mes, en \u00e9liminant toute barri\u00e8re administrative comme les limitations de puissance ou les taxes fonci\u00e8res qui ont produit ces derniers mois tant d&rsquo;incertitude.<\/p>\n<p style=\"text-align: center;\"><img loading=\"lazy\" class=\" size-full wp-image-274\" title=\"Installation d'autoconsommation dans l\u2019entreprise MMAX\" src=\"https:\/\/circutorweb.atic.blue\/wp-content\/uploads\/2015\/07\/FN-MMAX-Sun-Tower-2.jpg\" alt=\"Installation d'autoconsommation dans l\u2019entreprise MMAX\" width=\"800\" height=\"422\" \/><\/p>\n<table style=\"width: 100%; background-color: #eeeeee;\">\n<tbody>\n<tr>\n<td style=\"width: 10px;\">&nbsp;<\/td>\n<td style=\"width: 250px;\" colspan=\"7\" valign=\"top\">\n<p>Plus d&rsquo;information:&nbsp;<a href=\"http:\/\/circutor.fr\/fr\/formation\/energies-renouvelables-autoconsommation\">Autoconsommation et \u00e9nergies renouvelables<\/a><\/p>\n<\/td>\n<td style=\"width: 10px;\">&nbsp;<\/td>\n<\/tr>\n<\/tbody>\n<\/table>\n<table style=\"width: 100%; background-color: #eeeeee;\">\n<tbody>\n<tr>\n<td style=\"width: 10px;\">&nbsp;<\/td>\n<td style=\"width: 250px;\" colspan=\"7\" valign=\"top\">\n<p>Plus d&rsquo;information:&nbsp;<a href=\"http:\/\/circutor.fr\/fr\/formation\/efficacite-energetique-electrique\">Efficacit\u00e9 \u00e9nerg\u00e9tique \u00e9lectrique<\/a><\/p>\n<\/td>\n<td style=\"width: 10px;\">&nbsp;<\/td>\n<\/tr>\n<\/tbody>\n<\/table>\n<hr \/>\n<p>Vous pouvez vous informer de nos nouveaut\u00e9s dans la <a href=\"http:\/\/circutor.fr\/fr\/enterprise\/nouveautes\/nouveautes\">section des nouvelles<\/a>.<br \/>Vous pouvez \u00e9galement suivre nos publications sur le <a href=\"https:\/\/twitter.com\/circutor\" rel=\"nofollow noopener noreferrer\" target=\"_blank\">Twitter<\/a>&nbsp;de CIRCUTOR et sur <a href=\"http:\/\/www.linkedin.com\/company\/circutor\" rel=\"nofollow noopener noreferrer\" target=\"_blank\">LinkedIn<\/a>.<\/p>\n","protected":false},"excerpt":{"rendered":"<p>Le 19 juin a eu lieu l\u2019inauguration officielle de l\u2019installation photovolta\u00efque pour autoconsommation sans injection au r\u00e9seau des exc\u00e9dents dans l\u2019entreprise MMAX d\u2019El Ejido, Almer\u00eda. Le syst\u00e8me photovolta\u00efque install\u00e9 a une puissance nominale de 90 kW, distribu\u00e9s dans deux sous-syst\u00e8mes : 75 kW sur la toiture de la halle industrielle qui alimentent un inverseur AGILO [&hellip;]<\/p>\n","protected":false},"author":1,"featured_media":273,"comment_status":"open","ping_status":"open","sticky":false,"template":"","format":"standard","meta":[],"categories":[33],"tags":[],"acf":[],"yoast_head":"<!-- This site is optimized with the Yoast SEO plugin v19.4 - https:\/\/yoast.com\/wordpress\/plugins\/seo\/ -->\n<title>Inauguration de l\u2019installation photovolta\u00efque pour autoconsommation de MMAX - CIRCUTOR<\/title>\n<meta name=\"description\" content=\"Le 19 juin a eu lieu l\u2019inauguration officielle de l\u2019installation photovolta\u00efque pour autoconsommation sans injection au r\u00e9seau des exc\u00e9dents dans l\u2019entreprise MMAX d\u2019El Ejido, Almer\u00eda.\" \/>\n<meta name=\"robots\" content=\"index, follow, max-snippet:-1, max-image-preview:large, max-video-preview:-1\" \/>\n<link rel=\"canonical\" href=\"https:\/\/circutor.com\/fr\/non-classifiee\/inauguration-de-l-installation-photovoltaique-pour-autoconsommation-de-mmax\/\" \/>\n<meta property=\"og:locale\" content=\"fr_FR\" \/>\n<meta property=\"og:type\" content=\"article\" \/>\n<meta property=\"og:title\" content=\"Inauguration de l\u2019installation photovolta\u00efque pour autoconsommation de MMAX - CIRCUTOR\" \/>\n<meta property=\"og:description\" content=\"Le 19 juin a eu lieu l\u2019inauguration officielle de l\u2019installation photovolta\u00efque pour autoconsommation sans injection au r\u00e9seau des exc\u00e9dents dans l\u2019entreprise MMAX d\u2019El Ejido, Almer\u00eda.\" \/>\n<meta property=\"og:url\" content=\"https:\/\/circutor.com\/fr\/non-classifiee\/inauguration-de-l-installation-photovoltaique-pour-autoconsommation-de-mmax\/\" \/>\n<meta property=\"og:site_name\" content=\"CIRCUTOR\" \/>\n<meta property=\"article:publisher\" content=\"https:\/\/www.facebook.com\/CIRCUTOR.ES\" \/>\n<meta property=\"article:published_time\" content=\"2015-07-13T08:00:00+00:00\" \/>\n<meta property=\"og:image\" content=\"https:\/\/circutor.com\/wp-content\/uploads\/2022\/07\/Circutor_Logo_Color.png\" \/>\n\t<meta property=\"og:image:width\" content=\"1299\" \/>\n\t<meta property=\"og:image:height\" content=\"354\" \/>\n\t<meta property=\"og:image:type\" content=\"image\/png\" \/>\n<meta name=\"author\" content=\"admin\" \/>\n<meta name=\"twitter:card\" content=\"summary_large_image\" \/>\n<meta name=\"twitter:creator\" content=\"@circutor\" \/>\n<meta name=\"twitter:site\" content=\"@circutor\" \/>\n<meta name=\"twitter:label1\" content=\"\u00c9crit par\" \/>\n\t<meta name=\"twitter:data1\" content=\"admin\" \/>\n\t<meta name=\"twitter:label2\" content=\"Dur\u00e9e de lecture estim\u00e9e\" \/>\n\t<meta name=\"twitter:data2\" content=\"2 minutes\" \/>\n<script type=\"application\/ld+json\" class=\"yoast-schema-graph\">{\"@context\":\"https:\/\/schema.org\",\"@graph\":[{\"@type\":\"Organization\",\"@id\":\"https:\/\/circutor.com\/#organization\",\"name\":\"Circutor\",\"url\":\"https:\/\/circutor.com\/\",\"sameAs\":[\"https:\/\/www.instagram.com\/circutor_es\",\"https:\/\/www.linkedin.com\/company\/circutor\",\"https:\/\/www.youtube.com\/user\/CIRCUTORoficial\",\"https:\/\/www.facebook.com\/CIRCUTOR.ES\",\"https:\/\/twitter.com\/circutor\"],\"logo\":{\"@type\":\"ImageObject\",\"inLanguage\":\"fr-FR\",\"@id\":\"https:\/\/circutor.com\/#\/schema\/logo\/image\/\",\"url\":\"https:\/\/circutor.com\/wp-content\/uploads\/2020\/09\/CIR_LOGO_RED.png\",\"contentUrl\":\"https:\/\/circutor.com\/wp-content\/uploads\/2020\/09\/CIR_LOGO_RED.png\",\"width\":512,\"height\":128,\"caption\":\"Circutor\"},\"image\":{\"@id\":\"https:\/\/circutor.com\/#\/schema\/logo\/image\/\"}},{\"@type\":\"WebSite\",\"@id\":\"https:\/\/circutor.com\/#website\",\"url\":\"https:\/\/circutor.com\/\",\"name\":\"CIRCUTOR\",\"description\":\"Soluciones para la eficiencia energ\u00e9tica el\u00e9ctrica\",\"publisher\":{\"@id\":\"https:\/\/circutor.com\/#organization\"},\"potentialAction\":[{\"@type\":\"SearchAction\",\"target\":{\"@type\":\"EntryPoint\",\"urlTemplate\":\"https:\/\/circutor.com\/?s={search_term_string}\"},\"query-input\":\"required name=search_term_string\"}],\"inLanguage\":\"fr-FR\"},{\"@type\":\"WebPage\",\"@id\":\"https:\/\/circutor.com\/fr\/non-classifiee\/inauguration-de-l-installation-photovoltaique-pour-autoconsommation-de-mmax\/\",\"url\":\"https:\/\/circutor.com\/fr\/non-classifiee\/inauguration-de-l-installation-photovoltaique-pour-autoconsommation-de-mmax\/\",\"name\":\"Inauguration de l\u2019installation photovolta\u00efque pour autoconsommation de MMAX - CIRCUTOR\",\"isPartOf\":{\"@id\":\"https:\/\/circutor.com\/#website\"},\"datePublished\":\"2015-07-13T08:00:00+00:00\",\"dateModified\":\"2015-07-13T08:00:00+00:00\",\"description\":\"Le 19 juin a eu lieu l\u2019inauguration officielle de l\u2019installation photovolta\u00efque pour autoconsommation sans injection au r\u00e9seau des exc\u00e9dents dans l\u2019entreprise MMAX d\u2019El Ejido, Almer\u00eda.\",\"breadcrumb\":{\"@id\":\"https:\/\/circutor.com\/fr\/non-classifiee\/inauguration-de-l-installation-photovoltaique-pour-autoconsommation-de-mmax\/#breadcrumb\"},\"inLanguage\":\"fr-FR\",\"potentialAction\":[{\"@type\":\"ReadAction\",\"target\":[\"https:\/\/circutor.com\/fr\/non-classifiee\/inauguration-de-l-installation-photovoltaique-pour-autoconsommation-de-mmax\/\"]}]},{\"@type\":\"BreadcrumbList\",\"@id\":\"https:\/\/circutor.com\/fr\/non-classifiee\/inauguration-de-l-installation-photovoltaique-pour-autoconsommation-de-mmax\/#breadcrumb\",\"itemListElement\":[{\"@type\":\"ListItem\",\"position\":1,\"name\":\"Portada\",\"item\":\"https:\/\/circutor.com\/fr\/\"},{\"@type\":\"ListItem\",\"position\":2,\"name\":\"Inauguration de l\u2019installation photovolta\u00efque pour autoconsommation de MMAX\"}]},{\"@type\":\"Article\",\"@id\":\"https:\/\/circutor.com\/fr\/non-classifiee\/inauguration-de-l-installation-photovoltaique-pour-autoconsommation-de-mmax\/#article\",\"isPartOf\":{\"@id\":\"https:\/\/circutor.com\/fr\/non-classifiee\/inauguration-de-l-installation-photovoltaique-pour-autoconsommation-de-mmax\/\"},\"author\":{\"name\":\"admin\",\"@id\":\"https:\/\/circutor.com\/#\/schema\/person\/17d169bdccd6e2367b1ce7182dd31283\"},\"headline\":\"Inauguration de l\u2019installation photovolta\u00efque pour autoconsommation de MMAX\",\"datePublished\":\"2015-07-13T08:00:00+00:00\",\"dateModified\":\"2015-07-13T08:00:00+00:00\",\"mainEntityOfPage\":{\"@id\":\"https:\/\/circutor.com\/fr\/non-classifiee\/inauguration-de-l-installation-photovoltaique-pour-autoconsommation-de-mmax\/\"},\"wordCount\":465,\"commentCount\":0,\"publisher\":{\"@id\":\"https:\/\/circutor.com\/#organization\"},\"articleSection\":[\"Uncategorized\"],\"inLanguage\":\"fr-FR\",\"potentialAction\":[{\"@type\":\"CommentAction\",\"name\":\"Comment\",\"target\":[\"https:\/\/circutor.com\/fr\/non-classifiee\/inauguration-de-l-installation-photovoltaique-pour-autoconsommation-de-mmax\/#respond\"]}]},{\"@type\":\"Person\",\"@id\":\"https:\/\/circutor.com\/#\/schema\/person\/17d169bdccd6e2367b1ce7182dd31283\",\"name\":\"admin\",\"image\":{\"@type\":\"ImageObject\",\"inLanguage\":\"fr-FR\",\"@id\":\"https:\/\/circutor.com\/#\/schema\/person\/image\/\",\"url\":\"https:\/\/circutor.com\/wp-content\/uploads\/2022\/04\/usuario-logo-gris-96x96.png\",\"contentUrl\":\"https:\/\/circutor.com\/wp-content\/uploads\/2022\/04\/usuario-logo-gris-96x96.png\",\"caption\":\"admin\"}}]}<\/script>\n<!-- \/ Yoast SEO plugin. -->","yoast_head_json":{"title":"Inauguration de l\u2019installation photovolta\u00efque pour autoconsommation de MMAX - CIRCUTOR","description":"Le 19 juin a eu lieu l\u2019inauguration officielle de l\u2019installation photovolta\u00efque pour autoconsommation sans injection au r\u00e9seau des exc\u00e9dents dans l\u2019entreprise MMAX d\u2019El Ejido, Almer\u00eda.","robots":{"index":"index","follow":"follow","max-snippet":"max-snippet:-1","max-image-preview":"max-image-preview:large","max-video-preview":"max-video-preview:-1"},"canonical":"https:\/\/circutor.com\/fr\/non-classifiee\/inauguration-de-l-installation-photovoltaique-pour-autoconsommation-de-mmax\/","og_locale":"fr_FR","og_type":"article","og_title":"Inauguration de l\u2019installation photovolta\u00efque pour autoconsommation de MMAX - CIRCUTOR","og_description":"Le 19 juin a eu lieu l\u2019inauguration officielle de l\u2019installation photovolta\u00efque pour autoconsommation sans injection au r\u00e9seau des exc\u00e9dents dans l\u2019entreprise MMAX d\u2019El Ejido, Almer\u00eda.","og_url":"https:\/\/circutor.com\/fr\/non-classifiee\/inauguration-de-l-installation-photovoltaique-pour-autoconsommation-de-mmax\/","og_site_name":"CIRCUTOR","article_publisher":"https:\/\/www.facebook.com\/CIRCUTOR.ES","article_published_time":"2015-07-13T08:00:00+00:00","og_image":[{"width":1299,"height":354,"url":"https:\/\/circutor.com\/wp-content\/uploads\/2022\/07\/Circutor_Logo_Color.png","type":"image\/png"}],"author":"admin","twitter_card":"summary_large_image","twitter_creator":"@circutor","twitter_site":"@circutor","twitter_misc":{"\u00c9crit par":"admin","Dur\u00e9e de lecture estim\u00e9e":"2 minutes"},"schema":{"@context":"https:\/\/schema.org","@graph":[{"@type":"Organization","@id":"https:\/\/circutor.com\/#organization","name":"Circutor","url":"https:\/\/circutor.com\/","sameAs":["https:\/\/www.instagram.com\/circutor_es","https:\/\/www.linkedin.com\/company\/circutor","https:\/\/www.youtube.com\/user\/CIRCUTORoficial","https:\/\/www.facebook.com\/CIRCUTOR.ES","https:\/\/twitter.com\/circutor"],"logo":{"@type":"ImageObject","inLanguage":"fr-FR","@id":"https:\/\/circutor.com\/#\/schema\/logo\/image\/","url":"https:\/\/circutor.com\/wp-content\/uploads\/2020\/09\/CIR_LOGO_RED.png","contentUrl":"https:\/\/circutor.com\/wp-content\/uploads\/2020\/09\/CIR_LOGO_RED.png","width":512,"height":128,"caption":"Circutor"},"image":{"@id":"https:\/\/circutor.com\/#\/schema\/logo\/image\/"}},{"@type":"WebSite","@id":"https:\/\/circutor.com\/#website","url":"https:\/\/circutor.com\/","name":"CIRCUTOR","description":"Soluciones para la eficiencia energ\u00e9tica el\u00e9ctrica","publisher":{"@id":"https:\/\/circutor.com\/#organization"},"potentialAction":[{"@type":"SearchAction","target":{"@type":"EntryPoint","urlTemplate":"https:\/\/circutor.com\/?s={search_term_string}"},"query-input":"required name=search_term_string"}],"inLanguage":"fr-FR"},{"@type":"WebPage","@id":"https:\/\/circutor.com\/fr\/non-classifiee\/inauguration-de-l-installation-photovoltaique-pour-autoconsommation-de-mmax\/","url":"https:\/\/circutor.com\/fr\/non-classifiee\/inauguration-de-l-installation-photovoltaique-pour-autoconsommation-de-mmax\/","name":"Inauguration de l\u2019installation photovolta\u00efque pour autoconsommation de MMAX - CIRCUTOR","isPartOf":{"@id":"https:\/\/circutor.com\/#website"},"datePublished":"2015-07-13T08:00:00+00:00","dateModified":"2015-07-13T08:00:00+00:00","description":"Le 19 juin a eu lieu l\u2019inauguration officielle de l\u2019installation photovolta\u00efque pour autoconsommation sans injection au r\u00e9seau des exc\u00e9dents dans l\u2019entreprise MMAX d\u2019El Ejido, Almer\u00eda.","breadcrumb":{"@id":"https:\/\/circutor.com\/fr\/non-classifiee\/inauguration-de-l-installation-photovoltaique-pour-autoconsommation-de-mmax\/#breadcrumb"},"inLanguage":"fr-FR","potentialAction":[{"@type":"ReadAction","target":["https:\/\/circutor.com\/fr\/non-classifiee\/inauguration-de-l-installation-photovoltaique-pour-autoconsommation-de-mmax\/"]}]},{"@type":"BreadcrumbList","@id":"https:\/\/circutor.com\/fr\/non-classifiee\/inauguration-de-l-installation-photovoltaique-pour-autoconsommation-de-mmax\/#breadcrumb","itemListElement":[{"@type":"ListItem","position":1,"name":"Portada","item":"https:\/\/circutor.com\/fr\/"},{"@type":"ListItem","position":2,"name":"Inauguration de l\u2019installation photovolta\u00efque pour autoconsommation de MMAX"}]},{"@type":"Article","@id":"https:\/\/circutor.com\/fr\/non-classifiee\/inauguration-de-l-installation-photovoltaique-pour-autoconsommation-de-mmax\/#article","isPartOf":{"@id":"https:\/\/circutor.com\/fr\/non-classifiee\/inauguration-de-l-installation-photovoltaique-pour-autoconsommation-de-mmax\/"},"author":{"name":"admin","@id":"https:\/\/circutor.com\/#\/schema\/person\/17d169bdccd6e2367b1ce7182dd31283"},"headline":"Inauguration de l\u2019installation photovolta\u00efque pour autoconsommation de MMAX","datePublished":"2015-07-13T08:00:00+00:00","dateModified":"2015-07-13T08:00:00+00:00","mainEntityOfPage":{"@id":"https:\/\/circutor.com\/fr\/non-classifiee\/inauguration-de-l-installation-photovoltaique-pour-autoconsommation-de-mmax\/"},"wordCount":465,"commentCount":0,"publisher":{"@id":"https:\/\/circutor.com\/#organization"},"articleSection":["Uncategorized"],"inLanguage":"fr-FR","potentialAction":[{"@type":"CommentAction","name":"Comment","target":["https:\/\/circutor.com\/fr\/non-classifiee\/inauguration-de-l-installation-photovoltaique-pour-autoconsommation-de-mmax\/#respond"]}]},{"@type":"Person","@id":"https:\/\/circutor.com\/#\/schema\/person\/17d169bdccd6e2367b1ce7182dd31283","name":"admin","image":{"@type":"ImageObject","inLanguage":"fr-FR","@id":"https:\/\/circutor.com\/#\/schema\/person\/image\/","url":"https:\/\/circutor.com\/wp-content\/uploads\/2022\/04\/usuario-logo-gris-96x96.png","contentUrl":"https:\/\/circutor.com\/wp-content\/uploads\/2022\/04\/usuario-logo-gris-96x96.png","caption":"admin"}}]}},"_links":{"self":[{"href":"https:\/\/circutor.com\/fr\/wp-json\/wp\/v2\/posts\/10506"}],"collection":[{"href":"https:\/\/circutor.com\/fr\/wp-json\/wp\/v2\/posts"}],"about":[{"href":"https:\/\/circutor.com\/fr\/wp-json\/wp\/v2\/types\/post"}],"author":[{"embeddable":true,"href":"https:\/\/circutor.com\/fr\/wp-json\/wp\/v2\/users\/1"}],"replies":[{"embeddable":true,"href":"https:\/\/circutor.com\/fr\/wp-json\/wp\/v2\/comments?post=10506"}],"version-history":[{"count":0,"href":"https:\/\/circutor.com\/fr\/wp-json\/wp\/v2\/posts\/10506\/revisions"}],"wp:featuredmedia":[{"embeddable":true,"href":"https:\/\/circutor.com\/fr\/wp-json\/"}],"wp:attachment":[{"href":"https:\/\/circutor.com\/fr\/wp-json\/wp\/v2\/media?parent=10506"}],"wp:term":[{"taxonomy":"category","embeddable":true,"href":"https:\/\/circutor.com\/fr\/wp-json\/wp\/v2\/categories?post=10506"},{"taxonomy":"post_tag","embeddable":true,"href":"https:\/\/circutor.com\/fr\/wp-json\/wp\/v2\/tags?post=10506"}],"curies":[{"name":"wp","href":"https:\/\/api.w.org\/{rel}","templated":true}]}}