{"id":10431,"date":"2014-03-26T13:19:00","date_gmt":"2014-03-26T13:19:00","guid":{"rendered":"https:\/\/circutorweb.atic.blue\/?p=91"},"modified":"2022-05-19T16:37:44","modified_gmt":"2022-05-19T14:37:44","slug":"nouvelle-impulsion-a-la-mobilite-electrique-avec-recargo-et-e-on","status":"publish","type":"post","link":"https:\/\/circutor.com\/fr\/non-classifiee\/nouvelle-impulsion-a-la-mobilite-electrique-avec-recargo-et-e-on\/","title":{"rendered":"Nouvelle impulsion \u00e0 la mobilit\u00e9 \u00e9lectrique avec Recargo et E.ON"},"content":{"rendered":"<p>L&rsquo;entreprise \u00e9nerg\u00e9tique <a href=\"http:\/\/www.eon.com\/en\/media\/news\/press-releases\/2014\/3\/19\/eon-recibe-el-premio-las-100-mejores-ideas-de-actualidad-economica-por-el-proyecto-de-movilidad-sostenible-recargo.html\" rel=\"nofollow noopener noreferrer\" target=\"_blank\">E.ON<\/a> a \u00e9t\u00e9 r\u00e9compens\u00e9e dans \u201cLes 100 Meilleures Id\u00e9es\u201d pour le <strong>projet de recharge photovolta\u00efque<\/strong> des v\u00e9hicules \u201cRecargo\u201d. Le projet est une collaboration avec les entreprises <a href=\"http:\/\/www.urbaser.es\/\" rel=\"nofollow noopener noreferrer\" target=\"_blank\">Urbaser<\/a> et <strong>CIRCUTOR<\/strong>, et c&rsquo;est la troisi\u00e8me ann\u00e9e qu&rsquo; E.ON re\u00e7oit ce prix \u00e0 la mobilit\u00e9 \u00e9lectrique.<\/p>\n<p>Le projet est une solution innovatrice en Europe, pour g\u00e9rer les recharges des v\u00e9hicules \u00e9lectriques d&rsquo;entreprises, en utilisant comme source d&rsquo;\u00e9nergie le soleil en r\u00e9gime d&rsquo;<a href=\"es\/aplicaciones-y-soluciones\/energia\/autoconsumo\/autoconsumo-instantaneo\">autoconsommation instantan\u00e9e<\/a>. Ce projet a \u00e9t\u00e9 r\u00e9alis\u00e9 dans les installations d&rsquo;Urbaser \u00e0 travers la collaboration technologique de CIRCUTOR.<\/p>\n<p><img class=\" size-full wp-image-88\" title=\"Installations du projet \u201cRecargo\u201d dans l'usine d'Urbaser (Barcelone)\" src=\"https:\/\/circutor.com\/wp-content\/uploads\/2014\/03\/noticia-premio-recargo.jpg\" alt=\"Installations du projet \u201cRecargo\u201d dans l'usine d'Urbaser (Barcelone)\" width=\"99%\" \/><\/p>\n<p style=\"text-align: center;\">Image des installations du projet \u201cRecargo\u201d dans l&rsquo;usine d&rsquo;Urbaser (Barcelone)<\/p>\n<h2>R\u00e9sultats optimaux de la recharge photovolta\u00efque<\/h2>\n<p>La solution de recharge photovolta\u00efque suppose une <strong>\u00e9conomie<\/strong> de 3 200 euros par an, en obtenant une <strong>rentabilit\u00e9 annuelle<\/strong> de l&rsquo;investissement de 4,5 %, outre \u00e9conomiser presque une tonne d&rsquo;<strong>\u00e9missions de CO<sub>2<\/sub><\/strong> par an. Tout ceci suppose non seulement une \u00e9pargne \u00e9conomique, mais aussi une rationalisation de l&rsquo;utilisation \u00e9nerg\u00e9tique, une meilleure gestion op\u00e9rationnelle et un plus grand respect de l&rsquo;environnement.<\/p>\n<h2>Quelle est la solution technique de recharge des v\u00e9hicules ?<\/h2>\n<p>Pour contr\u00f4ler la g\u00e9n\u00e9ration photovolta\u00efque et l&rsquo;utilisation de l&rsquo;\u00e9nergie, des \u00e9quipements de <strong>mesure et contr\u00f4le \u00e9nerg\u00e9tiques<\/strong> (<a href=\"es\/productos\/medida-y-control\/sistemas-de-control\/gestor-energetico\/serie-eds-detail\">EDS<\/a> et <a href=\"es\/productos\/medida-y-control\/sistemas-de-control\/gestor-energetico\/serie-eds-3g-detail\">EDS 3G<\/a>, <a href=\"es\/productos\/medida-y-control\/analizadores-de-redes-fijos\/analizadores-de-redes\">analyseurs CVMs<\/a> de <strong>CIRCUTOR<\/strong>) ont \u00e9t\u00e9 utilis\u00e9s. Une fois que les mesures on \u00e9t\u00e9 prises, les donn\u00e9es sont analys\u00e9es et supervis\u00e9es par le logiciel de gestion \u00e9nerg\u00e9tique PowerStudio SCADA.<\/p>\n<p style=\"text-align: center;\"><img loading=\"lazy\" class=\" size-full wp-image-89\" title=\"Rapport d'\u00c9nergie avec les \u00e9nergies g\u00e9n\u00e9r\u00e9es et consomm\u00e9es\" src=\"https:\/\/circutorweb.atic.blue\/wp-content\/uploads\/2014\/03\/noticia-premio-recargo-pantalla.jpg\" alt=\"Rapport d'\u00c9nergie avec les \u00e9nergies g\u00e9n\u00e9r\u00e9es et consomm\u00e9es\" width=\"571\" height=\"408\" \/><br \/>Le Rapport d&rsquo;\u00c9nergie pr\u00e9sente les \u00e9nergies g\u00e9n\u00e9r\u00e9es et consomm\u00e9es par les diff\u00e9rents \u00e9l\u00e9ments du syst\u00e8me, en indiquant l&rsquo;\u00e9nergie totale g\u00e9n\u00e9r\u00e9e ou consomm\u00e9e pendant des p\u00e9riodes de temps sp\u00e9cifiques.<\/p>\n<h2>Le kit solaire : solution d&rsquo;autoconsommation pour tout type d&rsquo;installations<\/h2>\n<p>Avec le d\u00e9veloppement de <strong>solutions modulaires d&rsquo;\u00e9nergie solaire<\/strong> (<a href=\"es\/productos\/energias-renovables\/autoconsumo-instantaneo\/cdp-kits-detail\">kit solaire<\/a> d&rsquo;autoconsommation), CIRCUTOR met \u00e0 disposition de qui en a besoin, une solution d&rsquo;autoconsommation instantan\u00e9e qui suppose une \u00e9conomie \u00e9nerg\u00e9tique. Ces solutions sont sp\u00e9cialement con\u00e7ues pour des installations petites et moyennes et elles sont disponibles dans le circuit commercial habituel. Elles incluent, en outre, les composants n\u00e9cessaires pour <a href=\"es\/aplicaciones-y-soluciones\/energia\/autoconsumo\/guia-legalizacion-instalaciones\">\u00eatre conforme \u00e0 la r\u00e9glementation en vigueur en mati\u00e8re d&rsquo;installations photovolta\u00efque pour une autoconsommation instantan\u00e9e<\/a>.<\/p>\n<p style=\"text-align: center;\"><img loading=\"lazy\" class=\" size-full wp-image-90\" title=\"Journ\u00e9e de dimensionnement des installations d'autoconsommation avec \u00e9nergie solaire photovolta\u00efque\" src=\"https:\/\/circutorweb.atic.blue\/wp-content\/uploads\/2014\/03\/2a-sesion-jornada.jpg\" alt=\"Journ\u00e9e de dimensionnement des installations d'autoconsommation avec \u00e9nergie solaire photovolta\u00efque\" width=\"571\" height=\"388\" \/><br \/>Image de la deuxi\u00e8me journ\u00e9e de dimensionnement des installations d&rsquo;autoconsommation avec \u00e9nergie solaire photovolta\u00efque \u00e0 CIRCUTOR le 21 mars dernier<\/p>\n<p>&nbsp;<\/p>\n<p>Par le fait du croissant <a href=\"es\/empresa\/noticias\/noticias\/492-autoconsumo-instantaneo-yes-we-can\">int\u00e9r\u00eat pour l&rsquo;autoconsommation instantan\u00e9e en Espagne<\/a>, CIRCUTOR propose des <a href=\"es\/empresa\/formacion-y-eventos\/seminarios-y-conferencias\/12-experiencias-practicas-de-instalaciones-solares-con-autoconsumo\/event_details\"><strong>journ\u00e9es informatives sur l&rsquo;autoconsommation<\/strong><\/a> et <a href=\"https:\/\/twitter.com\/circutor\/status\/447044919287640064\/photo\/1\" rel=\"nofollow noopener noreferrer\" target=\"_blank\"> des formations<\/a>, dans le but de soutenir les techniciens et les gestionnaires du d\u00e9veloppement de ce type d&rsquo;installations. Les dates des journ\u00e9es et formations peuvent \u00eatre consult\u00e9es dans la <a href=\"es\/empresa\/formacion-y-eventos\/seminarios-y-conferencias\/12-experiencias-practicas-de-instalaciones-solares-con-autoconsumo\/event_details\">section correspondante du web de CIRCUTOR<\/a>. Est \u00e9galement disponible le <a href=\"es\/aplicaciones-y-soluciones\/energia\/autoconsumo\/guia-legalizacion-instalaciones\">Guide de l\u00e9galisation des installations d&rsquo;autoconsommation instantan\u00e9e<\/a>. Vous pouvez \u00e9galement contacter CIRCUTOR \u00e0 l&rsquo;e-mail <a href=\"mailto:central@circutor.com.\">central@circutor.com<\/a>.<\/p>\n<p>Vous pouvez \u00e9galement suivre nos publications sur le <a href=\"https:\/\/twitter.com\/circutor\" rel=\"nofollow noopener noreferrer\" target=\"_blank\">Twitter de CIRCUTOR<\/a>, et sur <a href=\"http:\/\/www.linkedin.com\/company\/circutor\" rel=\"nofollow noopener noreferrer\" target=\"_blank\">Linkedin<\/a>.<br \/>Pour plus d&rsquo;information et d&rsquo;autres exemples sur les <a href=\"es\/aplicaciones-y-soluciones\/energia\/autoconsumo\/guia-legalizacion-instalaciones\">installations d&rsquo;autoconsommation, vous pouvez visiter ici notre section \u00e0 ce sujet<\/a>.<\/p>\n<p>&nbsp;<\/p>\n","protected":false},"excerpt":{"rendered":"<p>L&rsquo;entreprise \u00e9nerg\u00e9tique E.ON a \u00e9t\u00e9 r\u00e9compens\u00e9e dans \u201cLes 100 Meilleures Id\u00e9es\u201d pour le projet de recharge photovolta\u00efque des v\u00e9hicules \u201cRecargo\u201d. Le projet est une collaboration avec les entreprises Urbaser et CIRCUTOR, et c&rsquo;est la troisi\u00e8me ann\u00e9e qu&rsquo; E.ON re\u00e7oit ce prix \u00e0 la mobilit\u00e9 \u00e9lectrique. Le projet est une solution innovatrice en Europe, pour g\u00e9rer [&hellip;]<\/p>\n","protected":false},"author":1,"featured_media":0,"comment_status":"open","ping_status":"open","sticky":false,"template":"","format":"standard","meta":[],"categories":[286],"tags":[],"acf":[],"yoast_head":"<!-- This site is optimized with the Yoast SEO plugin v19.4 - https:\/\/yoast.com\/wordpress\/plugins\/seo\/ -->\n<title>Nouvelle impulsion \u00e0 la mobilit\u00e9 \u00e9lectrique avec Recargo et E.ON - CIRCUTOR<\/title>\n<meta name=\"description\" content=\"L&#039;entreprise \u00e9nerg\u00e9tique E.ON a \u00e9t\u00e9 r\u00e9compens\u00e9e dans \u201cLes 100 Meilleures Id\u00e9es\u201d pour le projet de recharge photovolta\u00efque des v\u00e9hicules \u201cRecargo\u201d. Le projet est une collaboration avec les entreprises Urbaser et CIRCUTOR, et c&#039;est la troisi\u00e8me ann\u00e9e qu&#039; E.ON re\u00e7oit ce prix \u00e0 la mobilit\u00e9 \u00e9lectrique.\" \/>\n<meta name=\"robots\" content=\"index, follow, max-snippet:-1, max-image-preview:large, max-video-preview:-1\" \/>\n<link rel=\"canonical\" href=\"https:\/\/circutor.com\/fr\/non-classifiee\/nouvelle-impulsion-a-la-mobilite-electrique-avec-recargo-et-e-on\/\" \/>\n<meta property=\"og:locale\" content=\"fr_FR\" \/>\n<meta property=\"og:type\" content=\"article\" \/>\n<meta property=\"og:title\" content=\"Nouvelle impulsion \u00e0 la mobilit\u00e9 \u00e9lectrique avec Recargo et E.ON - CIRCUTOR\" \/>\n<meta property=\"og:description\" content=\"L&#039;entreprise \u00e9nerg\u00e9tique E.ON a \u00e9t\u00e9 r\u00e9compens\u00e9e dans \u201cLes 100 Meilleures Id\u00e9es\u201d pour le projet de recharge photovolta\u00efque des v\u00e9hicules \u201cRecargo\u201d. Le projet est une collaboration avec les entreprises Urbaser et CIRCUTOR, et c&#039;est la troisi\u00e8me ann\u00e9e qu&#039; E.ON re\u00e7oit ce prix \u00e0 la mobilit\u00e9 \u00e9lectrique.\" \/>\n<meta property=\"og:url\" content=\"https:\/\/circutor.com\/fr\/non-classifiee\/nouvelle-impulsion-a-la-mobilite-electrique-avec-recargo-et-e-on\/\" \/>\n<meta property=\"og:site_name\" content=\"CIRCUTOR\" \/>\n<meta property=\"article:publisher\" content=\"https:\/\/www.facebook.com\/CIRCUTOR.ES\" \/>\n<meta property=\"article:published_time\" content=\"2014-03-26T13:19:00+00:00\" \/>\n<meta property=\"article:modified_time\" content=\"2022-05-19T14:37:44+00:00\" \/>\n<meta property=\"og:image\" content=\"https:\/\/circutor.com\/wp-content\/uploads\/2014\/03\/noticia-premio-recargo.jpg\" \/>\n<meta name=\"author\" content=\"admin\" \/>\n<meta name=\"twitter:card\" content=\"summary_large_image\" \/>\n<meta name=\"twitter:creator\" content=\"@circutor\" \/>\n<meta name=\"twitter:site\" content=\"@circutor\" \/>\n<meta name=\"twitter:label1\" content=\"\u00c9crit par\" \/>\n\t<meta name=\"twitter:data1\" content=\"admin\" \/>\n\t<meta name=\"twitter:label2\" content=\"Dur\u00e9e de lecture estim\u00e9e\" \/>\n\t<meta name=\"twitter:data2\" content=\"3 minutes\" \/>\n<script type=\"application\/ld+json\" class=\"yoast-schema-graph\">{\"@context\":\"https:\/\/schema.org\",\"@graph\":[{\"@type\":\"Organization\",\"@id\":\"https:\/\/circutor.com\/#organization\",\"name\":\"Circutor\",\"url\":\"https:\/\/circutor.com\/\",\"sameAs\":[\"https:\/\/www.instagram.com\/circutor_es\",\"https:\/\/www.linkedin.com\/company\/circutor\",\"https:\/\/www.youtube.com\/user\/CIRCUTORoficial\",\"https:\/\/www.facebook.com\/CIRCUTOR.ES\",\"https:\/\/twitter.com\/circutor\"],\"logo\":{\"@type\":\"ImageObject\",\"inLanguage\":\"fr-FR\",\"@id\":\"https:\/\/circutor.com\/#\/schema\/logo\/image\/\",\"url\":\"https:\/\/circutor.com\/wp-content\/uploads\/2020\/09\/CIR_LOGO_RED.png\",\"contentUrl\":\"https:\/\/circutor.com\/wp-content\/uploads\/2020\/09\/CIR_LOGO_RED.png\",\"width\":512,\"height\":128,\"caption\":\"Circutor\"},\"image\":{\"@id\":\"https:\/\/circutor.com\/#\/schema\/logo\/image\/\"}},{\"@type\":\"WebSite\",\"@id\":\"https:\/\/circutor.com\/#website\",\"url\":\"https:\/\/circutor.com\/\",\"name\":\"CIRCUTOR\",\"description\":\"Soluciones para la eficiencia energ\u00e9tica el\u00e9ctrica\",\"publisher\":{\"@id\":\"https:\/\/circutor.com\/#organization\"},\"potentialAction\":[{\"@type\":\"SearchAction\",\"target\":{\"@type\":\"EntryPoint\",\"urlTemplate\":\"https:\/\/circutor.com\/?s={search_term_string}\"},\"query-input\":\"required name=search_term_string\"}],\"inLanguage\":\"fr-FR\"},{\"@type\":\"WebPage\",\"@id\":\"https:\/\/circutor.com\/fr\/non-classifiee\/nouvelle-impulsion-a-la-mobilite-electrique-avec-recargo-et-e-on\/\",\"url\":\"https:\/\/circutor.com\/fr\/non-classifiee\/nouvelle-impulsion-a-la-mobilite-electrique-avec-recargo-et-e-on\/\",\"name\":\"Nouvelle impulsion \u00e0 la mobilit\u00e9 \u00e9lectrique avec Recargo et E.ON - CIRCUTOR\",\"isPartOf\":{\"@id\":\"https:\/\/circutor.com\/#website\"},\"datePublished\":\"2014-03-26T13:19:00+00:00\",\"dateModified\":\"2022-05-19T14:37:44+00:00\",\"description\":\"L'entreprise \u00e9nerg\u00e9tique E.ON a \u00e9t\u00e9 r\u00e9compens\u00e9e dans \u201cLes 100 Meilleures Id\u00e9es\u201d pour le projet de recharge photovolta\u00efque des v\u00e9hicules \u201cRecargo\u201d. Le projet est une collaboration avec les entreprises Urbaser et CIRCUTOR, et c'est la troisi\u00e8me ann\u00e9e qu' E.ON re\u00e7oit ce prix \u00e0 la mobilit\u00e9 \u00e9lectrique.\",\"breadcrumb\":{\"@id\":\"https:\/\/circutor.com\/fr\/non-classifiee\/nouvelle-impulsion-a-la-mobilite-electrique-avec-recargo-et-e-on\/#breadcrumb\"},\"inLanguage\":\"fr-FR\",\"potentialAction\":[{\"@type\":\"ReadAction\",\"target\":[\"https:\/\/circutor.com\/fr\/non-classifiee\/nouvelle-impulsion-a-la-mobilite-electrique-avec-recargo-et-e-on\/\"]}]},{\"@type\":\"BreadcrumbList\",\"@id\":\"https:\/\/circutor.com\/fr\/non-classifiee\/nouvelle-impulsion-a-la-mobilite-electrique-avec-recargo-et-e-on\/#breadcrumb\",\"itemListElement\":[{\"@type\":\"ListItem\",\"position\":1,\"name\":\"Portada\",\"item\":\"https:\/\/circutor.com\/fr\/\"},{\"@type\":\"ListItem\",\"position\":2,\"name\":\"Nouvelle impulsion \u00e0 la mobilit\u00e9 \u00e9lectrique avec Recargo et E.ON\"}]},{\"@type\":\"Article\",\"@id\":\"https:\/\/circutor.com\/fr\/non-classifiee\/nouvelle-impulsion-a-la-mobilite-electrique-avec-recargo-et-e-on\/#article\",\"isPartOf\":{\"@id\":\"https:\/\/circutor.com\/fr\/non-classifiee\/nouvelle-impulsion-a-la-mobilite-electrique-avec-recargo-et-e-on\/\"},\"author\":{\"name\":\"admin\",\"@id\":\"https:\/\/circutor.com\/#\/schema\/person\/17d169bdccd6e2367b1ce7182dd31283\"},\"headline\":\"Nouvelle impulsion \u00e0 la mobilit\u00e9 \u00e9lectrique avec Recargo et E.ON\",\"datePublished\":\"2014-03-26T13:19:00+00:00\",\"dateModified\":\"2022-05-19T14:37:44+00:00\",\"mainEntityOfPage\":{\"@id\":\"https:\/\/circutor.com\/fr\/non-classifiee\/nouvelle-impulsion-a-la-mobilite-electrique-avec-recargo-et-e-on\/\"},\"wordCount\":533,\"commentCount\":0,\"publisher\":{\"@id\":\"https:\/\/circutor.com\/#organization\"},\"articleSection\":[\"Non classifi\u00e9(e)\"],\"inLanguage\":\"fr-FR\",\"potentialAction\":[{\"@type\":\"CommentAction\",\"name\":\"Comment\",\"target\":[\"https:\/\/circutor.com\/fr\/non-classifiee\/nouvelle-impulsion-a-la-mobilite-electrique-avec-recargo-et-e-on\/#respond\"]}]},{\"@type\":\"Person\",\"@id\":\"https:\/\/circutor.com\/#\/schema\/person\/17d169bdccd6e2367b1ce7182dd31283\",\"name\":\"admin\",\"image\":{\"@type\":\"ImageObject\",\"inLanguage\":\"fr-FR\",\"@id\":\"https:\/\/circutor.com\/#\/schema\/person\/image\/\",\"url\":\"https:\/\/circutor.com\/wp-content\/uploads\/2022\/04\/usuario-logo-gris-96x96.png\",\"contentUrl\":\"https:\/\/circutor.com\/wp-content\/uploads\/2022\/04\/usuario-logo-gris-96x96.png\",\"caption\":\"admin\"}}]}<\/script>\n<!-- \/ Yoast SEO plugin. -->","yoast_head_json":{"title":"Nouvelle impulsion \u00e0 la mobilit\u00e9 \u00e9lectrique avec Recargo et E.ON - CIRCUTOR","description":"L'entreprise \u00e9nerg\u00e9tique E.ON a \u00e9t\u00e9 r\u00e9compens\u00e9e dans \u201cLes 100 Meilleures Id\u00e9es\u201d pour le projet de recharge photovolta\u00efque des v\u00e9hicules \u201cRecargo\u201d. Le projet est une collaboration avec les entreprises Urbaser et CIRCUTOR, et c'est la troisi\u00e8me ann\u00e9e qu' E.ON re\u00e7oit ce prix \u00e0 la mobilit\u00e9 \u00e9lectrique.","robots":{"index":"index","follow":"follow","max-snippet":"max-snippet:-1","max-image-preview":"max-image-preview:large","max-video-preview":"max-video-preview:-1"},"canonical":"https:\/\/circutor.com\/fr\/non-classifiee\/nouvelle-impulsion-a-la-mobilite-electrique-avec-recargo-et-e-on\/","og_locale":"fr_FR","og_type":"article","og_title":"Nouvelle impulsion \u00e0 la mobilit\u00e9 \u00e9lectrique avec Recargo et E.ON - CIRCUTOR","og_description":"L'entreprise \u00e9nerg\u00e9tique E.ON a \u00e9t\u00e9 r\u00e9compens\u00e9e dans \u201cLes 100 Meilleures Id\u00e9es\u201d pour le projet de recharge photovolta\u00efque des v\u00e9hicules \u201cRecargo\u201d. Le projet est une collaboration avec les entreprises Urbaser et CIRCUTOR, et c'est la troisi\u00e8me ann\u00e9e qu' E.ON re\u00e7oit ce prix \u00e0 la mobilit\u00e9 \u00e9lectrique.","og_url":"https:\/\/circutor.com\/fr\/non-classifiee\/nouvelle-impulsion-a-la-mobilite-electrique-avec-recargo-et-e-on\/","og_site_name":"CIRCUTOR","article_publisher":"https:\/\/www.facebook.com\/CIRCUTOR.ES","article_published_time":"2014-03-26T13:19:00+00:00","article_modified_time":"2022-05-19T14:37:44+00:00","og_image":[{"url":"https:\/\/circutor.com\/wp-content\/uploads\/2014\/03\/noticia-premio-recargo.jpg"}],"author":"admin","twitter_card":"summary_large_image","twitter_creator":"@circutor","twitter_site":"@circutor","twitter_misc":{"\u00c9crit par":"admin","Dur\u00e9e de lecture estim\u00e9e":"3 minutes"},"schema":{"@context":"https:\/\/schema.org","@graph":[{"@type":"Organization","@id":"https:\/\/circutor.com\/#organization","name":"Circutor","url":"https:\/\/circutor.com\/","sameAs":["https:\/\/www.instagram.com\/circutor_es","https:\/\/www.linkedin.com\/company\/circutor","https:\/\/www.youtube.com\/user\/CIRCUTORoficial","https:\/\/www.facebook.com\/CIRCUTOR.ES","https:\/\/twitter.com\/circutor"],"logo":{"@type":"ImageObject","inLanguage":"fr-FR","@id":"https:\/\/circutor.com\/#\/schema\/logo\/image\/","url":"https:\/\/circutor.com\/wp-content\/uploads\/2020\/09\/CIR_LOGO_RED.png","contentUrl":"https:\/\/circutor.com\/wp-content\/uploads\/2020\/09\/CIR_LOGO_RED.png","width":512,"height":128,"caption":"Circutor"},"image":{"@id":"https:\/\/circutor.com\/#\/schema\/logo\/image\/"}},{"@type":"WebSite","@id":"https:\/\/circutor.com\/#website","url":"https:\/\/circutor.com\/","name":"CIRCUTOR","description":"Soluciones para la eficiencia energ\u00e9tica el\u00e9ctrica","publisher":{"@id":"https:\/\/circutor.com\/#organization"},"potentialAction":[{"@type":"SearchAction","target":{"@type":"EntryPoint","urlTemplate":"https:\/\/circutor.com\/?s={search_term_string}"},"query-input":"required name=search_term_string"}],"inLanguage":"fr-FR"},{"@type":"WebPage","@id":"https:\/\/circutor.com\/fr\/non-classifiee\/nouvelle-impulsion-a-la-mobilite-electrique-avec-recargo-et-e-on\/","url":"https:\/\/circutor.com\/fr\/non-classifiee\/nouvelle-impulsion-a-la-mobilite-electrique-avec-recargo-et-e-on\/","name":"Nouvelle impulsion \u00e0 la mobilit\u00e9 \u00e9lectrique avec Recargo et E.ON - CIRCUTOR","isPartOf":{"@id":"https:\/\/circutor.com\/#website"},"datePublished":"2014-03-26T13:19:00+00:00","dateModified":"2022-05-19T14:37:44+00:00","description":"L'entreprise \u00e9nerg\u00e9tique E.ON a \u00e9t\u00e9 r\u00e9compens\u00e9e dans \u201cLes 100 Meilleures Id\u00e9es\u201d pour le projet de recharge photovolta\u00efque des v\u00e9hicules \u201cRecargo\u201d. Le projet est une collaboration avec les entreprises Urbaser et CIRCUTOR, et c'est la troisi\u00e8me ann\u00e9e qu' E.ON re\u00e7oit ce prix \u00e0 la mobilit\u00e9 \u00e9lectrique.","breadcrumb":{"@id":"https:\/\/circutor.com\/fr\/non-classifiee\/nouvelle-impulsion-a-la-mobilite-electrique-avec-recargo-et-e-on\/#breadcrumb"},"inLanguage":"fr-FR","potentialAction":[{"@type":"ReadAction","target":["https:\/\/circutor.com\/fr\/non-classifiee\/nouvelle-impulsion-a-la-mobilite-electrique-avec-recargo-et-e-on\/"]}]},{"@type":"BreadcrumbList","@id":"https:\/\/circutor.com\/fr\/non-classifiee\/nouvelle-impulsion-a-la-mobilite-electrique-avec-recargo-et-e-on\/#breadcrumb","itemListElement":[{"@type":"ListItem","position":1,"name":"Portada","item":"https:\/\/circutor.com\/fr\/"},{"@type":"ListItem","position":2,"name":"Nouvelle impulsion \u00e0 la mobilit\u00e9 \u00e9lectrique avec Recargo et E.ON"}]},{"@type":"Article","@id":"https:\/\/circutor.com\/fr\/non-classifiee\/nouvelle-impulsion-a-la-mobilite-electrique-avec-recargo-et-e-on\/#article","isPartOf":{"@id":"https:\/\/circutor.com\/fr\/non-classifiee\/nouvelle-impulsion-a-la-mobilite-electrique-avec-recargo-et-e-on\/"},"author":{"name":"admin","@id":"https:\/\/circutor.com\/#\/schema\/person\/17d169bdccd6e2367b1ce7182dd31283"},"headline":"Nouvelle impulsion \u00e0 la mobilit\u00e9 \u00e9lectrique avec Recargo et E.ON","datePublished":"2014-03-26T13:19:00+00:00","dateModified":"2022-05-19T14:37:44+00:00","mainEntityOfPage":{"@id":"https:\/\/circutor.com\/fr\/non-classifiee\/nouvelle-impulsion-a-la-mobilite-electrique-avec-recargo-et-e-on\/"},"wordCount":533,"commentCount":0,"publisher":{"@id":"https:\/\/circutor.com\/#organization"},"articleSection":["Non classifi\u00e9(e)"],"inLanguage":"fr-FR","potentialAction":[{"@type":"CommentAction","name":"Comment","target":["https:\/\/circutor.com\/fr\/non-classifiee\/nouvelle-impulsion-a-la-mobilite-electrique-avec-recargo-et-e-on\/#respond"]}]},{"@type":"Person","@id":"https:\/\/circutor.com\/#\/schema\/person\/17d169bdccd6e2367b1ce7182dd31283","name":"admin","image":{"@type":"ImageObject","inLanguage":"fr-FR","@id":"https:\/\/circutor.com\/#\/schema\/person\/image\/","url":"https:\/\/circutor.com\/wp-content\/uploads\/2022\/04\/usuario-logo-gris-96x96.png","contentUrl":"https:\/\/circutor.com\/wp-content\/uploads\/2022\/04\/usuario-logo-gris-96x96.png","caption":"admin"}}]}},"_links":{"self":[{"href":"https:\/\/circutor.com\/fr\/wp-json\/wp\/v2\/posts\/10431"}],"collection":[{"href":"https:\/\/circutor.com\/fr\/wp-json\/wp\/v2\/posts"}],"about":[{"href":"https:\/\/circutor.com\/fr\/wp-json\/wp\/v2\/types\/post"}],"author":[{"embeddable":true,"href":"https:\/\/circutor.com\/fr\/wp-json\/wp\/v2\/users\/1"}],"replies":[{"embeddable":true,"href":"https:\/\/circutor.com\/fr\/wp-json\/wp\/v2\/comments?post=10431"}],"version-history":[{"count":0,"href":"https:\/\/circutor.com\/fr\/wp-json\/wp\/v2\/posts\/10431\/revisions"}],"wp:attachment":[{"href":"https:\/\/circutor.com\/fr\/wp-json\/wp\/v2\/media?parent=10431"}],"wp:term":[{"taxonomy":"category","embeddable":true,"href":"https:\/\/circutor.com\/fr\/wp-json\/wp\/v2\/categories?post=10431"},{"taxonomy":"post_tag","embeddable":true,"href":"https:\/\/circutor.com\/fr\/wp-json\/wp\/v2\/tags?post=10431"}],"curies":[{"name":"wp","href":"https:\/\/api.w.org\/{rel}","templated":true}]}}