{"id":48411,"date":"2024-03-18T11:58:20","date_gmt":"2024-03-18T09:58:20","guid":{"rendered":"https:\/\/circutor.com\/?p=48411"},"modified":"2024-04-03T14:39:01","modified_gmt":"2024-04-03T12:39:01","slug":"jornada-tecnica-solucions-per-superar-la-manca-de-potencia-en-centres-de-recarrega-de-vehicle-electric","status":"publish","type":"post","link":"https:\/\/circutor.com\/ca\/noticies\/jornada-tecnica-solucions-per-superar-la-manca-de-potencia-en-centres-de-recarrega-de-vehicle-electric\/","title":{"rendered":"Jornada T\u00e8cnica: Solucions per superar la manca de pot\u00e8ncia en centres de rec\u00e0rrega de vehicle el\u00e8ctric"},"content":{"rendered":"<p>[vc_row][vc_column][vc_column_text css=&#8221;.vc_custom_1710756639267{margin-top: 20px !important;margin-bottom: 20px !important;}&#8221;]<strong>Com podem ampliar la pot\u00e8ncia disponible a les nostres empreses per atendre la nova demanda que suposa la rec\u00e0rrega dels vehicles de flota i ampliar el servei a la comunitat? <\/strong><\/p>\n<p><strong>Com podrem establir els centres de rec\u00e0rrega r\u00e0pida a qu\u00e8 obliga l&#8217;AFIR en zones amb baixa o nul\u00b7la disponibilitat de pot\u00e8ncia? <\/strong><\/p>\n<p>Circutor organitza una jornada el 16 d\u2019abril per inaugurar i presentar els projectes PVing CHARGE i ECOASIS. Les respostes a com aconseguir accelerar la transici\u00f3 a l&#8217;electromobilitat les debatrem des de la visi\u00f3 de la tecnologia, l\u2019administraci\u00f3 i el teixit empresarial.[\/vc_column_text][vc_column_text css=&#8221;.vc_custom_1712147936040{margin-top: 20px !important;margin-bottom: 20px !important;padding-top: 20px !important;padding-right: 20px !important;padding-bottom: 20px !important;padding-left: 20px !important;background-color: #ffe8e8 !important;}&#8221;]<strong>Data<\/strong>: 16\/04\/2024<br \/>\n<strong>Hora<\/strong>: de 09:00 a 13:30 h<\/p>\n<p>&nbsp;<\/p>\n<p><strong>Programa<\/strong>:<\/p>\n<p><strong>09:00h<\/strong> Recepci\u00f3 d\u2019assistents<\/p>\n<p><strong>09:30h<\/strong> Benvinguda i Presentaci\u00f3 de la Jornada (Ger\u00e8ncia de CIRCUTOR)<\/p>\n<p><strong>09:50h<\/strong> PVing CHARGE. Rec\u00e0rrega de VE integrada en p\u00e8rgoles fotovoltaiques amb acumulaci\u00f3 d&#8217;energia, Joan Brossa, Responsable de Renovables<\/p>\n<p><strong>10:15h<\/strong> Projecte Ecoasis. Rec\u00e0rrega de VE d&#8217;alta capacitat en empla\u00e7aments a\u00efllats de la xarxa el\u00e8ctrica, Alfonso Collado, Director d\u2019Innovaci\u00f3.<\/p>\n<p><strong>10:30h<\/strong> Cas d\u2019\u00fas. Rec\u00e0rrega laboral integrada en p\u00e8rgola solar. (Manel Mil\u00e0 CEO de Top Cable).<\/p>\n<p><strong>11:00h<\/strong> Pausa caf\u00e8 i Networking.<\/p>\n<p><strong>11:30h<\/strong> Taula rodona:<\/p>\n<p style=\"padding-left: 40px;\">&#8211; Isabel del Olmo, Jefa del Departamento Movilidad Sostenible. IDAE.<br \/>\n&#8211; Assumpta Farran, Directora General d\u2019Energia. Generalitat de Catalunya<br \/>\n&#8211; Alejandro Valdovinos. Director de Relacions Institucionals. CIRCUTOR<br \/>\n&#8211; Josep Casas. Director de la Oficina per a la Transici\u00f3 Energ\u00e8tica de la CECOT.<br \/>\n&#8211; Joaquim Daura. President del CEEC, Cl\u00faster de l\u2019Energia Eficient.<\/p>\n<p><strong>Moderaci\u00f3<\/strong>: Pere Soria. Responsable de Desenvolupament de Negoci de l\u2019\u00c0rea d\u2019Energies Renovables. Circutor<\/p>\n<p><strong>13:00h<\/strong> Inauguraci\u00f3 del projecte demostrador: PVing CHARGE en la seu central de Circutor.<\/p>\n<p><strong>13:15h<\/strong> Inauguraci\u00f3 del projecte demostrador: Ecoasis en la seu central de Circutor.<\/p>\n<p><strong>13:30h<\/strong> Tancament de la jornada amb fotografia dels participants sota la p\u00e8rgola i piscolabis.[\/vc_column_text][vc_column_text css=&#8221;.vc_custom_1712127662430{margin-top: 40px !important;margin-bottom: 20px !important;background-color: #ffffff !important;}&#8221;]<span style=\"color: #e40040;\"><strong>AFORAMENT COMPLET, gr\u00e0cies pel vostre inter\u00e8s!<\/strong><\/span>[\/vc_column_text][\/vc_column][\/vc_row]<\/p>\n","protected":false},"excerpt":{"rendered":"<p>[vc_row][vc_column][vc_column_text css=&#8221;.vc_custom_1710756639267{margin-top: 20px !important;margin-bottom: 20px !important;}&#8221;]Com podem ampliar la pot\u00e8ncia disponible a les nostres empreses per atendre la nova demanda que suposa la rec\u00e0rrega dels vehicles de flota i ampliar el servei a la comunitat? Com podrem establir els centres de rec\u00e0rrega r\u00e0pida a qu\u00e8 obliga l&#8217;AFIR en zones amb baixa o nul\u00b7la disponibilitat de [&hellip;]<\/p>\n","protected":false},"author":7,"featured_media":48424,"comment_status":"open","ping_status":"open","sticky":false,"template":"","format":"standard","meta":[],"categories":[3716],"tags":[3721,3726,3729,3731],"acf":[],"yoast_head":"<!-- This site is optimized with the Yoast SEO plugin v19.4 - https:\/\/yoast.com\/wordpress\/plugins\/seo\/ -->\n<title>Jornada T\u00e8cnica: Solucions per superar la manca de pot\u00e8ncia en centres de rec\u00e0rrega de vehicle el\u00e8ctric - CIRCUTOR<\/title>\n<meta name=\"description\" content=\"Jornada T\u00e8cnica: Solucions per superar la manca de pot\u00e8ncia en centres de rec\u00e0rrega de vehicle el\u00e8ctric\" \/>\n<meta name=\"robots\" content=\"index, follow, max-snippet:-1, max-image-preview:large, max-video-preview:-1\" \/>\n<link rel=\"canonical\" href=\"https:\/\/circutor.com\/ca\/noticies\/jornada-tecnica-solucions-per-superar-la-manca-de-potencia-en-centres-de-recarrega-de-vehicle-electric\/\" \/>\n<meta property=\"og:locale\" content=\"ca_ES\" \/>\n<meta property=\"og:type\" content=\"article\" \/>\n<meta property=\"og:title\" content=\"Jornada T\u00e8cnica: Solucions per superar la manca de pot\u00e8ncia en centres de rec\u00e0rrega de vehicle el\u00e8ctric - CIRCUTOR\" \/>\n<meta property=\"og:description\" content=\"Jornada T\u00e8cnica: Solucions per superar la manca de pot\u00e8ncia en centres de rec\u00e0rrega de vehicle el\u00e8ctric\" \/>\n<meta property=\"og:url\" content=\"https:\/\/circutor.com\/ca\/noticies\/jornada-tecnica-solucions-per-superar-la-manca-de-potencia-en-centres-de-recarrega-de-vehicle-electric\/\" \/>\n<meta property=\"og:site_name\" content=\"CIRCUTOR\" \/>\n<meta property=\"article:publisher\" content=\"https:\/\/www.facebook.com\/CIRCUTOR.ES\" \/>\n<meta property=\"article:published_time\" content=\"2024-03-18T09:58:20+00:00\" \/>\n<meta property=\"article:modified_time\" content=\"2024-04-03T12:39:01+00:00\" \/>\n<meta property=\"og:image\" content=\"https:\/\/circutor.com\/wp-content\/uploads\/2024\/03\/inauguracio-pving-charge.jpg\" \/>\n\t<meta property=\"og:image:width\" content=\"1920\" \/>\n\t<meta property=\"og:image:height\" content=\"1080\" \/>\n\t<meta property=\"og:image:type\" content=\"image\/jpeg\" \/>\n<meta name=\"author\" content=\"Circutor\" \/>\n<meta name=\"twitter:card\" content=\"summary_large_image\" \/>\n<meta name=\"twitter:creator\" content=\"@circutor\" \/>\n<meta name=\"twitter:site\" content=\"@circutor\" \/>\n<meta name=\"twitter:label1\" content=\"Escrit per\" \/>\n\t<meta name=\"twitter:data1\" content=\"Circutor\" \/>\n\t<meta name=\"twitter:label2\" content=\"Temps estimat de lectura\" \/>\n\t<meta name=\"twitter:data2\" content=\"2 minuts\" \/>\n<script type=\"application\/ld+json\" class=\"yoast-schema-graph\">{\"@context\":\"https:\/\/schema.org\",\"@graph\":[{\"@type\":\"Organization\",\"@id\":\"https:\/\/circutor.com\/#organization\",\"name\":\"Circutor\",\"url\":\"https:\/\/circutor.com\/\",\"sameAs\":[\"https:\/\/www.instagram.com\/circutor_es\",\"https:\/\/www.linkedin.com\/company\/circutor\",\"https:\/\/www.youtube.com\/user\/CIRCUTORoficial\",\"https:\/\/www.facebook.com\/CIRCUTOR.ES\",\"https:\/\/twitter.com\/circutor\"],\"logo\":{\"@type\":\"ImageObject\",\"inLanguage\":\"ca\",\"@id\":\"https:\/\/circutor.com\/#\/schema\/logo\/image\/\",\"url\":\"https:\/\/circutor.com\/wp-content\/uploads\/2020\/09\/CIR_LOGO_RED.png\",\"contentUrl\":\"https:\/\/circutor.com\/wp-content\/uploads\/2020\/09\/CIR_LOGO_RED.png\",\"width\":512,\"height\":128,\"caption\":\"Circutor\"},\"image\":{\"@id\":\"https:\/\/circutor.com\/#\/schema\/logo\/image\/\"}},{\"@type\":\"WebSite\",\"@id\":\"https:\/\/circutor.com\/#website\",\"url\":\"https:\/\/circutor.com\/\",\"name\":\"CIRCUTOR\",\"description\":\"Soluciones para la eficiencia energ\u00e9tica el\u00e9ctrica\",\"publisher\":{\"@id\":\"https:\/\/circutor.com\/#organization\"},\"potentialAction\":[{\"@type\":\"SearchAction\",\"target\":{\"@type\":\"EntryPoint\",\"urlTemplate\":\"https:\/\/circutor.com\/?s={search_term_string}\"},\"query-input\":\"required name=search_term_string\"}],\"inLanguage\":\"ca\"},{\"@type\":\"WebPage\",\"@id\":\"https:\/\/circutor.com\/ca\/noticies\/jornada-tecnica-solucions-per-superar-la-manca-de-potencia-en-centres-de-recarrega-de-vehicle-electric\/\",\"url\":\"https:\/\/circutor.com\/ca\/noticies\/jornada-tecnica-solucions-per-superar-la-manca-de-potencia-en-centres-de-recarrega-de-vehicle-electric\/\",\"name\":\"Jornada T\u00e8cnica: Solucions per superar la manca de pot\u00e8ncia en centres de rec\u00e0rrega de vehicle el\u00e8ctric - CIRCUTOR\",\"isPartOf\":{\"@id\":\"https:\/\/circutor.com\/#website\"},\"datePublished\":\"2024-03-18T09:58:20+00:00\",\"dateModified\":\"2024-04-03T12:39:01+00:00\",\"description\":\"Jornada T\u00e8cnica: Solucions per superar la manca de pot\u00e8ncia en centres de rec\u00e0rrega de vehicle el\u00e8ctric\",\"breadcrumb\":{\"@id\":\"https:\/\/circutor.com\/ca\/noticies\/jornada-tecnica-solucions-per-superar-la-manca-de-potencia-en-centres-de-recarrega-de-vehicle-electric\/#breadcrumb\"},\"inLanguage\":\"ca\",\"potentialAction\":[{\"@type\":\"ReadAction\",\"target\":[\"https:\/\/circutor.com\/ca\/noticies\/jornada-tecnica-solucions-per-superar-la-manca-de-potencia-en-centres-de-recarrega-de-vehicle-electric\/\"]}]},{\"@type\":\"BreadcrumbList\",\"@id\":\"https:\/\/circutor.com\/ca\/noticies\/jornada-tecnica-solucions-per-superar-la-manca-de-potencia-en-centres-de-recarrega-de-vehicle-electric\/#breadcrumb\",\"itemListElement\":[{\"@type\":\"ListItem\",\"position\":1,\"name\":\"Portada\",\"item\":\"https:\/\/circutor.com\/ca\/\"},{\"@type\":\"ListItem\",\"position\":2,\"name\":\"Jornada T\u00e8cnica: Solucions per superar la manca de pot\u00e8ncia en centres de rec\u00e0rrega de vehicle el\u00e8ctric\"}]},{\"@type\":\"Article\",\"@id\":\"https:\/\/circutor.com\/ca\/noticies\/jornada-tecnica-solucions-per-superar-la-manca-de-potencia-en-centres-de-recarrega-de-vehicle-electric\/#article\",\"isPartOf\":{\"@id\":\"https:\/\/circutor.com\/ca\/noticies\/jornada-tecnica-solucions-per-superar-la-manca-de-potencia-en-centres-de-recarrega-de-vehicle-electric\/\"},\"author\":{\"name\":\"Circutor\",\"@id\":\"https:\/\/circutor.com\/#\/schema\/person\/9216eaf78015cd0abb5ac95453b110ce\"},\"headline\":\"Jornada T\u00e8cnica: Solucions per superar la manca de pot\u00e8ncia en centres de rec\u00e0rrega de vehicle el\u00e8ctric\",\"datePublished\":\"2024-03-18T09:58:20+00:00\",\"dateModified\":\"2024-04-03T12:39:01+00:00\",\"mainEntityOfPage\":{\"@id\":\"https:\/\/circutor.com\/ca\/noticies\/jornada-tecnica-solucions-per-superar-la-manca-de-potencia-en-centres-de-recarrega-de-vehicle-electric\/\"},\"wordCount\":402,\"commentCount\":0,\"publisher\":{\"@id\":\"https:\/\/circutor.com\/#organization\"},\"keywords\":[\"Autoconsum\",\"Energies renovables\",\"Mobilitat el\u00e8ctrica\",\"Rec\u00e0rrega vehicles el\u00e8ctrics\"],\"articleSection\":[\"Not\u00edcies\"],\"inLanguage\":\"ca\",\"potentialAction\":[{\"@type\":\"CommentAction\",\"name\":\"Comment\",\"target\":[\"https:\/\/circutor.com\/ca\/noticies\/jornada-tecnica-solucions-per-superar-la-manca-de-potencia-en-centres-de-recarrega-de-vehicle-electric\/#respond\"]}]},{\"@type\":\"Person\",\"@id\":\"https:\/\/circutor.com\/#\/schema\/person\/9216eaf78015cd0abb5ac95453b110ce\",\"name\":\"Circutor\",\"image\":{\"@type\":\"ImageObject\",\"inLanguage\":\"ca\",\"@id\":\"https:\/\/circutor.com\/#\/schema\/person\/image\/\",\"url\":\"https:\/\/circutor.com\/wp-content\/uploads\/2022\/04\/usuario-logo-gris-96x96.png\",\"contentUrl\":\"https:\/\/circutor.com\/wp-content\/uploads\/2022\/04\/usuario-logo-gris-96x96.png\",\"caption\":\"Circutor\"}}]}<\/script>\n<!-- \/ Yoast SEO plugin. -->","yoast_head_json":{"title":"Jornada T\u00e8cnica: Solucions per superar la manca de pot\u00e8ncia en centres de rec\u00e0rrega de vehicle el\u00e8ctric - CIRCUTOR","description":"Jornada T\u00e8cnica: Solucions per superar la manca de pot\u00e8ncia en centres de rec\u00e0rrega de vehicle el\u00e8ctric","robots":{"index":"index","follow":"follow","max-snippet":"max-snippet:-1","max-image-preview":"max-image-preview:large","max-video-preview":"max-video-preview:-1"},"canonical":"https:\/\/circutor.com\/ca\/noticies\/jornada-tecnica-solucions-per-superar-la-manca-de-potencia-en-centres-de-recarrega-de-vehicle-electric\/","og_locale":"ca_ES","og_type":"article","og_title":"Jornada T\u00e8cnica: Solucions per superar la manca de pot\u00e8ncia en centres de rec\u00e0rrega de vehicle el\u00e8ctric - CIRCUTOR","og_description":"Jornada T\u00e8cnica: Solucions per superar la manca de pot\u00e8ncia en centres de rec\u00e0rrega de vehicle el\u00e8ctric","og_url":"https:\/\/circutor.com\/ca\/noticies\/jornada-tecnica-solucions-per-superar-la-manca-de-potencia-en-centres-de-recarrega-de-vehicle-electric\/","og_site_name":"CIRCUTOR","article_publisher":"https:\/\/www.facebook.com\/CIRCUTOR.ES","article_published_time":"2024-03-18T09:58:20+00:00","article_modified_time":"2024-04-03T12:39:01+00:00","og_image":[{"width":1920,"height":1080,"url":"https:\/\/circutor.com\/wp-content\/uploads\/2024\/03\/inauguracio-pving-charge.jpg","type":"image\/jpeg"}],"author":"Circutor","twitter_card":"summary_large_image","twitter_creator":"@circutor","twitter_site":"@circutor","twitter_misc":{"Escrit per":"Circutor","Temps estimat de lectura":"2 minuts"},"schema":{"@context":"https:\/\/schema.org","@graph":[{"@type":"Organization","@id":"https:\/\/circutor.com\/#organization","name":"Circutor","url":"https:\/\/circutor.com\/","sameAs":["https:\/\/www.instagram.com\/circutor_es","https:\/\/www.linkedin.com\/company\/circutor","https:\/\/www.youtube.com\/user\/CIRCUTORoficial","https:\/\/www.facebook.com\/CIRCUTOR.ES","https:\/\/twitter.com\/circutor"],"logo":{"@type":"ImageObject","inLanguage":"ca","@id":"https:\/\/circutor.com\/#\/schema\/logo\/image\/","url":"https:\/\/circutor.com\/wp-content\/uploads\/2020\/09\/CIR_LOGO_RED.png","contentUrl":"https:\/\/circutor.com\/wp-content\/uploads\/2020\/09\/CIR_LOGO_RED.png","width":512,"height":128,"caption":"Circutor"},"image":{"@id":"https:\/\/circutor.com\/#\/schema\/logo\/image\/"}},{"@type":"WebSite","@id":"https:\/\/circutor.com\/#website","url":"https:\/\/circutor.com\/","name":"CIRCUTOR","description":"Soluciones para la eficiencia energ\u00e9tica el\u00e9ctrica","publisher":{"@id":"https:\/\/circutor.com\/#organization"},"potentialAction":[{"@type":"SearchAction","target":{"@type":"EntryPoint","urlTemplate":"https:\/\/circutor.com\/?s={search_term_string}"},"query-input":"required name=search_term_string"}],"inLanguage":"ca"},{"@type":"WebPage","@id":"https:\/\/circutor.com\/ca\/noticies\/jornada-tecnica-solucions-per-superar-la-manca-de-potencia-en-centres-de-recarrega-de-vehicle-electric\/","url":"https:\/\/circutor.com\/ca\/noticies\/jornada-tecnica-solucions-per-superar-la-manca-de-potencia-en-centres-de-recarrega-de-vehicle-electric\/","name":"Jornada T\u00e8cnica: Solucions per superar la manca de pot\u00e8ncia en centres de rec\u00e0rrega de vehicle el\u00e8ctric - CIRCUTOR","isPartOf":{"@id":"https:\/\/circutor.com\/#website"},"datePublished":"2024-03-18T09:58:20+00:00","dateModified":"2024-04-03T12:39:01+00:00","description":"Jornada T\u00e8cnica: Solucions per superar la manca de pot\u00e8ncia en centres de rec\u00e0rrega de vehicle el\u00e8ctric","breadcrumb":{"@id":"https:\/\/circutor.com\/ca\/noticies\/jornada-tecnica-solucions-per-superar-la-manca-de-potencia-en-centres-de-recarrega-de-vehicle-electric\/#breadcrumb"},"inLanguage":"ca","potentialAction":[{"@type":"ReadAction","target":["https:\/\/circutor.com\/ca\/noticies\/jornada-tecnica-solucions-per-superar-la-manca-de-potencia-en-centres-de-recarrega-de-vehicle-electric\/"]}]},{"@type":"BreadcrumbList","@id":"https:\/\/circutor.com\/ca\/noticies\/jornada-tecnica-solucions-per-superar-la-manca-de-potencia-en-centres-de-recarrega-de-vehicle-electric\/#breadcrumb","itemListElement":[{"@type":"ListItem","position":1,"name":"Portada","item":"https:\/\/circutor.com\/ca\/"},{"@type":"ListItem","position":2,"name":"Jornada T\u00e8cnica: Solucions per superar la manca de pot\u00e8ncia en centres de rec\u00e0rrega de vehicle el\u00e8ctric"}]},{"@type":"Article","@id":"https:\/\/circutor.com\/ca\/noticies\/jornada-tecnica-solucions-per-superar-la-manca-de-potencia-en-centres-de-recarrega-de-vehicle-electric\/#article","isPartOf":{"@id":"https:\/\/circutor.com\/ca\/noticies\/jornada-tecnica-solucions-per-superar-la-manca-de-potencia-en-centres-de-recarrega-de-vehicle-electric\/"},"author":{"name":"Circutor","@id":"https:\/\/circutor.com\/#\/schema\/person\/9216eaf78015cd0abb5ac95453b110ce"},"headline":"Jornada T\u00e8cnica: Solucions per superar la manca de pot\u00e8ncia en centres de rec\u00e0rrega de vehicle el\u00e8ctric","datePublished":"2024-03-18T09:58:20+00:00","dateModified":"2024-04-03T12:39:01+00:00","mainEntityOfPage":{"@id":"https:\/\/circutor.com\/ca\/noticies\/jornada-tecnica-solucions-per-superar-la-manca-de-potencia-en-centres-de-recarrega-de-vehicle-electric\/"},"wordCount":402,"commentCount":0,"publisher":{"@id":"https:\/\/circutor.com\/#organization"},"keywords":["Autoconsum","Energies renovables","Mobilitat el\u00e8ctrica","Rec\u00e0rrega vehicles el\u00e8ctrics"],"articleSection":["Not\u00edcies"],"inLanguage":"ca","potentialAction":[{"@type":"CommentAction","name":"Comment","target":["https:\/\/circutor.com\/ca\/noticies\/jornada-tecnica-solucions-per-superar-la-manca-de-potencia-en-centres-de-recarrega-de-vehicle-electric\/#respond"]}]},{"@type":"Person","@id":"https:\/\/circutor.com\/#\/schema\/person\/9216eaf78015cd0abb5ac95453b110ce","name":"Circutor","image":{"@type":"ImageObject","inLanguage":"ca","@id":"https:\/\/circutor.com\/#\/schema\/person\/image\/","url":"https:\/\/circutor.com\/wp-content\/uploads\/2022\/04\/usuario-logo-gris-96x96.png","contentUrl":"https:\/\/circutor.com\/wp-content\/uploads\/2022\/04\/usuario-logo-gris-96x96.png","caption":"Circutor"}}]}},"_links":{"self":[{"href":"https:\/\/circutor.com\/ca\/wp-json\/wp\/v2\/posts\/48411"}],"collection":[{"href":"https:\/\/circutor.com\/ca\/wp-json\/wp\/v2\/posts"}],"about":[{"href":"https:\/\/circutor.com\/ca\/wp-json\/wp\/v2\/types\/post"}],"author":[{"embeddable":true,"href":"https:\/\/circutor.com\/ca\/wp-json\/wp\/v2\/users\/7"}],"replies":[{"embeddable":true,"href":"https:\/\/circutor.com\/ca\/wp-json\/wp\/v2\/comments?post=48411"}],"version-history":[{"count":0,"href":"https:\/\/circutor.com\/ca\/wp-json\/wp\/v2\/posts\/48411\/revisions"}],"wp:featuredmedia":[{"embeddable":true,"href":"https:\/\/circutor.com\/ca\/wp-json\/wp\/v2\/media\/48424"}],"wp:attachment":[{"href":"https:\/\/circutor.com\/ca\/wp-json\/wp\/v2\/media?parent=48411"}],"wp:term":[{"taxonomy":"category","embeddable":true,"href":"https:\/\/circutor.com\/ca\/wp-json\/wp\/v2\/categories?post=48411"},{"taxonomy":"post_tag","embeddable":true,"href":"https:\/\/circutor.com\/ca\/wp-json\/wp\/v2\/tags?post=48411"}],"curies":[{"name":"wp","href":"https:\/\/api.w.org\/{rel}","templated":true}]}}