{"id":386,"date":"2016-09-23T08:00:00","date_gmt":"2016-09-23T08:00:00","guid":{"rendered":"https:\/\/circutorweb.atic.blue\/?p=386"},"modified":"2016-09-23T08:00:00","modified_gmt":"2016-09-23T08:00:00","slug":"europaeische-richtlinie-2012-27-eu-eine-chance-fuer-die-branche","status":"publish","type":"post","link":"https:\/\/circutor.com\/de\/articulos\/europaeische-richtlinie-2012-27-eu-eine-chance-fuer-die-branche\/","title":{"rendered":"Europ\u00e4ische Richtlinie 2012\/27\/EU, eine Chance f\u00fcr die Branche"},"content":{"rendered":"<p class=\"dark\">&nbsp;<\/p>\n<h4 class=\"dark\">Welches Ger\u00e4t muss ich einbauen, um die Richtlinie zu erf\u00fcllen?<\/h4>\n<h4>Ausgangslage<\/h4>\n<p>Die Europ\u00e4ische Kommission gab die sofortige Umsetzung eines Pakets mit monatlichen Abweichungen und die entsprechenden rechtlichen Ma\u00dfnahmen gegen L\u00e4nder bekannt, die gegen die Rechtsvorschriften der EU versto\u00dfen.<\/p>\n<p><strong>Das Hauptziel der Mitgliedsstaaten&nbsp;sind die sogenannten 20-20-20-Ziele<\/strong>,&nbsp;die drei klare Zwecke verfolgen:<\/p>\n<table>\n<tbody>\n<tr>\n<td style=\"text-align: center;\" colspan=\"7\">\n<h2><span style=\"color: #cd0036;\">&nbsp;<strong>ZIEL 2020<br \/><img loading=\"lazy\" class=\" size-full wp-image-377\" src=\"https:\/\/circutorweb.atic.blue\/wp-content\/uploads\/2016\/09\/FN-RealDecreto-down.jpg\" alt=\"\" width=\"66\" height=\"46\" \/><\/strong><\/span><\/h2>\n<\/td>\n<\/tr>\n<tr>\n<td style=\"text-align: center;\">\n<h5><span style=\"color: #cd0036;\"><strong>Senkung des <br \/>Energieverbrauchs um<br \/><\/strong><span style=\"font-size: 20pt;\"><strong>20%<\/strong><\/span><strong><br \/><\/strong> <\/span><\/h5>\n<\/td>\n<td style=\"text-align: center;\"><span style=\"color: #cd0036;\">&nbsp;<\/span><\/td>\n<td style=\"text-align: center;\"><span style=\"color: #cd0036;\">&nbsp;<\/span><\/td>\n<td style=\"text-align: center;\">\n<h5><span style=\"color: #cd0036;\"><strong>Senkung der <br \/>Emissionen um<br \/><\/strong><span style=\"font-size: 20pt;\"><strong>20%<\/strong><\/span><strong><br \/><\/strong> <\/span><\/h5>\n<\/td>\n<td style=\"text-align: center;\"><span style=\"color: #cd0036;\">&nbsp;<\/span><\/td>\n<td style=\"text-align: center;\"><span style=\"color: #cd0036;\">&nbsp;<\/span><\/td>\n<td style=\"text-align: center;\">\n<h5><span style=\"color: #cd0036;\"><strong>Anstieg der erneuerbaren <br \/>Energien um<br \/><\/strong><span style=\"font-size: 20pt;\"><strong>20%<\/strong><\/span><strong><br \/><\/strong> <\/span><\/h5>\n<\/td>\n<\/tr>\n<\/tbody>\n<\/table>\n<p>&nbsp;<\/p>\n<p>Unternehmen oder soziale Gruppen, die im Falle Spaniens per K\u00f6niglichem Erlass zur Erf\u00fcllung verpflichtet sind, verf\u00fcgen \u00fcber zwei Alternativen, um die gesetzten Ziele zu erreichen:<\/p>\n<ul>\n<li>Durchf\u00fchrung eines Energieaudits gem\u00e4\u00df Artikel 3 Absatz 3.<\/li>\n<li>Installation eines Energiemanagementsystems (EMS), entsprechend den internationalen Normen wie ISO 50001, sofern ein Energieaudit enthalten ist.<\/li>\n<\/ul>\n<p><img loading=\"lazy\" class=\" size-full wp-image-378\" style=\"display: block; margin-left: auto; margin-right: auto;\" title=\"Designed for efficiency\" src=\"https:\/\/circutorweb.atic.blue\/wp-content\/uploads\/2016\/09\/FN-RealDecreto-disenados-de.jpg\" alt=\"Designed for efficiency\" width=\"760\" height=\"725\" \/><\/p>\n<h4>Die L\u00f6sung<\/h4>\n<p>In der Richtlinie ist die M\u00f6glichkeit vorgesehen, ein <strong>Energiemanagementsystem (EMS)<\/strong> zur Registrierung, \u00dcberpr\u00fcfung und Darstellung von realen Verbrauchs-, Energie- und Emissionsdaten zu installieren.<\/p>\n<p>Normalerweise wird f\u00fcr die Einf\u00fchrung eines EMS ein hoher Investitionsaufwand in Energie- Messger\u00e4te in Verbindung mit einer PC-Software, die f\u00fcr die Informations\u00fcberwachung und -verwaltung verantwortlich ist, sowie in Kommunikationskabel ben\u00f6tigt, doch CIRCUTOR bietet mit den Leistungsanalysern <strong>CVM-B100<\/strong> und <strong>CVM-B150<\/strong> mit <strong>EMS<\/strong>-Funktion eine revolution\u00e4re L\u00f6sung. Das hei\u00dft, <strong>diese Analyser beinhalten intern ein Energieverwaltungssystem, ohne ein zus\u00e4tzliches Bauteil installieren zu m\u00fcssen<\/strong>.<\/p>\n<p>Diese Ger\u00e4te verf\u00fcgen \u00fcber einen Ethernet-Anschluss f\u00fcr den direkten Zugriff von jedem beliebigen PC, um Daten \u00fcber Energie, CO2-Emissionen und Betriebsstunden von mehr als einem Jahr zu erfassen. Zudem beinhaltet das EMS-System eine leistungsstarke integrierte Software zur \u00dcberwachung jeglicher Variablen in Echtzeit, deren Registrierung und sowohl deren grafische als auch tabellarische Darstellung, damit sie in verschiedene Formate exportiert werden k\u00f6nnen. Das interne Meldesystem stellt die Erkennung aller St\u00f6rungen sicher, indem f\u00fcr eine schnelle L\u00f6sung eine Meldung per E-Mail versandt werden kann.<\/p>\n<p><img loading=\"lazy\" class=\" size-full wp-image-379\" title=\"Analyser + integrierte Energieverwaltungssoftware\" src=\"https:\/\/circutorweb.atic.blue\/wp-content\/uploads\/2016\/09\/FN-RealDecreto-analizador-de.jpg\" alt=\"Analyser + integrierte Energieverwaltungssoftware\" width=\"577\" height=\"123\" \/><\/p>\n<h4>Leistungsanalyser CVM-B100\/B150<\/h4>\n<p>Die Analyser CVM-B100\/B150 mit Datalogger-Modul sind Ger\u00e4te f\u00fcr die Installation im Bedienfeld mit den Abmessungen 96 x 96 Millimeter bzw. 144 x 144 Millimeter und integrierter Software f\u00fcr ein Energiemanagement (EMS) gem\u00e4\u00df den neuen Rechtsvorschriften des Marktes.<\/p>\n<p>Diese Ger\u00e4te weisen eine hohe Messgenauigkeit auf und k\u00f6nnen somit eine Analyse zahlreicher elektrischer Parameter sowie eine Oberwellenzerlegung in Spannung und Strom bis zur Oberwelle 50 durchf\u00fchren.<\/p>\n<h6 style=\"text-align: center;\"><img loading=\"lazy\" class=\" size-full wp-image-380\" title=\"Integrierte Managementsoftware (EMS). Mit diversen Webbrowsern kompatibel (Firefox, Chrome, Safari usw.)\" src=\"https:\/\/circutorweb.atic.blue\/wp-content\/uploads\/2016\/09\/FN-RealDecreto-software.jpg\" alt=\"Integrierte Managementsoftware (EMS). Mit diversen Webbrowsern kompatibel (Firefox, Chrome, Safari usw.)\" width=\"760\" height=\"683\" \/><br \/><em>Integrierte Managementsoftware (EMS). Mit diversen Webbrowsern kompatibel (Firefox, Chrome, Safari usw.)<\/em><\/h6>\n<p>Grafische Darstellung dank VGABildschirm, durch den Benutzern ein ganz neues Konzept der Leistungsanalyser auf Grundlage der exklusiv f\u00fcr CIRCUTOR entworfenen SCV-Schnittstelle (slide, choose & view) zur Verf\u00fcgung steht.<\/p>\n<p>Einige der herausragenden Eigenschaften sind:<\/p>\n<ul>\n<li>Integrierte EMS-Software (\u00fcber Datalogger-Modul)<\/li>\n<li>Zugriff \u00fcber Webbrowser (integrierter Webserver)<\/li>\n<li>Datenspeicherung \u00fcber mehr als ein Jahr<\/li>\n<li>Messung der verbrauchten und erzeugten Energie (hohe Genauigkeit in Klasse 0,5S)<\/li>\n<li>Messung der CO2-Emissionen (Gesamt und nach Tarif)<\/li>\n<li>Messung der Kosten in EURO oder in einer anderen W\u00e4hrung (Gesamt und nach Tarif)<\/li>\n<li>Registrierung der Betriebsstunden f\u00fcr Wartungsarbeiten<\/li>\n<li>Messung von \u00fcber 500 elektrischen Parameter<\/li>\n<li>Frontschutz IP 65 (mit Dichtung)<\/li>\n<li>Ethernet- und RS-485 Kommunikationsschnittstelle (Modbus RTU\/BACnet)<\/li>\n<li>Hochaufl\u00f6sender VGA-Farbbildschirm mit anpassbaren Bildschirmen<\/li>\n<li>Modulbauweise (M\u00f6glichkeit des Anschlusses von bis zu 3 Erweiterungsmodulen + Datalogger)<\/li>\n<li>Touchscreen-Tasten<\/li>\n<li>3 Tarife (nach Digitaleingang oder RS-485-Datenschnittstellen ausw\u00e4hlbar)<\/li>\n<li>2 Ausg\u00e4nge zu Relais f\u00fcr Alarme<\/li>\n<li>2 Transistorausg\u00e4nge f\u00fcr Alarme oder Impulserzeugung<\/li>\n<li>2 Eing\u00e4nge f\u00fcr die Auswahl von Tarifen der oder die Verwaltung von logischen Zust\u00e4nden.<\/li>\n<\/ul>\n<h4>Anwendung<\/h4>\n<p><strong>Wo werden die Analyser installiert?<\/strong><\/p>\n<p><strong><img loading=\"lazy\" class=\" size-full wp-image-381\" title=\"Wo werden die Analyser installiert?\" src=\"https:\/\/circutorweb.atic.blue\/wp-content\/uploads\/2016\/09\/FN-RealDecreto-donde-de.jpg\" alt=\"Wo werden die Analyser installiert?\" width=\"760\" height=\"463\" \/><\/strong><\/p>\n<h4>Mehr Besonderheiten:<\/h4>\n<p><strong>Z\u00e4hlen der Energie<\/strong><\/p>\n<ul>\n<li>Z\u00e4hlen der elektrischen Energie (verbraucht und erzeugt)<\/li>\n<li>Z\u00e4hlen der Impulse (Wasser, Gas, W\u00e4rme usw.)<\/li>\n<li>Z\u00e4hlen der CO2-Emissionen<\/li>\n<li>Z\u00e4hlen der Betriebsstunden (vorbeugende Wartung)<\/li>\n<li>Z\u00e4hlen in EURO<\/li>\n<\/ul>\n<p><strong>Alarmmanagement<\/strong><\/p>\n<ul>\n<li>Verf\u00fcgt \u00fcber 4 Ausg\u00e4nge f\u00fcr Alarmmanagement + Versand von E-Mails.<\/li>\n<\/ul>\n<p><strong>R\u00fcckverfolgbarkeit<\/strong><\/p>\n<ul>\n<li>Das Ger\u00e4t speichert intern bis zu 500 Variablen in einem Zeitraum von mehr als einem Jahr.<\/li>\n<\/ul>\n<p><strong>Erstellung und Versand von Energieverbrauchsberichten \u00fcber PowerStudio Scada:<\/strong><\/p>\n<ul>\n<li>Mit PowerStudio Scada k\u00f6nnen Berichte \u00fcber Energiekosten erstellt und automatisch an verschiedene Abteilungen gesandt werden, um Ma\u00dfnahmen f\u00fcr die Kostenplanung zu ergreifen.<\/li>\n<\/ul>\n<table>\n<tbody>\n<tr>\n<td style=\"width: 50%;\" valign=\"bottom\">\n<p><strong><img loading=\"lazy\" class=\" size-full wp-image-382\" title=\"Datalogger-Modul\" src=\"https:\/\/circutorweb.atic.blue\/wp-content\/uploads\/2016\/09\/FN-RealDecreto-ico-datalogger.jpg\" alt=\"Datalogger-Modul\" width=\"183\" height=\"82\" \/><\/strong><\/p>\n<h4>Datalogger-Modul<\/h4>\n<p>Statten Sie Ihr Ger\u00e4t mit einem Speicher aus:<\/p>\n<ul>\n<li>Mit Datenerfassungen bis zu einem Jahr (mehr als 500 Variablen).<\/li>\n<li>Integrierter Webserver (via IP) mit Zugang per Browser (Internet Explorer, Firefox, Chrome usw.) zum eingegliederten PowerStudio oder per XML-Anforderung zum Lesen und Konfigurieren.<\/li>\n<li>Kann alle \u00fcberwachten und gespeicherten Daten an ein \u00fcbergeordnetes PowerStudio weitergeben.<\/li>\n<\/ul>\n<\/td>\n<td style=\"width: 50%;\"><img loading=\"lazy\" class=\" size-full wp-image-383\" title=\"Bis zu 4 Erweiterungsmodule anschlie\u00dfbar\" src=\"https:\/\/circutorweb.atic.blue\/wp-content\/uploads\/2016\/09\/FN-RealDecreto-4-modulos-de.jpg\" alt=\"Bis zu 4 Erweiterungsmodule anschlie\u00dfbar\" width=\"400\" height=\"373\" \/><\/td>\n<\/tr>\n<tr>\n<td>\n<p><strong><img loading=\"lazy\" class=\" size-full wp-image-384\" title=\"Verbindungsmodule\" src=\"https:\/\/circutorweb.atic.blue\/wp-content\/uploads\/2016\/09\/FN-RealDecreto-ico-comunic.jpg\" alt=\"Verbindungsmodule\" width=\"104\" height=\"97\" \/><\/strong><\/p>\n<h4>Verbindungsmodule<\/h4>\n<p><strong>Passen Sie das Ger\u00e4t vielf\u00e4ltigen Protokollen an:<\/strong><\/p>\n<ul>\n<li>Modbus TCP (bridge)<\/li>\n<li>LonWorks<\/li>\n<li>Profibus<\/li>\n<li>M-Bus<\/li>\n<\/ul>\n<\/td>\n<td>\n<p><strong><img loading=\"lazy\" class=\" size-full wp-image-385\" title=\"Eingangs- \/ Ausgangsmodule\" src=\"https:\/\/circutorweb.atic.blue\/wp-content\/uploads\/2016\/09\/FN-RealDecreto-ico-ent-sal.jpg\" alt=\"Eingangs- \/ Ausgangsmodule\" width=\"104\" height=\"82\" \/><\/strong><\/p>\n<h4>Eingangs- \/ Ausgangsmodule<\/h4>\n<p><strong>\u00dcberwachen Sie Ihre Anlage und Prozesse:<\/strong><\/p>\n<ul>\n<li>8 Transistorausg\u00e4nge + 8 digitale Eing\u00e4nge<\/li>\n<li>8 Relaiseing\u00e4nge + 8 digitale Eing\u00e4nge<\/li>\n<li>8 Ausg\u00e4nge + 4 analoge Eing\u00e4nge (0\/4 &#8230; 20 mA)<\/li>\n<\/ul>\n<\/td>\n<\/tr>\n<\/tbody>\n<\/table>\n<p>&nbsp;<\/p>\n<hr \/>\n<p>Sie k\u00f6nnen in der&nbsp;<a href=\"http:\/\/circutor.de\/de\/unternehmen\/nachrichten\/nachrichten\">News-Bereich<\/a>&nbsp;heraus \u00fcberpr\u00fcfen unsere News.<br \/>Dar\u00fcber hinaus k\u00f6nnen Sie auch unsere Mitteilungen auf der&nbsp;<a href=\"https:\/\/twitter.com\/circutor\" rel=\"nofollow noopener noreferrer\" target=\"_blank\">Twitter-Seite<\/a>&nbsp;von CIRCUTOR.<\/p>\n","protected":false},"excerpt":{"rendered":"<p>&nbsp; Welches Ger\u00e4t muss ich einbauen, um die Richtlinie zu erf\u00fcllen? Ausgangslage Die Europ\u00e4ische Kommission gab die sofortige Umsetzung eines Pakets mit monatlichen Abweichungen und die entsprechenden rechtlichen Ma\u00dfnahmen gegen L\u00e4nder bekannt, die gegen die Rechtsvorschriften der EU versto\u00dfen. Das Hauptziel der Mitgliedsstaaten&nbsp;sind die sogenannten 20-20-20-Ziele,&nbsp;die drei klare Zwecke verfolgen: &nbsp;ZIEL 2020 Senkung des Energieverbrauchs [&hellip;]<\/p>\n","protected":false},"author":1,"featured_media":377,"comment_status":"open","ping_status":"open","sticky":false,"template":"","format":"standard","meta":[],"categories":[1138],"tags":[],"acf":[],"yoast_head":"<!-- This site is optimized with the Yoast SEO plugin v19.4 - https:\/\/yoast.com\/wordpress\/plugins\/seo\/ -->\n<title>Europ\u00e4ische Richtlinie 2012\/27\/EU, eine Chance f\u00fcr die Branche - CIRCUTOR<\/title>\n<meta name=\"description\" content=\"Die Europ\u00e4ische Kommission gab die sofortige Umsetzung eines Pakets mit monatlichen Abweichungen und die entsprechenden rechtlichen Ma\u00dfnahmen gegen L\u00e4nder bekannt, die gegen die Rechtsvorschriften der EU versto\u00dfen.\" \/>\n<meta name=\"robots\" content=\"index, follow, max-snippet:-1, max-image-preview:large, max-video-preview:-1\" \/>\n<link rel=\"canonical\" href=\"https:\/\/circutor.com\/de\/artikel\/europaeische-richtlinie-2012-27-eu-eine-chance-fuer-die-branche\/\" \/>\n<meta property=\"og:locale\" content=\"ca_ES\" \/>\n<meta property=\"og:type\" content=\"article\" \/>\n<meta property=\"og:title\" content=\"Europ\u00e4ische Richtlinie 2012\/27\/EU, eine Chance f\u00fcr die Branche - CIRCUTOR\" \/>\n<meta property=\"og:description\" content=\"Die Europ\u00e4ische Kommission gab die sofortige Umsetzung eines Pakets mit monatlichen Abweichungen und die entsprechenden rechtlichen Ma\u00dfnahmen gegen L\u00e4nder bekannt, die gegen die Rechtsvorschriften der EU versto\u00dfen.\" \/>\n<meta property=\"og:url\" content=\"https:\/\/circutor.com\/de\/artikel\/europaeische-richtlinie-2012-27-eu-eine-chance-fuer-die-branche\/\" \/>\n<meta property=\"og:site_name\" content=\"CIRCUTOR\" \/>\n<meta property=\"article:publisher\" content=\"https:\/\/www.facebook.com\/CIRCUTOR.ES\" \/>\n<meta property=\"article:published_time\" content=\"2016-09-23T08:00:00+00:00\" \/>\n<meta property=\"og:image\" content=\"https:\/\/circutor.com\/wp-content\/uploads\/2022\/07\/Circutor_Logo_Color.png\" \/>\n\t<meta property=\"og:image:width\" content=\"1299\" \/>\n\t<meta property=\"og:image:height\" content=\"354\" \/>\n\t<meta property=\"og:image:type\" content=\"image\/png\" \/>\n<meta name=\"author\" content=\"admin\" \/>\n<meta name=\"twitter:card\" content=\"summary_large_image\" \/>\n<meta name=\"twitter:creator\" content=\"@circutor\" \/>\n<meta name=\"twitter:site\" content=\"@circutor\" \/>\n<meta name=\"twitter:label1\" content=\"Escrit per\" \/>\n\t<meta name=\"twitter:data1\" content=\"admin\" \/>\n\t<meta name=\"twitter:label2\" content=\"Temps estimat de lectura\" \/>\n\t<meta name=\"twitter:data2\" content=\"4 minuts\" \/>\n<script type=\"application\/ld+json\" class=\"yoast-schema-graph\">{\"@context\":\"https:\/\/schema.org\",\"@graph\":[{\"@type\":\"Organization\",\"@id\":\"https:\/\/circutor.com\/#organization\",\"name\":\"Circutor\",\"url\":\"https:\/\/circutor.com\/\",\"sameAs\":[\"https:\/\/www.instagram.com\/circutor_es\",\"https:\/\/www.linkedin.com\/company\/circutor\",\"https:\/\/www.youtube.com\/user\/CIRCUTORoficial\",\"https:\/\/www.facebook.com\/CIRCUTOR.ES\",\"https:\/\/twitter.com\/circutor\"],\"logo\":{\"@type\":\"ImageObject\",\"inLanguage\":\"ca\",\"@id\":\"https:\/\/circutor.com\/#\/schema\/logo\/image\/\",\"url\":\"https:\/\/circutor.com\/wp-content\/uploads\/2020\/09\/CIR_LOGO_RED.png\",\"contentUrl\":\"https:\/\/circutor.com\/wp-content\/uploads\/2020\/09\/CIR_LOGO_RED.png\",\"width\":512,\"height\":128,\"caption\":\"Circutor\"},\"image\":{\"@id\":\"https:\/\/circutor.com\/#\/schema\/logo\/image\/\"}},{\"@type\":\"WebSite\",\"@id\":\"https:\/\/circutor.com\/#website\",\"url\":\"https:\/\/circutor.com\/\",\"name\":\"CIRCUTOR\",\"description\":\"Soluciones para la eficiencia energ\u00e9tica el\u00e9ctrica\",\"publisher\":{\"@id\":\"https:\/\/circutor.com\/#organization\"},\"potentialAction\":[{\"@type\":\"SearchAction\",\"target\":{\"@type\":\"EntryPoint\",\"urlTemplate\":\"https:\/\/circutor.com\/?s={search_term_string}\"},\"query-input\":\"required name=search_term_string\"}],\"inLanguage\":\"ca\"},{\"@type\":\"WebPage\",\"@id\":\"https:\/\/circutor.com\/de\/artikel\/europaeische-richtlinie-2012-27-eu-eine-chance-fuer-die-branche\/\",\"url\":\"https:\/\/circutor.com\/de\/artikel\/europaeische-richtlinie-2012-27-eu-eine-chance-fuer-die-branche\/\",\"name\":\"Europ\u00e4ische Richtlinie 2012\/27\/EU, eine Chance f\u00fcr die Branche - CIRCUTOR\",\"isPartOf\":{\"@id\":\"https:\/\/circutor.com\/#website\"},\"datePublished\":\"2016-09-23T08:00:00+00:00\",\"dateModified\":\"2016-09-23T08:00:00+00:00\",\"description\":\"Die Europ\u00e4ische Kommission gab die sofortige Umsetzung eines Pakets mit monatlichen Abweichungen und die entsprechenden rechtlichen Ma\u00dfnahmen gegen L\u00e4nder bekannt, die gegen die Rechtsvorschriften der EU versto\u00dfen.\",\"breadcrumb\":{\"@id\":\"https:\/\/circutor.com\/de\/artikel\/europaeische-richtlinie-2012-27-eu-eine-chance-fuer-die-branche\/#breadcrumb\"},\"inLanguage\":\"ca\",\"potentialAction\":[{\"@type\":\"ReadAction\",\"target\":[\"https:\/\/circutor.com\/de\/artikel\/europaeische-richtlinie-2012-27-eu-eine-chance-fuer-die-branche\/\"]}]},{\"@type\":\"BreadcrumbList\",\"@id\":\"https:\/\/circutor.com\/de\/artikel\/europaeische-richtlinie-2012-27-eu-eine-chance-fuer-die-branche\/#breadcrumb\",\"itemListElement\":[{\"@type\":\"ListItem\",\"position\":1,\"name\":\"Portada\",\"item\":\"https:\/\/circutor.com\/ca\/\"},{\"@type\":\"ListItem\",\"position\":2,\"name\":\"Europ\u00e4ische Richtlinie 2012\/27\/EU, eine Chance f\u00fcr die Branche\"}]},{\"@type\":\"Article\",\"@id\":\"https:\/\/circutor.com\/de\/artikel\/europaeische-richtlinie-2012-27-eu-eine-chance-fuer-die-branche\/#article\",\"isPartOf\":{\"@id\":\"https:\/\/circutor.com\/de\/artikel\/europaeische-richtlinie-2012-27-eu-eine-chance-fuer-die-branche\/\"},\"author\":{\"name\":\"admin\",\"@id\":\"https:\/\/circutor.com\/#\/schema\/person\/17d169bdccd6e2367b1ce7182dd31283\"},\"headline\":\"Europ\u00e4ische Richtlinie 2012\/27\/EU, eine Chance f\u00fcr die Branche\",\"datePublished\":\"2016-09-23T08:00:00+00:00\",\"dateModified\":\"2016-09-23T08:00:00+00:00\",\"mainEntityOfPage\":{\"@id\":\"https:\/\/circutor.com\/de\/artikel\/europaeische-richtlinie-2012-27-eu-eine-chance-fuer-die-branche\/\"},\"wordCount\":800,\"commentCount\":0,\"publisher\":{\"@id\":\"https:\/\/circutor.com\/#organization\"},\"articleSection\":[\"Art\u00edculos\"],\"inLanguage\":\"ca\",\"potentialAction\":[{\"@type\":\"CommentAction\",\"name\":\"Comment\",\"target\":[\"https:\/\/circutor.com\/de\/artikel\/europaeische-richtlinie-2012-27-eu-eine-chance-fuer-die-branche\/#respond\"]}]},{\"@type\":\"Person\",\"@id\":\"https:\/\/circutor.com\/#\/schema\/person\/17d169bdccd6e2367b1ce7182dd31283\",\"name\":\"admin\",\"image\":{\"@type\":\"ImageObject\",\"inLanguage\":\"ca\",\"@id\":\"https:\/\/circutor.com\/#\/schema\/person\/image\/\",\"url\":\"https:\/\/circutor.com\/wp-content\/uploads\/2022\/04\/usuario-logo-gris-96x96.png\",\"contentUrl\":\"https:\/\/circutor.com\/wp-content\/uploads\/2022\/04\/usuario-logo-gris-96x96.png\",\"caption\":\"admin\"}}]}<\/script>\n<!-- \/ Yoast SEO plugin. -->","yoast_head_json":{"title":"Europ\u00e4ische Richtlinie 2012\/27\/EU, eine Chance f\u00fcr die Branche - CIRCUTOR","description":"Die Europ\u00e4ische Kommission gab die sofortige Umsetzung eines Pakets mit monatlichen Abweichungen und die entsprechenden rechtlichen Ma\u00dfnahmen gegen L\u00e4nder bekannt, die gegen die Rechtsvorschriften der EU versto\u00dfen.","robots":{"index":"index","follow":"follow","max-snippet":"max-snippet:-1","max-image-preview":"max-image-preview:large","max-video-preview":"max-video-preview:-1"},"canonical":"https:\/\/circutor.com\/de\/artikel\/europaeische-richtlinie-2012-27-eu-eine-chance-fuer-die-branche\/","og_locale":"ca_ES","og_type":"article","og_title":"Europ\u00e4ische Richtlinie 2012\/27\/EU, eine Chance f\u00fcr die Branche - CIRCUTOR","og_description":"Die Europ\u00e4ische Kommission gab die sofortige Umsetzung eines Pakets mit monatlichen Abweichungen und die entsprechenden rechtlichen Ma\u00dfnahmen gegen L\u00e4nder bekannt, die gegen die Rechtsvorschriften der EU versto\u00dfen.","og_url":"https:\/\/circutor.com\/de\/artikel\/europaeische-richtlinie-2012-27-eu-eine-chance-fuer-die-branche\/","og_site_name":"CIRCUTOR","article_publisher":"https:\/\/www.facebook.com\/CIRCUTOR.ES","article_published_time":"2016-09-23T08:00:00+00:00","og_image":[{"width":1299,"height":354,"url":"https:\/\/circutor.com\/wp-content\/uploads\/2022\/07\/Circutor_Logo_Color.png","type":"image\/png"}],"author":"admin","twitter_card":"summary_large_image","twitter_creator":"@circutor","twitter_site":"@circutor","twitter_misc":{"Escrit per":"admin","Temps estimat de lectura":"4 minuts"},"schema":{"@context":"https:\/\/schema.org","@graph":[{"@type":"Organization","@id":"https:\/\/circutor.com\/#organization","name":"Circutor","url":"https:\/\/circutor.com\/","sameAs":["https:\/\/www.instagram.com\/circutor_es","https:\/\/www.linkedin.com\/company\/circutor","https:\/\/www.youtube.com\/user\/CIRCUTORoficial","https:\/\/www.facebook.com\/CIRCUTOR.ES","https:\/\/twitter.com\/circutor"],"logo":{"@type":"ImageObject","inLanguage":"ca","@id":"https:\/\/circutor.com\/#\/schema\/logo\/image\/","url":"https:\/\/circutor.com\/wp-content\/uploads\/2020\/09\/CIR_LOGO_RED.png","contentUrl":"https:\/\/circutor.com\/wp-content\/uploads\/2020\/09\/CIR_LOGO_RED.png","width":512,"height":128,"caption":"Circutor"},"image":{"@id":"https:\/\/circutor.com\/#\/schema\/logo\/image\/"}},{"@type":"WebSite","@id":"https:\/\/circutor.com\/#website","url":"https:\/\/circutor.com\/","name":"CIRCUTOR","description":"Soluciones para la eficiencia energ\u00e9tica el\u00e9ctrica","publisher":{"@id":"https:\/\/circutor.com\/#organization"},"potentialAction":[{"@type":"SearchAction","target":{"@type":"EntryPoint","urlTemplate":"https:\/\/circutor.com\/?s={search_term_string}"},"query-input":"required name=search_term_string"}],"inLanguage":"ca"},{"@type":"WebPage","@id":"https:\/\/circutor.com\/de\/artikel\/europaeische-richtlinie-2012-27-eu-eine-chance-fuer-die-branche\/","url":"https:\/\/circutor.com\/de\/artikel\/europaeische-richtlinie-2012-27-eu-eine-chance-fuer-die-branche\/","name":"Europ\u00e4ische Richtlinie 2012\/27\/EU, eine Chance f\u00fcr die Branche - CIRCUTOR","isPartOf":{"@id":"https:\/\/circutor.com\/#website"},"datePublished":"2016-09-23T08:00:00+00:00","dateModified":"2016-09-23T08:00:00+00:00","description":"Die Europ\u00e4ische Kommission gab die sofortige Umsetzung eines Pakets mit monatlichen Abweichungen und die entsprechenden rechtlichen Ma\u00dfnahmen gegen L\u00e4nder bekannt, die gegen die Rechtsvorschriften der EU versto\u00dfen.","breadcrumb":{"@id":"https:\/\/circutor.com\/de\/artikel\/europaeische-richtlinie-2012-27-eu-eine-chance-fuer-die-branche\/#breadcrumb"},"inLanguage":"ca","potentialAction":[{"@type":"ReadAction","target":["https:\/\/circutor.com\/de\/artikel\/europaeische-richtlinie-2012-27-eu-eine-chance-fuer-die-branche\/"]}]},{"@type":"BreadcrumbList","@id":"https:\/\/circutor.com\/de\/artikel\/europaeische-richtlinie-2012-27-eu-eine-chance-fuer-die-branche\/#breadcrumb","itemListElement":[{"@type":"ListItem","position":1,"name":"Portada","item":"https:\/\/circutor.com\/ca\/"},{"@type":"ListItem","position":2,"name":"Europ\u00e4ische Richtlinie 2012\/27\/EU, eine Chance f\u00fcr die Branche"}]},{"@type":"Article","@id":"https:\/\/circutor.com\/de\/artikel\/europaeische-richtlinie-2012-27-eu-eine-chance-fuer-die-branche\/#article","isPartOf":{"@id":"https:\/\/circutor.com\/de\/artikel\/europaeische-richtlinie-2012-27-eu-eine-chance-fuer-die-branche\/"},"author":{"name":"admin","@id":"https:\/\/circutor.com\/#\/schema\/person\/17d169bdccd6e2367b1ce7182dd31283"},"headline":"Europ\u00e4ische Richtlinie 2012\/27\/EU, eine Chance f\u00fcr die Branche","datePublished":"2016-09-23T08:00:00+00:00","dateModified":"2016-09-23T08:00:00+00:00","mainEntityOfPage":{"@id":"https:\/\/circutor.com\/de\/artikel\/europaeische-richtlinie-2012-27-eu-eine-chance-fuer-die-branche\/"},"wordCount":800,"commentCount":0,"publisher":{"@id":"https:\/\/circutor.com\/#organization"},"articleSection":["Art\u00edculos"],"inLanguage":"ca","potentialAction":[{"@type":"CommentAction","name":"Comment","target":["https:\/\/circutor.com\/de\/artikel\/europaeische-richtlinie-2012-27-eu-eine-chance-fuer-die-branche\/#respond"]}]},{"@type":"Person","@id":"https:\/\/circutor.com\/#\/schema\/person\/17d169bdccd6e2367b1ce7182dd31283","name":"admin","image":{"@type":"ImageObject","inLanguage":"ca","@id":"https:\/\/circutor.com\/#\/schema\/person\/image\/","url":"https:\/\/circutor.com\/wp-content\/uploads\/2022\/04\/usuario-logo-gris-96x96.png","contentUrl":"https:\/\/circutor.com\/wp-content\/uploads\/2022\/04\/usuario-logo-gris-96x96.png","caption":"admin"}}]}},"_links":{"self":[{"href":"https:\/\/circutor.com\/ca\/wp-json\/wp\/v2\/posts\/386"}],"collection":[{"href":"https:\/\/circutor.com\/ca\/wp-json\/wp\/v2\/posts"}],"about":[{"href":"https:\/\/circutor.com\/ca\/wp-json\/wp\/v2\/types\/post"}],"author":[{"embeddable":true,"href":"https:\/\/circutor.com\/ca\/wp-json\/wp\/v2\/users\/1"}],"replies":[{"embeddable":true,"href":"https:\/\/circutor.com\/ca\/wp-json\/wp\/v2\/comments?post=386"}],"version-history":[{"count":0,"href":"https:\/\/circutor.com\/ca\/wp-json\/wp\/v2\/posts\/386\/revisions"}],"wp:featuredmedia":[{"embeddable":true,"href":"https:\/\/circutor.com\/ca\/wp-json\/"}],"wp:attachment":[{"href":"https:\/\/circutor.com\/ca\/wp-json\/wp\/v2\/media?parent=386"}],"wp:term":[{"taxonomy":"category","embeddable":true,"href":"https:\/\/circutor.com\/ca\/wp-json\/wp\/v2\/categories?post=386"},{"taxonomy":"post_tag","embeddable":true,"href":"https:\/\/circutor.com\/ca\/wp-json\/wp\/v2\/tags?post=386"}],"curies":[{"name":"wp","href":"https:\/\/api.w.org\/{rel}","templated":true}]}}