{"id":38240,"date":"2020-01-23T10:38:41","date_gmt":"2020-01-23T08:38:41","guid":{"rendered":"https:\/\/circutor.com\/?p=38240"},"modified":"2023-05-26T11:25:56","modified_gmt":"2023-05-26T09:25:56","slug":"nueva-decada-y-nuevos-retos","status":"publish","type":"post","link":"https:\/\/circutor.com\/ca\/articles\/nueva-decada-y-nuevos-retos\/","title":{"rendered":"Nova d\u00e8cada i nous reptes"},"content":{"rendered":"<p>[vc_row][vc_column][vc_column_text]<\/p>\n<h5>Iniciem l&#8217;any 2020 deixant enrere deu anys d&#8217;experimentaci\u00f3, de intens debat en qu\u00e8 la humanitat ha hagut de prendre grans decisions. Tamb\u00e9 a l&#8217;\u00e0mbit de l&#8217;energia. Com podem fer compatible el desenvolupament econ\u00f2mic de la societat sense continuar alimentant el canvi clim\u00e0tic? Aquesta \u00e9s la q\u00fcesti\u00f3. I la resposta, encara que ens pot semblar que no ha estat contundent, la vam donar a la COP25 com a acte de tancament d\u201funa d\u00e8cada il\u201finici d\u201funa nova etapa.<\/h5>\n<p>Els anys 20 han de ser els anys del gran canvi. A Europa s&#8217;ha formalitzat sota el nom de The Great Green Deal i el nostre pa\u00eds, despr\u00e9s de les recents declaracions d&#8217;emerg\u00e8ncia clim\u00e0tica, ha quedat en forma del Pla Nacional Integral d&#8217;Energia i Clima PNIEC i de les lleis de mitigaci\u00f3 del canvi clim\u00e0tic .<\/p>\n<p>En tots aquests documents hi ha tres elements comuns:<\/p>\n<p>La millora continuada de lefici\u00e8ncia energ\u00e8tica tant dels aparells com dels edificis i processos industrials.<br \/>\nL&#8217;electrificaci\u00f3 de la demanda, substituint usos energ\u00e8tics basats en els combustibles f\u00f2ssils que s\u00f3n els principals emissors de gasos amb efecte d&#8217;hivernacle per a electricitat molt m\u00e9s diversificada i neta.<br \/>\nFort augment de la penetraci\u00f3 de les renovables a la generaci\u00f3 d&#8217;electricitat que permeti la substituci\u00f3 de les fonts m\u00e9s contaminants, com el carb\u00f3 a curt termini i el gas natural posteriorment.<\/p>\n<p>A gran escala, tant els parcs e\u00f2lics com els parcs solars han pres el protagonisme del sector el\u00e8ctric ja que s\u00f3n les tecnologies que m\u00e9s s&#8217;estan instal\u00b7lant al m\u00f3n des de fa ja uns anys i no paren de cr\u00e9ixer per accelerar la transici\u00f3 cap a un sistema de balan\u00e7 neutre en emissions d?efecte hivernacle al qual la majoria d?economies estan apuntant per al 2050.<\/p>\n<p>A petita escala \u00e9s l&#8217;autoconsum l&#8217;element que contribueix a aquesta revoluci\u00f3 energ\u00e8tica. Poder generar lelectricitat all\u00e0 on es necessita, poder consumir energia de proximitat, de km 0 que utilitza un recurs local, renovable i gratu\u00eft. Aquest paradigma avui \u00e9s una realitat gr\u00e0cies als \u00faltims decrets legislatius aprovats tant pel govern d&#8217;Espanya com el de les diferents autonomies que tenen compet\u00e8ncia en mat\u00e8ria d&#8217;energia.<\/p>\n<p>L&#8217;\u00faltim pas \u00e9s a punt d&#8217;arribar en forma de regulaci\u00f3 del procediment de transfer\u00e8ncia d&#8217;informaci\u00f3 de dades de consum i de generaci\u00f3 entre les empreses distribu\u00efdores i les empreses comercialitzadores d&#8217;electricitat. Aquesta regulaci\u00f3 permetr\u00e0 lentrada en funcionament de la famosa compensaci\u00f3 simplificada denergia.<\/p>\n<p><img loading=\"lazy\" class=\"alignnone size-full wp-image-22938\" src=\"https:\/\/circutor.com\/wp-content\/uploads\/2020\/01\/FD-nueva-decada-1.jpg\" alt=\"Evoluci\u00f3n global anual de la capacidad fotovoltaica instalada 2000-2018\" width=\"600\" height=\"373\" srcset=\"https:\/\/circutor.com\/wp-content\/uploads\/2020\/01\/FD-nueva-decada-1.jpg 600w, https:\/\/circutor.com\/wp-content\/uploads\/2020\/01\/FD-nueva-decada-1-300x187.jpg 300w, https:\/\/circutor.com\/wp-content\/uploads\/2020\/01\/FD-nueva-decada-1-309x192.jpg 309w\" sizes=\"(max-width: 600px) 100vw, 600px\" \/><br \/>\nEvoluci\u00f3 global anual de la capacitat fotovoltaica instal\u00b7lada 2000-2018<\/p>\n<p><img loading=\"lazy\" class=\"alignnone size-full wp-image-22946\" src=\"https:\/\/circutor.com\/wp-content\/uploads\/2020\/01\/FD-nueva-decada-2.jpg\" alt=\"Previsi\u00f3n del mercado fotovoltaico anual europeo 2019-2023\" width=\"600\" height=\"487\" srcset=\"https:\/\/circutor.com\/wp-content\/uploads\/2020\/01\/FD-nueva-decada-2.jpg 600w, https:\/\/circutor.com\/wp-content\/uploads\/2020\/01\/FD-nueva-decada-2-300x244.jpg 300w, https:\/\/circutor.com\/wp-content\/uploads\/2020\/01\/FD-nueva-decada-2-237x192.jpg 237w\" sizes=\"(max-width: 600px) 100vw, 600px\" \/><\/p>\n<p>Previsi\u00f3 del mercat fotovoltaic anual europeu 2019-2023<\/p>\n<p>La compensaci\u00f3 simplificada permet valoritzar econ\u00f2micament l\u02bbelectricitat excedent\u00e0ria d\u02bbun sistema d\u02bbautoconsum generant un cr\u00e8dit que \u00e9s descompte del cost de l\u02bbenergia de la factura de l\u02bbusuari del sistema d\u02bbautogeneraci\u00f3. Aquest fet permet augmentar la rendibilitat de les instal\u00b7lacions que presentin excedents, com \u00e9s el cas de moltes instal\u00b7lacions al sector residencial.<\/p>\n<p>Els aven\u00e7os seg\u00fcents que ens han d&#8217;arribar s\u00f3n els que succeiran de la plena adopci\u00f3 del reglament europeu de la guia per al balan\u00e7 d&#8217;electricitat a trav\u00e9s de la qual es posaran en marxa noves activitats econ\u00f2miques relacionades amb l&#8217;electricitat, com els mercats de regulaci\u00f3 de tensi\u00f3 i freq\u00fc\u00e8ncia, agregaci\u00f3 de la demanda o venda d&#8217;energia entre iguals.<\/p>\n<p><img loading=\"lazy\" class=\"alignnone size-full wp-image-22954\" src=\"https:\/\/circutor.com\/wp-content\/uploads\/2020\/01\/FD-nueva-decada-3.jpg\" alt=\"Top europeo en perspectiva de mercado fotovoltaico\" width=\"600\" height=\"462\" srcset=\"https:\/\/circutor.com\/wp-content\/uploads\/2020\/01\/FD-nueva-decada-3.jpg 600w, https:\/\/circutor.com\/wp-content\/uploads\/2020\/01\/FD-nueva-decada-3-300x231.jpg 300w, https:\/\/circutor.com\/wp-content\/uploads\/2020\/01\/FD-nueva-decada-3-249x192.jpg 249w\" sizes=\"(max-width: 600px) 100vw, 600px\" \/><\/p>\n<p>Top europeu en perspectiva de mercat fotovoltaic<\/p>\n<p>Poder generar l&#8217;electricitat que consumeix un mateix edifici \u00e9s avui t\u00e8cnicament i econ\u00f2micament factible i en els propers mesos ho ser\u00e0 encara m\u00e9s, ja que les noves regles permetran al gestor o propietari de l&#8217;edifici decidir qu\u00e8 fer amb la seva generaci\u00f3, consumir-la, acumular-la o vendre-la a un tercer de manera que l&#8217;amortitzaci\u00f3 de la inversi\u00f3 realitzada sigui tan curta millorant els beneficis tant a nivell econ\u00f2mic com mediambientals.<\/p>\n<p>Si a aquesta autoproducci\u00f3 de l&#8217;energia li afegim la possibilitat d&#8217;utilitzar-la a la c\u00e0rrega del propi vehicle l&#8217;estalvi generat es multiplica at\u00e8s que podem estar aconseguint la substituci\u00f3 de combustibles que ronden els 10 \u20ac per cada 100 km per electricitat autoprodu\u00efda a un cost no superior a 1\u20ac.<\/p>\n<p>El millor element que mostra aquesta comuni\u00f3 entre generaci\u00f3 neta i rec\u00e0rrega de vehicle el\u00e8ctric \u00e9s sense cap mena de dubte, la p\u00e8rgola fotovoltaica, que permet cobrir \u00e0rees d&#8217;estacionament a l&#8217;aire lliure proporcionant ombra i generant l&#8217;energia que els vehicles estacionat requereixen per als seus trajectes diaris de manera simple, econ\u00f2mica i sense emissions de contaminants a l&#8217;atmosfera ni a nivell local ni global.<\/p>\n<p>En aquest sentit, CIRCUTOR presenta a l&#8217;edici\u00f3 de la fira GENERA 2020 el seu nou disseny de p\u00e8rgola solar amb rec\u00e0rrega de vehicle el\u00e8ctric totalment integrada com a producte estrella que ha de permetre fer aquest tipus d&#8217;instal\u00b7lacions de forma molt m\u00e9s senzilla i econ\u00f2mica.<\/p>\n<hr \/>\n<p><em><strong>Gr\u00e0fics de l&#8217;informe&#8221;<a href=\"https:\/\/www.solarpowereurope.org\/global-market-outlook-2019-2023\/\" target=\"_blank\" rel=\"noopener noreferrer\">EU Market Outlook Solar 2019-2023<\/a>&#8221; de l&#8217;Associaci\u00f3 Europea d&#8217;Energia Solar<\/strong><\/em>[\/vc_column_text][\/vc_column][\/vc_row]<\/p>\n","protected":false},"excerpt":{"rendered":"<p>[vc_row][vc_column][vc_column_text] Iniciem l&#8217;any 2020 deixant enrere deu anys d&#8217;experimentaci\u00f3, de intens debat en qu\u00e8 la humanitat ha hagut de prendre grans decisions. Tamb\u00e9 a l&#8217;\u00e0mbit de l&#8217;energia. Com podem fer compatible el desenvolupament econ\u00f2mic de la societat sense continuar alimentant el canvi clim\u00e0tic? Aquesta \u00e9s la q\u00fcesti\u00f3. I la resposta, encara que ens pot semblar [&hellip;]<\/p>\n","protected":false},"author":3,"featured_media":38241,"comment_status":"open","ping_status":"open","sticky":false,"template":"","format":"standard","meta":[],"categories":[3710],"tags":[],"acf":[],"yoast_head":"<!-- This site is optimized with the Yoast SEO plugin v19.4 - https:\/\/yoast.com\/wordpress\/plugins\/seo\/ -->\n<title>Nova d\u00e8cada i nous reptes - CIRCUTOR<\/title>\n<meta name=\"robots\" content=\"index, follow, max-snippet:-1, max-image-preview:large, max-video-preview:-1\" \/>\n<link rel=\"canonical\" href=\"https:\/\/circutor.com\/ca\/articles\/nueva-decada-y-nuevos-retos\/\" \/>\n<meta property=\"og:locale\" content=\"ca_ES\" \/>\n<meta property=\"og:type\" content=\"article\" \/>\n<meta property=\"og:title\" content=\"Nova d\u00e8cada i nous reptes - CIRCUTOR\" \/>\n<meta property=\"og:description\" content=\"[vc_row][vc_column][vc_column_text] Iniciem l&#8217;any 2020 deixant enrere deu anys d&#8217;experimentaci\u00f3, de intens debat en qu\u00e8 la humanitat ha hagut de prendre grans decisions. Tamb\u00e9 a l&#8217;\u00e0mbit de l&#8217;energia. Com podem fer compatible el desenvolupament econ\u00f2mic de la societat sense continuar alimentant el canvi clim\u00e0tic? Aquesta \u00e9s la q\u00fcesti\u00f3. I la resposta, encara que ens pot semblar [&hellip;]\" \/>\n<meta property=\"og:url\" content=\"https:\/\/circutor.com\/ca\/articles\/nueva-decada-y-nuevos-retos\/\" \/>\n<meta property=\"og:site_name\" content=\"CIRCUTOR\" \/>\n<meta property=\"article:publisher\" content=\"https:\/\/www.facebook.com\/CIRCUTOR.ES\" \/>\n<meta property=\"article:published_time\" content=\"2020-01-23T08:38:41+00:00\" \/>\n<meta property=\"article:modified_time\" content=\"2023-05-26T09:25:56+00:00\" \/>\n<meta property=\"og:image\" content=\"https:\/\/circutor.com\/wp-content\/uploads\/2021\/01\/Imagen-6.png\" \/>\n\t<meta property=\"og:image:width\" content=\"887\" \/>\n\t<meta property=\"og:image:height\" content=\"610\" \/>\n\t<meta property=\"og:image:type\" content=\"image\/png\" \/>\n<meta name=\"author\" content=\"Circutor\" \/>\n<meta name=\"twitter:card\" content=\"summary_large_image\" \/>\n<meta name=\"twitter:creator\" content=\"@circutor\" \/>\n<meta name=\"twitter:site\" content=\"@circutor\" \/>\n<meta name=\"twitter:label1\" content=\"Escrit per\" \/>\n\t<meta name=\"twitter:data1\" content=\"Circutor\" \/>\n\t<meta name=\"twitter:label2\" content=\"Temps estimat de lectura\" \/>\n\t<meta name=\"twitter:data2\" content=\"4 minuts\" \/>\n<script type=\"application\/ld+json\" class=\"yoast-schema-graph\">{\"@context\":\"https:\/\/schema.org\",\"@graph\":[{\"@type\":\"Organization\",\"@id\":\"https:\/\/circutor.com\/#organization\",\"name\":\"Circutor\",\"url\":\"https:\/\/circutor.com\/\",\"sameAs\":[\"https:\/\/www.instagram.com\/circutor_es\",\"https:\/\/www.linkedin.com\/company\/circutor\",\"https:\/\/www.youtube.com\/user\/CIRCUTORoficial\",\"https:\/\/www.facebook.com\/CIRCUTOR.ES\",\"https:\/\/twitter.com\/circutor\"],\"logo\":{\"@type\":\"ImageObject\",\"inLanguage\":\"ca\",\"@id\":\"https:\/\/circutor.com\/#\/schema\/logo\/image\/\",\"url\":\"https:\/\/circutor.com\/wp-content\/uploads\/2020\/09\/CIR_LOGO_RED.png\",\"contentUrl\":\"https:\/\/circutor.com\/wp-content\/uploads\/2020\/09\/CIR_LOGO_RED.png\",\"width\":512,\"height\":128,\"caption\":\"Circutor\"},\"image\":{\"@id\":\"https:\/\/circutor.com\/#\/schema\/logo\/image\/\"}},{\"@type\":\"WebSite\",\"@id\":\"https:\/\/circutor.com\/#website\",\"url\":\"https:\/\/circutor.com\/\",\"name\":\"CIRCUTOR\",\"description\":\"Soluciones para la eficiencia energ\u00e9tica el\u00e9ctrica\",\"publisher\":{\"@id\":\"https:\/\/circutor.com\/#organization\"},\"potentialAction\":[{\"@type\":\"SearchAction\",\"target\":{\"@type\":\"EntryPoint\",\"urlTemplate\":\"https:\/\/circutor.com\/?s={search_term_string}\"},\"query-input\":\"required name=search_term_string\"}],\"inLanguage\":\"ca\"},{\"@type\":\"WebPage\",\"@id\":\"https:\/\/circutor.com\/ca\/articles\/nueva-decada-y-nuevos-retos\/\",\"url\":\"https:\/\/circutor.com\/ca\/articles\/nueva-decada-y-nuevos-retos\/\",\"name\":\"Nova d\u00e8cada i nous reptes - CIRCUTOR\",\"isPartOf\":{\"@id\":\"https:\/\/circutor.com\/#website\"},\"datePublished\":\"2020-01-23T08:38:41+00:00\",\"dateModified\":\"2023-05-26T09:25:56+00:00\",\"breadcrumb\":{\"@id\":\"https:\/\/circutor.com\/ca\/articles\/nueva-decada-y-nuevos-retos\/#breadcrumb\"},\"inLanguage\":\"ca\",\"potentialAction\":[{\"@type\":\"ReadAction\",\"target\":[\"https:\/\/circutor.com\/ca\/articles\/nueva-decada-y-nuevos-retos\/\"]}]},{\"@type\":\"BreadcrumbList\",\"@id\":\"https:\/\/circutor.com\/ca\/articles\/nueva-decada-y-nuevos-retos\/#breadcrumb\",\"itemListElement\":[{\"@type\":\"ListItem\",\"position\":1,\"name\":\"Portada\",\"item\":\"https:\/\/circutor.com\/ca\/\"},{\"@type\":\"ListItem\",\"position\":2,\"name\":\"Nova d\u00e8cada i nous reptes\"}]},{\"@type\":\"Article\",\"@id\":\"https:\/\/circutor.com\/ca\/articles\/nueva-decada-y-nuevos-retos\/#article\",\"isPartOf\":{\"@id\":\"https:\/\/circutor.com\/ca\/articles\/nueva-decada-y-nuevos-retos\/\"},\"author\":{\"name\":\"Circutor\",\"@id\":\"https:\/\/circutor.com\/#\/schema\/person\/234a865ed449be1116408bdfdf6f576a\"},\"headline\":\"Nova d\u00e8cada i nous reptes\",\"datePublished\":\"2020-01-23T08:38:41+00:00\",\"dateModified\":\"2023-05-26T09:25:56+00:00\",\"mainEntityOfPage\":{\"@id\":\"https:\/\/circutor.com\/ca\/articles\/nueva-decada-y-nuevos-retos\/\"},\"wordCount\":844,\"commentCount\":0,\"publisher\":{\"@id\":\"https:\/\/circutor.com\/#organization\"},\"articleSection\":[\"Articles\"],\"inLanguage\":\"ca\",\"potentialAction\":[{\"@type\":\"CommentAction\",\"name\":\"Comment\",\"target\":[\"https:\/\/circutor.com\/ca\/articles\/nueva-decada-y-nuevos-retos\/#respond\"]}]},{\"@type\":\"Person\",\"@id\":\"https:\/\/circutor.com\/#\/schema\/person\/234a865ed449be1116408bdfdf6f576a\",\"name\":\"Circutor\",\"image\":{\"@type\":\"ImageObject\",\"inLanguage\":\"ca\",\"@id\":\"https:\/\/circutor.com\/#\/schema\/person\/image\/\",\"url\":\"https:\/\/circutor.com\/wp-content\/uploads\/2022\/04\/usuario-logo-gris-96x96.png\",\"contentUrl\":\"https:\/\/circutor.com\/wp-content\/uploads\/2022\/04\/usuario-logo-gris-96x96.png\",\"caption\":\"Circutor\"}}]}<\/script>\n<!-- \/ Yoast SEO plugin. -->","yoast_head_json":{"title":"Nova d\u00e8cada i nous reptes - CIRCUTOR","robots":{"index":"index","follow":"follow","max-snippet":"max-snippet:-1","max-image-preview":"max-image-preview:large","max-video-preview":"max-video-preview:-1"},"canonical":"https:\/\/circutor.com\/ca\/articles\/nueva-decada-y-nuevos-retos\/","og_locale":"ca_ES","og_type":"article","og_title":"Nova d\u00e8cada i nous reptes - CIRCUTOR","og_description":"[vc_row][vc_column][vc_column_text] Iniciem l&#8217;any 2020 deixant enrere deu anys d&#8217;experimentaci\u00f3, de intens debat en qu\u00e8 la humanitat ha hagut de prendre grans decisions. Tamb\u00e9 a l&#8217;\u00e0mbit de l&#8217;energia. Com podem fer compatible el desenvolupament econ\u00f2mic de la societat sense continuar alimentant el canvi clim\u00e0tic? Aquesta \u00e9s la q\u00fcesti\u00f3. I la resposta, encara que ens pot semblar [&hellip;]","og_url":"https:\/\/circutor.com\/ca\/articles\/nueva-decada-y-nuevos-retos\/","og_site_name":"CIRCUTOR","article_publisher":"https:\/\/www.facebook.com\/CIRCUTOR.ES","article_published_time":"2020-01-23T08:38:41+00:00","article_modified_time":"2023-05-26T09:25:56+00:00","og_image":[{"width":887,"height":610,"url":"https:\/\/circutor.com\/wp-content\/uploads\/2021\/01\/Imagen-6.png","type":"image\/png"}],"author":"Circutor","twitter_card":"summary_large_image","twitter_creator":"@circutor","twitter_site":"@circutor","twitter_misc":{"Escrit per":"Circutor","Temps estimat de lectura":"4 minuts"},"schema":{"@context":"https:\/\/schema.org","@graph":[{"@type":"Organization","@id":"https:\/\/circutor.com\/#organization","name":"Circutor","url":"https:\/\/circutor.com\/","sameAs":["https:\/\/www.instagram.com\/circutor_es","https:\/\/www.linkedin.com\/company\/circutor","https:\/\/www.youtube.com\/user\/CIRCUTORoficial","https:\/\/www.facebook.com\/CIRCUTOR.ES","https:\/\/twitter.com\/circutor"],"logo":{"@type":"ImageObject","inLanguage":"ca","@id":"https:\/\/circutor.com\/#\/schema\/logo\/image\/","url":"https:\/\/circutor.com\/wp-content\/uploads\/2020\/09\/CIR_LOGO_RED.png","contentUrl":"https:\/\/circutor.com\/wp-content\/uploads\/2020\/09\/CIR_LOGO_RED.png","width":512,"height":128,"caption":"Circutor"},"image":{"@id":"https:\/\/circutor.com\/#\/schema\/logo\/image\/"}},{"@type":"WebSite","@id":"https:\/\/circutor.com\/#website","url":"https:\/\/circutor.com\/","name":"CIRCUTOR","description":"Soluciones para la eficiencia energ\u00e9tica el\u00e9ctrica","publisher":{"@id":"https:\/\/circutor.com\/#organization"},"potentialAction":[{"@type":"SearchAction","target":{"@type":"EntryPoint","urlTemplate":"https:\/\/circutor.com\/?s={search_term_string}"},"query-input":"required name=search_term_string"}],"inLanguage":"ca"},{"@type":"WebPage","@id":"https:\/\/circutor.com\/ca\/articles\/nueva-decada-y-nuevos-retos\/","url":"https:\/\/circutor.com\/ca\/articles\/nueva-decada-y-nuevos-retos\/","name":"Nova d\u00e8cada i nous reptes - CIRCUTOR","isPartOf":{"@id":"https:\/\/circutor.com\/#website"},"datePublished":"2020-01-23T08:38:41+00:00","dateModified":"2023-05-26T09:25:56+00:00","breadcrumb":{"@id":"https:\/\/circutor.com\/ca\/articles\/nueva-decada-y-nuevos-retos\/#breadcrumb"},"inLanguage":"ca","potentialAction":[{"@type":"ReadAction","target":["https:\/\/circutor.com\/ca\/articles\/nueva-decada-y-nuevos-retos\/"]}]},{"@type":"BreadcrumbList","@id":"https:\/\/circutor.com\/ca\/articles\/nueva-decada-y-nuevos-retos\/#breadcrumb","itemListElement":[{"@type":"ListItem","position":1,"name":"Portada","item":"https:\/\/circutor.com\/ca\/"},{"@type":"ListItem","position":2,"name":"Nova d\u00e8cada i nous reptes"}]},{"@type":"Article","@id":"https:\/\/circutor.com\/ca\/articles\/nueva-decada-y-nuevos-retos\/#article","isPartOf":{"@id":"https:\/\/circutor.com\/ca\/articles\/nueva-decada-y-nuevos-retos\/"},"author":{"name":"Circutor","@id":"https:\/\/circutor.com\/#\/schema\/person\/234a865ed449be1116408bdfdf6f576a"},"headline":"Nova d\u00e8cada i nous reptes","datePublished":"2020-01-23T08:38:41+00:00","dateModified":"2023-05-26T09:25:56+00:00","mainEntityOfPage":{"@id":"https:\/\/circutor.com\/ca\/articles\/nueva-decada-y-nuevos-retos\/"},"wordCount":844,"commentCount":0,"publisher":{"@id":"https:\/\/circutor.com\/#organization"},"articleSection":["Articles"],"inLanguage":"ca","potentialAction":[{"@type":"CommentAction","name":"Comment","target":["https:\/\/circutor.com\/ca\/articles\/nueva-decada-y-nuevos-retos\/#respond"]}]},{"@type":"Person","@id":"https:\/\/circutor.com\/#\/schema\/person\/234a865ed449be1116408bdfdf6f576a","name":"Circutor","image":{"@type":"ImageObject","inLanguage":"ca","@id":"https:\/\/circutor.com\/#\/schema\/person\/image\/","url":"https:\/\/circutor.com\/wp-content\/uploads\/2022\/04\/usuario-logo-gris-96x96.png","contentUrl":"https:\/\/circutor.com\/wp-content\/uploads\/2022\/04\/usuario-logo-gris-96x96.png","caption":"Circutor"}}]}},"_links":{"self":[{"href":"https:\/\/circutor.com\/ca\/wp-json\/wp\/v2\/posts\/38240"}],"collection":[{"href":"https:\/\/circutor.com\/ca\/wp-json\/wp\/v2\/posts"}],"about":[{"href":"https:\/\/circutor.com\/ca\/wp-json\/wp\/v2\/types\/post"}],"author":[{"embeddable":true,"href":"https:\/\/circutor.com\/ca\/wp-json\/wp\/v2\/users\/3"}],"replies":[{"embeddable":true,"href":"https:\/\/circutor.com\/ca\/wp-json\/wp\/v2\/comments?post=38240"}],"version-history":[{"count":0,"href":"https:\/\/circutor.com\/ca\/wp-json\/wp\/v2\/posts\/38240\/revisions"}],"wp:featuredmedia":[{"embeddable":true,"href":"https:\/\/circutor.com\/ca\/wp-json\/wp\/v2\/media\/38241"}],"wp:attachment":[{"href":"https:\/\/circutor.com\/ca\/wp-json\/wp\/v2\/media?parent=38240"}],"wp:term":[{"taxonomy":"category","embeddable":true,"href":"https:\/\/circutor.com\/ca\/wp-json\/wp\/v2\/categories?post=38240"},{"taxonomy":"post_tag","embeddable":true,"href":"https:\/\/circutor.com\/ca\/wp-json\/wp\/v2\/tags?post=38240"}],"curies":[{"name":"wp","href":"https:\/\/api.w.org\/{rel}","templated":true}]}}