{"id":38235,"date":"2020-03-25T10:16:25","date_gmt":"2020-03-25T08:16:25","guid":{"rendered":"https:\/\/circutor.com\/?p=38235"},"modified":"2023-05-25T12:33:27","modified_gmt":"2023-05-25T10:33:27","slug":"cotxes-electrics-moda-tendencia-o-realitat","status":"publish","type":"post","link":"https:\/\/circutor.com\/ca\/articles\/cotxes-electrics-moda-tendencia-o-realitat\/","title":{"rendered":"Cotxes el\u00e8ctrics: Moda, tend\u00e8ncia o realitat?"},"content":{"rendered":"<p>[vc_row][vc_column][vc_column_text]Tendem a pensar que els cotxes el\u00e8ctrics suposen una tecnologia disruptiva<\/p>\n<p>Creiem que \u00e9s un canvi radical en la mobilitat, per\u00f2 realment els primers cotxes el\u00e8ctrics ja van apar\u00e8ixer a principis del segle XIX (1832\/1839), en aquell moment ja es parlava que eren cotxes sense soroll, sense olor (com havien de ser els cotxes de combusti\u00f3 d\u00b4aquella \u00e8poca) i ja es parlava de la import\u00e0ncia de l\u00b4autonomia, ia principis de segle XX van arribar a evolucionar amb la possibilitat de rec\u00f3rrer dist\u00e0ncies superiors a les 100 milles.<\/p>\n<p><img loading=\"lazy\" class=\"alignnone size-full wp-image-22542 aligncenter\" src=\"https:\/\/circutor.com\/wp-content\/uploads\/2020\/03\/FD-coches-e4.jpg\" alt=\"veh\u00edculo el\u00e9ctrico\" width=\"300\" height=\"259\" srcset=\"https:\/\/circutor.com\/wp-content\/uploads\/2020\/03\/FD-coches-e4.jpg 300w, https:\/\/circutor.com\/wp-content\/uploads\/2020\/03\/FD-coches-e4-222x192.jpg 222w\" sizes=\"(max-width: 300px) 100vw, 300px\" \/><\/p>\n<p>Per\u00f2 en aquell moment va apar\u00e8ixer el Coronel Drake, amb els pous de petroli als Estats Units, i tamb\u00e9 Henry Ford amb el seu Ford T, el primer cotxe de combusti\u00f3 fabricat en una cadena de muntatge en s\u00e8rie, i la primera gran batalla entre el cotxe el\u00e8ctric i el de combusti\u00f3 la va guanyar aquest darrer.<\/p>\n<p>Per\u00f2 ara, al segle XXI la situaci\u00f3 \u00e9s molt diferent. La dificultat que suposa disposar de combustibles f\u00f2ssils, la legislaci\u00f3 mundial que promou la mobilitat el\u00e8ctrica (Europa ha implementat regulacions &#8220;agressives&#8221; en la reducci\u00f3 de l&#8217;efecte hivernacle per complir l&#8217;Acord Clim\u00e0tic de Par\u00eds) i sobretot els greus problemes de contaminaci\u00f3 a tot el m\u00f3n, fan que el vehicle el\u00e8ctric sigui un element clau dins de la transformaci\u00f3 de la societat cap a una consci\u00e8ncia m\u00e9s responsable amb les problem\u00e0tiques del medi ambient.<\/p>\n<p>Si fem refer\u00e8ncia als futurs usuaris potencials dels vehicles el\u00e8ctrics hi ha dues grans preocupacions, la primera, el cost d&#8217;un VE i la segona, la disponibilitat de punts de rec\u00e0rrega a la via p\u00fablica, cosa que es coneix com a rec\u00e0rrega d&#8217;emerg\u00e8ncia.<\/p>\n<p>Recentment, Erik Jonnaert, el secretari general de l&#8217;ACEA, (Associaci\u00f3 Europea de Fabricants d&#8217;Autom\u00f2bils) va publicar un article en qu\u00e8 explicava que el sector de l&#8217;autom\u00f2bil viu un dels per\u00edodes de transformaci\u00f3 m\u00e9s importants de la seva hist\u00f2ria, cosa que suposar\u00e0 que &#8220;en tres anys, el cotxe el\u00e8ctric costar\u00e0 com el convencional\u201d.<\/p>\n<p><img loading=\"lazy\" class=\"alignnone size-full wp-image-22551 aligncenter\" src=\"https:\/\/circutor.com\/wp-content\/uploads\/2020\/03\/FD-coches-e5.jpg\" alt=\"veh\u00edculo el\u00e9ctrico\" width=\"300\" height=\"257\" srcset=\"https:\/\/circutor.com\/wp-content\/uploads\/2020\/03\/FD-coches-e5.jpg 300w, https:\/\/circutor.com\/wp-content\/uploads\/2020\/03\/FD-coches-e5-224x192.jpg 224w\" sizes=\"(max-width: 300px) 100vw, 300px\" \/><\/p>\n<p>Pel que fa a la disponibilitat de punts de rec\u00e0rrega a la via p\u00fablica, s&#8217;ha publicat un article, en qu\u00e8 es fa refer\u00e8ncia al fet que actualment hi ha a la Uni\u00f3 Europea 100.000 punts de rec\u00e0rrega i es preveu que el 2025 aquesta xifra es multiplicar\u00e0 per 20 fins a arribar als 2 milions d?estacions.<\/p>\n<p>Per contribuir a assolir aquest objectiu durant aquests darrers deu anys Circutor, empresa espanyola i pionera a nivell europeu, ha estat treballant per oferir solucions de rec\u00e0rrega per a cadascuna de les necessitats que puguin tenir els usuaris de vehicle el\u00e8ctric, tant en via p\u00fablica amb equips de corrent continu (c\u00e0rrega r\u00e0pida), com en \u00fas privatiu (c\u00e0rrega vinculada) amb equips corrent altern (c\u00e0rrega lenta).<\/p>\n<p>REC\u00c0RREGA VINCULADA<\/p>\n<p>\u00c9s una rec\u00e0rrega lenta, de corrent altern (des de 3,7kW fins a 22kW models eHome i eNext de Circutor), que estaria associada a la pla\u00e7a d&#8217;aparcament del nostre cotxe. El principal objectiu d&#8217;aquest tipus de c\u00e0rrega \u00e9s aprofitar el per\u00edode nocturn en qu\u00e8 la majoria dels usuaris tenen el cotxe aparcat, per poder fer una rec\u00e0rrega en un per\u00edode entre 6 i 8 hores, en qu\u00e8 la pot\u00e8ncia necess\u00e0ria podria ser la alliberada al nostre habitatge en el per\u00edode nocturn, i que podria estar associada a una tarifa el\u00e8ctrica de molt baix cost.<\/p>\n<h5><img loading=\"lazy\" class=\"alignnone size-full wp-image-22559 aligncenter\" src=\"https:\/\/circutor.com\/wp-content\/uploads\/2020\/03\/FD-coches-e2.jpg\" alt=\"\" width=\"365\" height=\"236\" srcset=\"https:\/\/circutor.com\/wp-content\/uploads\/2020\/03\/FD-coches-e2.jpg 365w, https:\/\/circutor.com\/wp-content\/uploads\/2020\/03\/FD-coches-e2-300x194.jpg 300w, https:\/\/circutor.com\/wp-content\/uploads\/2020\/03\/FD-coches-e2-297x192.jpg 297w\" sizes=\"(max-width: 365px) 100vw, 365px\" \/><\/h5>\n<p>REC\u00c0RREGA EN VIA P\u00daBLICA<\/p>\n<p>En via p\u00fablica hi ha dos tipus de solucions, la semi-r\u00e0pida que \u00e9s la que podem trobar a centres comercials i hotels. Aquesta seria una rec\u00e0rrega de corrent altern amb una pot\u00e8ncia m\u00e0xima de 22 Kw (Model URBAN de Circutor).<\/p>\n<p>La segona soluci\u00f3 seria la r\u00e0pida, la qual est\u00e0 pensada per a les estacions de serveis que ofereixen rec\u00e0rrega el\u00e8ctrica, les conegudes electrolineres. En aquest cas la rec\u00e0rrega es realitza amb corrent continu (50\/150kW Model Raption de Circutor) i el temps necessari ha de ser tan curt com sigui possible, com a m\u00e0xim de 30 minuts.<\/p>\n<p><img loading=\"lazy\" class=\"alignnone size-full wp-image-22567 aligncenter\" src=\"https:\/\/circutor.com\/wp-content\/uploads\/2020\/03\/FD-coches-e1.jpg\" alt=\"veh\u00edculo el\u00e9ctrico\" width=\"263\" height=\"263\" srcset=\"https:\/\/circutor.com\/wp-content\/uploads\/2020\/03\/FD-coches-e1.jpg 263w, https:\/\/circutor.com\/wp-content\/uploads\/2020\/03\/FD-coches-e1-150x150.jpg 150w, https:\/\/circutor.com\/wp-content\/uploads\/2020\/03\/FD-coches-e1-192x192.jpg 192w\" sizes=\"(max-width: 263px) 100vw, 263px\" \/><\/p>\n<p>La combinaci\u00f3 i la implementaci\u00f3 dels diferents tipus de rec\u00e0rrega comencen a garantir a l&#8217;usuari poder fer despla\u00e7aments a Vehicles El\u00e8ctrics amb les mateixes garanties d&#8217;autonomia que ofereixen avui els Vehicles a combusti\u00f3, per\u00f2 gaudint d&#8217;una nova experi\u00e8ncia de conducci\u00f3 i el m\u00e9s important respectant el medi ambient i fent sostenible el futur de les nostres properes generacions.<\/p>\n<p>L&#8217;imminent desplegament de punts de rec\u00e0rrega, vinculat a l&#8217;aposta dels grans fabricants d&#8217;autom\u00f2bils i sumat a la cada vegada m\u00e9s gran conscienciaci\u00f3 de la ciutadania no deixen cap dubte i ens permet assentir de manera contundent que el Vehicle El\u00e8ctric no \u00e9s cap moda o tend\u00e8ncia passatgera, sin\u00f3 que \u00e9s una realitat i aposta global, que est\u00e0 canviant i canviar\u00e0 de manera radical el nostre model de mobilitat actual.<\/p>\n<p><img loading=\"lazy\" class=\"alignnone size-full wp-image-22575 aligncenter\" src=\"https:\/\/circutor.com\/wp-content\/uploads\/2020\/03\/FD-coches-e3.jpg\" alt=\"\" width=\"529\" height=\"263\" srcset=\"https:\/\/circutor.com\/wp-content\/uploads\/2020\/03\/FD-coches-e3.jpg 529w, https:\/\/circutor.com\/wp-content\/uploads\/2020\/03\/FD-coches-e3-300x149.jpg 300w, https:\/\/circutor.com\/wp-content\/uploads\/2020\/03\/FD-coches-e3-386x192.jpg 386w\" sizes=\"(max-width: 529px) 100vw, 529px\" \/>[\/vc_column_text][\/vc_column][\/vc_row]<\/p>\n","protected":false},"excerpt":{"rendered":"<p>[vc_row][vc_column][vc_column_text]Tendem a pensar que els cotxes el\u00e8ctrics suposen una tecnologia disruptiva Creiem que \u00e9s un canvi radical en la mobilitat, per\u00f2 realment els primers cotxes el\u00e8ctrics ja van apar\u00e8ixer a principis del segle XIX (1832\/1839), en aquell moment ja es parlava que eren cotxes sense soroll, sense olor (com havien de ser els cotxes de [&hellip;]<\/p>\n","protected":false},"author":3,"featured_media":22586,"comment_status":"open","ping_status":"open","sticky":false,"template":"","format":"standard","meta":[],"categories":[3710],"tags":[3729,3731],"acf":[],"yoast_head":"<!-- This site is optimized with the Yoast SEO plugin v19.4 - https:\/\/yoast.com\/wordpress\/plugins\/seo\/ -->\n<title>Cotxes el\u00e8ctrics: Moda, tend\u00e8ncia o realitat? - CIRCUTOR<\/title>\n<meta name=\"robots\" content=\"index, follow, max-snippet:-1, max-image-preview:large, max-video-preview:-1\" \/>\n<link rel=\"canonical\" href=\"https:\/\/circutor.com\/ca\/articles\/cotxes-electrics-moda-tendencia-o-realitat\/\" \/>\n<meta property=\"og:locale\" content=\"ca_ES\" \/>\n<meta property=\"og:type\" content=\"article\" \/>\n<meta property=\"og:title\" content=\"Cotxes el\u00e8ctrics: Moda, tend\u00e8ncia o realitat? - CIRCUTOR\" \/>\n<meta property=\"og:description\" content=\"[vc_row][vc_column][vc_column_text]Tendem a pensar que els cotxes el\u00e8ctrics suposen una tecnologia disruptiva Creiem que \u00e9s un canvi radical en la mobilitat, per\u00f2 realment els primers cotxes el\u00e8ctrics ja van apar\u00e8ixer a principis del segle XIX (1832\/1839), en aquell moment ja es parlava que eren cotxes sense soroll, sense olor (com havien de ser els cotxes de [&hellip;]\" \/>\n<meta property=\"og:url\" content=\"https:\/\/circutor.com\/ca\/articles\/cotxes-electrics-moda-tendencia-o-realitat\/\" \/>\n<meta property=\"og:site_name\" content=\"CIRCUTOR\" \/>\n<meta property=\"article:publisher\" content=\"https:\/\/www.facebook.com\/CIRCUTOR.ES\" \/>\n<meta property=\"article:published_time\" content=\"2020-03-25T08:16:25+00:00\" \/>\n<meta property=\"article:modified_time\" content=\"2023-05-25T10:33:27+00:00\" \/>\n<meta property=\"og:image\" content=\"https:\/\/circutor.com\/wp-content\/uploads\/2020\/03\/FDi-coches-e.jpg\" \/>\n\t<meta property=\"og:image:width\" content=\"1920\" \/>\n\t<meta property=\"og:image:height\" content=\"1080\" \/>\n\t<meta property=\"og:image:type\" content=\"image\/jpeg\" \/>\n<meta name=\"author\" content=\"Circutor\" \/>\n<meta name=\"twitter:card\" content=\"summary_large_image\" \/>\n<meta name=\"twitter:creator\" content=\"@circutor\" \/>\n<meta name=\"twitter:site\" content=\"@circutor\" \/>\n<meta name=\"twitter:label1\" content=\"Escrit per\" \/>\n\t<meta name=\"twitter:data1\" content=\"Circutor\" \/>\n\t<meta name=\"twitter:label2\" content=\"Temps estimat de lectura\" \/>\n\t<meta name=\"twitter:data2\" content=\"4 minuts\" \/>\n<script type=\"application\/ld+json\" class=\"yoast-schema-graph\">{\"@context\":\"https:\/\/schema.org\",\"@graph\":[{\"@type\":\"Organization\",\"@id\":\"https:\/\/circutor.com\/#organization\",\"name\":\"Circutor\",\"url\":\"https:\/\/circutor.com\/\",\"sameAs\":[\"https:\/\/www.instagram.com\/circutor_es\",\"https:\/\/www.linkedin.com\/company\/circutor\",\"https:\/\/www.youtube.com\/user\/CIRCUTORoficial\",\"https:\/\/www.facebook.com\/CIRCUTOR.ES\",\"https:\/\/twitter.com\/circutor\"],\"logo\":{\"@type\":\"ImageObject\",\"inLanguage\":\"ca\",\"@id\":\"https:\/\/circutor.com\/#\/schema\/logo\/image\/\",\"url\":\"https:\/\/circutor.com\/wp-content\/uploads\/2020\/09\/CIR_LOGO_RED.png\",\"contentUrl\":\"https:\/\/circutor.com\/wp-content\/uploads\/2020\/09\/CIR_LOGO_RED.png\",\"width\":512,\"height\":128,\"caption\":\"Circutor\"},\"image\":{\"@id\":\"https:\/\/circutor.com\/#\/schema\/logo\/image\/\"}},{\"@type\":\"WebSite\",\"@id\":\"https:\/\/circutor.com\/#website\",\"url\":\"https:\/\/circutor.com\/\",\"name\":\"CIRCUTOR\",\"description\":\"Soluciones para la eficiencia energ\u00e9tica el\u00e9ctrica\",\"publisher\":{\"@id\":\"https:\/\/circutor.com\/#organization\"},\"potentialAction\":[{\"@type\":\"SearchAction\",\"target\":{\"@type\":\"EntryPoint\",\"urlTemplate\":\"https:\/\/circutor.com\/?s={search_term_string}\"},\"query-input\":\"required name=search_term_string\"}],\"inLanguage\":\"ca\"},{\"@type\":\"WebPage\",\"@id\":\"https:\/\/circutor.com\/ca\/articles\/cotxes-electrics-moda-tendencia-o-realitat\/\",\"url\":\"https:\/\/circutor.com\/ca\/articles\/cotxes-electrics-moda-tendencia-o-realitat\/\",\"name\":\"Cotxes el\u00e8ctrics: Moda, tend\u00e8ncia o realitat? - CIRCUTOR\",\"isPartOf\":{\"@id\":\"https:\/\/circutor.com\/#website\"},\"datePublished\":\"2020-03-25T08:16:25+00:00\",\"dateModified\":\"2023-05-25T10:33:27+00:00\",\"breadcrumb\":{\"@id\":\"https:\/\/circutor.com\/ca\/articles\/cotxes-electrics-moda-tendencia-o-realitat\/#breadcrumb\"},\"inLanguage\":\"ca\",\"potentialAction\":[{\"@type\":\"ReadAction\",\"target\":[\"https:\/\/circutor.com\/ca\/articles\/cotxes-electrics-moda-tendencia-o-realitat\/\"]}]},{\"@type\":\"BreadcrumbList\",\"@id\":\"https:\/\/circutor.com\/ca\/articles\/cotxes-electrics-moda-tendencia-o-realitat\/#breadcrumb\",\"itemListElement\":[{\"@type\":\"ListItem\",\"position\":1,\"name\":\"Portada\",\"item\":\"https:\/\/circutor.com\/ca\/\"},{\"@type\":\"ListItem\",\"position\":2,\"name\":\"Cotxes el\u00e8ctrics: Moda, tend\u00e8ncia o realitat?\"}]},{\"@type\":\"Article\",\"@id\":\"https:\/\/circutor.com\/ca\/articles\/cotxes-electrics-moda-tendencia-o-realitat\/#article\",\"isPartOf\":{\"@id\":\"https:\/\/circutor.com\/ca\/articles\/cotxes-electrics-moda-tendencia-o-realitat\/\"},\"author\":{\"name\":\"Circutor\",\"@id\":\"https:\/\/circutor.com\/#\/schema\/person\/234a865ed449be1116408bdfdf6f576a\"},\"headline\":\"Cotxes el\u00e8ctrics: Moda, tend\u00e8ncia o realitat?\",\"datePublished\":\"2020-03-25T08:16:25+00:00\",\"dateModified\":\"2023-05-25T10:33:27+00:00\",\"mainEntityOfPage\":{\"@id\":\"https:\/\/circutor.com\/ca\/articles\/cotxes-electrics-moda-tendencia-o-realitat\/\"},\"wordCount\":850,\"commentCount\":0,\"publisher\":{\"@id\":\"https:\/\/circutor.com\/#organization\"},\"keywords\":[\"Mobilitat el\u00e8ctrica\",\"Rec\u00e0rrega vehicles el\u00e8ctrics\"],\"articleSection\":[\"Articles\"],\"inLanguage\":\"ca\",\"potentialAction\":[{\"@type\":\"CommentAction\",\"name\":\"Comment\",\"target\":[\"https:\/\/circutor.com\/ca\/articles\/cotxes-electrics-moda-tendencia-o-realitat\/#respond\"]}]},{\"@type\":\"Person\",\"@id\":\"https:\/\/circutor.com\/#\/schema\/person\/234a865ed449be1116408bdfdf6f576a\",\"name\":\"Circutor\",\"image\":{\"@type\":\"ImageObject\",\"inLanguage\":\"ca\",\"@id\":\"https:\/\/circutor.com\/#\/schema\/person\/image\/\",\"url\":\"https:\/\/circutor.com\/wp-content\/uploads\/2022\/04\/usuario-logo-gris-96x96.png\",\"contentUrl\":\"https:\/\/circutor.com\/wp-content\/uploads\/2022\/04\/usuario-logo-gris-96x96.png\",\"caption\":\"Circutor\"}}]}<\/script>\n<!-- \/ Yoast SEO plugin. -->","yoast_head_json":{"title":"Cotxes el\u00e8ctrics: Moda, tend\u00e8ncia o realitat? - CIRCUTOR","robots":{"index":"index","follow":"follow","max-snippet":"max-snippet:-1","max-image-preview":"max-image-preview:large","max-video-preview":"max-video-preview:-1"},"canonical":"https:\/\/circutor.com\/ca\/articles\/cotxes-electrics-moda-tendencia-o-realitat\/","og_locale":"ca_ES","og_type":"article","og_title":"Cotxes el\u00e8ctrics: Moda, tend\u00e8ncia o realitat? - CIRCUTOR","og_description":"[vc_row][vc_column][vc_column_text]Tendem a pensar que els cotxes el\u00e8ctrics suposen una tecnologia disruptiva Creiem que \u00e9s un canvi radical en la mobilitat, per\u00f2 realment els primers cotxes el\u00e8ctrics ja van apar\u00e8ixer a principis del segle XIX (1832\/1839), en aquell moment ja es parlava que eren cotxes sense soroll, sense olor (com havien de ser els cotxes de [&hellip;]","og_url":"https:\/\/circutor.com\/ca\/articles\/cotxes-electrics-moda-tendencia-o-realitat\/","og_site_name":"CIRCUTOR","article_publisher":"https:\/\/www.facebook.com\/CIRCUTOR.ES","article_published_time":"2020-03-25T08:16:25+00:00","article_modified_time":"2023-05-25T10:33:27+00:00","og_image":[{"width":1920,"height":1080,"url":"https:\/\/circutor.com\/wp-content\/uploads\/2020\/03\/FDi-coches-e.jpg","type":"image\/jpeg"}],"author":"Circutor","twitter_card":"summary_large_image","twitter_creator":"@circutor","twitter_site":"@circutor","twitter_misc":{"Escrit per":"Circutor","Temps estimat de lectura":"4 minuts"},"schema":{"@context":"https:\/\/schema.org","@graph":[{"@type":"Organization","@id":"https:\/\/circutor.com\/#organization","name":"Circutor","url":"https:\/\/circutor.com\/","sameAs":["https:\/\/www.instagram.com\/circutor_es","https:\/\/www.linkedin.com\/company\/circutor","https:\/\/www.youtube.com\/user\/CIRCUTORoficial","https:\/\/www.facebook.com\/CIRCUTOR.ES","https:\/\/twitter.com\/circutor"],"logo":{"@type":"ImageObject","inLanguage":"ca","@id":"https:\/\/circutor.com\/#\/schema\/logo\/image\/","url":"https:\/\/circutor.com\/wp-content\/uploads\/2020\/09\/CIR_LOGO_RED.png","contentUrl":"https:\/\/circutor.com\/wp-content\/uploads\/2020\/09\/CIR_LOGO_RED.png","width":512,"height":128,"caption":"Circutor"},"image":{"@id":"https:\/\/circutor.com\/#\/schema\/logo\/image\/"}},{"@type":"WebSite","@id":"https:\/\/circutor.com\/#website","url":"https:\/\/circutor.com\/","name":"CIRCUTOR","description":"Soluciones para la eficiencia energ\u00e9tica el\u00e9ctrica","publisher":{"@id":"https:\/\/circutor.com\/#organization"},"potentialAction":[{"@type":"SearchAction","target":{"@type":"EntryPoint","urlTemplate":"https:\/\/circutor.com\/?s={search_term_string}"},"query-input":"required name=search_term_string"}],"inLanguage":"ca"},{"@type":"WebPage","@id":"https:\/\/circutor.com\/ca\/articles\/cotxes-electrics-moda-tendencia-o-realitat\/","url":"https:\/\/circutor.com\/ca\/articles\/cotxes-electrics-moda-tendencia-o-realitat\/","name":"Cotxes el\u00e8ctrics: Moda, tend\u00e8ncia o realitat? - CIRCUTOR","isPartOf":{"@id":"https:\/\/circutor.com\/#website"},"datePublished":"2020-03-25T08:16:25+00:00","dateModified":"2023-05-25T10:33:27+00:00","breadcrumb":{"@id":"https:\/\/circutor.com\/ca\/articles\/cotxes-electrics-moda-tendencia-o-realitat\/#breadcrumb"},"inLanguage":"ca","potentialAction":[{"@type":"ReadAction","target":["https:\/\/circutor.com\/ca\/articles\/cotxes-electrics-moda-tendencia-o-realitat\/"]}]},{"@type":"BreadcrumbList","@id":"https:\/\/circutor.com\/ca\/articles\/cotxes-electrics-moda-tendencia-o-realitat\/#breadcrumb","itemListElement":[{"@type":"ListItem","position":1,"name":"Portada","item":"https:\/\/circutor.com\/ca\/"},{"@type":"ListItem","position":2,"name":"Cotxes el\u00e8ctrics: Moda, tend\u00e8ncia o realitat?"}]},{"@type":"Article","@id":"https:\/\/circutor.com\/ca\/articles\/cotxes-electrics-moda-tendencia-o-realitat\/#article","isPartOf":{"@id":"https:\/\/circutor.com\/ca\/articles\/cotxes-electrics-moda-tendencia-o-realitat\/"},"author":{"name":"Circutor","@id":"https:\/\/circutor.com\/#\/schema\/person\/234a865ed449be1116408bdfdf6f576a"},"headline":"Cotxes el\u00e8ctrics: Moda, tend\u00e8ncia o realitat?","datePublished":"2020-03-25T08:16:25+00:00","dateModified":"2023-05-25T10:33:27+00:00","mainEntityOfPage":{"@id":"https:\/\/circutor.com\/ca\/articles\/cotxes-electrics-moda-tendencia-o-realitat\/"},"wordCount":850,"commentCount":0,"publisher":{"@id":"https:\/\/circutor.com\/#organization"},"keywords":["Mobilitat el\u00e8ctrica","Rec\u00e0rrega vehicles el\u00e8ctrics"],"articleSection":["Articles"],"inLanguage":"ca","potentialAction":[{"@type":"CommentAction","name":"Comment","target":["https:\/\/circutor.com\/ca\/articles\/cotxes-electrics-moda-tendencia-o-realitat\/#respond"]}]},{"@type":"Person","@id":"https:\/\/circutor.com\/#\/schema\/person\/234a865ed449be1116408bdfdf6f576a","name":"Circutor","image":{"@type":"ImageObject","inLanguage":"ca","@id":"https:\/\/circutor.com\/#\/schema\/person\/image\/","url":"https:\/\/circutor.com\/wp-content\/uploads\/2022\/04\/usuario-logo-gris-96x96.png","contentUrl":"https:\/\/circutor.com\/wp-content\/uploads\/2022\/04\/usuario-logo-gris-96x96.png","caption":"Circutor"}}]}},"_links":{"self":[{"href":"https:\/\/circutor.com\/ca\/wp-json\/wp\/v2\/posts\/38235"}],"collection":[{"href":"https:\/\/circutor.com\/ca\/wp-json\/wp\/v2\/posts"}],"about":[{"href":"https:\/\/circutor.com\/ca\/wp-json\/wp\/v2\/types\/post"}],"author":[{"embeddable":true,"href":"https:\/\/circutor.com\/ca\/wp-json\/wp\/v2\/users\/3"}],"replies":[{"embeddable":true,"href":"https:\/\/circutor.com\/ca\/wp-json\/wp\/v2\/comments?post=38235"}],"version-history":[{"count":0,"href":"https:\/\/circutor.com\/ca\/wp-json\/wp\/v2\/posts\/38235\/revisions"}],"wp:featuredmedia":[{"embeddable":true,"href":"https:\/\/circutor.com\/ca\/wp-json\/wp\/v2\/media\/22586"}],"wp:attachment":[{"href":"https:\/\/circutor.com\/ca\/wp-json\/wp\/v2\/media?parent=38235"}],"wp:term":[{"taxonomy":"category","embeddable":true,"href":"https:\/\/circutor.com\/ca\/wp-json\/wp\/v2\/categories?post=38235"},{"taxonomy":"post_tag","embeddable":true,"href":"https:\/\/circutor.com\/ca\/wp-json\/wp\/v2\/tags?post=38235"}],"curies":[{"name":"wp","href":"https:\/\/api.w.org\/{rel}","templated":true}]}}