{"id":37966,"date":"2021-07-08T12:33:53","date_gmt":"2021-07-08T10:33:53","guid":{"rendered":"https:\/\/circutor.com\/?p=37966"},"modified":"2023-05-25T12:06:44","modified_gmt":"2023-05-25T10:06:44","slug":"aprobados-1-320-millones-para-autoconsumo-almacenamiento-y-climatizacion","status":"publish","type":"post","link":"https:\/\/circutor.com\/ca\/articles\/aprobados-1-320-millones-para-autoconsumo-almacenamiento-y-climatizacion\/","title":{"rendered":"Aprobados 1.320 millones para autoconsumo, almacenamiento y climatizaci\u00f3n"},"content":{"rendered":"<p>[vc_row][vc_column][vc_column_text]El Consell de Ministres, partint de la proposta del Ministeri per a la Transici\u00f3 Ecol\u00f2gica i el Repte Demogr\u00e0fic (MITECO), ha aprovat dimarts 29 de juny passat un paquet d&#8217;ajudes dotat amb fins a 1.320 milions d&#8217;euros per impulsar la implementaci\u00f3 de sistemes d&#8217;autoconsum , demmagatzematge denergia i de climatitzaci\u00f3 amb energies renovables.<\/p>\n<p>El programa consta d&#8217;un pressupost inicial de 660 milions d&#8217;euros, ampliables fins als 1.320 milions a mesura que cada comunitat aut\u00f2noma esgoti el pressupost inicial, definides en 6 programes.<\/p>\n<p>A la taula seg\u00fcent queden definits els 6 programes d&#8217;ajuts juntament amb el pressupost inicial:<\/p>\n<table style=\"border-width: 1px; border-style: solid; width: 81.0178%; height: 192px;\" border=\"1\" cellspacing=\"0\" cellpadding=\"5\" align=\"center\">\n<tbody>\n<tr style=\"background-color: #d6e0f5; border-color: #000000; border-width: 1px;\" align=\"center\">\n<td style=\"border: 1px solid #808080; height: 24px;\" colspan=\"2\" align=\"center\"><\/td>\n<td style=\"border: 1px solid #808080; height: 24px;\" align=\"center\"><strong>Autoconsumo<\/strong><\/td>\n<td style=\"border: 1px solid #808080; height: 24px;\" align=\"center\">Emmagatzematge<\/td>\n<td style=\"border: 1px solid #808080; height: 24px;\" align=\"center\"><strong>TOTAL<\/strong><\/td>\n<\/tr>\n<tr style=\"height: 24px;\">\n<td style=\"border: 1px solid #808080; height: 24px;\" align=\"center\">Programa\u00a01<\/td>\n<td style=\"text-align: left; border: 1px solid #808080; height: 24px;\" align=\"center\">Autoconsum i emmagatzematge al sector serveis<\/td>\n<td style=\"border: 1px solid #808080; height: 24px;\" align=\"center\">100 M\u20ac<\/td>\n<td style=\"border: 1px solid #808080; height: 24px;\" align=\"center\">20 M\u20ac<\/td>\n<td style=\"border: 1px solid #808080; height: 24px;\" align=\"center\"><span style=\"text-align: -webkit-center;\">120\u00a0M\u20ac<\/span><\/td>\n<\/tr>\n<tr style=\"height: 24px;\">\n<td style=\"border: 1px solid #808080; height: 24px;\" align=\"center\"><span style=\"text-align: -webkit-center;\">Programa 2<\/span><\/td>\n<td style=\"text-align: left; border: 1px solid #808080; height: 24px;\" align=\"center\">Autoconsum i emmagatzematge en altres sectors productius, com ara la ind\u00fastria o l&#8217;agropecuari.<\/td>\n<td style=\"border: 1px solid #808080; height: 24px;\" align=\"center\">150 M\u20ac<\/td>\n<td style=\"border: 1px solid #808080; height: 24px;\" align=\"center\"><span style=\"text-align: -webkit-center;\">25 M\u20ac<\/span><\/td>\n<td style=\"border: 1px solid #808080; height: 24px;\" align=\"center\"><span style=\"text-align: -webkit-center;\">175 M\u20ac<\/span><\/td>\n<\/tr>\n<tr style=\"height: 24px;\">\n<td style=\"border: 1px solid #808080; height: 24px;\" align=\"center\"><span style=\"text-align: -webkit-center;\">Programa 3<\/span><\/td>\n<td style=\"text-align: left; border: 1px solid #808080; height: 24px;\" align=\"center\">Incorporaci\u00f3 d&#8217;emmagatzematge en autoconsums existents en sectors econ\u00f2mics.<\/td>\n<td style=\"border: 1px solid #808080; height: 24px;\" align=\"center\"><\/td>\n<td style=\"border: 1px solid #808080; height: 24px;\" align=\"center\"><span style=\"text-align: -webkit-center;\">45 M\u20ac<\/span><\/td>\n<td style=\"border: 1px solid #808080; height: 24px;\" align=\"center\"><span style=\"text-align: -webkit-center;\">45 M\u20ac<\/span><\/td>\n<\/tr>\n<tr style=\"height: 24px;\">\n<td style=\"border: 1px solid #808080; height: 24px;\" align=\"center\"><span style=\"text-align: -webkit-center;\">Programa 4<\/span><\/td>\n<td style=\"text-align: left; border: 1px solid #808080; height: 24px;\" align=\"center\">Autoconsum i emmagatzematge al sector residencial, el sector p\u00fablic i el tercer sector.<\/td>\n<td style=\"border: 1px solid #808080; height: 24px;\" align=\"center\">200 M\u20ac<\/td>\n<td style=\"border: 1px solid #808080; height: 24px;\" align=\"center\"><span style=\"text-align: -webkit-center;\">15 M\u20ac<\/span><\/td>\n<td style=\"border: 1px solid #808080; height: 24px;\" align=\"center\"><span style=\"text-align: -webkit-center;\">215 M\u20ac<\/span><\/td>\n<\/tr>\n<tr style=\"height: 24px;\">\n<td style=\"border: 1px solid #808080; height: 24px;\" align=\"center\"><span style=\"text-align: -webkit-center;\">Programa 5<\/span><\/td>\n<td style=\"text-align: left; border: 1px solid #808080; height: 24px;\" align=\"center\">Incorporaci\u00f3 d&#8217;emmagatzematge a autoconsums del sector residencial, sector p\u00fablic i tercer sector.<\/td>\n<td style=\"border: 1px solid #808080; height: 24px;\" align=\"center\"><\/td>\n<td style=\"border: 1px solid #808080; height: 24px;\" align=\"center\"><span style=\"text-align: -webkit-center;\">5 M\u20ac<\/span><\/td>\n<td style=\"border: 1px solid #808080; height: 24px;\" align=\"center\"><span style=\"text-align: -webkit-center;\">5 M\u20ac<\/span><\/td>\n<\/tr>\n<tr style=\"height: 24px;\">\n<td style=\"border: 1px solid #808080; height: 24px;\" align=\"center\"><span style=\"text-align: -webkit-center;\">Programa\u00a06<\/span><\/td>\n<td style=\"text-align: left; border: 1px solid #808080; height: 24px;\" align=\"center\">Climatitzaci\u00f3 i aigua calenta sanit\u00e0ria obtinguda amb renovables al sector residencial, incl\u00f2s l&#8217;habitatge p\u00fablic protegit.<\/td>\n<td style=\"border: 1px solid #808080; height: 24px;\" align=\"center\"><\/td>\n<td style=\"border: 1px solid #808080; height: 24px;\" align=\"center\"><\/td>\n<td style=\"border: 1px solid #808080; height: 24px;\" align=\"center\"><span style=\"text-align: -webkit-center;\">100 M\u20ac<\/span><\/td>\n<\/tr>\n<tr style=\"height: 24px;\">\n<td style=\"border: 1px solid #808080; height: 24px;\" colspan=\"3\" align=\"center\"><\/td>\n<td style=\"border: 1px solid #808080; height: 24px;\" align=\"center\">\u00a0<strong>TOTAL<\/strong><\/td>\n<td style=\"border: 1px solid #808080; height: 24px;\" align=\"center\"><strong><span style=\"text-align: -webkit-center;\">660\u00a0M\u20ac<\/span><\/strong><\/td>\n<\/tr>\n<\/tbody>\n<\/table>\n<h3>[vc_empty_space height=&#8221;20px&#8221;]<\/h3>\n<p>Programa total d&#8217;ajuts<\/p>\n<p>Com hem vist el pressupost inicial de les ajudes arriba a 660 milions d&#8217;euros, per\u00f2 est\u00e0 previst l&#8217;ampliaci\u00f3 de la suma inicial fins a arribar als 1.320 milions d&#8217;euros al programa total.<\/p>\n<p>Les comunitats aut\u00f2nomes podran utilitzar el pressupost per tot el territori nacional fins a l&#8217;any 2023. A m\u00e9s, aquestes hauran de comprometre el 80% del pressupost inicial durant el primer any o hauran de reintegrar el 50% del comprom\u00e8s en un termini de 15 mesos des de la publicaci\u00f3 al BOE del Reial Decret.<\/p>\n<p>Tenint en compte el pressupost total dels 6 programes, els 1.320 milions d&#8217;euros queden repartits amb 900 milions dedicats a sistemes d&#8217;autoconsum, 220 milions per a emmagatzematge d&#8217;energia i 200 milions per a climatitzaci\u00f3 i aigua calenta provinent de fonts renovables com ara geot\u00e8rmia o biomassa.<\/p>\n<p>El total de les ajudes quedaria resumit a la taula seg\u00fcent:<\/p>\n<table style=\"border-width: 1px; border-style: solid; width: 100%; height: 312px;\" border=\"1\" cellspacing=\"0\" cellpadding=\"5\" align=\"center\">\n<tbody>\n<tr style=\"background-color: #d6e0f5; border-color: #000000; border-width: 1px;\" align=\"center\">\n<td style=\"border: 1px solid #808080; height: 24px;\" colspan=\"2\" align=\"center\"><\/td>\n<td style=\"border: 1px solid #808080; height: 24px;\" align=\"center\"><strong>Autoconsum<\/strong><\/td>\n<td style=\"border: 1px solid #808080; height: 24px;\" align=\"center\">Emmagatzematge<\/td>\n<td style=\"border: 1px solid #808080; height: 24px;\" align=\"center\"><strong>TOTAL<\/strong><\/td>\n<\/tr>\n<tr style=\"height: 24px;\">\n<td style=\"border: 1px solid #808080; height: 24px;\" align=\"center\">Programa\u00a01<\/td>\n<td style=\"text-align: left; border: 1px solid #808080; height: 24px;\" align=\"center\">Autoconsum i emmagatzematge al sector serveis<\/td>\n<td style=\"border: 1px solid #808080; height: 24px;\" align=\"center\">200 M\u20ac<\/td>\n<td style=\"border: 1px solid #808080; height: 24px;\" align=\"center\">40 M\u20ac<\/td>\n<td style=\"border: 1px solid #808080; height: 24px;\" align=\"center\">240 M\u20ac<\/td>\n<\/tr>\n<tr style=\"height: 48px;\">\n<td style=\"border: 1px solid #808080; height: 48px;\" align=\"center\">Programa 2<\/td>\n<td style=\"text-align: left; border: 1px solid #808080; height: 48px;\" align=\"center\">Autoconsum i emmagatzematge en altres sectors productius, com ara la ind\u00fastria o l&#8217;agropecuari.<\/td>\n<td style=\"border: 1px solid #808080; height: 48px;\" align=\"center\">300 M\u20ac<\/td>\n<td style=\"border: 1px solid #808080; height: 48px;\" align=\"center\">50 M\u20ac<\/td>\n<td style=\"border: 1px solid #808080; height: 48px;\" align=\"center\">350 M\u20ac<\/td>\n<\/tr>\n<tr style=\"height: 48px;\">\n<td style=\"border: 1px solid #808080; height: 48px;\" align=\"center\">Programa 3<\/td>\n<td style=\"text-align: left; border: 1px solid #808080; height: 48px;\" align=\"center\">Incorporaci\u00f3 d&#8217;emmagatzematge en autoconsums existents en sectors econ\u00f2mics.<\/td>\n<td style=\"border: 1px solid #808080; height: 48px;\" align=\"center\"><\/td>\n<td style=\"border: 1px solid #808080; height: 48px;\" align=\"center\">90 M\u20ac<\/td>\n<td style=\"border: 1px solid #808080; height: 48px;\" align=\"center\">90 M\u20ac<\/td>\n<\/tr>\n<tr style=\"height: 48px;\">\n<td style=\"border: 1px solid #808080; height: 48px;\" align=\"center\">Programa 4<\/td>\n<td style=\"text-align: left; border: 1px solid #808080; height: 48px;\" align=\"center\">Autoconsum i emmagatzematge al sector residencial, el sector p\u00fablic i el tercer sector.<\/td>\n<td style=\"border: 1px solid #808080; height: 48px;\" align=\"center\">400 M\u20ac<\/td>\n<td style=\"border: 1px solid #808080; height: 48px;\" align=\"center\">30 M\u20ac<\/td>\n<td style=\"border: 1px solid #808080; height: 48px;\" align=\"center\">430 M\u20ac<\/td>\n<\/tr>\n<tr style=\"height: 48px;\">\n<td style=\"border: 1px solid #808080; height: 48px;\" align=\"center\">Programa 5<\/td>\n<td style=\"text-align: left; border: 1px solid #808080; height: 48px;\" align=\"center\">Incorporaci\u00f3 d&#8217;emmagatzematge a autoconsums del sector residencial, sector p\u00fablic i tercer sector.<\/td>\n<td style=\"border: 1px solid #808080; height: 48px;\" align=\"center\"><\/td>\n<td style=\"border: 1px solid #808080; height: 48px;\" align=\"center\">10 M\u20ac<\/td>\n<td style=\"border: 1px solid #808080; height: 48px;\" align=\"center\">10 M\u20ac<\/td>\n<\/tr>\n<tr style=\"height: 48px;\">\n<td style=\"border: 1px solid #808080; height: 48px;\" align=\"center\">Programa\u00a06<\/td>\n<td style=\"text-align: left; border: 1px solid #808080; height: 48px;\" align=\"center\">Climatitzaci\u00f3 i aigua calenta sanit\u00e0ria obtinguda amb renovables al sector residencial, incl\u00f2s l&#8217;habitatge p\u00fablic protegit.<\/td>\n<td style=\"border: 1px solid #808080; height: 48px;\" align=\"center\"><\/td>\n<td style=\"border: 1px solid #808080; height: 48px;\" align=\"center\"><\/td>\n<td style=\"border: 1px solid #808080; height: 48px;\" align=\"center\">200 M\u20ac<\/td>\n<\/tr>\n<tr style=\"height: 24px;\">\n<td style=\"border: 1px solid #808080; height: 24px;\" colspan=\"3\" align=\"center\"><\/td>\n<td style=\"border: 1px solid #808080; height: 24px;\" align=\"center\">\u00a0<strong>TOTAL<\/strong><\/td>\n<td style=\"border: 1px solid #808080; height: 24px;\" align=\"center\"><strong>1.320\u00a0M\u20ac<\/strong><\/td>\n<\/tr>\n<\/tbody>\n<\/table>\n<p>La subvenci\u00f3 inclou la inversi\u00f3 en equips i materials; l&#8217;obra civil; els equipaments electromec\u00e0nics; hidr\u00e0ulics, de control i auxiliars; els sistemes de gesti\u00f3 i monitoritzaci\u00f3; la redacci\u00f3 de projectes, mem\u00f2ries t\u00e8cniques i direcci\u00f3 facultativa, entre altres actuacions.<\/p>\n<p>D&#8217;altra banda, per augmentar la informaci\u00f3 i la sensibilitzaci\u00f3 de la societat, totes les instal\u00b7lacions subvencionades hauran d&#8217;incloure un sistema de monitoratge. En empreses i administracions, el rendiment s&#8217;ha de reflectir en una pantalla a la vista del p\u00fablic o dels treballadors; a habitatges ser\u00e0 accessible mitjan\u00e7ant un dispositiu m\u00f2bil.<\/p>\n<p>Un altre aspecte important a destacar \u00e9s l&#8217;obligatorietat d&#8217;empreses i administracions a mostrar el rendiment de la instal\u00b7laci\u00f3 en una pantalla a la vista del p\u00fablic o dels treballadors.<\/p>\n<p>Amb aquests incentius el govern espanyol espera augmentar el PIB d&#8217;1,7 a 3,2 milions per cada mili\u00f3 d&#8217;ajuda, creant m\u00e9s de 25.000 llocs de treball de proximitat, 45.000 comptant amb els indirectes, a m\u00e9s de rebaixar les emissions de CO2 en m\u00e9s de un mili\u00f3 de tones a l&#8217;any, contribuint a assolir els objectius marcats al Pla Nacional Integrat d&#8217;Energia i Clima (PNIEC), per arribar al 42% de l&#8217;\u00fas d&#8217;energies renovables el 2030.<\/p>\n<p>L&#8217;Institut per a la Diversificaci\u00f3 i l&#8217;Estalvi de l&#8217;Energia (IDAE) ser\u00e0 l&#8217;encarregat de gestionar el paquet d&#8217;ajudes, coordinant-ne l&#8217;execuci\u00f3, seguint el mateix procediment utilitzat durant les ajudes del 2019.<\/p>\n<p>Quanta subvenci\u00f3 puc obtenir?<\/p>\n<p>La intensitat de les ajudes variar\u00e0 en funci\u00f3 del beneficiari i el tipus d&#8217;instal\u00b7laci\u00f3. Les empreses disposen d\u201fun barem percentual en funci\u00f3 del volum d\u201finversi\u00f3, fins a un m\u00e0xim, mentre que les administracions p\u00fabliques i particulars disposen d\u201fun percentatge fix subvencionable.<\/p>\n<p>Les ajudes per a autoconsum queden resumides a la taula seg\u00fcent:<\/p>\n<table style=\"cursor: default; border-width: 1px; border-style: solid;\" border=\"1\" cellspacing=\"0\" cellpadding=\"5\" align=\"center\">\n<tbody>\n<tr style=\"background-color: #d6e0f5; border-color: #000000; border-width: 1px;\" align=\"center\">\n<td align=\"center\"><strong>Sistemas de autoconsum<\/strong><\/td>\n<td align=\"center\"><strong>Intensitat de las ajudas<\/strong><\/td>\n<\/tr>\n<tr>\n<td align=\"center\">Gran empresa<\/td>\n<td align=\"center\">15%<\/td>\n<\/tr>\n<tr>\n<td align=\"center\">Pyme<\/td>\n<td align=\"center\">45%<\/td>\n<\/tr>\n<tr>\n<td align=\"center\">Instalaci\u00f3 amb potencia &lt; 10kW<\/td>\n<td align=\"center\">45%<\/td>\n<\/tr>\n<tr>\n<td align=\"center\">Particulars<\/td>\n<td align=\"center\">40%<\/td>\n<\/tr>\n<tr>\n<td align=\"center\">Autoconsum colectiu<\/td>\n<td align=\"center\">50%<\/td>\n<\/tr>\n<tr>\n<td align=\"center\">Administracions p\u00fablicas<\/td>\n<td align=\"center\">70%<\/td>\n<\/tr>\n<\/tbody>\n<\/table>\n<p>&nbsp;<\/p>\n<p>Es valorar\u00e0 la retirada de cobertes d&#8217;amiant i la instal\u00b7laci\u00f3 de marquesines per optimitzar l&#8217;\u00fas de l&#8217;espai, com \u00e9s freq\u00fcent als aparcaments.<\/p>\n<p>A fi d&#8217;afrontar el repte demogr\u00e0fic, tots els conceptes anteriors s&#8217;incrementaran en un 5% addicional en aquells municipis amb menys de 5.000 habitants i als municipis amb menys de 20.000 habitants en entorns rurals els diferents nuclis de poblaci\u00f3 dels quals tinguin menys de 5.000 habitants .<\/p>\n<p>Repartiment territorial<br \/>\nPolsar en el seg\u00fcent enlla\u00e7 per revisar el repartiment de les quanties a nivell de comunitat aut\u00f2noma i Ciutats de Ceuta i Melilla:<\/p>\n<table style=\"width: 80%; background-color: #fde7e7; border: 1px solid #ff6161; height: 158px;\" cellpadding=\"20\">\n<tbody>\n<tr>\n<td><a href=\"https:\/\/www.miteco.gob.es\/es\/prensa\/territorializacionayudasrdautoconsumobateriasyclimatizacionrenovable_tcm30-528650.pdf\" target=\"_blank\" rel=\"noopener\"><strong>https:\/\/www.miteco.gob.es\/es\/prensa\/territorializacionayudasrdautoconsumobateriasy<br \/>\nclimatizacionrenovable_tcm30-528650.pdf<\/strong><\/a><\/td>\n<\/tr>\n<\/tbody>\n<\/table>\n<hr \/>\n<h3><\/h3>\n<p>Solucions de Circutor per obtenir ajudes al sistema d&#8217;autoconsum<\/p>\n<p>Com hem vist per obtenir les ajudes en la implantaci\u00f3 de sistemes d&#8217;autoconsum, s&#8217;exigeix la instal\u00b7laci\u00f3 d&#8217;equips capa\u00e7os de ser monitoritzats de manera remota per obtenir acc\u00e9s a la informaci\u00f3 sobre consums i generaci\u00f3 d&#8217;energia.<\/p>\n<p>Circutor, com a expert en sistemes d&#8217;autoconsum, disposa de diferents equips capa\u00e7os de complir amb les expectatives per a l&#8217;obtenci\u00f3 de les diferents ajudes en sistemes d&#8217;autoconsum.<\/p>\n<p>Producte destacat per a la gesti\u00f3 de sistemes d&#8217;autoconsum<br \/>\nCDP &#8211; Controlador Din\u00e0mic de Pot\u00e8ncia<\/p>\n<p>Els controladors CDP (Control Din\u00e0mic de Pot\u00e8ncia) ajusten en tot moment la pot\u00e8ncia m\u00e0xima de producci\u00f3 dels inversors fotovoltaics a la pot\u00e8ncia que es consumeix a l&#8217;edifici. D&#8217;aquesta manera es pot assegurar, per exemple, la injecci\u00f3 d&#8217;excedents energ\u00e8tics a la xarxa, o b\u00e9 la injecci\u00f3 de la fracci\u00f3 de pot\u00e8ncia que permeti la legislaci\u00f3 de cada pa\u00eds. Certificat segons norma UNE-EN 217001.<\/p>\n<p>Gestionar les principals marques d&#8217;inversors i diversos inversors per instal\u00b7laci\u00f3.<br \/>\nMonitoritzaci\u00f3 via web (Smartphone, Tablet o PC)<br \/>\nDatalogger i desc\u00e0rrega de fitxer .csv amb dades hist\u00f2riques de consums via web<br \/>\nM\u00faltiples opcions de regulaci\u00f3 via web<br \/>\nPantalla amb informaci\u00f3 de consum, producci\u00f3 FV i consum de xarxa<br \/>\nPossibilitat d&#8217;utilitzar analitzadors de xarxes per augmentar informaci\u00f3<br \/>\nDoble protecci\u00f3 contra injecci\u00f3 a xarxa<br \/>\nComunicacions Modbus\/TCP per a integraci\u00f3 a SCADA.<\/p>\n<table style=\"cursor: default; border-width: 1px; border-style: solid; width: 100%;\" border=\"1\" cellspacing=\"0\" cellpadding=\"5\" align=\"center\">\n<tbody>\n<tr style=\"background-color: #d6e0f5; border-color: #000000; border-width: 1px;\" align=\"center\">\n<td style=\"width: 15%;\" align=\"center\"><strong>Equipo<\/strong><\/td>\n<td style=\"width: 85%;\" align=\"center\"><strong>Descripci\u00f3<\/strong><\/td>\n<\/tr>\n<tr>\n<td style=\"width: 15%;\" align=\"center\">CDP-0<\/td>\n<td style=\"width: 85%;\" align=\"center\">El CDP-0 t\u00e9 com a objectiu ajustar el nivell de producci\u00f3 d&#8217;energia d&#8217;un o m\u00e9s inversors en una instal\u00b7laci\u00f3 fotovoltaica al consum de l&#8217;usuari. D&#8217;aquesta manera, s&#8217;aconsegueix eliminar la injecci\u00f3 de pot\u00e8ncia a la xarxa en aquelles regions on no est\u00e0 perm\u00e8s.<\/td>\n<\/tr>\n<tr>\n<td style=\"width: 15%;\" align=\"center\">CDP-DUO<\/td>\n<td style=\"width: 85%;\" align=\"center\">Destinat a controlar instal\u00b7lacions h\u00edbrides (alimentades per dues fonts alternatives d&#8217;energia). L&#8217;equip mesura en tot moment el consum de l&#8217;usuari i, gr\u00e0cies a la seva doble configuraci\u00f3, regula els inversors per adaptar la generaci\u00f3 solar al tipus de xarxa i\/o generador present.<\/td>\n<\/tr>\n<\/tbody>\n<\/table>\n<p>&nbsp;<\/p>\n<p>PV-Monitor &#8211; Datalogger per monitoritzar fotovoltaica amb monitoritzaci\u00f3 meteorol\u00f2gica<\/p>\n<p>Coneix i emmagatzema a temps real la producci\u00f3 fotovoltaica, l&#8217;estalvi energ\u00e8tic i els consums del teu edifici, habitatge o empresa directament des d&#8217;un servidor web. La soluci\u00f3 PV-Monitor disposa d&#8217;una pantalla scada, ja definida, perqu\u00e8 no hagis de fer cap tipus de programaci\u00f3. Visualitza el rendiment de la teva instal\u00b7laci\u00f3 mitjan\u00e7ant sensors de radiaci\u00f3 i temperatura, fent m\u00e9s f\u00e0cil el manteniment de la teva instal\u00b7laci\u00f3 fotovoltaica.<\/p>\n<table cellpadding=\"10\" align=\"center\">\n<tbody>\n<tr>\n<td><a href=\"\/productos\/E8\/\"><img class=\"alignnone size-full wp-image-9066\" src=\"https:\/\/circutor.com\/wp-content\/uploads\/2021\/07\/FD-ayudas-autoconsumo-pv-monitor-saber-mas.jpg\" alt=\"\" width=\"250\" srcset=\"https:\/\/circutor.com\/wp-content\/uploads\/2021\/07\/FD-ayudas-autoconsumo-pv-monitor-saber-mas.jpg 250w, https:\/\/circutor.com\/wp-content\/uploads\/2021\/07\/FD-ayudas-autoconsumo-pv-monitor-saber-mas-150x150.jpg 150w, https:\/\/circutor.com\/wp-content\/uploads\/2021\/07\/FD-ayudas-autoconsumo-pv-monitor-saber-mas-192x192.jpg 192w\" sizes=\"(max-width: 250px) 100vw, 250px\" \/><\/a><\/td>\n<td>\n<ul>\n<li>Detecci\u00f3 de baix rendiment instal\u00b7laci\u00f3 FV (\u00edndex d&#8217;aprofitament)<br \/>\nBalan\u00e7 energ\u00e8tic instantani del consum respecte a la generaci\u00f3 FV<br \/>\nC\u00e0lcul percentatge d&#8217;autoconsum mes en curs (fracci\u00f3 solar)<br \/>\nAlarmes generals de la instal\u00b7laci\u00f3 FV per advertir d&#8217;un funcionament an\u00f2mal (avisos e-mail)<br \/>\nReducci\u00f3 de lenergia consumida de la xarxa el\u00e8ctrica<br \/>\nReducci\u00f3 d&#8217;emissions de CO2 a l&#8217;atmosfera.<\/li>\n<\/ul>\n<\/td>\n<\/tr>\n<\/tbody>\n<\/table>\n<p>&nbsp;<\/p>\n<p>PVingPARK &#8211; Marquesina solar per a autoconsum instantani amb rec\u00e0rrega per a vehicles el\u00e8ctrics<\/p>\n<p>PVingPARK \u00e9s una soluci\u00f3 de marquesina solar fotovoltaica que permet combinar i integrar sistemes de rec\u00e0rrega per a vehicles el\u00e8ctrics. Aquesta soluci\u00f3 permet produir energia dins les hores solars per cobrir part del consum el\u00e8ctric duna instal\u00b7laci\u00f3 aix\u00ed com part del consum addicional associat a la rec\u00e0rrega dels vehicles el\u00e8ctrics. \u00c9s una soluci\u00f3 completament modular que permet adaptar-se al nombre de places, longitud o pot\u00e8ncia en kWp necessaris per a cada projecte.<\/p>\n<table cellpadding=\"10\" align=\"center\">\n<tbody>\n<tr>\n<td><a href=\"https:\/\/docs.circutor.com\/docs\/CT_PVing_Parks_2020_ES.pdf\" target=\"_blank\" rel=\"noopener\"><img class=\"alignnone size-full wp-image-9059\" src=\"https:\/\/circutor.com\/wp-content\/uploads\/2021\/07\/FD-ayudas-autoconsumo-pving-saber-mas.jpg\" alt=\"\" width=\"250\" srcset=\"https:\/\/circutor.com\/wp-content\/uploads\/2021\/07\/FD-ayudas-autoconsumo-pving-saber-mas.jpg 250w, https:\/\/circutor.com\/wp-content\/uploads\/2021\/07\/FD-ayudas-autoconsumo-pving-saber-mas-150x150.jpg 150w, https:\/\/circutor.com\/wp-content\/uploads\/2021\/07\/FD-ayudas-autoconsumo-pving-saber-mas-192x192.jpg 192w\" sizes=\"(max-width: 250px) 100vw, 250px\" \/><\/a><\/td>\n<td>\n<ul>\n<li>Reducci\u00f3 de lenergia consumida de la xarxa el\u00e8ctrica<br \/>\nCobertura per a p\u00e0rquings a la intemp\u00e8rie<br \/>\nPunts de rec\u00e0rrega per a vehicle el\u00e8ctric integrats a l&#8217;estructura de la marquesina<br \/>\nReducci\u00f3 d&#8217;emissions de CO2 a l&#8217;atmosfera<\/li>\n<\/ul>\n<\/td>\n<\/tr>\n<\/tbody>\n<\/table>\n<h4><\/h4>\n<p>Estructures i perfileria de suport per a m\u00f2duls fotovoltaics<\/p>\n<p>Circutor disposa d&#8217;estructures de suport per a m\u00f2duls fotovoltaics, configurables per a qualsevol instal\u00b7laci\u00f3 i coberta. Perfileria d&#8217;Alumini Anoditzat, triangles premuntats i cargols d&#8217;acer inoxidable, garantint tots els est\u00e0ndards de qualitat en qualsevol ambient i empla\u00e7ament. Alta resist\u00e8ncia en ambients salins i\/o corrosius, alta resist\u00e8ncia davant de ratllades, major a\u00efllament el\u00e8ctric i major durabilitat.<\/p>\n<p style=\"text-align: center;\"><a href=\"https:\/\/docs.circutor.com\/docs\/CT_Estructures_ES.pdf\" target=\"_blank\" rel=\"noopener\"><img loading=\"lazy\" class=\"alignnone size-full wp-image-9052\" src=\"https:\/\/circutor.com\/wp-content\/uploads\/2021\/07\/FD-ayudas-autoconsumo-estructuras.jpg\" alt=\"\" width=\"783\" height=\"711\" srcset=\"https:\/\/circutor.com\/wp-content\/uploads\/2021\/07\/FD-ayudas-autoconsumo-estructuras.jpg 783w, https:\/\/circutor.com\/wp-content\/uploads\/2021\/07\/FD-ayudas-autoconsumo-estructuras-300x272.jpg 300w, https:\/\/circutor.com\/wp-content\/uploads\/2021\/07\/FD-ayudas-autoconsumo-estructuras-768x697.jpg 768w, https:\/\/circutor.com\/wp-content\/uploads\/2021\/07\/FD-ayudas-autoconsumo-estructuras-211x192.jpg 211w\" sizes=\"(max-width: 783px) 100vw, 783px\" \/><\/a><\/p>\n<p>L&#8217;estructura subministrada inclou l&#8217;ancoratge necessari per a la subjecci\u00f3 dels m\u00f2duls fotovoltaics, aix\u00ed com l&#8217;ancoratge de la pr\u00f2pia estructura a la tipologia de coberta. No s&#8217;hi inclou, per tant, qualsevol sobreestructura prim\u00e0ria d&#8217;adaptaci\u00f3 de la pr\u00f2pia coberta, requerida per a la instal\u00b7laci\u00f3 de l&#8217;estructura dels m\u00f2duls fotovoltaics.<\/p>\n<p>Monitoritzaci\u00f3 remota d&#8217;instal\u00b7lacions d&#8217;autoconsum<br \/>\nMonitoritzaci\u00f3 en pantalles de mercat<\/p>\n<p>Com hem detallat anteriorment, un requisit indispensable per obtenir els ajuts a empreses i administracions \u00e9s la instal\u00b7laci\u00f3 d&#8217;una pantalla on qualsevol usuari, visita o treballador pugui veure les dades de consum i generaci\u00f3 de la instal\u00b7laci\u00f3.<\/p>\n<p>Per a aquest tipus de solucions Circutor disposa d&#8217;un kit de monitoritzaci\u00f3 especialment dissenyat per instal\u00b7lar-se directament a qualsevol pantalla o monitor amb entrada per HDMI. El kit de monitoritzaci\u00f3 es connecta als controladors de la instal\u00b7laci\u00f3 fotovoltaica mitjan\u00e7ant connexi\u00f3 Ethernet i mostra les dades seg\u00fcents:<\/p>\n<p>Pot\u00e8ncia instant\u00e0nia demanda a la xarxa de distribuci\u00f3<br \/>\nPot\u00e8ncia instant\u00e0nia fotovoltaica<br \/>\nPot\u00e8ncia total demanda per la instal\u00b7laci\u00f3<br \/>\nEnergia generada al mes en curs<br \/>\nGr\u00e0fic interactiu d&#8217;energies di\u00e0ries (Fotovoltaica, xarxa, instal\u00b7laci\u00f3 i injectada)<br \/>\nRadiaci\u00f3 solar instant\u00e0nia<br \/>\nTemperatura<br \/>\nGr\u00e0fic interactiu de pot\u00e8ncia di\u00e0ria (Fotovoltaic, consum i xarxa)<br \/>\nEstalvi mensual en euros<br \/>\nEstalvi mensual d&#8217;emissions (Tones de CO2)<\/p>\n<p style=\"text-align: center;\"><img loading=\"lazy\" class=\"alignnone size-full wp-image-9084\" src=\"https:\/\/circutor.com\/wp-content\/uploads\/2021\/07\/FD-ayudas-autoconsumo-pantalla-2.jpg\" alt=\"\" width=\"800\" height=\"450\" srcset=\"https:\/\/circutor.com\/wp-content\/uploads\/2021\/07\/FD-ayudas-autoconsumo-pantalla-2.jpg 800w, https:\/\/circutor.com\/wp-content\/uploads\/2021\/07\/FD-ayudas-autoconsumo-pantalla-2-300x169.jpg 300w, https:\/\/circutor.com\/wp-content\/uploads\/2021\/07\/FD-ayudas-autoconsumo-pantalla-2-768x432.jpg 768w, https:\/\/circutor.com\/wp-content\/uploads\/2021\/07\/FD-ayudas-autoconsumo-pantalla-2-341x192.jpg 341w, https:\/\/circutor.com\/wp-content\/uploads\/2021\/07\/FD-ayudas-autoconsumo-pantalla-2-752x423.jpg 752w\" sizes=\"(max-width: 800px) 100vw, 800px\" \/><\/p>\n<p>Exemple monitoritzaci\u00f3 per pantalla externa<\/p>\n<p>&nbsp;<\/p>\n<p>Monitoritzaci\u00f3 remota per a instal\u00b7lacions col\u00b7lectives i multi-seus<\/p>\n<p>Circutor disposa de l&#8217;aplicaci\u00f3 PV-BOX per pujar autom\u00e0ticament totes les dades d&#8217;una aplicaci\u00f3 d&#8217;autoconsum a un servei al n\u00favol on els gestors de qualsevol instal\u00b7laci\u00f3 poden accedir mitjan\u00e7ant navegador web per revisar l&#8217;estat de la instal\u00b7laci\u00f3.<\/p>\n<p>La instal\u00b7laci\u00f3 de PV-BOX permet l&#8217;acc\u00e9s tant a usuaris finals com als gestors d&#8217;instal\u00b7lacions l&#8217;acc\u00e9s a dades de consum i rendiment aix\u00ed com generar i enviar alarmes autom\u00e0tiques per a la correcta gesti\u00f3 i manteniment d&#8217;instal\u00b7lacions d&#8217;autoconsum, garantint-ne el correcte rendiment i assegurant el retorn de la inversi\u00f3. A m\u00e9s, la soluci\u00f3 permet enviar autom\u00e0ticament simulacions de factura mensuals, tenint en compte les tarifes actuals juntament amb l&#8217;energia generada.<\/p>\n<p>La visualitzaci\u00f3 de PV-BOX es pot afegir a qualsevol p\u00e0gina web, ja sigui p\u00fablica o corporativa, donant visibilitat dels resultats obtinguts de manera f\u00e0cil i segura.<\/p>\n<p>Beneficis per al gestor\/mantenidor<\/p>\n<p>PV-BOX \u00e9s una soluci\u00f3 dissenyada per gestionar m\u00faltiples instal\u00b7lacions d&#8217;autoconsum des d&#8217;un mateix entorn, per operar i mantenir f\u00e0cilment qualsevol instal\u00b7laci\u00f3 d&#8217;autoconsum.<\/p>\n<p>Ofereix les dades de consum i generaci\u00f3, informes d&#8217;estalvi energ\u00e8tic i avisa els teus clients quan es produeixi alguna inefici\u00e8ncia en la instal\u00b7laci\u00f3 d&#8217;autoconsum.<\/p>\n<p>Propietaris o usuaris<\/p>\n<p>PV-BOX \u00e9s una soluci\u00f3 que permet a l&#8217;usuari visualitzar la seva producci\u00f3 fotovoltaica i comparar-la amb el consum real, monitoritzant d&#8217;una sola ullada el balan\u00e7 net de la instal\u00b7laci\u00f3.<\/p>\n<p>PV-BOX ofereix la monitoritzaci\u00f3 de la teva instal\u00b7laci\u00f3 d&#8217;autoconsum des de qualsevol terminal i lloc del m\u00f3n. Integra tota la informaci\u00f3 a la teva pr\u00f2pia web (iframe) per donar visibilitat de l&#8217;evoluci\u00f3 de la teva instal\u00b7laci\u00f3.<\/p>\n<p class=\"_mce_tagged_br\" style=\"text-align: center;\"><img loading=\"lazy\" class=\"alignnone size-full wp-image-9038\" src=\"https:\/\/circutor.com\/wp-content\/uploads\/2021\/07\/FD-ayudas-autoconsumo-imagen-PV-1.jpg\" alt=\"\" width=\"716\" height=\"463\" srcset=\"https:\/\/circutor.com\/wp-content\/uploads\/2021\/07\/FD-ayudas-autoconsumo-imagen-PV-1.jpg 716w, https:\/\/circutor.com\/wp-content\/uploads\/2021\/07\/FD-ayudas-autoconsumo-imagen-PV-1-300x194.jpg 300w, https:\/\/circutor.com\/wp-content\/uploads\/2021\/07\/FD-ayudas-autoconsumo-imagen-PV-1-297x192.jpg 297w\" sizes=\"(max-width: 716px) 100vw, 716px\" \/><\/p>\n<p style=\"text-align: center;\"><strong>Visualizaci\u00f3n entorno PV-BOX<\/strong><\/p>\n<p>&nbsp;<\/p>\n<p style=\"text-align: center;\"><img loading=\"lazy\" class=\"alignnone size-full wp-image-9045\" src=\"https:\/\/circutor.com\/wp-content\/uploads\/2021\/07\/FD-ayudas-autoconsumo-imagen-PV-2.jpg\" alt=\"\" width=\"800\" height=\"345\" srcset=\"https:\/\/circutor.com\/wp-content\/uploads\/2021\/07\/FD-ayudas-autoconsumo-imagen-PV-2.jpg 800w, https:\/\/circutor.com\/wp-content\/uploads\/2021\/07\/FD-ayudas-autoconsumo-imagen-PV-2-300x129.jpg 300w, https:\/\/circutor.com\/wp-content\/uploads\/2021\/07\/FD-ayudas-autoconsumo-imagen-PV-2-768x331.jpg 768w, https:\/\/circutor.com\/wp-content\/uploads\/2021\/07\/FD-ayudas-autoconsumo-imagen-PV-2-445x192.jpg 445w\" sizes=\"(max-width: 800px) 100vw, 800px\" \/><\/p>\n<p>Manteniment (\u00edndex pr \/ temperatura vs radiaci\u00f3)<\/p>\n<p>&nbsp;<\/p>\n<p>A Circutor estem totalment conven\u00e7uts que les nostres solucions per a la realitzaci\u00f3 de sistemes d&#8217;autoconsum encaixen perfectament amb el pla d&#8217;ajuts establert pel govern d&#8217;Espanya, assegurant l&#8217;\u00e8xit dels projectes dels nostres clients i col\u00b7laboradors.[\/vc_column_text][\/vc_column][\/vc_row]<\/p>\n","protected":false},"excerpt":{"rendered":"<p>[vc_row][vc_column][vc_column_text]El Consell de Ministres, partint de la proposta del Ministeri per a la Transici\u00f3 Ecol\u00f2gica i el Repte Demogr\u00e0fic (MITECO), ha aprovat dimarts 29 de juny passat un paquet d&#8217;ajudes dotat amb fins a 1.320 milions d&#8217;euros per impulsar la implementaci\u00f3 de sistemes d&#8217;autoconsum , demmagatzematge denergia i de climatitzaci\u00f3 amb energies renovables. El programa [&hellip;]<\/p>\n","protected":false},"author":3,"featured_media":37970,"comment_status":"open","ping_status":"open","sticky":false,"template":"","format":"standard","meta":[],"categories":[3710],"tags":[3721],"acf":[],"yoast_head":"<!-- This site is optimized with the Yoast SEO plugin v19.4 - https:\/\/yoast.com\/wordpress\/plugins\/seo\/ -->\n<title>Aprobados 1.320 millones para autoconsumo, almacenamiento y climatizaci\u00f3n - CIRCUTOR<\/title>\n<meta name=\"robots\" content=\"index, follow, max-snippet:-1, max-image-preview:large, max-video-preview:-1\" \/>\n<link rel=\"canonical\" href=\"https:\/\/circutor.com\/ca\/articles\/aprobados-1-320-millones-para-autoconsumo-almacenamiento-y-climatizacion\/\" \/>\n<meta property=\"og:locale\" content=\"ca_ES\" \/>\n<meta property=\"og:type\" content=\"article\" \/>\n<meta property=\"og:title\" content=\"Aprobados 1.320 millones para autoconsumo, almacenamiento y climatizaci\u00f3n - CIRCUTOR\" \/>\n<meta property=\"og:description\" content=\"[vc_row][vc_column][vc_column_text]El Consell de Ministres, partint de la proposta del Ministeri per a la Transici\u00f3 Ecol\u00f2gica i el Repte Demogr\u00e0fic (MITECO), ha aprovat dimarts 29 de juny passat un paquet d&#8217;ajudes dotat amb fins a 1.320 milions d&#8217;euros per impulsar la implementaci\u00f3 de sistemes d&#8217;autoconsum , demmagatzematge denergia i de climatitzaci\u00f3 amb energies renovables. El programa [&hellip;]\" \/>\n<meta property=\"og:url\" content=\"https:\/\/circutor.com\/ca\/articles\/aprobados-1-320-millones-para-autoconsumo-almacenamiento-y-climatizacion\/\" \/>\n<meta property=\"og:site_name\" content=\"CIRCUTOR\" \/>\n<meta property=\"article:publisher\" content=\"https:\/\/www.facebook.com\/CIRCUTOR.ES\" \/>\n<meta property=\"article:published_time\" content=\"2021-07-08T10:33:53+00:00\" \/>\n<meta property=\"article:modified_time\" content=\"2023-05-25T10:06:44+00:00\" \/>\n<meta property=\"og:image\" content=\"https:\/\/circutor.com\/wp-content\/uploads\/2021\/07\/FDi-ayudas-autoconsumo.jpg\" \/>\n\t<meta property=\"og:image:width\" content=\"1152\" \/>\n\t<meta property=\"og:image:height\" content=\"540\" \/>\n\t<meta property=\"og:image:type\" content=\"image\/jpeg\" \/>\n<meta name=\"author\" content=\"Circutor\" \/>\n<meta name=\"twitter:card\" content=\"summary_large_image\" \/>\n<meta name=\"twitter:creator\" content=\"@circutor\" \/>\n<meta name=\"twitter:site\" content=\"@circutor\" \/>\n<meta name=\"twitter:label1\" content=\"Escrit per\" \/>\n\t<meta name=\"twitter:data1\" content=\"Circutor\" \/>\n\t<meta name=\"twitter:label2\" content=\"Temps estimat de lectura\" \/>\n\t<meta name=\"twitter:data2\" content=\"11 minuts\" \/>\n<script type=\"application\/ld+json\" class=\"yoast-schema-graph\">{\"@context\":\"https:\/\/schema.org\",\"@graph\":[{\"@type\":\"Organization\",\"@id\":\"https:\/\/circutor.com\/#organization\",\"name\":\"Circutor\",\"url\":\"https:\/\/circutor.com\/\",\"sameAs\":[\"https:\/\/www.instagram.com\/circutor_es\",\"https:\/\/www.linkedin.com\/company\/circutor\",\"https:\/\/www.youtube.com\/user\/CIRCUTORoficial\",\"https:\/\/www.facebook.com\/CIRCUTOR.ES\",\"https:\/\/twitter.com\/circutor\"],\"logo\":{\"@type\":\"ImageObject\",\"inLanguage\":\"ca\",\"@id\":\"https:\/\/circutor.com\/#\/schema\/logo\/image\/\",\"url\":\"https:\/\/circutor.com\/wp-content\/uploads\/2020\/09\/CIR_LOGO_RED.png\",\"contentUrl\":\"https:\/\/circutor.com\/wp-content\/uploads\/2020\/09\/CIR_LOGO_RED.png\",\"width\":512,\"height\":128,\"caption\":\"Circutor\"},\"image\":{\"@id\":\"https:\/\/circutor.com\/#\/schema\/logo\/image\/\"}},{\"@type\":\"WebSite\",\"@id\":\"https:\/\/circutor.com\/#website\",\"url\":\"https:\/\/circutor.com\/\",\"name\":\"CIRCUTOR\",\"description\":\"Soluciones para la eficiencia energ\u00e9tica el\u00e9ctrica\",\"publisher\":{\"@id\":\"https:\/\/circutor.com\/#organization\"},\"potentialAction\":[{\"@type\":\"SearchAction\",\"target\":{\"@type\":\"EntryPoint\",\"urlTemplate\":\"https:\/\/circutor.com\/?s={search_term_string}\"},\"query-input\":\"required name=search_term_string\"}],\"inLanguage\":\"ca\"},{\"@type\":\"WebPage\",\"@id\":\"https:\/\/circutor.com\/ca\/articles\/aprobados-1-320-millones-para-autoconsumo-almacenamiento-y-climatizacion\/\",\"url\":\"https:\/\/circutor.com\/ca\/articles\/aprobados-1-320-millones-para-autoconsumo-almacenamiento-y-climatizacion\/\",\"name\":\"Aprobados 1.320 millones para autoconsumo, almacenamiento y climatizaci\u00f3n - CIRCUTOR\",\"isPartOf\":{\"@id\":\"https:\/\/circutor.com\/#website\"},\"datePublished\":\"2021-07-08T10:33:53+00:00\",\"dateModified\":\"2023-05-25T10:06:44+00:00\",\"breadcrumb\":{\"@id\":\"https:\/\/circutor.com\/ca\/articles\/aprobados-1-320-millones-para-autoconsumo-almacenamiento-y-climatizacion\/#breadcrumb\"},\"inLanguage\":\"ca\",\"potentialAction\":[{\"@type\":\"ReadAction\",\"target\":[\"https:\/\/circutor.com\/ca\/articles\/aprobados-1-320-millones-para-autoconsumo-almacenamiento-y-climatizacion\/\"]}]},{\"@type\":\"BreadcrumbList\",\"@id\":\"https:\/\/circutor.com\/ca\/articles\/aprobados-1-320-millones-para-autoconsumo-almacenamiento-y-climatizacion\/#breadcrumb\",\"itemListElement\":[{\"@type\":\"ListItem\",\"position\":1,\"name\":\"Portada\",\"item\":\"https:\/\/circutor.com\/ca\/\"},{\"@type\":\"ListItem\",\"position\":2,\"name\":\"Aprobados 1.320 millones para autoconsumo, almacenamiento y climatizaci\u00f3n\"}]},{\"@type\":\"Article\",\"@id\":\"https:\/\/circutor.com\/ca\/articles\/aprobados-1-320-millones-para-autoconsumo-almacenamiento-y-climatizacion\/#article\",\"isPartOf\":{\"@id\":\"https:\/\/circutor.com\/ca\/articles\/aprobados-1-320-millones-para-autoconsumo-almacenamiento-y-climatizacion\/\"},\"author\":{\"name\":\"Circutor\",\"@id\":\"https:\/\/circutor.com\/#\/schema\/person\/234a865ed449be1116408bdfdf6f576a\"},\"headline\":\"Aprobados 1.320 millones para autoconsumo, almacenamiento y climatizaci\u00f3n\",\"datePublished\":\"2021-07-08T10:33:53+00:00\",\"dateModified\":\"2023-05-25T10:06:44+00:00\",\"mainEntityOfPage\":{\"@id\":\"https:\/\/circutor.com\/ca\/articles\/aprobados-1-320-millones-para-autoconsumo-almacenamiento-y-climatizacion\/\"},\"wordCount\":2121,\"commentCount\":0,\"publisher\":{\"@id\":\"https:\/\/circutor.com\/#organization\"},\"keywords\":[\"Autoconsum\"],\"articleSection\":[\"Articles\"],\"inLanguage\":\"ca\",\"potentialAction\":[{\"@type\":\"CommentAction\",\"name\":\"Comment\",\"target\":[\"https:\/\/circutor.com\/ca\/articles\/aprobados-1-320-millones-para-autoconsumo-almacenamiento-y-climatizacion\/#respond\"]}]},{\"@type\":\"Person\",\"@id\":\"https:\/\/circutor.com\/#\/schema\/person\/234a865ed449be1116408bdfdf6f576a\",\"name\":\"Circutor\",\"image\":{\"@type\":\"ImageObject\",\"inLanguage\":\"ca\",\"@id\":\"https:\/\/circutor.com\/#\/schema\/person\/image\/\",\"url\":\"https:\/\/circutor.com\/wp-content\/uploads\/2022\/04\/usuario-logo-gris-96x96.png\",\"contentUrl\":\"https:\/\/circutor.com\/wp-content\/uploads\/2022\/04\/usuario-logo-gris-96x96.png\",\"caption\":\"Circutor\"}}]}<\/script>\n<!-- \/ Yoast SEO plugin. -->","yoast_head_json":{"title":"Aprobados 1.320 millones para autoconsumo, almacenamiento y climatizaci\u00f3n - CIRCUTOR","robots":{"index":"index","follow":"follow","max-snippet":"max-snippet:-1","max-image-preview":"max-image-preview:large","max-video-preview":"max-video-preview:-1"},"canonical":"https:\/\/circutor.com\/ca\/articles\/aprobados-1-320-millones-para-autoconsumo-almacenamiento-y-climatizacion\/","og_locale":"ca_ES","og_type":"article","og_title":"Aprobados 1.320 millones para autoconsumo, almacenamiento y climatizaci\u00f3n - CIRCUTOR","og_description":"[vc_row][vc_column][vc_column_text]El Consell de Ministres, partint de la proposta del Ministeri per a la Transici\u00f3 Ecol\u00f2gica i el Repte Demogr\u00e0fic (MITECO), ha aprovat dimarts 29 de juny passat un paquet d&#8217;ajudes dotat amb fins a 1.320 milions d&#8217;euros per impulsar la implementaci\u00f3 de sistemes d&#8217;autoconsum , demmagatzematge denergia i de climatitzaci\u00f3 amb energies renovables. El programa [&hellip;]","og_url":"https:\/\/circutor.com\/ca\/articles\/aprobados-1-320-millones-para-autoconsumo-almacenamiento-y-climatizacion\/","og_site_name":"CIRCUTOR","article_publisher":"https:\/\/www.facebook.com\/CIRCUTOR.ES","article_published_time":"2021-07-08T10:33:53+00:00","article_modified_time":"2023-05-25T10:06:44+00:00","og_image":[{"width":1152,"height":540,"url":"https:\/\/circutor.com\/wp-content\/uploads\/2021\/07\/FDi-ayudas-autoconsumo.jpg","type":"image\/jpeg"}],"author":"Circutor","twitter_card":"summary_large_image","twitter_creator":"@circutor","twitter_site":"@circutor","twitter_misc":{"Escrit per":"Circutor","Temps estimat de lectura":"11 minuts"},"schema":{"@context":"https:\/\/schema.org","@graph":[{"@type":"Organization","@id":"https:\/\/circutor.com\/#organization","name":"Circutor","url":"https:\/\/circutor.com\/","sameAs":["https:\/\/www.instagram.com\/circutor_es","https:\/\/www.linkedin.com\/company\/circutor","https:\/\/www.youtube.com\/user\/CIRCUTORoficial","https:\/\/www.facebook.com\/CIRCUTOR.ES","https:\/\/twitter.com\/circutor"],"logo":{"@type":"ImageObject","inLanguage":"ca","@id":"https:\/\/circutor.com\/#\/schema\/logo\/image\/","url":"https:\/\/circutor.com\/wp-content\/uploads\/2020\/09\/CIR_LOGO_RED.png","contentUrl":"https:\/\/circutor.com\/wp-content\/uploads\/2020\/09\/CIR_LOGO_RED.png","width":512,"height":128,"caption":"Circutor"},"image":{"@id":"https:\/\/circutor.com\/#\/schema\/logo\/image\/"}},{"@type":"WebSite","@id":"https:\/\/circutor.com\/#website","url":"https:\/\/circutor.com\/","name":"CIRCUTOR","description":"Soluciones para la eficiencia energ\u00e9tica el\u00e9ctrica","publisher":{"@id":"https:\/\/circutor.com\/#organization"},"potentialAction":[{"@type":"SearchAction","target":{"@type":"EntryPoint","urlTemplate":"https:\/\/circutor.com\/?s={search_term_string}"},"query-input":"required name=search_term_string"}],"inLanguage":"ca"},{"@type":"WebPage","@id":"https:\/\/circutor.com\/ca\/articles\/aprobados-1-320-millones-para-autoconsumo-almacenamiento-y-climatizacion\/","url":"https:\/\/circutor.com\/ca\/articles\/aprobados-1-320-millones-para-autoconsumo-almacenamiento-y-climatizacion\/","name":"Aprobados 1.320 millones para autoconsumo, almacenamiento y climatizaci\u00f3n - CIRCUTOR","isPartOf":{"@id":"https:\/\/circutor.com\/#website"},"datePublished":"2021-07-08T10:33:53+00:00","dateModified":"2023-05-25T10:06:44+00:00","breadcrumb":{"@id":"https:\/\/circutor.com\/ca\/articles\/aprobados-1-320-millones-para-autoconsumo-almacenamiento-y-climatizacion\/#breadcrumb"},"inLanguage":"ca","potentialAction":[{"@type":"ReadAction","target":["https:\/\/circutor.com\/ca\/articles\/aprobados-1-320-millones-para-autoconsumo-almacenamiento-y-climatizacion\/"]}]},{"@type":"BreadcrumbList","@id":"https:\/\/circutor.com\/ca\/articles\/aprobados-1-320-millones-para-autoconsumo-almacenamiento-y-climatizacion\/#breadcrumb","itemListElement":[{"@type":"ListItem","position":1,"name":"Portada","item":"https:\/\/circutor.com\/ca\/"},{"@type":"ListItem","position":2,"name":"Aprobados 1.320 millones para autoconsumo, almacenamiento y climatizaci\u00f3n"}]},{"@type":"Article","@id":"https:\/\/circutor.com\/ca\/articles\/aprobados-1-320-millones-para-autoconsumo-almacenamiento-y-climatizacion\/#article","isPartOf":{"@id":"https:\/\/circutor.com\/ca\/articles\/aprobados-1-320-millones-para-autoconsumo-almacenamiento-y-climatizacion\/"},"author":{"name":"Circutor","@id":"https:\/\/circutor.com\/#\/schema\/person\/234a865ed449be1116408bdfdf6f576a"},"headline":"Aprobados 1.320 millones para autoconsumo, almacenamiento y climatizaci\u00f3n","datePublished":"2021-07-08T10:33:53+00:00","dateModified":"2023-05-25T10:06:44+00:00","mainEntityOfPage":{"@id":"https:\/\/circutor.com\/ca\/articles\/aprobados-1-320-millones-para-autoconsumo-almacenamiento-y-climatizacion\/"},"wordCount":2121,"commentCount":0,"publisher":{"@id":"https:\/\/circutor.com\/#organization"},"keywords":["Autoconsum"],"articleSection":["Articles"],"inLanguage":"ca","potentialAction":[{"@type":"CommentAction","name":"Comment","target":["https:\/\/circutor.com\/ca\/articles\/aprobados-1-320-millones-para-autoconsumo-almacenamiento-y-climatizacion\/#respond"]}]},{"@type":"Person","@id":"https:\/\/circutor.com\/#\/schema\/person\/234a865ed449be1116408bdfdf6f576a","name":"Circutor","image":{"@type":"ImageObject","inLanguage":"ca","@id":"https:\/\/circutor.com\/#\/schema\/person\/image\/","url":"https:\/\/circutor.com\/wp-content\/uploads\/2022\/04\/usuario-logo-gris-96x96.png","contentUrl":"https:\/\/circutor.com\/wp-content\/uploads\/2022\/04\/usuario-logo-gris-96x96.png","caption":"Circutor"}}]}},"_links":{"self":[{"href":"https:\/\/circutor.com\/ca\/wp-json\/wp\/v2\/posts\/37966"}],"collection":[{"href":"https:\/\/circutor.com\/ca\/wp-json\/wp\/v2\/posts"}],"about":[{"href":"https:\/\/circutor.com\/ca\/wp-json\/wp\/v2\/types\/post"}],"author":[{"embeddable":true,"href":"https:\/\/circutor.com\/ca\/wp-json\/wp\/v2\/users\/3"}],"replies":[{"embeddable":true,"href":"https:\/\/circutor.com\/ca\/wp-json\/wp\/v2\/comments?post=37966"}],"version-history":[{"count":0,"href":"https:\/\/circutor.com\/ca\/wp-json\/wp\/v2\/posts\/37966\/revisions"}],"wp:featuredmedia":[{"embeddable":true,"href":"https:\/\/circutor.com\/ca\/wp-json\/wp\/v2\/media\/37970"}],"wp:attachment":[{"href":"https:\/\/circutor.com\/ca\/wp-json\/wp\/v2\/media?parent=37966"}],"wp:term":[{"taxonomy":"category","embeddable":true,"href":"https:\/\/circutor.com\/ca\/wp-json\/wp\/v2\/categories?post=37966"},{"taxonomy":"post_tag","embeddable":true,"href":"https:\/\/circutor.com\/ca\/wp-json\/wp\/v2\/tags?post=37966"}],"curies":[{"name":"wp","href":"https:\/\/api.w.org\/{rel}","templated":true}]}}