{"id":37908,"date":"2021-12-17T10:50:18","date_gmt":"2021-12-17T08:50:18","guid":{"rendered":"https:\/\/circutor.com\/?p=37908"},"modified":"2023-05-25T12:05:33","modified_gmt":"2023-05-25T10:05:33","slug":"electromobilitat-i-solidaritat-amb-la-marato-de-tv3","status":"publish","type":"post","link":"https:\/\/circutor.com\/ca\/articles\/electromobilitat-i-solidaritat-amb-la-marato-de-tv3\/","title":{"rendered":"Electromobilitat i Solidaritat amb La Marat\u00f3 de TV3"},"content":{"rendered":"<p>[vc_row][vc_column][vc_column_text]El 19 de desembre vinent Circutor i Circontrol organitzen una activitat que barrejar\u00e0 l&#8217;experi\u00e8ncia de conducci\u00f3 de vehicles el\u00e8ctrics amb la solidaritat, captant fons per a La Marat\u00f3 de TV3.<\/p>\n<p>&nbsp;<\/p>\n<p>L&#8217;esdeveniment &#8220;Electromovitat i Solidaritat&#8221; que es realitzar\u00e0 el proper 19 de desembre neix amb el prop\u00f2sit de combinar dues de les nostres grans passions: La mobilitat el\u00e8ctrica i la solidaritat.<\/p>\n<p>Un esdeveniment que t\u00e9 com a objectiu aportar fons a la 30a edici\u00f3 La Marat\u00f3 de TV3, que aquest any es dedicar\u00e0 a la salut mental, alhora que permetr\u00e0 apropar l&#8217;experi\u00e8ncia de conducci\u00f3 d&#8217;un cotxe 100% el\u00e8ctric a qualsevol persona interessada.<\/p>\n<p>&nbsp;<\/p>\n<p>En qu\u00e8 consisteix l&#8217;esdeveniment &#8220;Electromovitat i Solidaritat&#8221;?<\/p>\n<p>L&#8217;activitat, oberta al p\u00fablic en general, consistir\u00e0 a realitzar un recorregut conduint un cotxe el\u00e8ctric per carretera oberta al tr\u00e0nsit, amb sortida i arribada a la nostra seu de Viladecavalls (veure ubicaci\u00f3). La dist\u00e0ncia a conduir ser\u00e0 de 20 km.<\/p>\n<p>Els vehicles el\u00e8ctrics seran models actuals,\u00a0100% el\u00e8ctrics, cedits per concessionaris de la comarca i podran anar un m\u00e0xim de 3 acompanyants a la persona que condueixi, juntament amb una persona volunt\u00e0ria de lorganitzaci\u00f3, que els acompanyar\u00e0 durant tot el recorregut.<\/p>\n<p>L&#8217;horari previst ser\u00e0 el diumenge dia 19 de desembre de 10 a 13 hores, en torns de mitja hora, aproximadament.<\/p>\n<p>&nbsp;<\/p>\n<p>De quina manera es fa la col\u00b7laboraci\u00f3 amb La Marat\u00f3 de TV3?<\/p>\n<p>Cada participant a l&#8217;activitat realitzar\u00e0 una aportaci\u00f3 a La Marat\u00f3 de TV3 d&#8217;1\u20ac per quil\u00f2metre recorregut i Circutor realitzar\u00e0 una aportaci\u00f3 d&#8217;igual quantitat, doblegant l&#8217;aportaci\u00f3 econ\u00f2mica de cada participant.<\/p>\n<p>&nbsp;<\/p>\n<p>Com fer la teva inscripci\u00f3?<\/p>\n<p>Per poder dimensionar i organitzar de forma adequada l&#8217;activitat, cal que ens comuniquis el teu inter\u00e8s a participar-hi, completant el seg\u00fcent formulari:<br \/>\n(inscripcions obertes fins el 17 de desembre a les 12:00 h)[\/vc_column_text][vc_empty_space][vc_single_image image=&#8221;14047&#8243; img_size=&#8221;full&#8221; alignment=&#8221;center&#8221;][vc_empty_space][vc_column_text]El termini dinscripci\u00f3 ha finalitzat<\/p>\n<p>La utilitzaci\u00f3 dels cotxes el\u00e8ctrics estar\u00e0 regulada pels reglaments de prova de vehicle que ja tenen definits els mateixos concessionaris.<\/p>\n<p>Cada participant haur\u00e0 d&#8217;acreditar estar en possessi\u00f3 de la llic\u00e8ncia corresponent de conducci\u00f3 i signar una declaraci\u00f3 responsable.<\/p>\n<p>Els vehicles circularan sempre respectant les normes de tr\u00e0nsit i velocitats m\u00e0ximes de la via formant grups petits per facilitar l&#8217;organitzaci\u00f3 de l&#8217;activitat.<\/p>\n<p>L&#8217;assignaci\u00f3 de vehicle a cada participant en un mateix torn es far\u00e0 per sorteig. Si una persona vol participar en m\u00e9s d&#8217;un torn, podr\u00e0 demanar no repetir el mateix model condu\u00eft.<\/p>\n<p>Places limitades. Les inscripcions a cada torn es faran per rigor\u00f3s ordre d&#8217;arribada de les inscripcions.<\/p>\n<p>&nbsp;<\/p>\n<p>&nbsp;<\/p>\n<p>&nbsp;<\/p>\n<p>La Marat\u00f3 de TV3<\/p>\n<p>La Marat\u00f3 de TV3 \u00e9s un projecte solidari impulsat per Televisi\u00f3 de Catalunya i la Fundaci\u00f3 La Marat\u00f3 de TV3 i est\u00e0 enfocat a l&#8217;obtenci\u00f3 de recursos econ\u00f2mics per a la investigaci\u00f3 cient\u00edfica de malalties que, ara com ara, no tenen cura.<\/p>\n<p>L&#8217;edici\u00f3 2021 de La Marat\u00f3 de TV3 est\u00e0 dedicada a la salut mental. Depressi\u00f3, ansietat, trastorn bipolar, esquizofr\u00e8nia i altres psicosis, trastorns obsessius compulsius, trastorns del neurodesenvolupament (com el TDAH, el trastorn de l&#8217;espectre autista o de l&#8217;aprenentatge), trastorns de la personalitat, de la conducta aliment\u00e0ria o addiccions. Aquests s\u00f3n nom\u00e9s alguns dels problemes de salut mental que centraran la 30a edici\u00f3 de La Marat\u00f3 de TV3 i Catalunya R\u00e0dio del 19 de desembre.<\/p>\n<p>La Marat\u00f3 de TV3<\/p>\n<h3 style=\"text-align: left;\"><\/h3>\n<p>[\/vc_column_text][vc_column_text]<\/p>\n<h2>Empreses col\u00b7laboradores amb l&#8217;esdeveniment &#8220;Electromobilitat i Solidaritat&#8221;<\/h2>\n<p>[\/vc_column_text][\/vc_column][\/vc_row][vc_row][vc_column width=&#8221;1\/4&#8243;][vc_single_image image=&#8221;14005&#8243; img_size=&#8221;full&#8221; alignment=&#8221;center&#8221; onclick=&#8221;custom_link&#8221; img_link_target=&#8221;_blank&#8221; link=&#8221;https:\/\/www.vallescar.es\/&#8221;][\/vc_column][vc_column width=&#8221;1\/4&#8243;][vc_empty_space height=&#8221;65px&#8221;][vc_single_image image=&#8221;14040&#8243; img_size=&#8221;full&#8221; alignment=&#8221;center&#8221; onclick=&#8221;custom_link&#8221; img_link_target=&#8221;_blank&#8221; link=&#8221;https:\/\/www.hyundai.com\/es.html&#8221;][\/vc_column][vc_column width=&#8221;1\/4&#8243;][vc_single_image image=&#8221;14026&#8243; img_size=&#8221;full&#8221; alignment=&#8221;center&#8221; onclick=&#8221;custom_link&#8221; img_link_target=&#8221;_blank&#8221; link=&#8221;https:\/\/audi.superwagen.com\/&#8221;][\/vc_column][vc_column width=&#8221;1\/4&#8243;][vc_single_image image=&#8221;14019&#8243; img_size=&#8221;full&#8221; alignment=&#8221;center&#8221; onclick=&#8221;custom_link&#8221; img_link_target=&#8221;_blank&#8221; link=&#8221;https:\/\/audi.superwagen.com\/&#8221;][\/vc_column][\/vc_row][vc_row css=&#8221;.vc_custom_1645960252289{margin-top: 10% !important;}&#8221;][vc_column width=&#8221;1\/4&#8243;][vc_single_image image=&#8221;14033&#8243; img_size=&#8221;full&#8221; alignment=&#8221;center&#8221; onclick=&#8221;custom_link&#8221; img_link_target=&#8221;_blank&#8221; link=&#8221;https:\/\/csmgrup.com\/&#8221;][\/vc_column][vc_column width=&#8221;1\/4&#8243;][vc_single_image image=&#8221;14012&#8243; img_size=&#8221;full&#8221; alignment=&#8221;center&#8221; onclick=&#8221;custom_link&#8221; img_link_target=&#8221;_blank&#8221; link=&#8221;https:\/\/www.sommobilitat.coop\/&#8221;][\/vc_column][vc_column width=&#8221;1\/4&#8243;][vc_single_image image=&#8221;14068&#8243; img_size=&#8221;full&#8221; alignment=&#8221;center&#8221; onclick=&#8221;custom_link&#8221; img_link_target=&#8221;_blank&#8221; link=&#8221;https:\/\/vallescar.es\/esp-mg&#8221;][\/vc_column][vc_column width=&#8221;1\/4&#8243;][vc_single_image image=&#8221;14082&#8243; img_size=&#8221;full&#8221; alignment=&#8221;center&#8221; onclick=&#8221;custom_link&#8221; img_link_target=&#8221;_blank&#8221; link=&#8221;https:\/\/www.porsche-barcelona.com\/&#8221;][\/vc_column][\/vc_row][vc_row css=&#8221;.vc_custom_1645960260366{margin-top: 10% !important;}&#8221;][vc_column width=&#8221;1\/4&#8243;][vc_single_image image=&#8221;14061&#8243; img_size=&#8221;full&#8221; alignment=&#8221;center&#8221; onclick=&#8221;custom_link&#8221; img_link_target=&#8221;_blank&#8221; link=&#8221;https:\/\/meccarsharing.com\/es\/&#8221;][\/vc_column][vc_column width=&#8221;1\/4&#8243;][vc_single_image image=&#8221;14089&#8243; img_size=&#8221;full&#8221; alignment=&#8221;center&#8221; onclick=&#8221;custom_link&#8221; img_link_target=&#8221;_blank&#8221; link=&#8221;https:\/\/www.volttour.eu\/&#8221;][\/vc_column][vc_column width=&#8221;1\/4&#8243;][vc_single_image image=&#8221;14054&#8243; img_size=&#8221;full&#8221; alignment=&#8221;center&#8221; onclick=&#8221;custom_link&#8221; img_link_target=&#8221;_blank&#8221; link=&#8221;https:\/\/www.einacooperativa.coop\/&#8221;][\/vc_column][vc_column width=&#8221;1\/4&#8243;][vc_single_image image=&#8221;13998&#8243; img_size=&#8221;full&#8221; alignment=&#8221;center&#8221; onclick=&#8221;custom_link&#8221; img_link_target=&#8221;_blank&#8221; link=&#8221;https:\/\/www.auve.org\/&#8221;][\/vc_column][\/vc_row][vc_row css=&#8221;.vc_custom_1645960268711{margin-top: 10% !important;}&#8221;][vc_column width=&#8221;1\/4&#8243;][vc_single_image image=&#8221;14075&#8243; img_size=&#8221;full&#8221; alignment=&#8221;center&#8221; onclick=&#8221;custom_link&#8221; img_link_target=&#8221;_blank&#8221; link=&#8221;https:\/\/www.m-renting.com\/&#8221;][\/vc_column][vc_column width=&#8221;1\/4&#8243;][\/vc_column][vc_column width=&#8221;1\/4&#8243;][\/vc_column][vc_column width=&#8221;1\/4&#8243;][\/vc_column][\/vc_row]<\/p>\n","protected":false},"excerpt":{"rendered":"<p>[vc_row][vc_column][vc_column_text]El 19 de desembre vinent Circutor i Circontrol organitzen una activitat que barrejar\u00e0 l&#8217;experi\u00e8ncia de conducci\u00f3 de vehicles el\u00e8ctrics amb la solidaritat, captant fons per a La Marat\u00f3 de TV3. &nbsp; L&#8217;esdeveniment &#8220;Electromovitat i Solidaritat&#8221; que es realitzar\u00e0 el proper 19 de desembre neix amb el prop\u00f2sit de combinar dues de les nostres grans passions: [&hellip;]<\/p>\n","protected":false},"author":3,"featured_media":37923,"comment_status":"open","ping_status":"open","sticky":false,"template":"","format":"standard","meta":[],"categories":[3710],"tags":[3729,3731],"acf":[],"yoast_head":"<!-- This site is optimized with the Yoast SEO plugin v19.4 - https:\/\/yoast.com\/wordpress\/plugins\/seo\/ -->\n<title>Electromobilitat i Solidaritat amb La Marat\u00f3 de TV3 - CIRCUTOR<\/title>\n<meta name=\"robots\" content=\"index, follow, max-snippet:-1, max-image-preview:large, max-video-preview:-1\" \/>\n<link rel=\"canonical\" href=\"https:\/\/circutor.com\/ca\/articles\/electromobilitat-i-solidaritat-amb-la-marato-de-tv3\/\" \/>\n<meta property=\"og:locale\" content=\"ca_ES\" \/>\n<meta property=\"og:type\" content=\"article\" \/>\n<meta property=\"og:title\" content=\"Electromobilitat i Solidaritat amb La Marat\u00f3 de TV3 - CIRCUTOR\" \/>\n<meta property=\"og:description\" content=\"[vc_row][vc_column][vc_column_text]El 19 de desembre vinent Circutor i Circontrol organitzen una activitat que barrejar\u00e0 l&#8217;experi\u00e8ncia de conducci\u00f3 de vehicles el\u00e8ctrics amb la solidaritat, captant fons per a La Marat\u00f3 de TV3. &nbsp; L&#8217;esdeveniment &#8220;Electromovitat i Solidaritat&#8221; que es realitzar\u00e0 el proper 19 de desembre neix amb el prop\u00f2sit de combinar dues de les nostres grans passions: [&hellip;]\" \/>\n<meta property=\"og:url\" content=\"https:\/\/circutor.com\/ca\/articles\/electromobilitat-i-solidaritat-amb-la-marato-de-tv3\/\" \/>\n<meta property=\"og:site_name\" content=\"CIRCUTOR\" \/>\n<meta property=\"article:publisher\" content=\"https:\/\/www.facebook.com\/CIRCUTOR.ES\" \/>\n<meta property=\"article:published_time\" content=\"2021-12-17T08:50:18+00:00\" \/>\n<meta property=\"article:modified_time\" content=\"2023-05-25T10:05:33+00:00\" \/>\n<meta property=\"og:image\" content=\"https:\/\/circutor.com\/wp-content\/uploads\/2022\/02\/FN-Electromovilidad-Solidaridad-2021.jpeg\" \/>\n\t<meta property=\"og:image:width\" content=\"760\" \/>\n\t<meta property=\"og:image:height\" content=\"356\" \/>\n\t<meta property=\"og:image:type\" content=\"image\/jpeg\" \/>\n<meta name=\"author\" content=\"Circutor\" \/>\n<meta name=\"twitter:card\" content=\"summary_large_image\" \/>\n<meta name=\"twitter:creator\" content=\"@circutor\" \/>\n<meta name=\"twitter:site\" content=\"@circutor\" \/>\n<meta name=\"twitter:label1\" content=\"Escrit per\" \/>\n\t<meta name=\"twitter:data1\" content=\"Circutor\" \/>\n\t<meta name=\"twitter:label2\" content=\"Temps estimat de lectura\" \/>\n\t<meta name=\"twitter:data2\" content=\"5 minuts\" \/>\n<script type=\"application\/ld+json\" class=\"yoast-schema-graph\">{\"@context\":\"https:\/\/schema.org\",\"@graph\":[{\"@type\":\"Organization\",\"@id\":\"https:\/\/circutor.com\/#organization\",\"name\":\"Circutor\",\"url\":\"https:\/\/circutor.com\/\",\"sameAs\":[\"https:\/\/www.instagram.com\/circutor_es\",\"https:\/\/www.linkedin.com\/company\/circutor\",\"https:\/\/www.youtube.com\/user\/CIRCUTORoficial\",\"https:\/\/www.facebook.com\/CIRCUTOR.ES\",\"https:\/\/twitter.com\/circutor\"],\"logo\":{\"@type\":\"ImageObject\",\"inLanguage\":\"ca\",\"@id\":\"https:\/\/circutor.com\/#\/schema\/logo\/image\/\",\"url\":\"https:\/\/circutor.com\/wp-content\/uploads\/2020\/09\/CIR_LOGO_RED.png\",\"contentUrl\":\"https:\/\/circutor.com\/wp-content\/uploads\/2020\/09\/CIR_LOGO_RED.png\",\"width\":512,\"height\":128,\"caption\":\"Circutor\"},\"image\":{\"@id\":\"https:\/\/circutor.com\/#\/schema\/logo\/image\/\"}},{\"@type\":\"WebSite\",\"@id\":\"https:\/\/circutor.com\/#website\",\"url\":\"https:\/\/circutor.com\/\",\"name\":\"CIRCUTOR\",\"description\":\"Soluciones para la eficiencia energ\u00e9tica el\u00e9ctrica\",\"publisher\":{\"@id\":\"https:\/\/circutor.com\/#organization\"},\"potentialAction\":[{\"@type\":\"SearchAction\",\"target\":{\"@type\":\"EntryPoint\",\"urlTemplate\":\"https:\/\/circutor.com\/?s={search_term_string}\"},\"query-input\":\"required name=search_term_string\"}],\"inLanguage\":\"ca\"},{\"@type\":\"WebPage\",\"@id\":\"https:\/\/circutor.com\/ca\/articles\/electromobilitat-i-solidaritat-amb-la-marato-de-tv3\/\",\"url\":\"https:\/\/circutor.com\/ca\/articles\/electromobilitat-i-solidaritat-amb-la-marato-de-tv3\/\",\"name\":\"Electromobilitat i Solidaritat amb La Marat\u00f3 de TV3 - CIRCUTOR\",\"isPartOf\":{\"@id\":\"https:\/\/circutor.com\/#website\"},\"datePublished\":\"2021-12-17T08:50:18+00:00\",\"dateModified\":\"2023-05-25T10:05:33+00:00\",\"breadcrumb\":{\"@id\":\"https:\/\/circutor.com\/ca\/articles\/electromobilitat-i-solidaritat-amb-la-marato-de-tv3\/#breadcrumb\"},\"inLanguage\":\"ca\",\"potentialAction\":[{\"@type\":\"ReadAction\",\"target\":[\"https:\/\/circutor.com\/ca\/articles\/electromobilitat-i-solidaritat-amb-la-marato-de-tv3\/\"]}]},{\"@type\":\"BreadcrumbList\",\"@id\":\"https:\/\/circutor.com\/ca\/articles\/electromobilitat-i-solidaritat-amb-la-marato-de-tv3\/#breadcrumb\",\"itemListElement\":[{\"@type\":\"ListItem\",\"position\":1,\"name\":\"Portada\",\"item\":\"https:\/\/circutor.com\/ca\/\"},{\"@type\":\"ListItem\",\"position\":2,\"name\":\"Electromobilitat i Solidaritat amb La Marat\u00f3 de TV3\"}]},{\"@type\":\"Article\",\"@id\":\"https:\/\/circutor.com\/ca\/articles\/electromobilitat-i-solidaritat-amb-la-marato-de-tv3\/#article\",\"isPartOf\":{\"@id\":\"https:\/\/circutor.com\/ca\/articles\/electromobilitat-i-solidaritat-amb-la-marato-de-tv3\/\"},\"author\":{\"name\":\"Circutor\",\"@id\":\"https:\/\/circutor.com\/#\/schema\/person\/234a865ed449be1116408bdfdf6f576a\"},\"headline\":\"Electromobilitat i Solidaritat amb La Marat\u00f3 de TV3\",\"datePublished\":\"2021-12-17T08:50:18+00:00\",\"dateModified\":\"2023-05-25T10:05:33+00:00\",\"mainEntityOfPage\":{\"@id\":\"https:\/\/circutor.com\/ca\/articles\/electromobilitat-i-solidaritat-amb-la-marato-de-tv3\/\"},\"wordCount\":999,\"commentCount\":0,\"publisher\":{\"@id\":\"https:\/\/circutor.com\/#organization\"},\"keywords\":[\"Mobilitat el\u00e8ctrica\",\"Rec\u00e0rrega vehicles el\u00e8ctrics\"],\"articleSection\":[\"Articles\"],\"inLanguage\":\"ca\",\"potentialAction\":[{\"@type\":\"CommentAction\",\"name\":\"Comment\",\"target\":[\"https:\/\/circutor.com\/ca\/articles\/electromobilitat-i-solidaritat-amb-la-marato-de-tv3\/#respond\"]}]},{\"@type\":\"Person\",\"@id\":\"https:\/\/circutor.com\/#\/schema\/person\/234a865ed449be1116408bdfdf6f576a\",\"name\":\"Circutor\",\"image\":{\"@type\":\"ImageObject\",\"inLanguage\":\"ca\",\"@id\":\"https:\/\/circutor.com\/#\/schema\/person\/image\/\",\"url\":\"https:\/\/circutor.com\/wp-content\/uploads\/2022\/04\/usuario-logo-gris-96x96.png\",\"contentUrl\":\"https:\/\/circutor.com\/wp-content\/uploads\/2022\/04\/usuario-logo-gris-96x96.png\",\"caption\":\"Circutor\"}}]}<\/script>\n<!-- \/ Yoast SEO plugin. -->","yoast_head_json":{"title":"Electromobilitat i Solidaritat amb La Marat\u00f3 de TV3 - CIRCUTOR","robots":{"index":"index","follow":"follow","max-snippet":"max-snippet:-1","max-image-preview":"max-image-preview:large","max-video-preview":"max-video-preview:-1"},"canonical":"https:\/\/circutor.com\/ca\/articles\/electromobilitat-i-solidaritat-amb-la-marato-de-tv3\/","og_locale":"ca_ES","og_type":"article","og_title":"Electromobilitat i Solidaritat amb La Marat\u00f3 de TV3 - CIRCUTOR","og_description":"[vc_row][vc_column][vc_column_text]El 19 de desembre vinent Circutor i Circontrol organitzen una activitat que barrejar\u00e0 l&#8217;experi\u00e8ncia de conducci\u00f3 de vehicles el\u00e8ctrics amb la solidaritat, captant fons per a La Marat\u00f3 de TV3. &nbsp; L&#8217;esdeveniment &#8220;Electromovitat i Solidaritat&#8221; que es realitzar\u00e0 el proper 19 de desembre neix amb el prop\u00f2sit de combinar dues de les nostres grans passions: [&hellip;]","og_url":"https:\/\/circutor.com\/ca\/articles\/electromobilitat-i-solidaritat-amb-la-marato-de-tv3\/","og_site_name":"CIRCUTOR","article_publisher":"https:\/\/www.facebook.com\/CIRCUTOR.ES","article_published_time":"2021-12-17T08:50:18+00:00","article_modified_time":"2023-05-25T10:05:33+00:00","og_image":[{"width":760,"height":356,"url":"https:\/\/circutor.com\/wp-content\/uploads\/2022\/02\/FN-Electromovilidad-Solidaridad-2021.jpeg","type":"image\/jpeg"}],"author":"Circutor","twitter_card":"summary_large_image","twitter_creator":"@circutor","twitter_site":"@circutor","twitter_misc":{"Escrit per":"Circutor","Temps estimat de lectura":"5 minuts"},"schema":{"@context":"https:\/\/schema.org","@graph":[{"@type":"Organization","@id":"https:\/\/circutor.com\/#organization","name":"Circutor","url":"https:\/\/circutor.com\/","sameAs":["https:\/\/www.instagram.com\/circutor_es","https:\/\/www.linkedin.com\/company\/circutor","https:\/\/www.youtube.com\/user\/CIRCUTORoficial","https:\/\/www.facebook.com\/CIRCUTOR.ES","https:\/\/twitter.com\/circutor"],"logo":{"@type":"ImageObject","inLanguage":"ca","@id":"https:\/\/circutor.com\/#\/schema\/logo\/image\/","url":"https:\/\/circutor.com\/wp-content\/uploads\/2020\/09\/CIR_LOGO_RED.png","contentUrl":"https:\/\/circutor.com\/wp-content\/uploads\/2020\/09\/CIR_LOGO_RED.png","width":512,"height":128,"caption":"Circutor"},"image":{"@id":"https:\/\/circutor.com\/#\/schema\/logo\/image\/"}},{"@type":"WebSite","@id":"https:\/\/circutor.com\/#website","url":"https:\/\/circutor.com\/","name":"CIRCUTOR","description":"Soluciones para la eficiencia energ\u00e9tica el\u00e9ctrica","publisher":{"@id":"https:\/\/circutor.com\/#organization"},"potentialAction":[{"@type":"SearchAction","target":{"@type":"EntryPoint","urlTemplate":"https:\/\/circutor.com\/?s={search_term_string}"},"query-input":"required name=search_term_string"}],"inLanguage":"ca"},{"@type":"WebPage","@id":"https:\/\/circutor.com\/ca\/articles\/electromobilitat-i-solidaritat-amb-la-marato-de-tv3\/","url":"https:\/\/circutor.com\/ca\/articles\/electromobilitat-i-solidaritat-amb-la-marato-de-tv3\/","name":"Electromobilitat i Solidaritat amb La Marat\u00f3 de TV3 - CIRCUTOR","isPartOf":{"@id":"https:\/\/circutor.com\/#website"},"datePublished":"2021-12-17T08:50:18+00:00","dateModified":"2023-05-25T10:05:33+00:00","breadcrumb":{"@id":"https:\/\/circutor.com\/ca\/articles\/electromobilitat-i-solidaritat-amb-la-marato-de-tv3\/#breadcrumb"},"inLanguage":"ca","potentialAction":[{"@type":"ReadAction","target":["https:\/\/circutor.com\/ca\/articles\/electromobilitat-i-solidaritat-amb-la-marato-de-tv3\/"]}]},{"@type":"BreadcrumbList","@id":"https:\/\/circutor.com\/ca\/articles\/electromobilitat-i-solidaritat-amb-la-marato-de-tv3\/#breadcrumb","itemListElement":[{"@type":"ListItem","position":1,"name":"Portada","item":"https:\/\/circutor.com\/ca\/"},{"@type":"ListItem","position":2,"name":"Electromobilitat i Solidaritat amb La Marat\u00f3 de TV3"}]},{"@type":"Article","@id":"https:\/\/circutor.com\/ca\/articles\/electromobilitat-i-solidaritat-amb-la-marato-de-tv3\/#article","isPartOf":{"@id":"https:\/\/circutor.com\/ca\/articles\/electromobilitat-i-solidaritat-amb-la-marato-de-tv3\/"},"author":{"name":"Circutor","@id":"https:\/\/circutor.com\/#\/schema\/person\/234a865ed449be1116408bdfdf6f576a"},"headline":"Electromobilitat i Solidaritat amb La Marat\u00f3 de TV3","datePublished":"2021-12-17T08:50:18+00:00","dateModified":"2023-05-25T10:05:33+00:00","mainEntityOfPage":{"@id":"https:\/\/circutor.com\/ca\/articles\/electromobilitat-i-solidaritat-amb-la-marato-de-tv3\/"},"wordCount":999,"commentCount":0,"publisher":{"@id":"https:\/\/circutor.com\/#organization"},"keywords":["Mobilitat el\u00e8ctrica","Rec\u00e0rrega vehicles el\u00e8ctrics"],"articleSection":["Articles"],"inLanguage":"ca","potentialAction":[{"@type":"CommentAction","name":"Comment","target":["https:\/\/circutor.com\/ca\/articles\/electromobilitat-i-solidaritat-amb-la-marato-de-tv3\/#respond"]}]},{"@type":"Person","@id":"https:\/\/circutor.com\/#\/schema\/person\/234a865ed449be1116408bdfdf6f576a","name":"Circutor","image":{"@type":"ImageObject","inLanguage":"ca","@id":"https:\/\/circutor.com\/#\/schema\/person\/image\/","url":"https:\/\/circutor.com\/wp-content\/uploads\/2022\/04\/usuario-logo-gris-96x96.png","contentUrl":"https:\/\/circutor.com\/wp-content\/uploads\/2022\/04\/usuario-logo-gris-96x96.png","caption":"Circutor"}}]}},"_links":{"self":[{"href":"https:\/\/circutor.com\/ca\/wp-json\/wp\/v2\/posts\/37908"}],"collection":[{"href":"https:\/\/circutor.com\/ca\/wp-json\/wp\/v2\/posts"}],"about":[{"href":"https:\/\/circutor.com\/ca\/wp-json\/wp\/v2\/types\/post"}],"author":[{"embeddable":true,"href":"https:\/\/circutor.com\/ca\/wp-json\/wp\/v2\/users\/3"}],"replies":[{"embeddable":true,"href":"https:\/\/circutor.com\/ca\/wp-json\/wp\/v2\/comments?post=37908"}],"version-history":[{"count":0,"href":"https:\/\/circutor.com\/ca\/wp-json\/wp\/v2\/posts\/37908\/revisions"}],"wp:featuredmedia":[{"embeddable":true,"href":"https:\/\/circutor.com\/ca\/wp-json\/wp\/v2\/media\/37923"}],"wp:attachment":[{"href":"https:\/\/circutor.com\/ca\/wp-json\/wp\/v2\/media?parent=37908"}],"wp:term":[{"taxonomy":"category","embeddable":true,"href":"https:\/\/circutor.com\/ca\/wp-json\/wp\/v2\/categories?post=37908"},{"taxonomy":"post_tag","embeddable":true,"href":"https:\/\/circutor.com\/ca\/wp-json\/wp\/v2\/tags?post=37908"}],"curies":[{"name":"wp","href":"https:\/\/api.w.org\/{rel}","templated":true}]}}