{"id":37687,"date":"2014-09-19T12:36:03","date_gmt":"2014-09-19T10:36:03","guid":{"rendered":"https:\/\/circutor.com\/?p=37687"},"modified":"2023-05-29T11:13:06","modified_gmt":"2023-05-29T09:13:06","slug":"instal%c2%b7lacio-fotovoltaica-dautoconsum-a-zona-agricola","status":"publish","type":"post","link":"https:\/\/circutor.com\/ca\/casos-exit\/instal%c2%b7lacio-fotovoltaica-dautoconsum-a-zona-agricola\/","title":{"rendered":"Instal\u00b7laci\u00f3 fotovoltaica d&#8217;autoconsum a zona agr\u00edcola"},"content":{"rendered":"<p>[vc_row][vc_column][vc_column_text css=&#8221;.vc_custom_1681216637685{margin-top: 30px !important;margin-bottom: 30px !important;}&#8221;]<\/p>\n<h2 style=\"margin-bottom: 1em !important;\">Dades t\u00e8cniques<br \/>\nEmpresa executora: AdeInnova, Coeco Cooperativa<br \/>\nSector:\u00a0Agr\u00edcola<br \/>\nProjecte:\u00a0Instal\u00b7laci\u00f3 fotovoltaica d&#8217;autoconsum a zona agr\u00edcola<\/h2>\n<p>[\/vc_column_text][vc_column_text css=&#8221;.vc_custom_1681216669746{margin-top: 30px !important;margin-bottom: 30px !important;}&#8221;]<\/p>\n<p>Antecedents \/ objectius<\/p>\n<p>A data de maig de 2014 s&#8217;encarrega a AdeInnova i presenta l&#8217;actualitzaci\u00f3 del projecte d&#8217;autoconsum fotovoltaic, i analitzat aquest, es pren la decisi\u00f3 d&#8217;inversi\u00f3 amb l&#8217;objectiu de reduir la factura el\u00e8ctrica, probablement eliminar gaireb\u00e9 completament l&#8217;\u00fas del generador de gasoil de suport degut a defici\u00e8ncies de la xarxa de subministrament i pics de consum, millorar la qualitat de servei energ\u00e8tic i reduir un percentatge de les sancions per excessos de pot\u00e8ncia contractada (25 kW) que ocorren precisament en nombrosos moments d&#8217;activitat solar, durant el dia ia causa de l&#8217;\u00fas intensiu de les c\u00e0meres de fred i la programaci\u00f3 de regs.<\/p>\n<p>Descripci\u00f3 general<\/p>\n<p>P\u00e0mies Horticoles SL actua en qualitat de promotor i selecciona el kit d&#8217;autoconsum instantani de 15,8 kWp facilitat amb una completa i garantida tecnologia de control i abocament zero a la xarxa de distribuci\u00f3, el denominat CDP, de l&#8217;empresa CIRCUTOR, el kit consisteix :<\/p>\n<table border=\"0\" cellpadding=\"5\">\n<tbody>\n<tr>\n<td><strong>Element<\/strong><\/td>\n<td style=\"text-align: center;\"><strong>Unidades<\/strong><\/td>\n<\/tr>\n<tr>\n<td><strong>Inversor Fronius IG Plus 60v-1<\/strong> (monofasic)<\/td>\n<td style=\"text-align: center;\">3<\/td>\n<\/tr>\n<tr>\n<td>Tarjeta <strong>COM-CARD Fronius IG<\/strong><\/td>\n<td style=\"text-align: center;\">3<\/td>\n<\/tr>\n<tr>\n<td><strong>MC3<\/strong>-125 Amp. Transformador de intensidad<\/td>\n<td style=\"text-align: center;\">1<\/td>\n<\/tr>\n<tr>\n<td><strong>MC3<\/strong>-63 Amp. Transformador de intensidad<\/td>\n<td style=\"text-align: center;\">1<\/td>\n<\/tr>\n<tr>\n<td>M\u00f3dulos solares 240 Wp<\/td>\n<td style=\"text-align: center;\">66<\/td>\n<\/tr>\n<tr>\n<td>Estructuras<\/td>\n<td style=\"text-align: center;\">66<\/td>\n<\/tr>\n<tr>\n<td><strong>CDP<\/strong> (Control Din\u00e1mico de Potencia)<\/td>\n<td style=\"text-align: center;\">1<\/td>\n<\/tr>\n<tr>\n<td><strong>Combiner Box (CB)<\/strong><\/td>\n<td style=\"text-align: center;\">1<\/td>\n<\/tr>\n<\/tbody>\n<\/table>\n<p>[\/vc_column_text][vc_column_text css=&#8221;.vc_custom_1681216785015{margin-top: 30px !important;margin-bottom: 30px !important;}&#8221;]<\/p>\n<p>Aspectes remarcables \/ Resultats<\/p>\n<p>Objectius t\u00e8cnics i econ\u00f2mics<\/p>\n<p>Paquet d&#8217;energia de 580.000 kWh amb un cost fix de 0,045 \u20ac\/kWh durant 25 anys<br \/>\nRetorn de la inversi\u00f3 des del moment zero<br \/>\nCost unitari de la instal\u00b7laci\u00f3 \u201cclaus en m\u00e0\u201d 1.60 \u20ac\/Wp<br \/>\nM\u00ednim cost de manteniment<br \/>\nReducci\u00f3 de sancions per excessos de pot\u00e8ncia contractada<br \/>\nReducci\u00f3 d&#8217;hores de generador de gasoil, en suport a pics de consum<\/p>\n<p>Objectius socials<\/p>\n<p>100% de lenergia el\u00e8ctrica consumida \u00e9s energia neta i verda.<br \/>\nResponsabilitat social amb lentorn.<br \/>\nComunicaci\u00f3 de dades generals de la instal\u00b7laci\u00f3 a ciutadans visitants (8000\/any)<br \/>\nLa instal\u00b7laci\u00f3 servir\u00e0 per a tasques formatives i comunicatives t\u00e8cniques<br \/>\nPromoci\u00f3 a ind\u00fastries del sector per animar la inversi\u00f3 solar<br \/>\nSuport a l&#8217;economia solar, organitzacions i petites empreses del sector<\/p>\n<p>[\/vc_column_text][\/vc_column][\/vc_row]<\/p>\n","protected":false},"excerpt":{"rendered":"<p>[vc_row][vc_column][vc_column_text css=&#8221;.vc_custom_1681216637685{margin-top: 30px !important;margin-bottom: 30px !important;}&#8221;] Dades t\u00e8cniques Empresa executora: AdeInnova, Coeco Cooperativa Sector:\u00a0Agr\u00edcola Projecte:\u00a0Instal\u00b7laci\u00f3 fotovoltaica d&#8217;autoconsum a zona agr\u00edcola [\/vc_column_text][vc_column_text css=&#8221;.vc_custom_1681216669746{margin-top: 30px !important;margin-bottom: 30px !important;}&#8221;] Antecedents \/ objectius A data de maig de 2014 s&#8217;encarrega a AdeInnova i presenta l&#8217;actualitzaci\u00f3 del projecte d&#8217;autoconsum fotovoltaic, i analitzat aquest, es pren la decisi\u00f3 d&#8217;inversi\u00f3 amb l&#8217;objectiu [&hellip;]<\/p>\n","protected":false},"author":3,"featured_media":36703,"comment_status":"open","ping_status":"open","sticky":false,"template":"","format":"standard","meta":[],"categories":[3711],"tags":[3721,3726],"acf":[],"yoast_head":"<!-- This site is optimized with the Yoast SEO plugin v19.4 - https:\/\/yoast.com\/wordpress\/plugins\/seo\/ -->\n<title>Instal\u00b7laci\u00f3 fotovoltaica d&#039;autoconsum a zona agr\u00edcola - CIRCUTOR<\/title>\n<meta name=\"robots\" content=\"index, follow, max-snippet:-1, max-image-preview:large, max-video-preview:-1\" \/>\n<link rel=\"canonical\" href=\"https:\/\/circutor.com\/ca\/casos-exit\/instal\u00b7lacio-fotovoltaica-dautoconsum-a-zona-agricola\/\" \/>\n<meta property=\"og:locale\" content=\"ca_ES\" \/>\n<meta property=\"og:type\" content=\"article\" \/>\n<meta property=\"og:title\" content=\"Instal\u00b7laci\u00f3 fotovoltaica d&#039;autoconsum a zona agr\u00edcola - CIRCUTOR\" \/>\n<meta property=\"og:description\" content=\"[vc_row][vc_column][vc_column_text css=&#8221;.vc_custom_1681216637685{margin-top: 30px !important;margin-bottom: 30px !important;}&#8221;] Dades t\u00e8cniques Empresa executora: AdeInnova, Coeco Cooperativa Sector:\u00a0Agr\u00edcola Projecte:\u00a0Instal\u00b7laci\u00f3 fotovoltaica d&#8217;autoconsum a zona agr\u00edcola [\/vc_column_text][vc_column_text css=&#8221;.vc_custom_1681216669746{margin-top: 30px !important;margin-bottom: 30px !important;}&#8221;] Antecedents \/ objectius A data de maig de 2014 s&#8217;encarrega a AdeInnova i presenta l&#8217;actualitzaci\u00f3 del projecte d&#8217;autoconsum fotovoltaic, i analitzat aquest, es pren la decisi\u00f3 d&#8217;inversi\u00f3 amb l&#8217;objectiu [&hellip;]\" \/>\n<meta property=\"og:url\" content=\"https:\/\/circutor.com\/ca\/casos-exit\/instal\u00b7lacio-fotovoltaica-dautoconsum-a-zona-agricola\/\" \/>\n<meta property=\"og:site_name\" content=\"CIRCUTOR\" \/>\n<meta property=\"article:publisher\" content=\"https:\/\/www.facebook.com\/CIRCUTOR.ES\" \/>\n<meta property=\"article:published_time\" content=\"2014-09-19T10:36:03+00:00\" \/>\n<meta property=\"article:modified_time\" content=\"2023-05-29T09:13:06+00:00\" \/>\n<meta property=\"og:image\" content=\"https:\/\/circutor.com\/wp-content\/uploads\/2023\/02\/aplicacio-pamies.jpg\" \/>\n\t<meta property=\"og:image:width\" content=\"200\" \/>\n\t<meta property=\"og:image:height\" content=\"254\" \/>\n\t<meta property=\"og:image:type\" content=\"image\/jpeg\" \/>\n<meta name=\"author\" content=\"Circutor\" \/>\n<meta name=\"twitter:card\" content=\"summary_large_image\" \/>\n<meta name=\"twitter:creator\" content=\"@circutor\" \/>\n<meta name=\"twitter:site\" content=\"@circutor\" \/>\n<meta name=\"twitter:label1\" content=\"Escrit per\" \/>\n\t<meta name=\"twitter:data1\" content=\"Circutor\" \/>\n\t<meta name=\"twitter:label2\" content=\"Temps estimat de lectura\" \/>\n\t<meta name=\"twitter:data2\" content=\"2 minuts\" \/>\n<script type=\"application\/ld+json\" class=\"yoast-schema-graph\">{\"@context\":\"https:\/\/schema.org\",\"@graph\":[{\"@type\":\"Organization\",\"@id\":\"https:\/\/circutor.com\/#organization\",\"name\":\"Circutor\",\"url\":\"https:\/\/circutor.com\/\",\"sameAs\":[\"https:\/\/www.instagram.com\/circutor_es\",\"https:\/\/www.linkedin.com\/company\/circutor\",\"https:\/\/www.youtube.com\/user\/CIRCUTORoficial\",\"https:\/\/www.facebook.com\/CIRCUTOR.ES\",\"https:\/\/twitter.com\/circutor\"],\"logo\":{\"@type\":\"ImageObject\",\"inLanguage\":\"ca\",\"@id\":\"https:\/\/circutor.com\/#\/schema\/logo\/image\/\",\"url\":\"https:\/\/circutor.com\/wp-content\/uploads\/2020\/09\/CIR_LOGO_RED.png\",\"contentUrl\":\"https:\/\/circutor.com\/wp-content\/uploads\/2020\/09\/CIR_LOGO_RED.png\",\"width\":512,\"height\":128,\"caption\":\"Circutor\"},\"image\":{\"@id\":\"https:\/\/circutor.com\/#\/schema\/logo\/image\/\"}},{\"@type\":\"WebSite\",\"@id\":\"https:\/\/circutor.com\/#website\",\"url\":\"https:\/\/circutor.com\/\",\"name\":\"CIRCUTOR\",\"description\":\"Soluciones para la eficiencia energ\u00e9tica el\u00e9ctrica\",\"publisher\":{\"@id\":\"https:\/\/circutor.com\/#organization\"},\"potentialAction\":[{\"@type\":\"SearchAction\",\"target\":{\"@type\":\"EntryPoint\",\"urlTemplate\":\"https:\/\/circutor.com\/?s={search_term_string}\"},\"query-input\":\"required name=search_term_string\"}],\"inLanguage\":\"ca\"},{\"@type\":\"WebPage\",\"@id\":\"https:\/\/circutor.com\/ca\/casos-exit\/instal%c2%b7lacio-fotovoltaica-dautoconsum-a-zona-agricola\/\",\"url\":\"https:\/\/circutor.com\/ca\/casos-exit\/instal%c2%b7lacio-fotovoltaica-dautoconsum-a-zona-agricola\/\",\"name\":\"Instal\u00b7laci\u00f3 fotovoltaica d'autoconsum a zona agr\u00edcola - CIRCUTOR\",\"isPartOf\":{\"@id\":\"https:\/\/circutor.com\/#website\"},\"datePublished\":\"2014-09-19T10:36:03+00:00\",\"dateModified\":\"2023-05-29T09:13:06+00:00\",\"breadcrumb\":{\"@id\":\"https:\/\/circutor.com\/ca\/casos-exit\/instal%c2%b7lacio-fotovoltaica-dautoconsum-a-zona-agricola\/#breadcrumb\"},\"inLanguage\":\"ca\",\"potentialAction\":[{\"@type\":\"ReadAction\",\"target\":[\"https:\/\/circutor.com\/ca\/casos-exit\/instal%c2%b7lacio-fotovoltaica-dautoconsum-a-zona-agricola\/\"]}]},{\"@type\":\"BreadcrumbList\",\"@id\":\"https:\/\/circutor.com\/ca\/casos-exit\/instal%c2%b7lacio-fotovoltaica-dautoconsum-a-zona-agricola\/#breadcrumb\",\"itemListElement\":[{\"@type\":\"ListItem\",\"position\":1,\"name\":\"Portada\",\"item\":\"https:\/\/circutor.com\/ca\/\"},{\"@type\":\"ListItem\",\"position\":2,\"name\":\"Instal\u00b7laci\u00f3 fotovoltaica d&#8217;autoconsum a zona agr\u00edcola\"}]},{\"@type\":\"Article\",\"@id\":\"https:\/\/circutor.com\/ca\/casos-exit\/instal%c2%b7lacio-fotovoltaica-dautoconsum-a-zona-agricola\/#article\",\"isPartOf\":{\"@id\":\"https:\/\/circutor.com\/ca\/casos-exit\/instal%c2%b7lacio-fotovoltaica-dautoconsum-a-zona-agricola\/\"},\"author\":{\"name\":\"Circutor\",\"@id\":\"https:\/\/circutor.com\/#\/schema\/person\/234a865ed449be1116408bdfdf6f576a\"},\"headline\":\"Instal\u00b7laci\u00f3 fotovoltaica d&#8217;autoconsum a zona agr\u00edcola\",\"datePublished\":\"2014-09-19T10:36:03+00:00\",\"dateModified\":\"2023-05-29T09:13:06+00:00\",\"mainEntityOfPage\":{\"@id\":\"https:\/\/circutor.com\/ca\/casos-exit\/instal%c2%b7lacio-fotovoltaica-dautoconsum-a-zona-agricola\/\"},\"wordCount\":397,\"commentCount\":0,\"publisher\":{\"@id\":\"https:\/\/circutor.com\/#organization\"},\"keywords\":[\"Autoconsum\",\"Energies renovables\"],\"articleSection\":[\"Casos d'\u00e8xit\"],\"inLanguage\":\"ca\",\"potentialAction\":[{\"@type\":\"CommentAction\",\"name\":\"Comment\",\"target\":[\"https:\/\/circutor.com\/ca\/casos-exit\/instal%c2%b7lacio-fotovoltaica-dautoconsum-a-zona-agricola\/#respond\"]}]},{\"@type\":\"Person\",\"@id\":\"https:\/\/circutor.com\/#\/schema\/person\/234a865ed449be1116408bdfdf6f576a\",\"name\":\"Circutor\",\"image\":{\"@type\":\"ImageObject\",\"inLanguage\":\"ca\",\"@id\":\"https:\/\/circutor.com\/#\/schema\/person\/image\/\",\"url\":\"https:\/\/circutor.com\/wp-content\/uploads\/2022\/04\/usuario-logo-gris-96x96.png\",\"contentUrl\":\"https:\/\/circutor.com\/wp-content\/uploads\/2022\/04\/usuario-logo-gris-96x96.png\",\"caption\":\"Circutor\"}}]}<\/script>\n<!-- \/ Yoast SEO plugin. -->","yoast_head_json":{"title":"Instal\u00b7laci\u00f3 fotovoltaica d'autoconsum a zona agr\u00edcola - CIRCUTOR","robots":{"index":"index","follow":"follow","max-snippet":"max-snippet:-1","max-image-preview":"max-image-preview:large","max-video-preview":"max-video-preview:-1"},"canonical":"https:\/\/circutor.com\/ca\/casos-exit\/instal\u00b7lacio-fotovoltaica-dautoconsum-a-zona-agricola\/","og_locale":"ca_ES","og_type":"article","og_title":"Instal\u00b7laci\u00f3 fotovoltaica d'autoconsum a zona agr\u00edcola - CIRCUTOR","og_description":"[vc_row][vc_column][vc_column_text css=&#8221;.vc_custom_1681216637685{margin-top: 30px !important;margin-bottom: 30px !important;}&#8221;] Dades t\u00e8cniques Empresa executora: AdeInnova, Coeco Cooperativa Sector:\u00a0Agr\u00edcola Projecte:\u00a0Instal\u00b7laci\u00f3 fotovoltaica d&#8217;autoconsum a zona agr\u00edcola [\/vc_column_text][vc_column_text css=&#8221;.vc_custom_1681216669746{margin-top: 30px !important;margin-bottom: 30px !important;}&#8221;] Antecedents \/ objectius A data de maig de 2014 s&#8217;encarrega a AdeInnova i presenta l&#8217;actualitzaci\u00f3 del projecte d&#8217;autoconsum fotovoltaic, i analitzat aquest, es pren la decisi\u00f3 d&#8217;inversi\u00f3 amb l&#8217;objectiu [&hellip;]","og_url":"https:\/\/circutor.com\/ca\/casos-exit\/instal\u00b7lacio-fotovoltaica-dautoconsum-a-zona-agricola\/","og_site_name":"CIRCUTOR","article_publisher":"https:\/\/www.facebook.com\/CIRCUTOR.ES","article_published_time":"2014-09-19T10:36:03+00:00","article_modified_time":"2023-05-29T09:13:06+00:00","og_image":[{"width":200,"height":254,"url":"https:\/\/circutor.com\/wp-content\/uploads\/2023\/02\/aplicacio-pamies.jpg","type":"image\/jpeg"}],"author":"Circutor","twitter_card":"summary_large_image","twitter_creator":"@circutor","twitter_site":"@circutor","twitter_misc":{"Escrit per":"Circutor","Temps estimat de lectura":"2 minuts"},"schema":{"@context":"https:\/\/schema.org","@graph":[{"@type":"Organization","@id":"https:\/\/circutor.com\/#organization","name":"Circutor","url":"https:\/\/circutor.com\/","sameAs":["https:\/\/www.instagram.com\/circutor_es","https:\/\/www.linkedin.com\/company\/circutor","https:\/\/www.youtube.com\/user\/CIRCUTORoficial","https:\/\/www.facebook.com\/CIRCUTOR.ES","https:\/\/twitter.com\/circutor"],"logo":{"@type":"ImageObject","inLanguage":"ca","@id":"https:\/\/circutor.com\/#\/schema\/logo\/image\/","url":"https:\/\/circutor.com\/wp-content\/uploads\/2020\/09\/CIR_LOGO_RED.png","contentUrl":"https:\/\/circutor.com\/wp-content\/uploads\/2020\/09\/CIR_LOGO_RED.png","width":512,"height":128,"caption":"Circutor"},"image":{"@id":"https:\/\/circutor.com\/#\/schema\/logo\/image\/"}},{"@type":"WebSite","@id":"https:\/\/circutor.com\/#website","url":"https:\/\/circutor.com\/","name":"CIRCUTOR","description":"Soluciones para la eficiencia energ\u00e9tica el\u00e9ctrica","publisher":{"@id":"https:\/\/circutor.com\/#organization"},"potentialAction":[{"@type":"SearchAction","target":{"@type":"EntryPoint","urlTemplate":"https:\/\/circutor.com\/?s={search_term_string}"},"query-input":"required name=search_term_string"}],"inLanguage":"ca"},{"@type":"WebPage","@id":"https:\/\/circutor.com\/ca\/casos-exit\/instal%c2%b7lacio-fotovoltaica-dautoconsum-a-zona-agricola\/","url":"https:\/\/circutor.com\/ca\/casos-exit\/instal%c2%b7lacio-fotovoltaica-dautoconsum-a-zona-agricola\/","name":"Instal\u00b7laci\u00f3 fotovoltaica d'autoconsum a zona agr\u00edcola - CIRCUTOR","isPartOf":{"@id":"https:\/\/circutor.com\/#website"},"datePublished":"2014-09-19T10:36:03+00:00","dateModified":"2023-05-29T09:13:06+00:00","breadcrumb":{"@id":"https:\/\/circutor.com\/ca\/casos-exit\/instal%c2%b7lacio-fotovoltaica-dautoconsum-a-zona-agricola\/#breadcrumb"},"inLanguage":"ca","potentialAction":[{"@type":"ReadAction","target":["https:\/\/circutor.com\/ca\/casos-exit\/instal%c2%b7lacio-fotovoltaica-dautoconsum-a-zona-agricola\/"]}]},{"@type":"BreadcrumbList","@id":"https:\/\/circutor.com\/ca\/casos-exit\/instal%c2%b7lacio-fotovoltaica-dautoconsum-a-zona-agricola\/#breadcrumb","itemListElement":[{"@type":"ListItem","position":1,"name":"Portada","item":"https:\/\/circutor.com\/ca\/"},{"@type":"ListItem","position":2,"name":"Instal\u00b7laci\u00f3 fotovoltaica d&#8217;autoconsum a zona agr\u00edcola"}]},{"@type":"Article","@id":"https:\/\/circutor.com\/ca\/casos-exit\/instal%c2%b7lacio-fotovoltaica-dautoconsum-a-zona-agricola\/#article","isPartOf":{"@id":"https:\/\/circutor.com\/ca\/casos-exit\/instal%c2%b7lacio-fotovoltaica-dautoconsum-a-zona-agricola\/"},"author":{"name":"Circutor","@id":"https:\/\/circutor.com\/#\/schema\/person\/234a865ed449be1116408bdfdf6f576a"},"headline":"Instal\u00b7laci\u00f3 fotovoltaica d&#8217;autoconsum a zona agr\u00edcola","datePublished":"2014-09-19T10:36:03+00:00","dateModified":"2023-05-29T09:13:06+00:00","mainEntityOfPage":{"@id":"https:\/\/circutor.com\/ca\/casos-exit\/instal%c2%b7lacio-fotovoltaica-dautoconsum-a-zona-agricola\/"},"wordCount":397,"commentCount":0,"publisher":{"@id":"https:\/\/circutor.com\/#organization"},"keywords":["Autoconsum","Energies renovables"],"articleSection":["Casos d'\u00e8xit"],"inLanguage":"ca","potentialAction":[{"@type":"CommentAction","name":"Comment","target":["https:\/\/circutor.com\/ca\/casos-exit\/instal%c2%b7lacio-fotovoltaica-dautoconsum-a-zona-agricola\/#respond"]}]},{"@type":"Person","@id":"https:\/\/circutor.com\/#\/schema\/person\/234a865ed449be1116408bdfdf6f576a","name":"Circutor","image":{"@type":"ImageObject","inLanguage":"ca","@id":"https:\/\/circutor.com\/#\/schema\/person\/image\/","url":"https:\/\/circutor.com\/wp-content\/uploads\/2022\/04\/usuario-logo-gris-96x96.png","contentUrl":"https:\/\/circutor.com\/wp-content\/uploads\/2022\/04\/usuario-logo-gris-96x96.png","caption":"Circutor"}}]}},"_links":{"self":[{"href":"https:\/\/circutor.com\/ca\/wp-json\/wp\/v2\/posts\/37687"}],"collection":[{"href":"https:\/\/circutor.com\/ca\/wp-json\/wp\/v2\/posts"}],"about":[{"href":"https:\/\/circutor.com\/ca\/wp-json\/wp\/v2\/types\/post"}],"author":[{"embeddable":true,"href":"https:\/\/circutor.com\/ca\/wp-json\/wp\/v2\/users\/3"}],"replies":[{"embeddable":true,"href":"https:\/\/circutor.com\/ca\/wp-json\/wp\/v2\/comments?post=37687"}],"version-history":[{"count":0,"href":"https:\/\/circutor.com\/ca\/wp-json\/wp\/v2\/posts\/37687\/revisions"}],"wp:featuredmedia":[{"embeddable":true,"href":"https:\/\/circutor.com\/ca\/wp-json\/wp\/v2\/media\/36703"}],"wp:attachment":[{"href":"https:\/\/circutor.com\/ca\/wp-json\/wp\/v2\/media?parent=37687"}],"wp:term":[{"taxonomy":"category","embeddable":true,"href":"https:\/\/circutor.com\/ca\/wp-json\/wp\/v2\/categories?post=37687"},{"taxonomy":"post_tag","embeddable":true,"href":"https:\/\/circutor.com\/ca\/wp-json\/wp\/v2\/tags?post=37687"}],"curies":[{"name":"wp","href":"https:\/\/api.w.org\/{rel}","templated":true}]}}