{"id":37354,"date":"2022-03-22T13:16:40","date_gmt":"2022-03-22T11:16:40","guid":{"rendered":"https:\/\/circutor.com\/?p=37354"},"modified":"2023-05-25T11:32:37","modified_gmt":"2023-05-25T09:32:37","slug":"aspectes-clau-per-realitzar-una-installacio-de-punts-de-recarrega-a-habitatges","status":"publish","type":"post","link":"https:\/\/circutor.com\/ca\/articles\/aspectes-clau-per-realitzar-una-installacio-de-punts-de-recarrega-a-habitatges\/","title":{"rendered":"Aspectes clau per realitzar una instal\u00b7laci\u00f3 de punts de rec\u00e0rrega a habitatges"},"content":{"rendered":"<p>[vc_row][vc_column][vc_column_text]<\/p>\n<p>Traslladant-nos 5 anys enrere, molt pocs eren ho creien que el 2021 la mobilitat el\u00e8ctrica ja es visualitzaria com una opci\u00f3 de present i futur davant dels tradicionals vehicles de combusti\u00f3 interna.<\/p>\n<p>Els fabricants, empesos en molts casos per les directrius europees i les seves possibles sancions, han canviat la seva actitud davant dels vehicles el\u00e8ctrics, anunciant cada cop m\u00e9s models amb versions electrificades. Nom\u00e9s cal posar-se davant del televisor per adonar-se que ara sembla que cap marca es vol quedar enrere. Hi ha innombrables anuncis de cotxes i pr\u00e0cticament la totalitat inclouen models electrificats, dels quals sempre es destaca els nets, silenciosos i ecol\u00f2gics que s\u00f3n.<\/p>\n<p>Per la seva banda, els consumidors, cada vegada m\u00e9s eco-friendly, veuen en el preu dels productes sostenibles el seu problema m\u00e9s gran. \u00c9s per aix\u00f2 que des de l&#8217;Administraci\u00f3 es va posar en marxa el Pla d&#8217;ajuda MOVES, que enguany va per la tercera edici\u00f3. Gr\u00e0cies a aquests ajuts, un particular es pot estalviar entre 4500 i 7000 \u20ac en l&#8217;adquisici\u00f3 del vehicle a m\u00e9s d&#8217;entre el 70 i el 80 % del cost total de la instal\u00b7laci\u00f3 del punt de rec\u00e0rrega.<\/p>\n<p>Els dubtes que es presenten aquests vehicles pel que fa a la rec\u00e0rrega han estat un altre dels factors que n&#8217;ha limitat l&#8217;expansi\u00f3, sobretot en ubicacions com les comunitats de ve\u00efns.<\/p>\n<p>Cada cop m\u00e9s, els fabricants de vehicles opten per oferir i promocionar modalitats el\u00e8ctriques. Per\u00f2 encara s\u00f3n molts els dubtes que hi ha sobre aix\u00f2. Tot seguit, responem a les m\u00e9s freq\u00fcents.<\/p>\n<p><span style=\"font-size: 14pt;\"><strong>Com carregar\u00e9 el meu cotxe?<\/strong><\/span><\/p>\n<p>Prestacions quant a rec\u00e0rrega<\/p>\n<p>El m\u00e9s habitual actualment \u00e9s que els vehicles disposin d&#8217;un connector estandarditzat Tipus 2, que permet una rec\u00e0rrega en monof\u00e0sic a 32 ampers (7,4 kW), segurament m\u00e9s pot\u00e8ncia de qu\u00e8 disposes a casa teva. En aquest cas, necessites un carregador monof\u00e0sic i, si pot ser, que ja disposi d&#8217;una m\u00e0nega amb connector Tipus 2 per no haver d&#8217;usar un cable extern. Com que \u00e9s un connector estandarditzat, no s&#8217;ha de canviar si es canvia el vehicle.<\/p>\n<p>En cas d&#8217;adquirir un vehicle amb capacitat de carregar en trif\u00e0sic, i si tens un habitatge amb disponibilitat de connexi\u00f3 trif\u00e0sica, pots gaudir de rec\u00e0rregues a m\u00e9s pot\u00e8ncia i, aix\u00ed, assegurar m\u00e9s f\u00e0cilment que l&#8217;autom\u00f2bil estigui sempre recarregat quan ho necessitis.<\/p>\n<p>[vc_empty_space height=&#8221;20px&#8221;][\/vc_column_text][vc_single_image image=&#8221;16232&#8243; img_size=&#8221;large&#8221; alignment=&#8221;center&#8221;][vc_column_text]<\/p>\n<p style=\"text-align: center;\">\u00a0 \u00a0 \u00a0 \u00a0 \u00a0 \u00a0 \u00a0 \u00a0 \u00a0 \u00a0 \u00a0 \u00a0 \u00a0 eNext, caixa de c\u00e0rrega intel\u00b7ligent per a instal\u00b7lacions dom\u00e8stiques permetent a qualsevol usuari poder carregar el seu vehicle el\u00e8ctric sigui quin sigui el seu fabricant.<\/p>\n<p>[vc_empty_space height=&#8221;10px&#8221;][\/vc_column_text][vc_column_text]<\/p>\n<p>Quan trigar\u00e9 a recarregar el meu cotxe?<\/p>\n<p>Posant-nos en cas que alg\u00fa tingui 5,75 kW contractats (25 ampers), es podria aprofitar la majoria d&#8217;aquesta pot\u00e8ncia per recarregar durant la nit i dotar d&#8217;uns 300 km d&#8217;autonomia el vehicle en 8 hores. El millor aliat per poder optimitzar l&#8217;\u00fas de la pot\u00e8ncia contractada seria un dispositiu com CirBEON que, a temps real, ofereix al vehicle la pot\u00e8ncia sobrant de l&#8217;habitatge.<\/p>\n<p>[vc_empty_space height=&#8221;20px&#8221;][\/vc_column_text][vc_single_image image=&#8221;16266&#8243; img_size=&#8221;large&#8221; alignment=&#8221;center&#8221;][vc_column_text]<\/p>\n<p style=\"text-align: center;\"><span style=\"color: #0000ff;\">eHome CirBEON Sensor, s&#8217;instal\u00b7la f\u00e0cilment al quadre el\u00e8ctric dom\u00e8stic i ajusta de manera din\u00e0mica el consum del vehicle el\u00e8ctric quan est\u00e0 a punt de produir-se una sobrec\u00e0rrega.<\/span><\/p>\n<p>[vc_empty_space height=&#8221;10px&#8221;][\/vc_column_text][vc_column_text]<\/p>\n<p>Una altra opci\u00f3 \u00e9s, gr\u00e0cies al canvi de tarifes publicat al BOE a la Circular 3\/2020, contractar una pot\u00e8ncia superior durant la nit (per\u00edode vall) que durant el dia (per\u00edodes punta i plana). D&#8217;aquesta manera, s&#8217;optimitzen al m\u00e0xim les condicions de les noves tarifes, com la 2.0TD, en qu\u00e8 no nom\u00e9s l&#8217;energia \u00e9s m\u00e9s barata al per\u00edode vall, sin\u00f3 que el terme de pot\u00e8ncia ho \u00e9s molt m\u00e9s.<\/p>\n<p>[vc_empty_space height=&#8221;20px&#8221;][\/vc_column_text][vc_single_image image=&#8221;16280&#8243; img_size=&#8221;large&#8221; alignment=&#8221;center&#8221;][vc_column_text]<\/p>\n<p>Perqu\u00e8 et facis una idea, a la taula seg\u00fcent pots observar la velocitat de rec\u00e0rrega (expressada en quil\u00f2metres d&#8217;autonomia per cada hora de rec\u00e0rrega) que obtens segons la pot\u00e8ncia configurada al teu carregador.<\/p>\n<table style=\"height: 151px; width: 100%; border-collapse: collapse; border-color: #b1b2b3; background-color: #ffffff;\">\n<tbody>\n<tr style=\"height: 24px;\">\n<td style=\"width: 100%; height: 31px; background-color: #e7e8e9; text-align: center;\" colspan=\"6\">C.A. Monof\u00e0sic (230V)<\/td>\n<\/tr>\n<tr style=\"height: 24px;\">\n<td style=\"width: 16.6667%; height: 24px; border-style: solid; border-color: #b1b2b3;\">\u00a0 Corrent<\/td>\n<td style=\"width: 16.6667%; height: 24px; border-style: solid; border-color: #b1b2b3;\">\u00a0 \u00a0 10 A<\/td>\n<td style=\"width: 16.6667%; height: 24px; border-style: solid; border-color: #b1b2b3;\">\u00a0 \u00a0 16 A<\/td>\n<td style=\"width: 16.6667%; height: 24px; border-style: solid; border-color: #b1b2b3;\">\u00a0 \u00a0 20 A<\/td>\n<td style=\"width: 16.6667%; height: 24px; border-style: solid; border-color: #b1b2b3;\">\u00a0 \u00a0 25 A<\/td>\n<td style=\"width: 16.6667%; height: 24px; border-style: solid; border-color: #b1b2b3;\">\u00a0 \u00a0 32 A<\/td>\n<\/tr>\n<tr style=\"height: 24px;\">\n<td style=\"width: 16.6667%; height: 24px; border-style: solid; border-color: #b1b2b3;\">\u00a0 \u00a0Potencia<\/td>\n<td style=\"width: 16.6667%; height: 24px; border-style: solid; border-color: #b1b2b3;\">\u00a0 \u00a0 2,3 kW<\/td>\n<td style=\"width: 16.6667%; height: 24px; border-style: solid; border-color: #b1b2b3;\">\u00a0 \u00a0 3,7 kW<\/td>\n<td style=\"width: 16.6667%; height: 24px; border-style: solid; border-color: #b1b2b3;\">\u00a0 \u00a0 4,6 kW<\/td>\n<td style=\"width: 16.6667%; height: 24px; border-style: solid; border-color: #b1b2b3;\">\u00a0 \u00a0 5,75 kW<\/td>\n<td style=\"width: 16.6667%; height: 24px; border-style: solid; border-color: #b1b2b3;\">\u00a0 \u00a0 7,4 kW<\/td>\n<\/tr>\n<tr style=\"height: 24px;\">\n<td style=\"width: 16.6667%; height: 24px; background-color: #e7e8e9; border-style: solid; border-color: #b1b2b3;\">\u00a0 \u00a0Velocitat<\/td>\n<td style=\"width: 16.6667%; height: 24px; background-color: #ff5d3f; border-style: solid; border-color: #b1b2b3;\"><span style=\"color: #ffffff;\">\u00a0 \u00a0 15 km\/h<\/span><\/td>\n<td style=\"width: 16.6667%; height: 24px; background-color: #ffbf3f; border-style: solid; border-color: #b1b2b3;\">\u00a0 \u00a0 25 km\/h<\/td>\n<td style=\"width: 16.6667%; height: 24px; background-color: #ffe640; border-style: solid; border-color: #b1b2b3;\">\u00a0 \u00a0 30 km\/h<\/td>\n<td style=\"width: 16.6667%; height: 24px; background-color: #d3f56e; border-style: solid; border-color: #b1b2b3;\">\u00a0 \u00a0 40 km\/h<\/td>\n<td style=\"width: 16.6667%; height: 24px; background-color: #a3ed42; border-style: solid; border-color: #b1b2b3;\">\u00a0 \u00a0 50 km\/h<\/td>\n<\/tr>\n<tr style=\"height: 48px;\">\n<td style=\"width: 100%; height: 48px;\" colspan=\"6\">Taula 1.- Taula de velocitat de rec\u00e0rrega a C.A.<\/td>\n<\/tr>\n<\/tbody>\n<\/table>\n<p>&nbsp;<\/p>\n<p>Durant els viatges llargs, en qu\u00e8 cal efectuar una c\u00e0rrega durant el trajecte, aquestes velocitats de rec\u00e0rrega poden resultar insuficients i s&#8217;ha d&#8217;optar per una rec\u00e0rrega a m\u00e9s pot\u00e8ncia en una estaci\u00f3 de rec\u00e0rrega en corrent continu. Depenent del teu vehicle, pots carregar unes pot\u00e8ncies d&#8217;entre 50 i 150 kW. Fins i tot algun model permet pics de c\u00e0rrega de fins a 350 kW.<\/p>\n<p>&nbsp;<\/p>\n<p>Seguint la mateixa analogia que a la rec\u00e0rrega nocturna, aquesta seria l&#8217;autonomia guanyada per cada minut de rec\u00e0rrega en corrent continu:<\/p>\n<table style=\"height: 151px; width: 100%; border-collapse: collapse; border-color: #b1b2b3; background-color: #ffffff;\">\n<tbody>\n<tr style=\"height: 24px;\">\n<td style=\"width: 83.3335%; height: 31px; background-color: #e7e8e9; text-align: center;\" colspan=\"5\">C.C.<\/td>\n<\/tr>\n<tr style=\"height: 24px;\">\n<td style=\"width: 16.6667%; height: 24px; border-style: solid; border-color: #b1b2b3;\">\u00a0 \u00a0Pot\u00e8ncia<\/td>\n<td style=\"width: 16.6667%; height: 24px; border-style: solid; border-color: #b1b2b3;\">\u00a0 \u00a0 50 kW<\/td>\n<td style=\"width: 16.6667%; height: 24px; border-style: solid; border-color: #b1b2b3;\">\u00a0 \u00a0 100 kW<\/td>\n<td style=\"width: 16.6667%; height: 24px; border-style: solid; border-color: #b1b2b3;\">\u00a0 \u00a0 150 kW<\/td>\n<td style=\"width: 16.6667%; height: 24px; border-style: solid; border-color: #b1b2b3;\">\u00a0 \u00a0 350 kW<\/td>\n<\/tr>\n<tr style=\"height: 24px;\">\n<td style=\"width: 16.6667%; height: 24px; background-color: #e7e8e9; border-style: solid; border-color: #b1b2b3;\">\u00a0 \u00a0Velocitat*<\/td>\n<td style=\"width: 16.6667%; height: 24px; background-color: #d3f56e; border-style: solid; border-color: #b1b2b3;\">\u00a0 \u00a0 5 km\/min<\/td>\n<td style=\"width: 16.6667%; height: 24px; background-color: #bceb2f; border-style: solid; border-color: #b1b2b3;\">\u00a0 \u00a0 100 km\/min<\/td>\n<td style=\"width: 16.6667%; height: 24px; background-color: #a3ed42; border-style: solid; border-color: #b1b2b3;\">\u00a0 \u00a0 15 km\/min<\/td>\n<td style=\"width: 16.6667%; height: 24px; background-color: #85db14; border-style: solid; border-color: #b1b2b3;\">\u00a0 \u00a0 35 km\/min<\/td>\n<\/tr>\n<tr style=\"height: 48px;\">\n<td style=\"width: 83.3335%; height: 48px;\" colspan=\"5\">Taula 2.- Taula de velocitat de rec\u00e0rrega a C.C.<\/td>\n<\/tr>\n<\/tbody>\n<\/table>\n<p>[vc_empty_space height=&#8221;20px&#8221;][\/vc_column_text][vc_column_text]<\/p>\n<p>I si m&#8217;intenten robar l&#8217;energia?<\/p>\n<p>Una altra de les preocupacions m\u00e9s esteses, sobretot en comunitats de propietaris, \u00e9s poder restringir l&#8217;\u00fas del carregador quan el cotxe no \u00e9s a la pla\u00e7a. A Circutor disposem de diferents m\u00e8todes d&#8217;autenticaci\u00f3 als nostres carregadors, els m\u00e9s habituals s\u00f3n l&#8217;autenticaci\u00f3 via APP de Smartphone i l&#8217;\u00fas de targetes RFID. Tots dos sistemes s\u00f3n de f\u00e0cil \u00fas i dep\u00e8n de les teves prefer\u00e8ncies que escullis l&#8217;un o l&#8217;altre.<\/p>\n<p>[vc_empty_space height=&#8221;20px&#8221;][\/vc_column_text][vc_single_image image=&#8221;16249&#8243; img_size=&#8221;large&#8221; alignment=&#8221;center&#8221;][vc_column_text]<\/p>\n<p style=\"text-align: center;\"><span style=\"color: #0000ff;\">Targeta RFID per a autenticaci\u00f3 de l&#8217;usuari en carregadors per a vehicles el\u00e8ctrics<\/span><\/p>\n<p>[vc_empty_space height=&#8221;10px&#8221;][\/vc_column_text][vc_column_text]<\/p>\n<p>\u00c9s segur el proc\u00e9s de rec\u00e0rrega?<\/p>\n<p>La seguretat el\u00e8ctrica \u00e9s el factor m\u00e9s determinant a l&#8217;hora de legislar la implantaci\u00f3 de la mobilitat el\u00e8ctrica. Ja sigui des de les directrius europees o des de les normatives nacionals que se&#8217;n deriven, es promou que tota instal\u00b7laci\u00f3 dedicada a la rec\u00e0rrega de vehicles el\u00e8ctrics disposi dels dispositius de seguretat adequats.<\/p>\n<p>Seguint el Reglament Electrot\u00e8cnic de Baixa Tensi\u00f3 a la seva Instrucci\u00f3 T\u00e8cnica complement\u00e0ria ITC-BT-52, aix\u00f2 inclou en primer lloc una protecci\u00f3 contra sobreintensitats, que es dimensiona en funci\u00f3 de la pot\u00e8ncia que pot subministrar el punt de rec\u00e0rrega. Tamb\u00e9 hem d&#8217;incloure per cada presa de rec\u00e0rrega un protector contra contactes directes i indirectes, que es tradueix en un interruptor diferencial com a m\u00ednim de tipus A, encara que es recomana afegir un dispositiu que tamb\u00e9 asseguri la desconnexi\u00f3 en cas de fuites de 6 mA en corrent continu . Finalment, has de comptar a la instal\u00b7laci\u00f3 amb un protector contra sobretensions, tant permanents com transit\u00f2ries.<\/p>\n<p>Un bon m\u00e8tode per facilitar la instal\u00b7laci\u00f3 de tots aquests elements \u00e9s comptar amb un quadre el\u00e8ctric premuntat, com els COFRET que ofereix Circutor:<\/p>\n<p>[vc_empty_space height=&#8221;20px&#8221;][\/vc_column_text][vc_single_image image=&#8221;12283&#8243; img_size=&#8221;large&#8221; alignment=&#8221;center&#8221;][vc_column_text]<\/p>\n<p style=\"text-align: center;\"><span style=\"color: #0000ff;\">COFRET, caixa de proteccions per a punts de rec\u00e0rrega monof\u00e0sics<\/span><\/p>\n<p>[vc_empty_space height=&#8221;10px&#8221;][\/vc_column_text][vc_column_text]<\/p>\n<p>Qui m&#8217;instal\u00b7la el punt de rec\u00e0rrega?<\/p>\n<p>La instal\u00b7laci\u00f3 d&#8217;un punt de rec\u00e0rrega dom\u00e8stic no sol requerir projecte t\u00e8cnic, sin\u00f3 que amb una mem\u00f2ria t\u00e8cnica feta pel mateix instal\u00b7lador \u00e9s suficient. Per aix\u00f2, el m\u00e9s pr\u00e0ctic \u00e9s consultar amb el teu instal\u00b7lador de confian\u00e7a o amb qualsevol instal\u00b7lador qualificat, perqu\u00e8 sigui ell qui t&#8217;ofereixi el servei d&#8217;instal\u00b7laci\u00f3 des del pressupost fins a la posada en marxa.<\/p>\n<p>Alguns fabricants d&#8217;autom\u00f2bils treballen amb empreses instal\u00b7ladores locals per oferir la instal\u00b7laci\u00f3 del punt de rec\u00e0rrega al mateix moment de l&#8217;adquisici\u00f3 del vehicle. Una altra opci\u00f3 \u00e9s contactar amb la teva comercialitzadora d&#8217;electricitat, ja que tamb\u00e9 solen oferir la instal\u00b7laci\u00f3 de punts de rec\u00e0rrega als clients.<\/p>\n<p>En definitiva, tot i que encara s\u00f3n molts els dubtes que els usuaris tenen sobre els vehicles i la seva rec\u00e0rrega, els seus avantatges estan clars.<\/p>\n<p>[vc_empty_space height=&#8221;20px&#8221;][\/vc_column_text][\/vc_column][\/vc_row][vc_row][vc_column][vc_column_text]<a href=\"\/productos\/recarga-inteligente-para-vehiculos-electricos\/\"><strong>M\u00e9s informaci\u00f3 \u2192<\/strong><\/a><\/p>\n<p>&nbsp;<\/p>\n<p>Enlla\u00e7os externs:<\/p>\n<p>&nbsp;<\/p>\n<p>Programa MOVES III\u2192<\/p>\n<p>&nbsp;<\/p>\n<p>Ajuts MOVES III\u2192<\/p>\n<p>&nbsp;<\/p>\n<p>BOE 1\u2192<\/p>\n<p>&nbsp;<\/p>\n<p>BOE 2\u2192<\/p>\n<p>[vc_empty_space height=&#8221;10px&#8221;][\/vc_column_text][\/vc_column][\/vc_row]<\/p>\n","protected":false},"excerpt":{"rendered":"<p>[vc_row][vc_column][vc_column_text] Traslladant-nos 5 anys enrere, molt pocs eren ho creien que el 2021 la mobilitat el\u00e8ctrica ja es visualitzaria com una opci\u00f3 de present i futur davant dels tradicionals vehicles de combusti\u00f3 interna. Els fabricants, empesos en molts casos per les directrius europees i les seves possibles sancions, han canviat la seva actitud davant dels [&hellip;]<\/p>\n","protected":false},"author":3,"featured_media":37355,"comment_status":"open","ping_status":"open","sticky":false,"template":"","format":"standard","meta":[],"categories":[3710],"tags":[],"acf":[],"yoast_head":"<!-- This site is optimized with the Yoast SEO plugin v19.4 - https:\/\/yoast.com\/wordpress\/plugins\/seo\/ -->\n<title>Aspectes clau per realitzar una instal\u00b7laci\u00f3 de punts de rec\u00e0rrega a habitatges - CIRCUTOR<\/title>\n<meta name=\"robots\" content=\"index, follow, max-snippet:-1, max-image-preview:large, max-video-preview:-1\" \/>\n<link rel=\"canonical\" href=\"https:\/\/circutor.com\/ca\/articles\/aspectes-clau-per-realitzar-una-installacio-de-punts-de-recarrega-a-habitatges\/\" \/>\n<meta property=\"og:locale\" content=\"ca_ES\" \/>\n<meta property=\"og:type\" content=\"article\" \/>\n<meta property=\"og:title\" content=\"Aspectes clau per realitzar una instal\u00b7laci\u00f3 de punts de rec\u00e0rrega a habitatges - CIRCUTOR\" \/>\n<meta property=\"og:description\" content=\"[vc_row][vc_column][vc_column_text] Traslladant-nos 5 anys enrere, molt pocs eren ho creien que el 2021 la mobilitat el\u00e8ctrica ja es visualitzaria com una opci\u00f3 de present i futur davant dels tradicionals vehicles de combusti\u00f3 interna. Els fabricants, empesos en molts casos per les directrius europees i les seves possibles sancions, han canviat la seva actitud davant dels [&hellip;]\" \/>\n<meta property=\"og:url\" content=\"https:\/\/circutor.com\/ca\/articles\/aspectes-clau-per-realitzar-una-installacio-de-punts-de-recarrega-a-habitatges\/\" \/>\n<meta property=\"og:site_name\" content=\"CIRCUTOR\" \/>\n<meta property=\"article:publisher\" content=\"https:\/\/www.facebook.com\/CIRCUTOR.ES\" \/>\n<meta property=\"article:published_time\" content=\"2022-03-22T11:16:40+00:00\" \/>\n<meta property=\"article:modified_time\" content=\"2023-05-25T09:32:37+00:00\" \/>\n<meta property=\"og:image\" content=\"https:\/\/circutor.com\/wp-content\/uploads\/2022\/03\/FSB_Recarga_VE_Domestica.jpg\" \/>\n\t<meta property=\"og:image:width\" content=\"1920\" \/>\n\t<meta property=\"og:image:height\" content=\"1080\" \/>\n\t<meta property=\"og:image:type\" content=\"image\/jpeg\" \/>\n<meta name=\"author\" content=\"Circutor\" \/>\n<meta name=\"twitter:card\" content=\"summary_large_image\" \/>\n<meta name=\"twitter:creator\" content=\"@circutor\" \/>\n<meta name=\"twitter:site\" content=\"@circutor\" \/>\n<meta name=\"twitter:label1\" content=\"Escrit per\" \/>\n\t<meta name=\"twitter:data1\" content=\"Circutor\" \/>\n\t<meta name=\"twitter:label2\" content=\"Temps estimat de lectura\" \/>\n\t<meta name=\"twitter:data2\" content=\"7 minuts\" \/>\n<script type=\"application\/ld+json\" class=\"yoast-schema-graph\">{\"@context\":\"https:\/\/schema.org\",\"@graph\":[{\"@type\":\"Organization\",\"@id\":\"https:\/\/circutor.com\/#organization\",\"name\":\"Circutor\",\"url\":\"https:\/\/circutor.com\/\",\"sameAs\":[\"https:\/\/www.instagram.com\/circutor_es\",\"https:\/\/www.linkedin.com\/company\/circutor\",\"https:\/\/www.youtube.com\/user\/CIRCUTORoficial\",\"https:\/\/www.facebook.com\/CIRCUTOR.ES\",\"https:\/\/twitter.com\/circutor\"],\"logo\":{\"@type\":\"ImageObject\",\"inLanguage\":\"ca\",\"@id\":\"https:\/\/circutor.com\/#\/schema\/logo\/image\/\",\"url\":\"https:\/\/circutor.com\/wp-content\/uploads\/2020\/09\/CIR_LOGO_RED.png\",\"contentUrl\":\"https:\/\/circutor.com\/wp-content\/uploads\/2020\/09\/CIR_LOGO_RED.png\",\"width\":512,\"height\":128,\"caption\":\"Circutor\"},\"image\":{\"@id\":\"https:\/\/circutor.com\/#\/schema\/logo\/image\/\"}},{\"@type\":\"WebSite\",\"@id\":\"https:\/\/circutor.com\/#website\",\"url\":\"https:\/\/circutor.com\/\",\"name\":\"CIRCUTOR\",\"description\":\"Soluciones para la eficiencia energ\u00e9tica el\u00e9ctrica\",\"publisher\":{\"@id\":\"https:\/\/circutor.com\/#organization\"},\"potentialAction\":[{\"@type\":\"SearchAction\",\"target\":{\"@type\":\"EntryPoint\",\"urlTemplate\":\"https:\/\/circutor.com\/?s={search_term_string}\"},\"query-input\":\"required name=search_term_string\"}],\"inLanguage\":\"ca\"},{\"@type\":\"WebPage\",\"@id\":\"https:\/\/circutor.com\/ca\/articles\/aspectes-clau-per-realitzar-una-installacio-de-punts-de-recarrega-a-habitatges\/\",\"url\":\"https:\/\/circutor.com\/ca\/articles\/aspectes-clau-per-realitzar-una-installacio-de-punts-de-recarrega-a-habitatges\/\",\"name\":\"Aspectes clau per realitzar una instal\u00b7laci\u00f3 de punts de rec\u00e0rrega a habitatges - CIRCUTOR\",\"isPartOf\":{\"@id\":\"https:\/\/circutor.com\/#website\"},\"datePublished\":\"2022-03-22T11:16:40+00:00\",\"dateModified\":\"2023-05-25T09:32:37+00:00\",\"breadcrumb\":{\"@id\":\"https:\/\/circutor.com\/ca\/articles\/aspectes-clau-per-realitzar-una-installacio-de-punts-de-recarrega-a-habitatges\/#breadcrumb\"},\"inLanguage\":\"ca\",\"potentialAction\":[{\"@type\":\"ReadAction\",\"target\":[\"https:\/\/circutor.com\/ca\/articles\/aspectes-clau-per-realitzar-una-installacio-de-punts-de-recarrega-a-habitatges\/\"]}]},{\"@type\":\"BreadcrumbList\",\"@id\":\"https:\/\/circutor.com\/ca\/articles\/aspectes-clau-per-realitzar-una-installacio-de-punts-de-recarrega-a-habitatges\/#breadcrumb\",\"itemListElement\":[{\"@type\":\"ListItem\",\"position\":1,\"name\":\"Portada\",\"item\":\"https:\/\/circutor.com\/ca\/\"},{\"@type\":\"ListItem\",\"position\":2,\"name\":\"Aspectes clau per realitzar una instal\u00b7laci\u00f3 de punts de rec\u00e0rrega a habitatges\"}]},{\"@type\":\"Article\",\"@id\":\"https:\/\/circutor.com\/ca\/articles\/aspectes-clau-per-realitzar-una-installacio-de-punts-de-recarrega-a-habitatges\/#article\",\"isPartOf\":{\"@id\":\"https:\/\/circutor.com\/ca\/articles\/aspectes-clau-per-realitzar-una-installacio-de-punts-de-recarrega-a-habitatges\/\"},\"author\":{\"name\":\"Circutor\",\"@id\":\"https:\/\/circutor.com\/#\/schema\/person\/234a865ed449be1116408bdfdf6f576a\"},\"headline\":\"Aspectes clau per realitzar una instal\u00b7laci\u00f3 de punts de rec\u00e0rrega a habitatges\",\"datePublished\":\"2022-03-22T11:16:40+00:00\",\"dateModified\":\"2023-05-25T09:32:37+00:00\",\"mainEntityOfPage\":{\"@id\":\"https:\/\/circutor.com\/ca\/articles\/aspectes-clau-per-realitzar-una-installacio-de-punts-de-recarrega-a-habitatges\/\"},\"wordCount\":1512,\"commentCount\":0,\"publisher\":{\"@id\":\"https:\/\/circutor.com\/#organization\"},\"articleSection\":[\"Articles\"],\"inLanguage\":\"ca\",\"potentialAction\":[{\"@type\":\"CommentAction\",\"name\":\"Comment\",\"target\":[\"https:\/\/circutor.com\/ca\/articles\/aspectes-clau-per-realitzar-una-installacio-de-punts-de-recarrega-a-habitatges\/#respond\"]}]},{\"@type\":\"Person\",\"@id\":\"https:\/\/circutor.com\/#\/schema\/person\/234a865ed449be1116408bdfdf6f576a\",\"name\":\"Circutor\",\"image\":{\"@type\":\"ImageObject\",\"inLanguage\":\"ca\",\"@id\":\"https:\/\/circutor.com\/#\/schema\/person\/image\/\",\"url\":\"https:\/\/circutor.com\/wp-content\/uploads\/2022\/04\/usuario-logo-gris-96x96.png\",\"contentUrl\":\"https:\/\/circutor.com\/wp-content\/uploads\/2022\/04\/usuario-logo-gris-96x96.png\",\"caption\":\"Circutor\"}}]}<\/script>\n<!-- \/ Yoast SEO plugin. -->","yoast_head_json":{"title":"Aspectes clau per realitzar una instal\u00b7laci\u00f3 de punts de rec\u00e0rrega a habitatges - CIRCUTOR","robots":{"index":"index","follow":"follow","max-snippet":"max-snippet:-1","max-image-preview":"max-image-preview:large","max-video-preview":"max-video-preview:-1"},"canonical":"https:\/\/circutor.com\/ca\/articles\/aspectes-clau-per-realitzar-una-installacio-de-punts-de-recarrega-a-habitatges\/","og_locale":"ca_ES","og_type":"article","og_title":"Aspectes clau per realitzar una instal\u00b7laci\u00f3 de punts de rec\u00e0rrega a habitatges - CIRCUTOR","og_description":"[vc_row][vc_column][vc_column_text] Traslladant-nos 5 anys enrere, molt pocs eren ho creien que el 2021 la mobilitat el\u00e8ctrica ja es visualitzaria com una opci\u00f3 de present i futur davant dels tradicionals vehicles de combusti\u00f3 interna. Els fabricants, empesos en molts casos per les directrius europees i les seves possibles sancions, han canviat la seva actitud davant dels [&hellip;]","og_url":"https:\/\/circutor.com\/ca\/articles\/aspectes-clau-per-realitzar-una-installacio-de-punts-de-recarrega-a-habitatges\/","og_site_name":"CIRCUTOR","article_publisher":"https:\/\/www.facebook.com\/CIRCUTOR.ES","article_published_time":"2022-03-22T11:16:40+00:00","article_modified_time":"2023-05-25T09:32:37+00:00","og_image":[{"width":1920,"height":1080,"url":"https:\/\/circutor.com\/wp-content\/uploads\/2022\/03\/FSB_Recarga_VE_Domestica.jpg","type":"image\/jpeg"}],"author":"Circutor","twitter_card":"summary_large_image","twitter_creator":"@circutor","twitter_site":"@circutor","twitter_misc":{"Escrit per":"Circutor","Temps estimat de lectura":"7 minuts"},"schema":{"@context":"https:\/\/schema.org","@graph":[{"@type":"Organization","@id":"https:\/\/circutor.com\/#organization","name":"Circutor","url":"https:\/\/circutor.com\/","sameAs":["https:\/\/www.instagram.com\/circutor_es","https:\/\/www.linkedin.com\/company\/circutor","https:\/\/www.youtube.com\/user\/CIRCUTORoficial","https:\/\/www.facebook.com\/CIRCUTOR.ES","https:\/\/twitter.com\/circutor"],"logo":{"@type":"ImageObject","inLanguage":"ca","@id":"https:\/\/circutor.com\/#\/schema\/logo\/image\/","url":"https:\/\/circutor.com\/wp-content\/uploads\/2020\/09\/CIR_LOGO_RED.png","contentUrl":"https:\/\/circutor.com\/wp-content\/uploads\/2020\/09\/CIR_LOGO_RED.png","width":512,"height":128,"caption":"Circutor"},"image":{"@id":"https:\/\/circutor.com\/#\/schema\/logo\/image\/"}},{"@type":"WebSite","@id":"https:\/\/circutor.com\/#website","url":"https:\/\/circutor.com\/","name":"CIRCUTOR","description":"Soluciones para la eficiencia energ\u00e9tica el\u00e9ctrica","publisher":{"@id":"https:\/\/circutor.com\/#organization"},"potentialAction":[{"@type":"SearchAction","target":{"@type":"EntryPoint","urlTemplate":"https:\/\/circutor.com\/?s={search_term_string}"},"query-input":"required name=search_term_string"}],"inLanguage":"ca"},{"@type":"WebPage","@id":"https:\/\/circutor.com\/ca\/articles\/aspectes-clau-per-realitzar-una-installacio-de-punts-de-recarrega-a-habitatges\/","url":"https:\/\/circutor.com\/ca\/articles\/aspectes-clau-per-realitzar-una-installacio-de-punts-de-recarrega-a-habitatges\/","name":"Aspectes clau per realitzar una instal\u00b7laci\u00f3 de punts de rec\u00e0rrega a habitatges - CIRCUTOR","isPartOf":{"@id":"https:\/\/circutor.com\/#website"},"datePublished":"2022-03-22T11:16:40+00:00","dateModified":"2023-05-25T09:32:37+00:00","breadcrumb":{"@id":"https:\/\/circutor.com\/ca\/articles\/aspectes-clau-per-realitzar-una-installacio-de-punts-de-recarrega-a-habitatges\/#breadcrumb"},"inLanguage":"ca","potentialAction":[{"@type":"ReadAction","target":["https:\/\/circutor.com\/ca\/articles\/aspectes-clau-per-realitzar-una-installacio-de-punts-de-recarrega-a-habitatges\/"]}]},{"@type":"BreadcrumbList","@id":"https:\/\/circutor.com\/ca\/articles\/aspectes-clau-per-realitzar-una-installacio-de-punts-de-recarrega-a-habitatges\/#breadcrumb","itemListElement":[{"@type":"ListItem","position":1,"name":"Portada","item":"https:\/\/circutor.com\/ca\/"},{"@type":"ListItem","position":2,"name":"Aspectes clau per realitzar una instal\u00b7laci\u00f3 de punts de rec\u00e0rrega a habitatges"}]},{"@type":"Article","@id":"https:\/\/circutor.com\/ca\/articles\/aspectes-clau-per-realitzar-una-installacio-de-punts-de-recarrega-a-habitatges\/#article","isPartOf":{"@id":"https:\/\/circutor.com\/ca\/articles\/aspectes-clau-per-realitzar-una-installacio-de-punts-de-recarrega-a-habitatges\/"},"author":{"name":"Circutor","@id":"https:\/\/circutor.com\/#\/schema\/person\/234a865ed449be1116408bdfdf6f576a"},"headline":"Aspectes clau per realitzar una instal\u00b7laci\u00f3 de punts de rec\u00e0rrega a habitatges","datePublished":"2022-03-22T11:16:40+00:00","dateModified":"2023-05-25T09:32:37+00:00","mainEntityOfPage":{"@id":"https:\/\/circutor.com\/ca\/articles\/aspectes-clau-per-realitzar-una-installacio-de-punts-de-recarrega-a-habitatges\/"},"wordCount":1512,"commentCount":0,"publisher":{"@id":"https:\/\/circutor.com\/#organization"},"articleSection":["Articles"],"inLanguage":"ca","potentialAction":[{"@type":"CommentAction","name":"Comment","target":["https:\/\/circutor.com\/ca\/articles\/aspectes-clau-per-realitzar-una-installacio-de-punts-de-recarrega-a-habitatges\/#respond"]}]},{"@type":"Person","@id":"https:\/\/circutor.com\/#\/schema\/person\/234a865ed449be1116408bdfdf6f576a","name":"Circutor","image":{"@type":"ImageObject","inLanguage":"ca","@id":"https:\/\/circutor.com\/#\/schema\/person\/image\/","url":"https:\/\/circutor.com\/wp-content\/uploads\/2022\/04\/usuario-logo-gris-96x96.png","contentUrl":"https:\/\/circutor.com\/wp-content\/uploads\/2022\/04\/usuario-logo-gris-96x96.png","caption":"Circutor"}}]}},"_links":{"self":[{"href":"https:\/\/circutor.com\/ca\/wp-json\/wp\/v2\/posts\/37354"}],"collection":[{"href":"https:\/\/circutor.com\/ca\/wp-json\/wp\/v2\/posts"}],"about":[{"href":"https:\/\/circutor.com\/ca\/wp-json\/wp\/v2\/types\/post"}],"author":[{"embeddable":true,"href":"https:\/\/circutor.com\/ca\/wp-json\/wp\/v2\/users\/3"}],"replies":[{"embeddable":true,"href":"https:\/\/circutor.com\/ca\/wp-json\/wp\/v2\/comments?post=37354"}],"version-history":[{"count":0,"href":"https:\/\/circutor.com\/ca\/wp-json\/wp\/v2\/posts\/37354\/revisions"}],"wp:featuredmedia":[{"embeddable":true,"href":"https:\/\/circutor.com\/ca\/wp-json\/wp\/v2\/media\/37355"}],"wp:attachment":[{"href":"https:\/\/circutor.com\/ca\/wp-json\/wp\/v2\/media?parent=37354"}],"wp:term":[{"taxonomy":"category","embeddable":true,"href":"https:\/\/circutor.com\/ca\/wp-json\/wp\/v2\/categories?post=37354"},{"taxonomy":"post_tag","embeddable":true,"href":"https:\/\/circutor.com\/ca\/wp-json\/wp\/v2\/tags?post=37354"}],"curies":[{"name":"wp","href":"https:\/\/api.w.org\/{rel}","templated":true}]}}