{"id":37047,"date":"2022-05-12T12:41:03","date_gmt":"2022-05-12T10:41:03","guid":{"rendered":"https:\/\/circutor.com\/?p=37047"},"modified":"2023-05-25T10:52:41","modified_gmt":"2023-05-25T08:52:41","slug":"esdeveniments-i-jornada-divulgacio-de-ve-a-la-upv","status":"publish","type":"post","link":"https:\/\/circutor.com\/ca\/articles\/esdeveniments-i-jornada-divulgacio-de-ve-a-la-upv\/","title":{"rendered":"Esdeveniments &#8211; I Jornada divulgaci\u00f3 de VE a la UPV"},"content":{"rendered":"<p>[vc_row][vc_column][vc_single_image image=&#8221;28924&#8243; img_size=&#8221;full&#8221; alignment=&#8221;center&#8221; style=&#8221;vc_box_rounded&#8221; onclick=&#8221;link_image&#8221;][\/vc_column][\/vc_row][vc_row css=&#8221;.vc_custom_1663060398769{margin-top: 40px !important;margin-bottom: 20px !important;}&#8221;][vc_column][vc_message message_box_color=&#8221;grey&#8221; icon_fontawesome=&#8221;fas fa-graduation-cap&#8221;]Esdeveniment: I Jornada de divulgaci\u00f3 i trobada de vehicles el\u00e8ctrics a la UPV\/EHU<\/p>\n<p>Any: 2022<\/p>\n<p>Col\u00b7laboradors: Melchor G\u00f3mez P\u00e9rez &#8211; Universitat del Pa\u00eds Basc UPV\/EHU i AUVE<\/p>\n<p>Enric Fauste Fornells, Gemma Soler Campabadal i Natalia Rubio \/ Assessora Audi de SARSA MOTOR SA Movento \u2013 Grup d&#8217;Automoci\u00f3 (Moventia)<\/p>\n<p>Data: del 5 al 7 de maig de 2022[\/vc_message][\/vc_column][\/vc_row][vc_row][vc_column][vc_column_text]Acceptem, encantats, la invitaci\u00f3 de participaci\u00f3 a la I Jornada de divulgaci\u00f3 i trobada de Vehicles El\u00e8ctrics de l&#8217;Euskal Herriko Unibersitatea al campus de Gasteiz on acudim des de CircutorElectroChallenge conduint un cotxe el\u00e8ctric que hem integrat a l&#8217;exposici\u00f3 al costat dels concessionaris locals , membres de l&#8217;Associaci\u00f3 d&#8217;Usuaris de Vehicle El\u00e8ctric AUVE i participants dels equips de #formulastudent i #motostudent de la pr\u00f2pia universitat.[\/vc_column_text][vc_single_image image=&#8221;28900&#8243; img_size=&#8221;full&#8221; alignment=&#8221;center&#8221; style=&#8221;vc_box_rounded&#8221; css=&#8221;.vc_custom_1663154364443{margin-top: 40px !important;margin-bottom: 40px !important;}&#8221;][vc_column_text]Quan el viatge forma part de l\u00b4aventura!<\/p>\n<p>&nbsp;<\/p>\n<p>Dijous 5, Sortim de la seu de Circutor, a Viladecavalls a mig dia cam\u00ed de Vit\u00f2ria-Gasteiz. Aquest viatge el realitzem amb un magn\u00edfic Audi Q4 e-tron 40 100% el\u00e8ctric i amb la inestimable companyia del nostre copilot, Pep.<\/p>\n<p>&nbsp;<\/p>\n<p>Per aquest repte, escollim el tra\u00e7at nord i iniciem viatge agafant la carretera C-58 fins a Manresa per incorporar-nos a l&#8217;Eix Transversal, C-25 en direcci\u00f3 a Lleida. El dia \u00e9s radiant i la temperatura de 21,5 \u00baC \u00e9s ideal per viatjar sense el consum extra de l&#8217;aire condicionat i perfecte per al funcionament eficient de la bateria.<\/p>\n<p>&nbsp;<\/p>\n<p>Hora de dinar per a tothom, men\u00fa per als ocupants i rec\u00e0rrega per al cotxe aprofitant l&#8217;\u00c0rea 62 a 210 km de la nostra sortida i sota l&#8217;impressionant monestir de Pueyo. Aquest empla\u00e7ament, de la xarxa de rec\u00e0rrega d&#8217;Iberdrola, est\u00e0 equipat amb dos equips RAPTION 50 situats a l&#8217;aparcament de la part de darrere del restaurant i l&#8217;hem activat amb el clauer d&#8217;Electromaps.<\/p>\n<p>&nbsp;<\/p>\n<p>Hem menjat i carregat en 40 minuts del 55 al 99% aconseguint una autonomia estimada per l&#8217;ordinador de 450 km, suficients per arribar a destinaci\u00f3.<\/p>\n<p>&nbsp;<\/p>\n<p>Circulem per l&#8217;A-132 i despr\u00e9s d&#8217;Ayerbe, arribem a un dels enclavaments m\u00e9s espectaculars de la ruta, el riu G\u00e1llego, que baixa amb la for\u00e7a del desgla\u00e7 primaveral de les neus caigudes en un hivern copi\u00f3s. El color blau turquesa coronat pel blanc de l&#8217;escuma dels seus r\u00e0pids que fan les del\u00edcies dels practicants de r\u00e0fting.<\/p>\n<p>&nbsp;<\/p>\n<p>A partir d&#8217;aqu\u00ed la cosa es posa seriosa i \u00e9s que la carretera comen\u00e7a a serpentejar per assolir la cota m\u00e0xima de la nostra aventura, el port de Santa B\u00e0rbara, a 858 m d&#8217;al\u00e7ada. El nostre consum arriba en aquest punt als 16,5 kWh\/100 km i la bateria cau fins al 76 % per\u00f2, a tota pujada, li correspon una baixada, que en aquest cas ens porta fins a Puente de la Reina.<\/p>\n<p>&nbsp;<\/p>\n<p>La N-340 ens regala noves panor\u00e0miques banyades amb la llum del capvespre i ens condueix a l&#8217;autovia A-21 per terres Navarreses fins a Iru\u00f1a. Al centre de la ciutat el nostre consum ha quedat contingut en 16 kWh\/100 km i mantenim un 56 % d&#8217;energia a la bateria.<\/p>\n<p>&nbsp;<\/p>\n<p>Ens queda un darrer esfor\u00e7, prendre l&#8217;A-10 i l&#8217;A-1 per assolir la destinaci\u00f3 a Vit\u00f2ria-Gasteiz. El nostre resultat final \u00e9s un incre\u00efble 15,8 kWh\/100 km de consum i un 35% de bateria, \u00e9s a dir, uns 27 kWh que ens permetrien realitzar les activitats de la trobada sense cap problema.<\/p>\n<p>&nbsp;<\/p>\n<p>Descans a l&#8217;Hotel Abba Jazz i rec\u00e0rrega nocturna a l&#8217;aparcament Juan de Ayala a la xarxa EDP activada, de nou, amb l&#8217;app d&#8217;Electromaps, \u00e9s l&#8217;avantatge de la interoperabilitat entre plataformes, ideal per quan ens desplacem fora de la nostra zona habitual de conducci\u00f3.[\/vc_column_text][vc_single_image image=&#8221;28916&#8243; img_size=&#8221;full&#8221; alignment=&#8221;center&#8221; style=&#8221;vc_box_rounded&#8221; css=&#8221;.vc_custom_1663154375318{margin-top: 40px !important;margin-bottom: 40px !important;}&#8221;][vc_column_text]Divendres 6. La jornada t\u00e8cnica ha anat acompanyada d&#8217;una exposici\u00f3 de models de cotxe el\u00e8ctric aportats pels concessionaris de la ciutat aix\u00ed com alguns dels membres d&#8217;AUVE, Associaci\u00f3 d&#8217;usuaris de vehicle el\u00e8ctric de la zona.<\/p>\n<p>&nbsp;<\/p>\n<p>Pel que fa a les pon\u00e8ncies, la veritat \u00e9s que han estat d&#8217;un nivell molt elevat i tem\u00e0tiques tan interessants com l&#8217;estat de l&#8217;art de les bateries, el pla de mobilitat sostenible de la ciutat que inclou el sistema intel\u00b7ligent de gesti\u00f3 d&#8217;autobusos el\u00e8ctrics BEI, l&#8217;experi\u00e8ncia d&#8217;\u00fas del cotxe el\u00e8ctric per part dels usuaris d&#8217;AUVE i com no, la nostra aportaci\u00f3 sobre les diferents estrat\u00e8gies de rec\u00e0rrega i equips disponibles avui dia.<\/p>\n<p>&nbsp;<\/p>\n<p>El temps acompanya i despr\u00e9s d\u00b4un dinar molt agradable a prop del campus, tornem a l\u00b4exposici\u00f3 de vehicles contrastant idees, experi\u00e8ncies i qualitats dels diferents vehicles presents. Des de motos de competici\u00f3 fins a furgonetes per al repartiment de paquets pel centre de la ciutat, l&#8217;electrificaci\u00f3 progressa a tots els \u00e0mbits.[\/vc_column_text][vc_single_image image=&#8221;28908&#8243; img_size=&#8221;full&#8221; alignment=&#8221;center&#8221; style=&#8221;vc_box_rounded&#8221; css=&#8221;.vc_custom_1663154386316{margin-top: 40px !important;margin-bottom: 40px !important;}&#8221;][vc_column_text]Dissabte 7. Entrem en acci\u00f3. A primera hora, formem una comitiva d&#8217;una vintena de cotxes el\u00e8ctrics i circulem per tota la ciutat, des de les seves avingudes perif\u00e8riques fins a la mateixa pla\u00e7a per on llisca, cada any, a la seva setmana gran, el fam\u00f3s Celed\u00f3.<\/p>\n<p>&nbsp;<\/p>\n<p>La comitiva acaba, despr\u00e9s de rec\u00f3rrer uns 20 km en un dinar reposador de les energies dels conductors, els acompanyants i tot l&#8217;equip de l&#8217;associaci\u00f3 que ha format part de l&#8217;organitzaci\u00f3 de l&#8217;esdeveniment. Bon menjar i amb la millor companyia!<\/p>\n<p>&nbsp;<\/p>\n<p>S\u00f3n les 5 de la tarda, sol radiant i 21 C de temperatura ambient, ideal per fer front a la tornada a casa, fins a la seu de Circutor, a Viladecavalls. M\u00e9s de 500 km que, tot i sortir amb un 94% de bateria, creiem que es poden realitzar sense rec\u00e0rrega interm\u00e8dia, cosa que es podries anomenar de l&#8217;estirada.<\/p>\n<p>&nbsp;<\/p>\n<p>Al nostre viatge d&#8217;anada, la nostra conducci\u00f3 i estrat\u00e8gia de parar a menjar i carregar correspon a l&#8217;\u00fas normal del cotxe el\u00e8ctric en viatges de mitjana i llarga dist\u00e0ncia, per\u00f2 el retorn l&#8217;afrontem amb una altra filosofia, totalment diferent, com un desafiament, com una demostraci\u00f3 del que es pot aconseguir amb aquests vehicles si es fan servir t\u00e8cniques de conducci\u00f3 eficient i tranquil\u00b7la. Ho aconseguirem?<\/p>\n<p>&nbsp;<\/p>\n<p>Arribarem a casa despr\u00e9s d&#8217;una etapa marat\u00f3 sense necessitat de recarregar la bateria? Quin consum caldria assolir per aconseguir-ho?<\/p>\n<p>&nbsp;<\/p>\n<p>Per con\u00e8ixer totes aquestes respostes, us convidem a consultar la cr\u00f2nica d&#8217;aquesta aventura a la secci\u00f3 Reptes d&#8217;Autonomia de CircutorElectroChallenge.[\/vc_column_text][vc_single_image image=&#8221;28892&#8243; img_size=&#8221;full&#8221; alignment=&#8221;center&#8221; style=&#8221;vc_box_rounded&#8221; css=&#8221;.vc_custom_1663154416596{margin-top: 40px !important;margin-bottom: 40px !important;}&#8221;][vc_message message_box_color=&#8221;blue&#8221; icon_fontawesome=&#8221;fas fa-store-alt&#8221; css=&#8221;.vc_custom_1682587201541{margin-top: 20px !important;}&#8221;]Gr\u00e0cies, Melchor G\u00f3mez P\u00e9rez &#8211; Universitat del Pa\u00eds Basc UPV\/EHU i AUVE<\/p>\n<p>Enric Fauste Fornells, Gemma Soler Campabadal i Natalia Rubio \/ Assessora Audi de SARSA MOTOR SA Movento \u2013 Grup d&#8217;Automoci\u00f3 (Moventia).[\/vc_message][\/vc_column][\/vc_row]<\/p>\n","protected":false},"excerpt":{"rendered":"<p>[vc_row][vc_column][vc_single_image image=&#8221;28924&#8243; img_size=&#8221;full&#8221; alignment=&#8221;center&#8221; style=&#8221;vc_box_rounded&#8221; onclick=&#8221;link_image&#8221;][\/vc_column][\/vc_row][vc_row css=&#8221;.vc_custom_1663060398769{margin-top: 40px !important;margin-bottom: 20px !important;}&#8221;][vc_column][vc_message message_box_color=&#8221;grey&#8221; icon_fontawesome=&#8221;fas fa-graduation-cap&#8221;]Esdeveniment: I Jornada de divulgaci\u00f3 i trobada de vehicles el\u00e8ctrics a la UPV\/EHU Any: 2022 Col\u00b7laboradors: Melchor G\u00f3mez P\u00e9rez &#8211; Universitat del Pa\u00eds Basc UPV\/EHU i AUVE Enric Fauste Fornells, Gemma Soler Campabadal i Natalia Rubio \/ Assessora Audi de SARSA MOTOR [&hellip;]<\/p>\n","protected":false},"author":3,"featured_media":29319,"comment_status":"open","ping_status":"open","sticky":false,"template":"","format":"standard","meta":[],"categories":[3710,3758],"tags":[],"acf":[],"yoast_head":"<!-- This site is optimized with the Yoast SEO plugin v19.4 - https:\/\/yoast.com\/wordpress\/plugins\/seo\/ -->\n<title>Esdeveniments - I Jornada divulgaci\u00f3 de VE a la UPV - CIRCUTOR<\/title>\n<meta name=\"robots\" content=\"index, follow, max-snippet:-1, max-image-preview:large, max-video-preview:-1\" \/>\n<link rel=\"canonical\" href=\"https:\/\/circutor.com\/ca\/articles\/esdeveniments-i-jornada-divulgacio-de-ve-a-la-upv\/\" \/>\n<meta property=\"og:locale\" content=\"ca_ES\" \/>\n<meta property=\"og:type\" content=\"article\" \/>\n<meta property=\"og:title\" content=\"Esdeveniments - I Jornada divulgaci\u00f3 de VE a la UPV - CIRCUTOR\" \/>\n<meta property=\"og:description\" content=\"[vc_row][vc_column][vc_single_image image=&#8221;28924&#8243; img_size=&#8221;full&#8221; alignment=&#8221;center&#8221; style=&#8221;vc_box_rounded&#8221; onclick=&#8221;link_image&#8221;][\/vc_column][\/vc_row][vc_row css=&#8221;.vc_custom_1663060398769{margin-top: 40px !important;margin-bottom: 20px !important;}&#8221;][vc_column][vc_message message_box_color=&#8221;grey&#8221; icon_fontawesome=&#8221;fas fa-graduation-cap&#8221;]Esdeveniment: I Jornada de divulgaci\u00f3 i trobada de vehicles el\u00e8ctrics a la UPV\/EHU Any: 2022 Col\u00b7laboradors: Melchor G\u00f3mez P\u00e9rez &#8211; Universitat del Pa\u00eds Basc UPV\/EHU i AUVE Enric Fauste Fornells, Gemma Soler Campabadal i Natalia Rubio \/ Assessora Audi de SARSA MOTOR [&hellip;]\" \/>\n<meta property=\"og:url\" content=\"https:\/\/circutor.com\/ca\/articles\/esdeveniments-i-jornada-divulgacio-de-ve-a-la-upv\/\" \/>\n<meta property=\"og:site_name\" content=\"CIRCUTOR\" \/>\n<meta property=\"article:publisher\" content=\"https:\/\/www.facebook.com\/CIRCUTOR.ES\" \/>\n<meta property=\"article:published_time\" content=\"2022-05-12T10:41:03+00:00\" \/>\n<meta property=\"article:modified_time\" content=\"2023-05-25T08:52:41+00:00\" \/>\n<meta property=\"og:image\" content=\"https:\/\/circutor.com\/wp-content\/uploads\/2022\/09\/I_Jornada_VE_UPVEHU.jpg\" \/>\n\t<meta property=\"og:image:width\" content=\"1920\" \/>\n\t<meta property=\"og:image:height\" content=\"1080\" \/>\n\t<meta property=\"og:image:type\" content=\"image\/jpeg\" \/>\n<meta name=\"author\" content=\"Circutor\" \/>\n<meta name=\"twitter:card\" content=\"summary_large_image\" \/>\n<meta name=\"twitter:creator\" content=\"@circutor\" \/>\n<meta name=\"twitter:site\" content=\"@circutor\" \/>\n<meta name=\"twitter:label1\" content=\"Escrit per\" \/>\n\t<meta name=\"twitter:data1\" content=\"Circutor\" \/>\n\t<meta name=\"twitter:label2\" content=\"Temps estimat de lectura\" \/>\n\t<meta name=\"twitter:data2\" content=\"6 minuts\" \/>\n<script type=\"application\/ld+json\" class=\"yoast-schema-graph\">{\"@context\":\"https:\/\/schema.org\",\"@graph\":[{\"@type\":\"Organization\",\"@id\":\"https:\/\/circutor.com\/#organization\",\"name\":\"Circutor\",\"url\":\"https:\/\/circutor.com\/\",\"sameAs\":[\"https:\/\/www.instagram.com\/circutor_es\",\"https:\/\/www.linkedin.com\/company\/circutor\",\"https:\/\/www.youtube.com\/user\/CIRCUTORoficial\",\"https:\/\/www.facebook.com\/CIRCUTOR.ES\",\"https:\/\/twitter.com\/circutor\"],\"logo\":{\"@type\":\"ImageObject\",\"inLanguage\":\"ca\",\"@id\":\"https:\/\/circutor.com\/#\/schema\/logo\/image\/\",\"url\":\"https:\/\/circutor.com\/wp-content\/uploads\/2020\/09\/CIR_LOGO_RED.png\",\"contentUrl\":\"https:\/\/circutor.com\/wp-content\/uploads\/2020\/09\/CIR_LOGO_RED.png\",\"width\":512,\"height\":128,\"caption\":\"Circutor\"},\"image\":{\"@id\":\"https:\/\/circutor.com\/#\/schema\/logo\/image\/\"}},{\"@type\":\"WebSite\",\"@id\":\"https:\/\/circutor.com\/#website\",\"url\":\"https:\/\/circutor.com\/\",\"name\":\"CIRCUTOR\",\"description\":\"Soluciones para la eficiencia energ\u00e9tica el\u00e9ctrica\",\"publisher\":{\"@id\":\"https:\/\/circutor.com\/#organization\"},\"potentialAction\":[{\"@type\":\"SearchAction\",\"target\":{\"@type\":\"EntryPoint\",\"urlTemplate\":\"https:\/\/circutor.com\/?s={search_term_string}\"},\"query-input\":\"required name=search_term_string\"}],\"inLanguage\":\"ca\"},{\"@type\":\"WebPage\",\"@id\":\"https:\/\/circutor.com\/ca\/articles\/esdeveniments-i-jornada-divulgacio-de-ve-a-la-upv\/\",\"url\":\"https:\/\/circutor.com\/ca\/articles\/esdeveniments-i-jornada-divulgacio-de-ve-a-la-upv\/\",\"name\":\"Esdeveniments - I Jornada divulgaci\u00f3 de VE a la UPV - CIRCUTOR\",\"isPartOf\":{\"@id\":\"https:\/\/circutor.com\/#website\"},\"datePublished\":\"2022-05-12T10:41:03+00:00\",\"dateModified\":\"2023-05-25T08:52:41+00:00\",\"breadcrumb\":{\"@id\":\"https:\/\/circutor.com\/ca\/articles\/esdeveniments-i-jornada-divulgacio-de-ve-a-la-upv\/#breadcrumb\"},\"inLanguage\":\"ca\",\"potentialAction\":[{\"@type\":\"ReadAction\",\"target\":[\"https:\/\/circutor.com\/ca\/articles\/esdeveniments-i-jornada-divulgacio-de-ve-a-la-upv\/\"]}]},{\"@type\":\"BreadcrumbList\",\"@id\":\"https:\/\/circutor.com\/ca\/articles\/esdeveniments-i-jornada-divulgacio-de-ve-a-la-upv\/#breadcrumb\",\"itemListElement\":[{\"@type\":\"ListItem\",\"position\":1,\"name\":\"Portada\",\"item\":\"https:\/\/circutor.com\/ca\/\"},{\"@type\":\"ListItem\",\"position\":2,\"name\":\"Esdeveniments &#8211; I Jornada divulgaci\u00f3 de VE a la UPV\"}]},{\"@type\":\"Article\",\"@id\":\"https:\/\/circutor.com\/ca\/articles\/esdeveniments-i-jornada-divulgacio-de-ve-a-la-upv\/#article\",\"isPartOf\":{\"@id\":\"https:\/\/circutor.com\/ca\/articles\/esdeveniments-i-jornada-divulgacio-de-ve-a-la-upv\/\"},\"author\":{\"name\":\"Circutor\",\"@id\":\"https:\/\/circutor.com\/#\/schema\/person\/234a865ed449be1116408bdfdf6f576a\"},\"headline\":\"Esdeveniments &#8211; I Jornada divulgaci\u00f3 de VE a la UPV\",\"datePublished\":\"2022-05-12T10:41:03+00:00\",\"dateModified\":\"2023-05-25T08:52:41+00:00\",\"mainEntityOfPage\":{\"@id\":\"https:\/\/circutor.com\/ca\/articles\/esdeveniments-i-jornada-divulgacio-de-ve-a-la-upv\/\"},\"wordCount\":1278,\"commentCount\":0,\"publisher\":{\"@id\":\"https:\/\/circutor.com\/#organization\"},\"articleSection\":[\"Articles\",\"CircutorElectroChallenge\"],\"inLanguage\":\"ca\",\"potentialAction\":[{\"@type\":\"CommentAction\",\"name\":\"Comment\",\"target\":[\"https:\/\/circutor.com\/ca\/articles\/esdeveniments-i-jornada-divulgacio-de-ve-a-la-upv\/#respond\"]}]},{\"@type\":\"Person\",\"@id\":\"https:\/\/circutor.com\/#\/schema\/person\/234a865ed449be1116408bdfdf6f576a\",\"name\":\"Circutor\",\"image\":{\"@type\":\"ImageObject\",\"inLanguage\":\"ca\",\"@id\":\"https:\/\/circutor.com\/#\/schema\/person\/image\/\",\"url\":\"https:\/\/circutor.com\/wp-content\/uploads\/2022\/04\/usuario-logo-gris-96x96.png\",\"contentUrl\":\"https:\/\/circutor.com\/wp-content\/uploads\/2022\/04\/usuario-logo-gris-96x96.png\",\"caption\":\"Circutor\"}}]}<\/script>\n<!-- \/ Yoast SEO plugin. -->","yoast_head_json":{"title":"Esdeveniments - I Jornada divulgaci\u00f3 de VE a la UPV - CIRCUTOR","robots":{"index":"index","follow":"follow","max-snippet":"max-snippet:-1","max-image-preview":"max-image-preview:large","max-video-preview":"max-video-preview:-1"},"canonical":"https:\/\/circutor.com\/ca\/articles\/esdeveniments-i-jornada-divulgacio-de-ve-a-la-upv\/","og_locale":"ca_ES","og_type":"article","og_title":"Esdeveniments - I Jornada divulgaci\u00f3 de VE a la UPV - CIRCUTOR","og_description":"[vc_row][vc_column][vc_single_image image=&#8221;28924&#8243; img_size=&#8221;full&#8221; alignment=&#8221;center&#8221; style=&#8221;vc_box_rounded&#8221; onclick=&#8221;link_image&#8221;][\/vc_column][\/vc_row][vc_row css=&#8221;.vc_custom_1663060398769{margin-top: 40px !important;margin-bottom: 20px !important;}&#8221;][vc_column][vc_message message_box_color=&#8221;grey&#8221; icon_fontawesome=&#8221;fas fa-graduation-cap&#8221;]Esdeveniment: I Jornada de divulgaci\u00f3 i trobada de vehicles el\u00e8ctrics a la UPV\/EHU Any: 2022 Col\u00b7laboradors: Melchor G\u00f3mez P\u00e9rez &#8211; Universitat del Pa\u00eds Basc UPV\/EHU i AUVE Enric Fauste Fornells, Gemma Soler Campabadal i Natalia Rubio \/ Assessora Audi de SARSA MOTOR [&hellip;]","og_url":"https:\/\/circutor.com\/ca\/articles\/esdeveniments-i-jornada-divulgacio-de-ve-a-la-upv\/","og_site_name":"CIRCUTOR","article_publisher":"https:\/\/www.facebook.com\/CIRCUTOR.ES","article_published_time":"2022-05-12T10:41:03+00:00","article_modified_time":"2023-05-25T08:52:41+00:00","og_image":[{"width":1920,"height":1080,"url":"https:\/\/circutor.com\/wp-content\/uploads\/2022\/09\/I_Jornada_VE_UPVEHU.jpg","type":"image\/jpeg"}],"author":"Circutor","twitter_card":"summary_large_image","twitter_creator":"@circutor","twitter_site":"@circutor","twitter_misc":{"Escrit per":"Circutor","Temps estimat de lectura":"6 minuts"},"schema":{"@context":"https:\/\/schema.org","@graph":[{"@type":"Organization","@id":"https:\/\/circutor.com\/#organization","name":"Circutor","url":"https:\/\/circutor.com\/","sameAs":["https:\/\/www.instagram.com\/circutor_es","https:\/\/www.linkedin.com\/company\/circutor","https:\/\/www.youtube.com\/user\/CIRCUTORoficial","https:\/\/www.facebook.com\/CIRCUTOR.ES","https:\/\/twitter.com\/circutor"],"logo":{"@type":"ImageObject","inLanguage":"ca","@id":"https:\/\/circutor.com\/#\/schema\/logo\/image\/","url":"https:\/\/circutor.com\/wp-content\/uploads\/2020\/09\/CIR_LOGO_RED.png","contentUrl":"https:\/\/circutor.com\/wp-content\/uploads\/2020\/09\/CIR_LOGO_RED.png","width":512,"height":128,"caption":"Circutor"},"image":{"@id":"https:\/\/circutor.com\/#\/schema\/logo\/image\/"}},{"@type":"WebSite","@id":"https:\/\/circutor.com\/#website","url":"https:\/\/circutor.com\/","name":"CIRCUTOR","description":"Soluciones para la eficiencia energ\u00e9tica el\u00e9ctrica","publisher":{"@id":"https:\/\/circutor.com\/#organization"},"potentialAction":[{"@type":"SearchAction","target":{"@type":"EntryPoint","urlTemplate":"https:\/\/circutor.com\/?s={search_term_string}"},"query-input":"required name=search_term_string"}],"inLanguage":"ca"},{"@type":"WebPage","@id":"https:\/\/circutor.com\/ca\/articles\/esdeveniments-i-jornada-divulgacio-de-ve-a-la-upv\/","url":"https:\/\/circutor.com\/ca\/articles\/esdeveniments-i-jornada-divulgacio-de-ve-a-la-upv\/","name":"Esdeveniments - I Jornada divulgaci\u00f3 de VE a la UPV - CIRCUTOR","isPartOf":{"@id":"https:\/\/circutor.com\/#website"},"datePublished":"2022-05-12T10:41:03+00:00","dateModified":"2023-05-25T08:52:41+00:00","breadcrumb":{"@id":"https:\/\/circutor.com\/ca\/articles\/esdeveniments-i-jornada-divulgacio-de-ve-a-la-upv\/#breadcrumb"},"inLanguage":"ca","potentialAction":[{"@type":"ReadAction","target":["https:\/\/circutor.com\/ca\/articles\/esdeveniments-i-jornada-divulgacio-de-ve-a-la-upv\/"]}]},{"@type":"BreadcrumbList","@id":"https:\/\/circutor.com\/ca\/articles\/esdeveniments-i-jornada-divulgacio-de-ve-a-la-upv\/#breadcrumb","itemListElement":[{"@type":"ListItem","position":1,"name":"Portada","item":"https:\/\/circutor.com\/ca\/"},{"@type":"ListItem","position":2,"name":"Esdeveniments &#8211; I Jornada divulgaci\u00f3 de VE a la UPV"}]},{"@type":"Article","@id":"https:\/\/circutor.com\/ca\/articles\/esdeveniments-i-jornada-divulgacio-de-ve-a-la-upv\/#article","isPartOf":{"@id":"https:\/\/circutor.com\/ca\/articles\/esdeveniments-i-jornada-divulgacio-de-ve-a-la-upv\/"},"author":{"name":"Circutor","@id":"https:\/\/circutor.com\/#\/schema\/person\/234a865ed449be1116408bdfdf6f576a"},"headline":"Esdeveniments &#8211; I Jornada divulgaci\u00f3 de VE a la UPV","datePublished":"2022-05-12T10:41:03+00:00","dateModified":"2023-05-25T08:52:41+00:00","mainEntityOfPage":{"@id":"https:\/\/circutor.com\/ca\/articles\/esdeveniments-i-jornada-divulgacio-de-ve-a-la-upv\/"},"wordCount":1278,"commentCount":0,"publisher":{"@id":"https:\/\/circutor.com\/#organization"},"articleSection":["Articles","CircutorElectroChallenge"],"inLanguage":"ca","potentialAction":[{"@type":"CommentAction","name":"Comment","target":["https:\/\/circutor.com\/ca\/articles\/esdeveniments-i-jornada-divulgacio-de-ve-a-la-upv\/#respond"]}]},{"@type":"Person","@id":"https:\/\/circutor.com\/#\/schema\/person\/234a865ed449be1116408bdfdf6f576a","name":"Circutor","image":{"@type":"ImageObject","inLanguage":"ca","@id":"https:\/\/circutor.com\/#\/schema\/person\/image\/","url":"https:\/\/circutor.com\/wp-content\/uploads\/2022\/04\/usuario-logo-gris-96x96.png","contentUrl":"https:\/\/circutor.com\/wp-content\/uploads\/2022\/04\/usuario-logo-gris-96x96.png","caption":"Circutor"}}]}},"_links":{"self":[{"href":"https:\/\/circutor.com\/ca\/wp-json\/wp\/v2\/posts\/37047"}],"collection":[{"href":"https:\/\/circutor.com\/ca\/wp-json\/wp\/v2\/posts"}],"about":[{"href":"https:\/\/circutor.com\/ca\/wp-json\/wp\/v2\/types\/post"}],"author":[{"embeddable":true,"href":"https:\/\/circutor.com\/ca\/wp-json\/wp\/v2\/users\/3"}],"replies":[{"embeddable":true,"href":"https:\/\/circutor.com\/ca\/wp-json\/wp\/v2\/comments?post=37047"}],"version-history":[{"count":0,"href":"https:\/\/circutor.com\/ca\/wp-json\/wp\/v2\/posts\/37047\/revisions"}],"wp:featuredmedia":[{"embeddable":true,"href":"https:\/\/circutor.com\/ca\/wp-json\/wp\/v2\/media\/29319"}],"wp:attachment":[{"href":"https:\/\/circutor.com\/ca\/wp-json\/wp\/v2\/media?parent=37047"}],"wp:term":[{"taxonomy":"category","embeddable":true,"href":"https:\/\/circutor.com\/ca\/wp-json\/wp\/v2\/categories?post=37047"},{"taxonomy":"post_tag","embeddable":true,"href":"https:\/\/circutor.com\/ca\/wp-json\/wp\/v2\/tags?post=37047"}],"curies":[{"name":"wp","href":"https:\/\/api.w.org\/{rel}","templated":true}]}}