{"id":36651,"date":"2022-12-12T13:10:39","date_gmt":"2022-12-12T11:10:39","guid":{"rendered":"https:\/\/circutor.com\/?p=36651"},"modified":"2023-05-16T14:06:06","modified_gmt":"2023-05-16T12:06:06","slug":"2a-edicio-electromobilitat-i-solidaritat-18-de-desembre-de-2022","status":"publish","type":"post","link":"https:\/\/circutor.com\/ca\/noticies\/2a-edicio-electromobilitat-i-solidaritat-18-de-desembre-de-2022\/","title":{"rendered":"2a edici\u00f3. Electromobilitat i Solidaritat. 18 de desembre de 2022"},"content":{"rendered":"<p>[vc_row][vc_column][vc_column_text]Des del grup CIRCUTOR us volem convidar a participar a la segona edici\u00f3 d&#8217;una activitat on barregem l&#8217;experi\u00e8ncia de conducci\u00f3 de vehicles el\u00e8ctrics amb la solidaritat, captant fons per a La Marat\u00f3 de TV3 per a la investigaci\u00f3 contra les malalties cardiovasculars.<\/p>\n<p>&nbsp;<\/p>\n<p>L&#8217;activitat consistir\u00e0 en la conducci\u00f3 d&#8217;un cotxe el\u00e8ctric fent una contribuci\u00f3 d&#8217;1 Euro per cada quil\u00f2metre condu\u00eft. CIRCUTOR far\u00e0 tamb\u00e9 una donaci\u00f3 de la mateixa quantitat a la recaptaci\u00f3 global.<\/p>\n<p>&nbsp;<\/p>\n<p>L&#8217;horari previst ser\u00e0, el proper diumenge, dia 18 de desembre de 10 a 13 hores, en torns de mitja hora, aproximadament.<\/p>\n<p>El recorregut ser\u00e0 per carretera oberta al tr\u00e0nsit amb sortida i arribada a la nostra seu a Viladecavalls (Barcelona, Espanya). La dist\u00e0ncia a conduir ser\u00e0 de 20 km.<\/p>\n<p>Els vehicles seran models actuals, 100% el\u00e8ctrics, cedits per concessionaris de la comarca, i per tant, la seva utilitzaci\u00f3 estar\u00e0 regulada pels reglaments de prova de vehicle que ja en tenen definits. Cada participant haur\u00e0 d&#8217;acreditar estar en possessi\u00f3 de la llic\u00e8ncia de conducci\u00f3 corresponent i signar una declaraci\u00f3 responsable.<\/p>\n<p>A cada vehicle podran anar un m\u00e0xim de 3 acompanyants a la persona que condueixi ja que tamb\u00e9 anir\u00e0, al seient del copilot, una persona volunt\u00e0ria de l&#8217;organitzaci\u00f3 que anir\u00e0 explicant detalls sobre la conducci\u00f3 el\u00e8ctrica i la ruta a realitzar.<\/p>\n<p>Els vehicles circularan sempre respectant les normes de tr\u00e0nsit i velocitats m\u00e0ximes de la via formant grups petits per facilitar l&#8217;organitzaci\u00f3 de l&#8217;activitat.<\/p>\n<p>L&#8217;assignaci\u00f3 de vehicle a cada participant a un mateix torn es far\u00e0 per sorteig. Si una persona vol participar en m\u00e9s dun torn podr\u00e0 demanar no repetir el mateix model condu\u00eft.<\/p>\n<p>Per poder dimensionar i organitzar correctament l&#8217;activitat heu de comunicar el vostre inter\u00e8s a participar i l&#8217;hora a partir de la qual podeu venir, per fer-ho m\u00e9s f\u00e0cil hem posat el formulari d&#8217;inscripci\u00f3 que hi ha a continuaci\u00f3.<\/p>\n<p>Les inscripcions a cada torn es faran per ordre rigor\u00f3s d&#8217;inscripci\u00f3.<\/p>\n<p>Tamb\u00e9 ens podeu adre\u00e7ar un correu a comunicacion@circutor.com si voleu participar a l&#8217;organitzaci\u00f3 de l&#8217;activitat de manera volunt\u00e0ria.<\/p>\n<p>A m\u00e9s de les donacions en el marc de la participaci\u00f3 a l&#8217;activitat conduint un vehicle. Qualsevol persona \u00e9s convidada a venir i compartir l\u00b4experi\u00e8ncia fent, si ho desitja, qualsevol donaci\u00f3 a La Marat\u00f3 i gaudint d\u00b4una matinal en fam\u00edlia degustant una tassa de xocolata calenta, escalfada amb energia solar que ens oferir\u00e0 l\u00b4empresa Intiam Ruai.<\/p>\n<p>Us esperem, el proper 18 de desembre, per compartir dues de les nostres passions, els vehicles el\u00e8ctrics i la solidaritat.[\/vc_column_text][\/vc_column][\/vc_row][vc_row][vc_column][vc_separator css=&#8221;.vc_custom_1670839028246{margin-top: 30px !important;margin-bottom: 30px !important;}&#8221;][vc_column_text]Empreses col\u00b7laboradores:[\/vc_column_text][vc_single_image image=&#8221;32256&#8243; img_size=&#8221;full&#8221; alignment=&#8221;center&#8221;][\/vc_column][\/vc_row][vc_row][vc_column][vc_column_text]<script src=\"\/\/info.circutor.com\/js\/forms2\/js\/forms2.min.js\"><\/script><\/p>\n<form id=\"mktoForm_1390\"><\/form>\n<p><script>MktoForms2.loadForm(\"\/\/info.circutor.com\", \"940-CSD-667\", 1390);<\/script>[\/vc_column_text][\/vc_column][\/vc_row]<\/p>\n","protected":false},"excerpt":{"rendered":"<p>[vc_row][vc_column][vc_column_text]Des del grup CIRCUTOR us volem convidar a participar a la segona edici\u00f3 d&#8217;una activitat on barregem l&#8217;experi\u00e8ncia de conducci\u00f3 de vehicles el\u00e8ctrics amb la solidaritat, captant fons per a La Marat\u00f3 de TV3 per a la investigaci\u00f3 contra les malalties cardiovasculars. &nbsp; L&#8217;activitat consistir\u00e0 en la conducci\u00f3 d&#8217;un cotxe el\u00e8ctric fent una contribuci\u00f3 d&#8217;1 [&hellip;]<\/p>\n","protected":false},"author":3,"featured_media":32149,"comment_status":"open","ping_status":"open","sticky":false,"template":"","format":"standard","meta":[],"categories":[3716],"tags":[3729,3731],"acf":[],"yoast_head":"<!-- This site is optimized with the Yoast SEO plugin v19.4 - https:\/\/yoast.com\/wordpress\/plugins\/seo\/ -->\n<title>2a edici\u00f3. Electromobilitat i Solidaritat. 18 de desembre de 2022 - CIRCUTOR<\/title>\n<meta name=\"robots\" content=\"index, follow, max-snippet:-1, max-image-preview:large, max-video-preview:-1\" \/>\n<link rel=\"canonical\" href=\"https:\/\/circutor.com\/ca\/noticies\/2a-edicio-electromobilitat-i-solidaritat-18-de-desembre-de-2022\/\" \/>\n<meta property=\"og:locale\" content=\"ca_ES\" \/>\n<meta property=\"og:type\" content=\"article\" \/>\n<meta property=\"og:title\" content=\"2a edici\u00f3. Electromobilitat i Solidaritat. 18 de desembre de 2022 - CIRCUTOR\" \/>\n<meta property=\"og:description\" content=\"[vc_row][vc_column][vc_column_text]Des del grup CIRCUTOR us volem convidar a participar a la segona edici\u00f3 d&#8217;una activitat on barregem l&#8217;experi\u00e8ncia de conducci\u00f3 de vehicles el\u00e8ctrics amb la solidaritat, captant fons per a La Marat\u00f3 de TV3 per a la investigaci\u00f3 contra les malalties cardiovasculars. &nbsp; L&#8217;activitat consistir\u00e0 en la conducci\u00f3 d&#8217;un cotxe el\u00e8ctric fent una contribuci\u00f3 d&#8217;1 [&hellip;]\" \/>\n<meta property=\"og:url\" content=\"https:\/\/circutor.com\/ca\/noticies\/2a-edicio-electromobilitat-i-solidaritat-18-de-desembre-de-2022\/\" \/>\n<meta property=\"og:site_name\" content=\"CIRCUTOR\" \/>\n<meta property=\"article:publisher\" content=\"https:\/\/www.facebook.com\/CIRCUTOR.ES\" \/>\n<meta property=\"article:published_time\" content=\"2022-12-12T11:10:39+00:00\" \/>\n<meta property=\"article:modified_time\" content=\"2023-05-16T12:06:06+00:00\" \/>\n<meta property=\"og:image\" content=\"https:\/\/circutor.com\/wp-content\/uploads\/2022\/12\/marato-tv3-1.jpg\" \/>\n\t<meta property=\"og:image:width\" content=\"1920\" \/>\n\t<meta property=\"og:image:height\" content=\"1080\" \/>\n\t<meta property=\"og:image:type\" content=\"image\/jpeg\" \/>\n<meta name=\"author\" content=\"Circutor\" \/>\n<meta name=\"twitter:card\" content=\"summary_large_image\" \/>\n<meta name=\"twitter:creator\" content=\"@circutor\" \/>\n<meta name=\"twitter:site\" content=\"@circutor\" \/>\n<meta name=\"twitter:label1\" content=\"Escrit per\" \/>\n\t<meta name=\"twitter:data1\" content=\"Circutor\" \/>\n\t<meta name=\"twitter:label2\" content=\"Temps estimat de lectura\" \/>\n\t<meta name=\"twitter:data2\" content=\"3 minuts\" \/>\n<script type=\"application\/ld+json\" class=\"yoast-schema-graph\">{\"@context\":\"https:\/\/schema.org\",\"@graph\":[{\"@type\":\"Organization\",\"@id\":\"https:\/\/circutor.com\/#organization\",\"name\":\"Circutor\",\"url\":\"https:\/\/circutor.com\/\",\"sameAs\":[\"https:\/\/www.instagram.com\/circutor_es\",\"https:\/\/www.linkedin.com\/company\/circutor\",\"https:\/\/www.youtube.com\/user\/CIRCUTORoficial\",\"https:\/\/www.facebook.com\/CIRCUTOR.ES\",\"https:\/\/twitter.com\/circutor\"],\"logo\":{\"@type\":\"ImageObject\",\"inLanguage\":\"ca\",\"@id\":\"https:\/\/circutor.com\/#\/schema\/logo\/image\/\",\"url\":\"https:\/\/circutor.com\/wp-content\/uploads\/2020\/09\/CIR_LOGO_RED.png\",\"contentUrl\":\"https:\/\/circutor.com\/wp-content\/uploads\/2020\/09\/CIR_LOGO_RED.png\",\"width\":512,\"height\":128,\"caption\":\"Circutor\"},\"image\":{\"@id\":\"https:\/\/circutor.com\/#\/schema\/logo\/image\/\"}},{\"@type\":\"WebSite\",\"@id\":\"https:\/\/circutor.com\/#website\",\"url\":\"https:\/\/circutor.com\/\",\"name\":\"CIRCUTOR\",\"description\":\"Soluciones para la eficiencia energ\u00e9tica el\u00e9ctrica\",\"publisher\":{\"@id\":\"https:\/\/circutor.com\/#organization\"},\"potentialAction\":[{\"@type\":\"SearchAction\",\"target\":{\"@type\":\"EntryPoint\",\"urlTemplate\":\"https:\/\/circutor.com\/?s={search_term_string}\"},\"query-input\":\"required name=search_term_string\"}],\"inLanguage\":\"ca\"},{\"@type\":\"WebPage\",\"@id\":\"https:\/\/circutor.com\/ca\/noticies\/2a-edicio-electromobilitat-i-solidaritat-18-de-desembre-de-2022\/\",\"url\":\"https:\/\/circutor.com\/ca\/noticies\/2a-edicio-electromobilitat-i-solidaritat-18-de-desembre-de-2022\/\",\"name\":\"2a edici\u00f3. Electromobilitat i Solidaritat. 18 de desembre de 2022 - CIRCUTOR\",\"isPartOf\":{\"@id\":\"https:\/\/circutor.com\/#website\"},\"datePublished\":\"2022-12-12T11:10:39+00:00\",\"dateModified\":\"2023-05-16T12:06:06+00:00\",\"breadcrumb\":{\"@id\":\"https:\/\/circutor.com\/ca\/noticies\/2a-edicio-electromobilitat-i-solidaritat-18-de-desembre-de-2022\/#breadcrumb\"},\"inLanguage\":\"ca\",\"potentialAction\":[{\"@type\":\"ReadAction\",\"target\":[\"https:\/\/circutor.com\/ca\/noticies\/2a-edicio-electromobilitat-i-solidaritat-18-de-desembre-de-2022\/\"]}]},{\"@type\":\"BreadcrumbList\",\"@id\":\"https:\/\/circutor.com\/ca\/noticies\/2a-edicio-electromobilitat-i-solidaritat-18-de-desembre-de-2022\/#breadcrumb\",\"itemListElement\":[{\"@type\":\"ListItem\",\"position\":1,\"name\":\"Portada\",\"item\":\"https:\/\/circutor.com\/ca\/\"},{\"@type\":\"ListItem\",\"position\":2,\"name\":\"2a edici\u00f3. Electromobilitat i Solidaritat. 18 de desembre de 2022\"}]},{\"@type\":\"Article\",\"@id\":\"https:\/\/circutor.com\/ca\/noticies\/2a-edicio-electromobilitat-i-solidaritat-18-de-desembre-de-2022\/#article\",\"isPartOf\":{\"@id\":\"https:\/\/circutor.com\/ca\/noticies\/2a-edicio-electromobilitat-i-solidaritat-18-de-desembre-de-2022\/\"},\"author\":{\"name\":\"Circutor\",\"@id\":\"https:\/\/circutor.com\/#\/schema\/person\/234a865ed449be1116408bdfdf6f576a\"},\"headline\":\"2a edici\u00f3. Electromobilitat i Solidaritat. 18 de desembre de 2022\",\"datePublished\":\"2022-12-12T11:10:39+00:00\",\"dateModified\":\"2023-05-16T12:06:06+00:00\",\"mainEntityOfPage\":{\"@id\":\"https:\/\/circutor.com\/ca\/noticies\/2a-edicio-electromobilitat-i-solidaritat-18-de-desembre-de-2022\/\"},\"wordCount\":508,\"commentCount\":0,\"publisher\":{\"@id\":\"https:\/\/circutor.com\/#organization\"},\"keywords\":[\"Mobilitat el\u00e8ctrica\",\"Rec\u00e0rrega vehicles el\u00e8ctrics\"],\"articleSection\":[\"Not\u00edcies\"],\"inLanguage\":\"ca\",\"potentialAction\":[{\"@type\":\"CommentAction\",\"name\":\"Comment\",\"target\":[\"https:\/\/circutor.com\/ca\/noticies\/2a-edicio-electromobilitat-i-solidaritat-18-de-desembre-de-2022\/#respond\"]}]},{\"@type\":\"Person\",\"@id\":\"https:\/\/circutor.com\/#\/schema\/person\/234a865ed449be1116408bdfdf6f576a\",\"name\":\"Circutor\",\"image\":{\"@type\":\"ImageObject\",\"inLanguage\":\"ca\",\"@id\":\"https:\/\/circutor.com\/#\/schema\/person\/image\/\",\"url\":\"https:\/\/circutor.com\/wp-content\/uploads\/2022\/04\/usuario-logo-gris-96x96.png\",\"contentUrl\":\"https:\/\/circutor.com\/wp-content\/uploads\/2022\/04\/usuario-logo-gris-96x96.png\",\"caption\":\"Circutor\"}}]}<\/script>\n<!-- \/ Yoast SEO plugin. -->","yoast_head_json":{"title":"2a edici\u00f3. Electromobilitat i Solidaritat. 18 de desembre de 2022 - CIRCUTOR","robots":{"index":"index","follow":"follow","max-snippet":"max-snippet:-1","max-image-preview":"max-image-preview:large","max-video-preview":"max-video-preview:-1"},"canonical":"https:\/\/circutor.com\/ca\/noticies\/2a-edicio-electromobilitat-i-solidaritat-18-de-desembre-de-2022\/","og_locale":"ca_ES","og_type":"article","og_title":"2a edici\u00f3. Electromobilitat i Solidaritat. 18 de desembre de 2022 - CIRCUTOR","og_description":"[vc_row][vc_column][vc_column_text]Des del grup CIRCUTOR us volem convidar a participar a la segona edici\u00f3 d&#8217;una activitat on barregem l&#8217;experi\u00e8ncia de conducci\u00f3 de vehicles el\u00e8ctrics amb la solidaritat, captant fons per a La Marat\u00f3 de TV3 per a la investigaci\u00f3 contra les malalties cardiovasculars. &nbsp; L&#8217;activitat consistir\u00e0 en la conducci\u00f3 d&#8217;un cotxe el\u00e8ctric fent una contribuci\u00f3 d&#8217;1 [&hellip;]","og_url":"https:\/\/circutor.com\/ca\/noticies\/2a-edicio-electromobilitat-i-solidaritat-18-de-desembre-de-2022\/","og_site_name":"CIRCUTOR","article_publisher":"https:\/\/www.facebook.com\/CIRCUTOR.ES","article_published_time":"2022-12-12T11:10:39+00:00","article_modified_time":"2023-05-16T12:06:06+00:00","og_image":[{"width":1920,"height":1080,"url":"https:\/\/circutor.com\/wp-content\/uploads\/2022\/12\/marato-tv3-1.jpg","type":"image\/jpeg"}],"author":"Circutor","twitter_card":"summary_large_image","twitter_creator":"@circutor","twitter_site":"@circutor","twitter_misc":{"Escrit per":"Circutor","Temps estimat de lectura":"3 minuts"},"schema":{"@context":"https:\/\/schema.org","@graph":[{"@type":"Organization","@id":"https:\/\/circutor.com\/#organization","name":"Circutor","url":"https:\/\/circutor.com\/","sameAs":["https:\/\/www.instagram.com\/circutor_es","https:\/\/www.linkedin.com\/company\/circutor","https:\/\/www.youtube.com\/user\/CIRCUTORoficial","https:\/\/www.facebook.com\/CIRCUTOR.ES","https:\/\/twitter.com\/circutor"],"logo":{"@type":"ImageObject","inLanguage":"ca","@id":"https:\/\/circutor.com\/#\/schema\/logo\/image\/","url":"https:\/\/circutor.com\/wp-content\/uploads\/2020\/09\/CIR_LOGO_RED.png","contentUrl":"https:\/\/circutor.com\/wp-content\/uploads\/2020\/09\/CIR_LOGO_RED.png","width":512,"height":128,"caption":"Circutor"},"image":{"@id":"https:\/\/circutor.com\/#\/schema\/logo\/image\/"}},{"@type":"WebSite","@id":"https:\/\/circutor.com\/#website","url":"https:\/\/circutor.com\/","name":"CIRCUTOR","description":"Soluciones para la eficiencia energ\u00e9tica el\u00e9ctrica","publisher":{"@id":"https:\/\/circutor.com\/#organization"},"potentialAction":[{"@type":"SearchAction","target":{"@type":"EntryPoint","urlTemplate":"https:\/\/circutor.com\/?s={search_term_string}"},"query-input":"required name=search_term_string"}],"inLanguage":"ca"},{"@type":"WebPage","@id":"https:\/\/circutor.com\/ca\/noticies\/2a-edicio-electromobilitat-i-solidaritat-18-de-desembre-de-2022\/","url":"https:\/\/circutor.com\/ca\/noticies\/2a-edicio-electromobilitat-i-solidaritat-18-de-desembre-de-2022\/","name":"2a edici\u00f3. Electromobilitat i Solidaritat. 18 de desembre de 2022 - CIRCUTOR","isPartOf":{"@id":"https:\/\/circutor.com\/#website"},"datePublished":"2022-12-12T11:10:39+00:00","dateModified":"2023-05-16T12:06:06+00:00","breadcrumb":{"@id":"https:\/\/circutor.com\/ca\/noticies\/2a-edicio-electromobilitat-i-solidaritat-18-de-desembre-de-2022\/#breadcrumb"},"inLanguage":"ca","potentialAction":[{"@type":"ReadAction","target":["https:\/\/circutor.com\/ca\/noticies\/2a-edicio-electromobilitat-i-solidaritat-18-de-desembre-de-2022\/"]}]},{"@type":"BreadcrumbList","@id":"https:\/\/circutor.com\/ca\/noticies\/2a-edicio-electromobilitat-i-solidaritat-18-de-desembre-de-2022\/#breadcrumb","itemListElement":[{"@type":"ListItem","position":1,"name":"Portada","item":"https:\/\/circutor.com\/ca\/"},{"@type":"ListItem","position":2,"name":"2a edici\u00f3. Electromobilitat i Solidaritat. 18 de desembre de 2022"}]},{"@type":"Article","@id":"https:\/\/circutor.com\/ca\/noticies\/2a-edicio-electromobilitat-i-solidaritat-18-de-desembre-de-2022\/#article","isPartOf":{"@id":"https:\/\/circutor.com\/ca\/noticies\/2a-edicio-electromobilitat-i-solidaritat-18-de-desembre-de-2022\/"},"author":{"name":"Circutor","@id":"https:\/\/circutor.com\/#\/schema\/person\/234a865ed449be1116408bdfdf6f576a"},"headline":"2a edici\u00f3. Electromobilitat i Solidaritat. 18 de desembre de 2022","datePublished":"2022-12-12T11:10:39+00:00","dateModified":"2023-05-16T12:06:06+00:00","mainEntityOfPage":{"@id":"https:\/\/circutor.com\/ca\/noticies\/2a-edicio-electromobilitat-i-solidaritat-18-de-desembre-de-2022\/"},"wordCount":508,"commentCount":0,"publisher":{"@id":"https:\/\/circutor.com\/#organization"},"keywords":["Mobilitat el\u00e8ctrica","Rec\u00e0rrega vehicles el\u00e8ctrics"],"articleSection":["Not\u00edcies"],"inLanguage":"ca","potentialAction":[{"@type":"CommentAction","name":"Comment","target":["https:\/\/circutor.com\/ca\/noticies\/2a-edicio-electromobilitat-i-solidaritat-18-de-desembre-de-2022\/#respond"]}]},{"@type":"Person","@id":"https:\/\/circutor.com\/#\/schema\/person\/234a865ed449be1116408bdfdf6f576a","name":"Circutor","image":{"@type":"ImageObject","inLanguage":"ca","@id":"https:\/\/circutor.com\/#\/schema\/person\/image\/","url":"https:\/\/circutor.com\/wp-content\/uploads\/2022\/04\/usuario-logo-gris-96x96.png","contentUrl":"https:\/\/circutor.com\/wp-content\/uploads\/2022\/04\/usuario-logo-gris-96x96.png","caption":"Circutor"}}]}},"_links":{"self":[{"href":"https:\/\/circutor.com\/ca\/wp-json\/wp\/v2\/posts\/36651"}],"collection":[{"href":"https:\/\/circutor.com\/ca\/wp-json\/wp\/v2\/posts"}],"about":[{"href":"https:\/\/circutor.com\/ca\/wp-json\/wp\/v2\/types\/post"}],"author":[{"embeddable":true,"href":"https:\/\/circutor.com\/ca\/wp-json\/wp\/v2\/users\/3"}],"replies":[{"embeddable":true,"href":"https:\/\/circutor.com\/ca\/wp-json\/wp\/v2\/comments?post=36651"}],"version-history":[{"count":0,"href":"https:\/\/circutor.com\/ca\/wp-json\/wp\/v2\/posts\/36651\/revisions"}],"wp:featuredmedia":[{"embeddable":true,"href":"https:\/\/circutor.com\/ca\/wp-json\/wp\/v2\/media\/32149"}],"wp:attachment":[{"href":"https:\/\/circutor.com\/ca\/wp-json\/wp\/v2\/media?parent=36651"}],"wp:term":[{"taxonomy":"category","embeddable":true,"href":"https:\/\/circutor.com\/ca\/wp-json\/wp\/v2\/categories?post=36651"},{"taxonomy":"post_tag","embeddable":true,"href":"https:\/\/circutor.com\/ca\/wp-json\/wp\/v2\/tags?post=36651"}],"curies":[{"name":"wp","href":"https:\/\/api.w.org\/{rel}","templated":true}]}}