{"id":10979,"date":"2019-05-03T07:02:00","date_gmt":"2019-05-03T07:02:00","guid":{"rendered":"https:\/\/circutorweb.atic.blue\/?p=546"},"modified":"2019-05-03T07:02:00","modified_gmt":"2019-05-03T07:02:00","slug":"ostatnie-nowosci-w-systemach-ladowania-pojazdow-elektrycznych-na-automobile-barcelona-2019","status":"publish","type":"post","link":"https:\/\/circutor.com\/pl\/uncategorized\/ostatnie-nowosci-w-systemach-ladowania-pojazdow-elektrycznych-na-automobile-barcelona-2019\/","title":{"rendered":"Ostatnie nowo\u015bci w systemach \u0142adowania pojazd\u00f3w elektrycznych na Automobile Barcelona 2019"},"content":{"rendered":"<h4>CIRCUTOR przedstawia ca\u0142\u0105 gam\u0119 punkt\u00f3w \u0142adowania pojazd\u00f3w elektrycznych na targach Automobile Barcelona 2019, kt\u00f3re odbywaj\u0105 si\u0119 w dniach 11-19 maja na terenach wystawowych Montju\u00efc (Barcelona).<\/h4>\n<p>Targi Automobile Barcelona 2019 (niegdy\u015b znane jako Mi\u0119dzynarodowy Salon Samochodowy) organizowane przez Fira de Barcelona odb\u0119d\u0105 si\u0119 w dniach od 11 do 19 maja 2019 roku w Barcelonie. Ta edycja jest wyj\u0105tkowa, poniewa\u017c targi obchodz\u0105 swoje100-lecie. Jest to wspania\u0142a okazja, \u017ceby pozna\u0107 nowe tendencje w sektorze motoryzacyjnym: zar\u00f3wno nowych samochod\u00f3w wprowadzanych na rynek, nowych technologii stosowanych w prowadzeniu pojazd\u00f3w, jak i nowo\u015bci w systemach \u0142adowania samochod\u00f3w elektrycznych.<\/p>\n<p>Circutor we\u017amie udzia\u0142 w targach przedstawiaj\u0105c nowo\u015bci w systemach \u0142adowania pojazd\u00f3w elektrycznych, odpowiadaj\u0105ce na r\u00f3\u017cnorodne potrzeby: od \u0142adowania domowego do szybkiego \u0142adowania w miejscach publicznych, kieruj\u0105c ofert\u0119 do wszystkich zainteresowanych sektorem.<\/p>\n<p>Wyszczeg\u00f3lniamy rozwi\u0105zania, kt\u00f3re zostan\u0105 pokazane na targach:<\/p>\n<h5>Rozwi\u0105zania do \u0142adowania domowego<\/h5>\n<ul>\n<li><strong>\u0141adowarki eHome i eNEXT<\/strong> Idealne rozwi\u0105zanie do instalacji domowych, kt\u00f3re pozwala ka\u017cdemu u\u017cytkownikowi na \u0142adowanie swojego pojazdu jakiejkolwiek marki.<\/li>\n<\/ul>\n<h5>Rozwi\u0105zania do \u0142adowania na wewn\u0119trznych parkingach obs\u0142uguj\u0105cych wielu u\u017cytkownik\u00f3w<\/h5>\n<ul>\n<li><strong>\u0141adowarki ePark<\/strong>: Idealne rozwi\u0105zanie do instalacji, z kt\u00f3rych korzysta wielu u\u017cytkownik\u00f3w i gdzie potrzebne jest dodatkowe zabezpieczenie, w postaci aktywacji przez kart\u0119 zbli\u017ceniow\u0105 (RFID), aby zapewni\u0107 \u0142adowanie i unikn\u0105\u0107 nadu\u017cy\u0107. \u0141adowarki ePark wyposa\u017cone s\u0105 w dwa gniazda \u0142adowania poprzez jedno pod\u0142\u0105czenie, co u\u0142atwia ich instalacj\u0119.<\/li>\n<li><strong>\u0141adowarki urban WB<\/strong>: Solidne rozwi\u0105zanie z metalow\u0105 obudow\u0105 do instalacji obs\u0142uguj\u0105cych wielu u\u017cytkownik\u00f3w, stworzone, aby \u0142adowa\u0107 ka\u017cdy pojazd elektryczny w miejscach nara\u017conych na dzia\u0142anie warunk\u00f3w atmosferycznych. Urz\u0105dzenie wyposa\u017cone jest w system r\u00f3wnowa\u017cenia obci\u0105\u017ce\u0144 do \u0142adowania poprzez podw\u00f3jne zasilanie, komunikacj\u0119 3G z protoko\u0142em OCPP 1.5\/1.6 do zdalnego sterowania.<\/li>\n<\/ul>\n<p><h5>Rozwi\u0105zania do \u0142adowania na wewn\u0119trznych parkingach dla wielu u\u017cytkownik\u00f3w<\/h5>\n<ul>\n<li><strong>S\u0142upki do \u0142adowania URBAN<\/strong>: Solidne urz\u0105dzenia z metalow\u0105 obudow\u0105 stworzone do \u0142adowania ka\u017cdego pojazdu elektrycznego na zewn\u0105trz w instalacjach, z kt\u00f3rych korzysta wielu u\u017cytkownik\u00f3w. Urz\u0105dzenie wyposa\u017cone jest w system r\u00f3wnowa\u017cenia obci\u0105\u017ce\u0144 do \u0142adowania przez podw\u00f3jne zasilanie, oferuje moc do 44 kW, wbudowany licznik rachunku z homologacj\u0105 MID i obs\u0142ug\u0119 poprzez kart\u0119 zbli\u017ceniow\u0105 (RFID) i komunikacj\u0119 3G z protoko\u0142em OCPP 1.5\/1.6 do zdalnego sterowania.<\/li>\n<li><strong>S\u0142upki do \u0142adowania URBAN Master\/Slave<\/strong>: Oferuj\u0105 wszystkie korzy\u015bci gamy URBAN z mo\u017cliwo\u015bci\u0105 pod\u0142\u0105czenia jednego urz\u0105dzenia nadrz\u0119dnego typu Master do autonomicznego sterowania nawet 8 s\u0142upkami podrz\u0119dnymi slave, optymizuj\u0105c i zmniejszaj\u0105c koszty instalacji, pozwalaj\u0105c na zarz\u0105dzenie lokalne lub zdalne.<\/li>\n<\/ul>\n<h5>Rozwi\u0105zania do szybkiego \u0142adowania na dworze<\/h5>\n<ul>\n<li>\n<p><strong>\u0141adowarki Raption 50<\/strong>: Urz\u0105dzenie pozwala na \u0142adowanie pojazd\u00f3w elektrycznych w tych przypadkach, w kt\u00f3rych konieczna jest zwi\u0119kszona szybko\u015b\u0107 \u0142adowania. Ponadto, posiada moc \u0142adowania do 50 kw DC jednocze\u015bnie w ka\u017cdym gnie\u017adzie. Urz\u0105dzenie wyposa\u017cone jest w ekran zabezpieczony przed zniszczeniami, protok\u00f3\u0142 komunikacyjny OCPP i mo\u017ce sterowa\u0107 urz\u0105dzeniami gamy URBAN Master\/Slave.<\/p>\n<\/li>\n<li>\n<p><strong>\u0141adowarki Raption 150:<\/strong> Urz\u0105dzenie do szybkiego \u0142adowania RAPTION 150, jest najmocniejsze w swojej gamie i oferuje moc nawet do 150 kW DC, co r\u00f3wna si\u0119 zasi\u0119gowi 500 Km przez 30 min. Z tego powodu, jest najszybszym rozwi\u0105zaniem do \u0142adowania w miejscach publicznych lub stacjach obs\u0142ugowych.<\/p>\n<\/li>\n<\/ul>\n<p>&nbsp;<\/p>\n<p>Mamy nadziej\u0119 pokaza\u0107 Pa\u0144stwu wszystkie nasze nowo\u015bci w salonie Automobile Barcelona 2019 (Recinto Montju\u00efc, Pawilon 8, Poziom 0, Pasa\u017c D, stoisko 420).<\/p>\n<\/p>\n<p>&nbsp;<\/p>\n<p><img loading=\"lazy\" class=\" size-full wp-image-545\" src=\"https:\/\/circutorweb.atic.blue\/wp-content\/uploads\/2019\/05\/FN-AUTOMOBILE-BARCELONA-2019-1.jpg\" alt=\"Ostatnie nowo\u015bci w systemach \u0142adowania pojazd\u00f3w elektrycznych na Automobile Barcelona 2019\" width=\"100%\" height=\"NaN\" title=\"Ostatnie nowo\u015bci w systemach \u0142adowania pojazd\u00f3w elektrycznych na Automobile Barcelona 2019\" \/><\/p>\n","protected":false},"excerpt":{"rendered":"<p>CIRCUTOR przedstawia ca\u0142\u0105 gam\u0119 punkt\u00f3w \u0142adowania pojazd\u00f3w elektrycznych na targach Automobile Barcelona 2019, kt\u00f3re odbywaj\u0105 si\u0119 w dniach 11-19 maja na terenach wystawowych Montju\u00efc (Barcelona). Targi Automobile Barcelona 2019 (niegdy\u015b znane jako Mi\u0119dzynarodowy Salon Samochodowy) organizowane przez Fira de Barcelona odb\u0119d\u0105 si\u0119 w dniach od 11 do 19 maja 2019 roku w Barcelonie. Ta edycja [&hellip;]<\/p>\n","protected":false},"author":1,"featured_media":545,"comment_status":"open","ping_status":"open","sticky":false,"template":"","format":"standard","meta":[],"categories":[33],"tags":[],"acf":[],"yoast_head":"<!-- This site is optimized with the Yoast SEO plugin v19.4 - https:\/\/yoast.com\/wordpress\/plugins\/seo\/ -->\n<title>Ostatnie nowo\u015bci w systemach \u0142adowania pojazd\u00f3w elektrycznych na Automobile Barcelona 2019 - CIRCUTOR<\/title>\n<meta name=\"robots\" content=\"index, follow, max-snippet:-1, max-image-preview:large, max-video-preview:-1\" \/>\n<link rel=\"canonical\" href=\"https:\/\/circutor.com\/pl\/bez-kategorii\/ostatnie-nowosci-w-systemach-ladowania-pojazdow-elektrycznych-na-automobile-barcelona-2019\/\" \/>\n<meta property=\"og:locale\" content=\"ca_ES\" \/>\n<meta property=\"og:type\" content=\"article\" \/>\n<meta property=\"og:title\" content=\"Ostatnie nowo\u015bci w systemach \u0142adowania pojazd\u00f3w elektrycznych na Automobile Barcelona 2019 - CIRCUTOR\" \/>\n<meta property=\"og:description\" content=\"CIRCUTOR przedstawia ca\u0142\u0105 gam\u0119 punkt\u00f3w \u0142adowania pojazd\u00f3w elektrycznych na targach Automobile Barcelona 2019, kt\u00f3re odbywaj\u0105 si\u0119 w dniach 11-19 maja na terenach wystawowych Montju\u00efc (Barcelona). Targi Automobile Barcelona 2019 (niegdy\u015b znane jako Mi\u0119dzynarodowy Salon Samochodowy) organizowane przez Fira de Barcelona odb\u0119d\u0105 si\u0119 w dniach od 11 do 19 maja 2019 roku w Barcelonie. Ta edycja [&hellip;]\" \/>\n<meta property=\"og:url\" content=\"https:\/\/circutor.com\/pl\/bez-kategorii\/ostatnie-nowosci-w-systemach-ladowania-pojazdow-elektrycznych-na-automobile-barcelona-2019\/\" \/>\n<meta property=\"og:site_name\" content=\"CIRCUTOR\" \/>\n<meta property=\"article:publisher\" content=\"https:\/\/www.facebook.com\/CIRCUTOR.ES\" \/>\n<meta property=\"article:published_time\" content=\"2019-05-03T07:02:00+00:00\" \/>\n<meta property=\"og:image\" content=\"https:\/\/circutor.com\/wp-content\/uploads\/2022\/07\/Circutor_Logo_Color.png\" \/>\n\t<meta property=\"og:image:width\" content=\"1299\" \/>\n\t<meta property=\"og:image:height\" content=\"354\" \/>\n\t<meta property=\"og:image:type\" content=\"image\/png\" \/>\n<meta name=\"author\" content=\"admin\" \/>\n<meta name=\"twitter:card\" content=\"summary_large_image\" \/>\n<meta name=\"twitter:creator\" content=\"@circutor\" \/>\n<meta name=\"twitter:site\" content=\"@circutor\" \/>\n<meta name=\"twitter:label1\" content=\"Escrit per\" \/>\n\t<meta name=\"twitter:data1\" content=\"admin\" \/>\n\t<meta name=\"twitter:label2\" content=\"Temps estimat de lectura\" \/>\n\t<meta name=\"twitter:data2\" content=\"3 minuts\" \/>\n<script type=\"application\/ld+json\" class=\"yoast-schema-graph\">{\"@context\":\"https:\/\/schema.org\",\"@graph\":[{\"@type\":\"Organization\",\"@id\":\"https:\/\/circutor.com\/#organization\",\"name\":\"Circutor\",\"url\":\"https:\/\/circutor.com\/\",\"sameAs\":[\"https:\/\/www.instagram.com\/circutor_es\",\"https:\/\/www.linkedin.com\/company\/circutor\",\"https:\/\/www.youtube.com\/user\/CIRCUTORoficial\",\"https:\/\/www.facebook.com\/CIRCUTOR.ES\",\"https:\/\/twitter.com\/circutor\"],\"logo\":{\"@type\":\"ImageObject\",\"inLanguage\":\"ca\",\"@id\":\"https:\/\/circutor.com\/#\/schema\/logo\/image\/\",\"url\":\"https:\/\/circutor.com\/wp-content\/uploads\/2020\/09\/CIR_LOGO_RED.png\",\"contentUrl\":\"https:\/\/circutor.com\/wp-content\/uploads\/2020\/09\/CIR_LOGO_RED.png\",\"width\":512,\"height\":128,\"caption\":\"Circutor\"},\"image\":{\"@id\":\"https:\/\/circutor.com\/#\/schema\/logo\/image\/\"}},{\"@type\":\"WebSite\",\"@id\":\"https:\/\/circutor.com\/#website\",\"url\":\"https:\/\/circutor.com\/\",\"name\":\"CIRCUTOR\",\"description\":\"Soluciones para la eficiencia energ\u00e9tica el\u00e9ctrica\",\"publisher\":{\"@id\":\"https:\/\/circutor.com\/#organization\"},\"potentialAction\":[{\"@type\":\"SearchAction\",\"target\":{\"@type\":\"EntryPoint\",\"urlTemplate\":\"https:\/\/circutor.com\/?s={search_term_string}\"},\"query-input\":\"required name=search_term_string\"}],\"inLanguage\":\"ca\"},{\"@type\":\"WebPage\",\"@id\":\"https:\/\/circutor.com\/pl\/bez-kategorii\/ostatnie-nowosci-w-systemach-ladowania-pojazdow-elektrycznych-na-automobile-barcelona-2019\/\",\"url\":\"https:\/\/circutor.com\/pl\/bez-kategorii\/ostatnie-nowosci-w-systemach-ladowania-pojazdow-elektrycznych-na-automobile-barcelona-2019\/\",\"name\":\"Ostatnie nowo\u015bci w systemach \u0142adowania pojazd\u00f3w elektrycznych na Automobile Barcelona 2019 - CIRCUTOR\",\"isPartOf\":{\"@id\":\"https:\/\/circutor.com\/#website\"},\"datePublished\":\"2019-05-03T07:02:00+00:00\",\"dateModified\":\"2019-05-03T07:02:00+00:00\",\"breadcrumb\":{\"@id\":\"https:\/\/circutor.com\/pl\/bez-kategorii\/ostatnie-nowosci-w-systemach-ladowania-pojazdow-elektrycznych-na-automobile-barcelona-2019\/#breadcrumb\"},\"inLanguage\":\"ca\",\"potentialAction\":[{\"@type\":\"ReadAction\",\"target\":[\"https:\/\/circutor.com\/pl\/bez-kategorii\/ostatnie-nowosci-w-systemach-ladowania-pojazdow-elektrycznych-na-automobile-barcelona-2019\/\"]}]},{\"@type\":\"BreadcrumbList\",\"@id\":\"https:\/\/circutor.com\/pl\/bez-kategorii\/ostatnie-nowosci-w-systemach-ladowania-pojazdow-elektrycznych-na-automobile-barcelona-2019\/#breadcrumb\",\"itemListElement\":[{\"@type\":\"ListItem\",\"position\":1,\"name\":\"Portada\",\"item\":\"https:\/\/circutor.com\/ca\/\"},{\"@type\":\"ListItem\",\"position\":2,\"name\":\"Ostatnie nowo\u015bci w systemach \u0142adowania pojazd\u00f3w elektrycznych na Automobile Barcelona 2019\"}]},{\"@type\":\"Article\",\"@id\":\"https:\/\/circutor.com\/pl\/bez-kategorii\/ostatnie-nowosci-w-systemach-ladowania-pojazdow-elektrycznych-na-automobile-barcelona-2019\/#article\",\"isPartOf\":{\"@id\":\"https:\/\/circutor.com\/pl\/bez-kategorii\/ostatnie-nowosci-w-systemach-ladowania-pojazdow-elektrycznych-na-automobile-barcelona-2019\/\"},\"author\":{\"name\":\"admin\",\"@id\":\"https:\/\/circutor.com\/#\/schema\/person\/17d169bdccd6e2367b1ce7182dd31283\"},\"headline\":\"Ostatnie nowo\u015bci w systemach \u0142adowania pojazd\u00f3w elektrycznych na Automobile Barcelona 2019\",\"datePublished\":\"2019-05-03T07:02:00+00:00\",\"dateModified\":\"2019-05-03T07:02:00+00:00\",\"mainEntityOfPage\":{\"@id\":\"https:\/\/circutor.com\/pl\/bez-kategorii\/ostatnie-nowosci-w-systemach-ladowania-pojazdow-elektrycznych-na-automobile-barcelona-2019\/\"},\"wordCount\":594,\"commentCount\":0,\"publisher\":{\"@id\":\"https:\/\/circutor.com\/#organization\"},\"articleSection\":[\"Uncategorized\"],\"inLanguage\":\"ca\",\"potentialAction\":[{\"@type\":\"CommentAction\",\"name\":\"Comment\",\"target\":[\"https:\/\/circutor.com\/pl\/bez-kategorii\/ostatnie-nowosci-w-systemach-ladowania-pojazdow-elektrycznych-na-automobile-barcelona-2019\/#respond\"]}]},{\"@type\":\"Person\",\"@id\":\"https:\/\/circutor.com\/#\/schema\/person\/17d169bdccd6e2367b1ce7182dd31283\",\"name\":\"admin\",\"image\":{\"@type\":\"ImageObject\",\"inLanguage\":\"ca\",\"@id\":\"https:\/\/circutor.com\/#\/schema\/person\/image\/\",\"url\":\"https:\/\/circutor.com\/wp-content\/uploads\/2022\/04\/usuario-logo-gris-96x96.png\",\"contentUrl\":\"https:\/\/circutor.com\/wp-content\/uploads\/2022\/04\/usuario-logo-gris-96x96.png\",\"caption\":\"admin\"}}]}<\/script>\n<!-- \/ Yoast SEO plugin. -->","yoast_head_json":{"title":"Ostatnie nowo\u015bci w systemach \u0142adowania pojazd\u00f3w elektrycznych na Automobile Barcelona 2019 - CIRCUTOR","robots":{"index":"index","follow":"follow","max-snippet":"max-snippet:-1","max-image-preview":"max-image-preview:large","max-video-preview":"max-video-preview:-1"},"canonical":"https:\/\/circutor.com\/pl\/bez-kategorii\/ostatnie-nowosci-w-systemach-ladowania-pojazdow-elektrycznych-na-automobile-barcelona-2019\/","og_locale":"ca_ES","og_type":"article","og_title":"Ostatnie nowo\u015bci w systemach \u0142adowania pojazd\u00f3w elektrycznych na Automobile Barcelona 2019 - CIRCUTOR","og_description":"CIRCUTOR przedstawia ca\u0142\u0105 gam\u0119 punkt\u00f3w \u0142adowania pojazd\u00f3w elektrycznych na targach Automobile Barcelona 2019, kt\u00f3re odbywaj\u0105 si\u0119 w dniach 11-19 maja na terenach wystawowych Montju\u00efc (Barcelona). Targi Automobile Barcelona 2019 (niegdy\u015b znane jako Mi\u0119dzynarodowy Salon Samochodowy) organizowane przez Fira de Barcelona odb\u0119d\u0105 si\u0119 w dniach od 11 do 19 maja 2019 roku w Barcelonie. Ta edycja [&hellip;]","og_url":"https:\/\/circutor.com\/pl\/bez-kategorii\/ostatnie-nowosci-w-systemach-ladowania-pojazdow-elektrycznych-na-automobile-barcelona-2019\/","og_site_name":"CIRCUTOR","article_publisher":"https:\/\/www.facebook.com\/CIRCUTOR.ES","article_published_time":"2019-05-03T07:02:00+00:00","og_image":[{"width":1299,"height":354,"url":"https:\/\/circutor.com\/wp-content\/uploads\/2022\/07\/Circutor_Logo_Color.png","type":"image\/png"}],"author":"admin","twitter_card":"summary_large_image","twitter_creator":"@circutor","twitter_site":"@circutor","twitter_misc":{"Escrit per":"admin","Temps estimat de lectura":"3 minuts"},"schema":{"@context":"https:\/\/schema.org","@graph":[{"@type":"Organization","@id":"https:\/\/circutor.com\/#organization","name":"Circutor","url":"https:\/\/circutor.com\/","sameAs":["https:\/\/www.instagram.com\/circutor_es","https:\/\/www.linkedin.com\/company\/circutor","https:\/\/www.youtube.com\/user\/CIRCUTORoficial","https:\/\/www.facebook.com\/CIRCUTOR.ES","https:\/\/twitter.com\/circutor"],"logo":{"@type":"ImageObject","inLanguage":"ca","@id":"https:\/\/circutor.com\/#\/schema\/logo\/image\/","url":"https:\/\/circutor.com\/wp-content\/uploads\/2020\/09\/CIR_LOGO_RED.png","contentUrl":"https:\/\/circutor.com\/wp-content\/uploads\/2020\/09\/CIR_LOGO_RED.png","width":512,"height":128,"caption":"Circutor"},"image":{"@id":"https:\/\/circutor.com\/#\/schema\/logo\/image\/"}},{"@type":"WebSite","@id":"https:\/\/circutor.com\/#website","url":"https:\/\/circutor.com\/","name":"CIRCUTOR","description":"Soluciones para la eficiencia energ\u00e9tica el\u00e9ctrica","publisher":{"@id":"https:\/\/circutor.com\/#organization"},"potentialAction":[{"@type":"SearchAction","target":{"@type":"EntryPoint","urlTemplate":"https:\/\/circutor.com\/?s={search_term_string}"},"query-input":"required name=search_term_string"}],"inLanguage":"ca"},{"@type":"WebPage","@id":"https:\/\/circutor.com\/pl\/bez-kategorii\/ostatnie-nowosci-w-systemach-ladowania-pojazdow-elektrycznych-na-automobile-barcelona-2019\/","url":"https:\/\/circutor.com\/pl\/bez-kategorii\/ostatnie-nowosci-w-systemach-ladowania-pojazdow-elektrycznych-na-automobile-barcelona-2019\/","name":"Ostatnie nowo\u015bci w systemach \u0142adowania pojazd\u00f3w elektrycznych na Automobile Barcelona 2019 - CIRCUTOR","isPartOf":{"@id":"https:\/\/circutor.com\/#website"},"datePublished":"2019-05-03T07:02:00+00:00","dateModified":"2019-05-03T07:02:00+00:00","breadcrumb":{"@id":"https:\/\/circutor.com\/pl\/bez-kategorii\/ostatnie-nowosci-w-systemach-ladowania-pojazdow-elektrycznych-na-automobile-barcelona-2019\/#breadcrumb"},"inLanguage":"ca","potentialAction":[{"@type":"ReadAction","target":["https:\/\/circutor.com\/pl\/bez-kategorii\/ostatnie-nowosci-w-systemach-ladowania-pojazdow-elektrycznych-na-automobile-barcelona-2019\/"]}]},{"@type":"BreadcrumbList","@id":"https:\/\/circutor.com\/pl\/bez-kategorii\/ostatnie-nowosci-w-systemach-ladowania-pojazdow-elektrycznych-na-automobile-barcelona-2019\/#breadcrumb","itemListElement":[{"@type":"ListItem","position":1,"name":"Portada","item":"https:\/\/circutor.com\/ca\/"},{"@type":"ListItem","position":2,"name":"Ostatnie nowo\u015bci w systemach \u0142adowania pojazd\u00f3w elektrycznych na Automobile Barcelona 2019"}]},{"@type":"Article","@id":"https:\/\/circutor.com\/pl\/bez-kategorii\/ostatnie-nowosci-w-systemach-ladowania-pojazdow-elektrycznych-na-automobile-barcelona-2019\/#article","isPartOf":{"@id":"https:\/\/circutor.com\/pl\/bez-kategorii\/ostatnie-nowosci-w-systemach-ladowania-pojazdow-elektrycznych-na-automobile-barcelona-2019\/"},"author":{"name":"admin","@id":"https:\/\/circutor.com\/#\/schema\/person\/17d169bdccd6e2367b1ce7182dd31283"},"headline":"Ostatnie nowo\u015bci w systemach \u0142adowania pojazd\u00f3w elektrycznych na Automobile Barcelona 2019","datePublished":"2019-05-03T07:02:00+00:00","dateModified":"2019-05-03T07:02:00+00:00","mainEntityOfPage":{"@id":"https:\/\/circutor.com\/pl\/bez-kategorii\/ostatnie-nowosci-w-systemach-ladowania-pojazdow-elektrycznych-na-automobile-barcelona-2019\/"},"wordCount":594,"commentCount":0,"publisher":{"@id":"https:\/\/circutor.com\/#organization"},"articleSection":["Uncategorized"],"inLanguage":"ca","potentialAction":[{"@type":"CommentAction","name":"Comment","target":["https:\/\/circutor.com\/pl\/bez-kategorii\/ostatnie-nowosci-w-systemach-ladowania-pojazdow-elektrycznych-na-automobile-barcelona-2019\/#respond"]}]},{"@type":"Person","@id":"https:\/\/circutor.com\/#\/schema\/person\/17d169bdccd6e2367b1ce7182dd31283","name":"admin","image":{"@type":"ImageObject","inLanguage":"ca","@id":"https:\/\/circutor.com\/#\/schema\/person\/image\/","url":"https:\/\/circutor.com\/wp-content\/uploads\/2022\/04\/usuario-logo-gris-96x96.png","contentUrl":"https:\/\/circutor.com\/wp-content\/uploads\/2022\/04\/usuario-logo-gris-96x96.png","caption":"admin"}}]}},"_links":{"self":[{"href":"https:\/\/circutor.com\/ca\/wp-json\/wp\/v2\/posts\/10979"}],"collection":[{"href":"https:\/\/circutor.com\/ca\/wp-json\/wp\/v2\/posts"}],"about":[{"href":"https:\/\/circutor.com\/ca\/wp-json\/wp\/v2\/types\/post"}],"author":[{"embeddable":true,"href":"https:\/\/circutor.com\/ca\/wp-json\/wp\/v2\/users\/1"}],"replies":[{"embeddable":true,"href":"https:\/\/circutor.com\/ca\/wp-json\/wp\/v2\/comments?post=10979"}],"version-history":[{"count":0,"href":"https:\/\/circutor.com\/ca\/wp-json\/wp\/v2\/posts\/10979\/revisions"}],"wp:featuredmedia":[{"embeddable":true,"href":"https:\/\/circutor.com\/ca\/wp-json\/"}],"wp:attachment":[{"href":"https:\/\/circutor.com\/ca\/wp-json\/wp\/v2\/media?parent=10979"}],"wp:term":[{"taxonomy":"category","embeddable":true,"href":"https:\/\/circutor.com\/ca\/wp-json\/wp\/v2\/categories?post=10979"},{"taxonomy":"post_tag","embeddable":true,"href":"https:\/\/circutor.com\/ca\/wp-json\/wp\/v2\/tags?post=10979"}],"curies":[{"name":"wp","href":"https:\/\/api.w.org\/{rel}","templated":true}]}}