{"id":10920,"date":"2015-03-18T08:00:00","date_gmt":"2015-03-18T08:00:00","guid":{"rendered":"https:\/\/circutorweb.atic.blue\/?p=242"},"modified":"2015-03-18T08:00:00","modified_gmt":"2015-03-18T08:00:00","slug":"budynki-z-pozytywna-energia-na-targach-genera-2015-w-madrycie","status":"publish","type":"post","link":"https:\/\/circutor.com\/pl\/uncategorized\/budynki-z-pozytywna-energia-na-targach-genera-2015-w-madrycie\/","title":{"rendered":"Budynki z Pozytywn\u0105 Energi\u0105 na Targach GENERA 2015 w Madrycie"},"content":{"rendered":"<h4 class=\"dark\">W dniach od 24 do 27 lutego firma CIRCUTOR wzi\u0119\u0142a udzia\u0142 w ostatniej edycji Mi\u0119dzynarodowych Targ\u00f3w Energii i \u015arodowiska, GENERA, kt\u00f3re odby\u0142y si\u0119 w Madrycie.<\/h4>\n<p>Tegoroczna edycja pozwoli\u0142a stwierdzi\u0107, \u017ce mimo braku jasnej regulacji dotycz\u0105cej samowystarczalno\u015bci energetycznej ze strony rz\u0105du centralnego, firmy instalacyjne oraz in\u017cynieryjne ustabilizowa\u0142y swoj\u0105 dzia\u0142alno\u015b\u0107. Jednocze\u015bnie mo\u017cna zauwa\u017cy\u0107, \u017ce rynek system\u00f3w fotowoltaicznych, stanowi\u0105cych rozwi\u0105zanie umo\u017cliwiaj\u0105ce zaoszcz\u0119dzenie, bez przesy\u0142u energii do sieci, coraz bardziej si\u0119 rozwija, dzi\u0119ki wsparciu wielu wsp\u00f3lnot autonomicznych oraz w\u0142adz prowincji, kt\u00f3re dostrzeg\u0142y w tym sektorze efektywny spos\u00f3b na polepszenie dzia\u0142alno\u015bci gospodarczej, konkurencyjno\u015bci i ekologicznego zaanga\u017cowania swoich firm.<\/p>\n<p>Podczas dni targowych pojawili si\u0119 liczni specjali\u015bci z bran\u017cy. Ich obecno\u015b\u0107 by\u0142a szczeg\u00f3lnie zauwa\u017calna w trakcie prezentacji zorganizowanych na stoisku CIRCUTORA na temat samowystarczalno\u015bci energetycznej z zarz\u0105dzaniem zapotrzebowaniem na energi\u0119 i przesy\u0142em nadwy\u017cek energii do akumulator\u00f3w.<\/p>\n<p>Koncepcja <strong>&#8220;Budynk\u00f3w z Pozytywn\u0105 Energi\u0105&#8221;<\/strong> &#8211; has\u0142o stoiska, oznacza zmian\u0119 modelu dzia\u0142ania system\u00f3w w nowych budynk\u00f3w wobec wdro\u017cenia <a href=\"https:\/\/circutor.com\/pl\/o-firmie\/wiadomosci\/wiadomosci\/2562-dyrektywa-europejska-dotyczaca-audytow-energetycznych-obowiazek-dla-przedsiebiorstw-i-szansa-dla-sektora\"><strong>Dyrektywy Europejskiej w sprawie efektywno\u015bci energetycznej budynk\u00f3w<\/strong><\/a>. Chodzi tu o zmian\u0119 roli czyli przej\u015bcie z roli biernego konsumenta do roli proaktywnej w zmniejszaniu poboru energii, wykorzystaniu bogactw energetycznych na poziomie lokalnym i dostosowywaniu si\u0119 do u\u017cywania pojazd\u00f3w elektrycznych.<\/p>\n<table style=\"width: 100%; background-color: #eeeeee;\">\n<tbody>\n<tr>\n<td style=\"width: 10px;\">&nbsp;<\/td>\n<td style=\"width: 250px;\" colspan=\"7\" valign=\"top\">\n<p>Wi\u0119cej informacji o&nbsp;<a href=\"https:\/\/circutor.com\/pl\/szkolenia\/energie-odnawialne-samowystarczalnosc-energetyczna\">Energie odnawialne &#8211; Samowystarczalno\u015b\u0107 energetyczna<\/a><\/p>\n<\/td>\n<td style=\"width: 10px;\">&nbsp;<\/td>\n<\/tr>\n<\/tbody>\n<\/table>\n<table style=\"width: 100%; background-color: #eeeeee;\">\n<tbody>\n<tr>\n<td style=\"width: 10px;\">&nbsp;<\/td>\n<td style=\"width: 250px;\" colspan=\"7\" valign=\"top\">\n<p><span><span style=\"background-color: #eeeeee;\">Wi\u0119cej informacji o<\/span>&nbsp;<a href=\"https:\/\/circutor.com\/pl\/szkolenia\/efektywne-wykorzystanie-energii-elektrycznej\">Wydajno\u015b\u0107 energii elektrycznej<\/a> <\/span><\/p>\n<\/td>\n<td style=\"width: 10px;\">&nbsp;<\/td>\n<\/tr>\n<\/tbody>\n<\/table>\n<table style=\"width: 100%; background-color: #eeeeee;\">\n<tbody>\n<tr>\n<td style=\"width: 10px;\">&nbsp;<\/td>\n<td style=\"width: 250px;\" colspan=\"7\" valign=\"top\">\n<p><span style=\"background-color: #eeeeee;\">Wi\u0119cej informacji o<\/span>&nbsp;<a href=\"https:\/\/circutor.com\/pl\/szkolenia\/pojazdy-elektryczne\">Pojazdy elektryczne<\/a><\/p>\n<\/td>\n<td style=\"width: 10px;\">&nbsp;<\/td>\n<\/tr>\n<\/tbody>\n<\/table>\n<p>&nbsp;<\/p>\n<table style=\"width: 100%;\">\n<tbody>\n<tr>\n<td style=\"text-align: center; width: 49%;\"><img loading=\"lazy\" class=\" size-full wp-image-238\" title=\"CIRCUTOR - GENERA 2015\" src=\"https:\/\/circutorweb.atic.blue\/wp-content\/uploads\/2015\/03\/FN-GENERA-2015-Post-Feria-2.jpg\" alt=\"CIRCUTOR - GENERA 2015\" width=\"100%\" height=\"NaN\" \/><\/td>\n<td style=\"width: 2%; text-align: center;\">&nbsp;<\/td>\n<td style=\"text-align: center; width: 49%;\"><img loading=\"lazy\" class=\" size-full wp-image-239\" title=\"CIRCUTOR - GENERA 2015\" src=\"https:\/\/circutorweb.atic.blue\/wp-content\/uploads\/2015\/03\/FN-GENERA-2015-Post-Feria-3.jpg\" alt=\"CIRCUTOR - GENERA 2015\" width=\"100%\" height=\"NaN\" \/><\/td>\n<\/tr>\n<\/tbody>\n<\/table>\n<table style=\"width: 100%;\">\n<tbody>\n<tr>\n<td style=\"text-align: center; width: 415px;\"><img loading=\"lazy\" class=\" size-full wp-image-240\" title=\"CIRCUTOR - GENERA 2015\" src=\"https:\/\/circutorweb.atic.blue\/wp-content\/uploads\/2015\/03\/FN-GENERA-2015-Post-Feria-4.jpg\" alt=\"CIRCUTOR - GENERA 2015\" width=\"100%\" height=\"NaN\" \/><\/td>\n<td style=\"width: 14px; text-align: center;\">&nbsp;<\/td>\n<td style=\"text-align: center; width: 414px;\"><img loading=\"lazy\" class=\" size-full wp-image-241\" title=\"CIRCUTOR - GENERA 2015\" src=\"https:\/\/circutorweb.atic.blue\/wp-content\/uploads\/2015\/03\/FN-GENERA-2015-Post-Feria-5.jpg\" alt=\"CIRCUTOR - GENERA 2015\" width=\"100%\" height=\"NaN\" \/><\/td>\n<\/tr>\n<\/tbody>\n<\/table>\n<hr \/>\n<p>Mo\u017cesz czyta\u0107 najnowsze informacje w dziale <a href=\"\/pl\/o-firmie\/wiadomosci\/wiadomosci\">wiadomo\u015bci<\/a><br \/>Mo\u017cesz r\u00f3wnie\u017c \u015bledzi\u0107 nasze publikacje na kana\u0142ach CIRCUTOR <a href=\"https:\/\/twitter.com\/circutor\" rel=\"nofollow noopener noreferrer\" target=\"_blank\">Twitter<\/a> oraz <a href=\"http:\/\/www.linkedin.com\/company\/circutor\" rel=\"nofollow noopener noreferrer\" target=\"_blank\">LinkedIn<\/a><\/p>\n","protected":false},"excerpt":{"rendered":"<p>W dniach od 24 do 27 lutego firma CIRCUTOR wzi\u0119\u0142a udzia\u0142 w ostatniej edycji Mi\u0119dzynarodowych Targ\u00f3w Energii i \u015arodowiska, GENERA, kt\u00f3re odby\u0142y si\u0119 w Madrycie. Tegoroczna edycja pozwoli\u0142a stwierdzi\u0107, \u017ce mimo braku jasnej regulacji dotycz\u0105cej samowystarczalno\u015bci energetycznej ze strony rz\u0105du centralnego, firmy instalacyjne oraz in\u017cynieryjne ustabilizowa\u0142y swoj\u0105 dzia\u0142alno\u015b\u0107. Jednocze\u015bnie mo\u017cna zauwa\u017cy\u0107, \u017ce rynek system\u00f3w fotowoltaicznych, [&hellip;]<\/p>\n","protected":false},"author":1,"featured_media":238,"comment_status":"open","ping_status":"open","sticky":false,"template":"","format":"standard","meta":[],"categories":[33],"tags":[],"acf":[],"yoast_head":"<!-- This site is optimized with the Yoast SEO plugin v19.4 - https:\/\/yoast.com\/wordpress\/plugins\/seo\/ -->\n<title>Budynki z Pozytywn\u0105 Energi\u0105 na Targach GENERA 2015 w Madrycie - CIRCUTOR<\/title>\n<meta name=\"robots\" content=\"index, follow, max-snippet:-1, max-image-preview:large, max-video-preview:-1\" \/>\n<link rel=\"canonical\" href=\"https:\/\/circutor.com\/pl\/bez-kategorii\/budynki-z-pozytywna-energia-na-targach-genera-2015-w-madrycie\/\" \/>\n<meta property=\"og:locale\" content=\"ca_ES\" \/>\n<meta property=\"og:type\" content=\"article\" \/>\n<meta property=\"og:title\" content=\"Budynki z Pozytywn\u0105 Energi\u0105 na Targach GENERA 2015 w Madrycie - CIRCUTOR\" \/>\n<meta property=\"og:description\" content=\"W dniach od 24 do 27 lutego firma CIRCUTOR wzi\u0119\u0142a udzia\u0142 w ostatniej edycji Mi\u0119dzynarodowych Targ\u00f3w Energii i \u015arodowiska, GENERA, kt\u00f3re odby\u0142y si\u0119 w Madrycie. Tegoroczna edycja pozwoli\u0142a stwierdzi\u0107, \u017ce mimo braku jasnej regulacji dotycz\u0105cej samowystarczalno\u015bci energetycznej ze strony rz\u0105du centralnego, firmy instalacyjne oraz in\u017cynieryjne ustabilizowa\u0142y swoj\u0105 dzia\u0142alno\u015b\u0107. Jednocze\u015bnie mo\u017cna zauwa\u017cy\u0107, \u017ce rynek system\u00f3w fotowoltaicznych, [&hellip;]\" \/>\n<meta property=\"og:url\" content=\"https:\/\/circutor.com\/pl\/bez-kategorii\/budynki-z-pozytywna-energia-na-targach-genera-2015-w-madrycie\/\" \/>\n<meta property=\"og:site_name\" content=\"CIRCUTOR\" \/>\n<meta property=\"article:publisher\" content=\"https:\/\/www.facebook.com\/CIRCUTOR.ES\" \/>\n<meta property=\"article:published_time\" content=\"2015-03-18T08:00:00+00:00\" \/>\n<meta property=\"og:image\" content=\"https:\/\/circutor.com\/wp-content\/uploads\/2022\/07\/Circutor_Logo_Color.png\" \/>\n\t<meta property=\"og:image:width\" content=\"1299\" \/>\n\t<meta property=\"og:image:height\" content=\"354\" \/>\n\t<meta property=\"og:image:type\" content=\"image\/png\" \/>\n<meta name=\"author\" content=\"admin\" \/>\n<meta name=\"twitter:card\" content=\"summary_large_image\" \/>\n<meta name=\"twitter:creator\" content=\"@circutor\" \/>\n<meta name=\"twitter:site\" content=\"@circutor\" \/>\n<meta name=\"twitter:label1\" content=\"Escrit per\" \/>\n\t<meta name=\"twitter:data1\" content=\"admin\" \/>\n\t<meta name=\"twitter:label2\" content=\"Temps estimat de lectura\" \/>\n\t<meta name=\"twitter:data2\" content=\"1 minut\" \/>\n<script type=\"application\/ld+json\" class=\"yoast-schema-graph\">{\"@context\":\"https:\/\/schema.org\",\"@graph\":[{\"@type\":\"Organization\",\"@id\":\"https:\/\/circutor.com\/#organization\",\"name\":\"Circutor\",\"url\":\"https:\/\/circutor.com\/\",\"sameAs\":[\"https:\/\/www.instagram.com\/circutor_es\",\"https:\/\/www.linkedin.com\/company\/circutor\",\"https:\/\/www.youtube.com\/user\/CIRCUTORoficial\",\"https:\/\/www.facebook.com\/CIRCUTOR.ES\",\"https:\/\/twitter.com\/circutor\"],\"logo\":{\"@type\":\"ImageObject\",\"inLanguage\":\"ca\",\"@id\":\"https:\/\/circutor.com\/#\/schema\/logo\/image\/\",\"url\":\"https:\/\/circutor.com\/wp-content\/uploads\/2020\/09\/CIR_LOGO_RED.png\",\"contentUrl\":\"https:\/\/circutor.com\/wp-content\/uploads\/2020\/09\/CIR_LOGO_RED.png\",\"width\":512,\"height\":128,\"caption\":\"Circutor\"},\"image\":{\"@id\":\"https:\/\/circutor.com\/#\/schema\/logo\/image\/\"}},{\"@type\":\"WebSite\",\"@id\":\"https:\/\/circutor.com\/#website\",\"url\":\"https:\/\/circutor.com\/\",\"name\":\"CIRCUTOR\",\"description\":\"Soluciones para la eficiencia energ\u00e9tica el\u00e9ctrica\",\"publisher\":{\"@id\":\"https:\/\/circutor.com\/#organization\"},\"potentialAction\":[{\"@type\":\"SearchAction\",\"target\":{\"@type\":\"EntryPoint\",\"urlTemplate\":\"https:\/\/circutor.com\/?s={search_term_string}\"},\"query-input\":\"required name=search_term_string\"}],\"inLanguage\":\"ca\"},{\"@type\":\"WebPage\",\"@id\":\"https:\/\/circutor.com\/pl\/bez-kategorii\/budynki-z-pozytywna-energia-na-targach-genera-2015-w-madrycie\/\",\"url\":\"https:\/\/circutor.com\/pl\/bez-kategorii\/budynki-z-pozytywna-energia-na-targach-genera-2015-w-madrycie\/\",\"name\":\"Budynki z Pozytywn\u0105 Energi\u0105 na Targach GENERA 2015 w Madrycie - CIRCUTOR\",\"isPartOf\":{\"@id\":\"https:\/\/circutor.com\/#website\"},\"datePublished\":\"2015-03-18T08:00:00+00:00\",\"dateModified\":\"2015-03-18T08:00:00+00:00\",\"breadcrumb\":{\"@id\":\"https:\/\/circutor.com\/pl\/bez-kategorii\/budynki-z-pozytywna-energia-na-targach-genera-2015-w-madrycie\/#breadcrumb\"},\"inLanguage\":\"ca\",\"potentialAction\":[{\"@type\":\"ReadAction\",\"target\":[\"https:\/\/circutor.com\/pl\/bez-kategorii\/budynki-z-pozytywna-energia-na-targach-genera-2015-w-madrycie\/\"]}]},{\"@type\":\"BreadcrumbList\",\"@id\":\"https:\/\/circutor.com\/pl\/bez-kategorii\/budynki-z-pozytywna-energia-na-targach-genera-2015-w-madrycie\/#breadcrumb\",\"itemListElement\":[{\"@type\":\"ListItem\",\"position\":1,\"name\":\"Portada\",\"item\":\"https:\/\/circutor.com\/ca\/\"},{\"@type\":\"ListItem\",\"position\":2,\"name\":\"Budynki z Pozytywn\u0105 Energi\u0105 na Targach GENERA 2015 w Madrycie\"}]},{\"@type\":\"Article\",\"@id\":\"https:\/\/circutor.com\/pl\/bez-kategorii\/budynki-z-pozytywna-energia-na-targach-genera-2015-w-madrycie\/#article\",\"isPartOf\":{\"@id\":\"https:\/\/circutor.com\/pl\/bez-kategorii\/budynki-z-pozytywna-energia-na-targach-genera-2015-w-madrycie\/\"},\"author\":{\"name\":\"admin\",\"@id\":\"https:\/\/circutor.com\/#\/schema\/person\/17d169bdccd6e2367b1ce7182dd31283\"},\"headline\":\"Budynki z Pozytywn\u0105 Energi\u0105 na Targach GENERA 2015 w Madrycie\",\"datePublished\":\"2015-03-18T08:00:00+00:00\",\"dateModified\":\"2015-03-18T08:00:00+00:00\",\"mainEntityOfPage\":{\"@id\":\"https:\/\/circutor.com\/pl\/bez-kategorii\/budynki-z-pozytywna-energia-na-targach-genera-2015-w-madrycie\/\"},\"wordCount\":301,\"commentCount\":0,\"publisher\":{\"@id\":\"https:\/\/circutor.com\/#organization\"},\"articleSection\":[\"Uncategorized\"],\"inLanguage\":\"ca\",\"potentialAction\":[{\"@type\":\"CommentAction\",\"name\":\"Comment\",\"target\":[\"https:\/\/circutor.com\/pl\/bez-kategorii\/budynki-z-pozytywna-energia-na-targach-genera-2015-w-madrycie\/#respond\"]}]},{\"@type\":\"Person\",\"@id\":\"https:\/\/circutor.com\/#\/schema\/person\/17d169bdccd6e2367b1ce7182dd31283\",\"name\":\"admin\",\"image\":{\"@type\":\"ImageObject\",\"inLanguage\":\"ca\",\"@id\":\"https:\/\/circutor.com\/#\/schema\/person\/image\/\",\"url\":\"https:\/\/circutor.com\/wp-content\/uploads\/2022\/04\/usuario-logo-gris-96x96.png\",\"contentUrl\":\"https:\/\/circutor.com\/wp-content\/uploads\/2022\/04\/usuario-logo-gris-96x96.png\",\"caption\":\"admin\"}}]}<\/script>\n<!-- \/ Yoast SEO plugin. -->","yoast_head_json":{"title":"Budynki z Pozytywn\u0105 Energi\u0105 na Targach GENERA 2015 w Madrycie - CIRCUTOR","robots":{"index":"index","follow":"follow","max-snippet":"max-snippet:-1","max-image-preview":"max-image-preview:large","max-video-preview":"max-video-preview:-1"},"canonical":"https:\/\/circutor.com\/pl\/bez-kategorii\/budynki-z-pozytywna-energia-na-targach-genera-2015-w-madrycie\/","og_locale":"ca_ES","og_type":"article","og_title":"Budynki z Pozytywn\u0105 Energi\u0105 na Targach GENERA 2015 w Madrycie - CIRCUTOR","og_description":"W dniach od 24 do 27 lutego firma CIRCUTOR wzi\u0119\u0142a udzia\u0142 w ostatniej edycji Mi\u0119dzynarodowych Targ\u00f3w Energii i \u015arodowiska, GENERA, kt\u00f3re odby\u0142y si\u0119 w Madrycie. Tegoroczna edycja pozwoli\u0142a stwierdzi\u0107, \u017ce mimo braku jasnej regulacji dotycz\u0105cej samowystarczalno\u015bci energetycznej ze strony rz\u0105du centralnego, firmy instalacyjne oraz in\u017cynieryjne ustabilizowa\u0142y swoj\u0105 dzia\u0142alno\u015b\u0107. Jednocze\u015bnie mo\u017cna zauwa\u017cy\u0107, \u017ce rynek system\u00f3w fotowoltaicznych, [&hellip;]","og_url":"https:\/\/circutor.com\/pl\/bez-kategorii\/budynki-z-pozytywna-energia-na-targach-genera-2015-w-madrycie\/","og_site_name":"CIRCUTOR","article_publisher":"https:\/\/www.facebook.com\/CIRCUTOR.ES","article_published_time":"2015-03-18T08:00:00+00:00","og_image":[{"width":1299,"height":354,"url":"https:\/\/circutor.com\/wp-content\/uploads\/2022\/07\/Circutor_Logo_Color.png","type":"image\/png"}],"author":"admin","twitter_card":"summary_large_image","twitter_creator":"@circutor","twitter_site":"@circutor","twitter_misc":{"Escrit per":"admin","Temps estimat de lectura":"1 minut"},"schema":{"@context":"https:\/\/schema.org","@graph":[{"@type":"Organization","@id":"https:\/\/circutor.com\/#organization","name":"Circutor","url":"https:\/\/circutor.com\/","sameAs":["https:\/\/www.instagram.com\/circutor_es","https:\/\/www.linkedin.com\/company\/circutor","https:\/\/www.youtube.com\/user\/CIRCUTORoficial","https:\/\/www.facebook.com\/CIRCUTOR.ES","https:\/\/twitter.com\/circutor"],"logo":{"@type":"ImageObject","inLanguage":"ca","@id":"https:\/\/circutor.com\/#\/schema\/logo\/image\/","url":"https:\/\/circutor.com\/wp-content\/uploads\/2020\/09\/CIR_LOGO_RED.png","contentUrl":"https:\/\/circutor.com\/wp-content\/uploads\/2020\/09\/CIR_LOGO_RED.png","width":512,"height":128,"caption":"Circutor"},"image":{"@id":"https:\/\/circutor.com\/#\/schema\/logo\/image\/"}},{"@type":"WebSite","@id":"https:\/\/circutor.com\/#website","url":"https:\/\/circutor.com\/","name":"CIRCUTOR","description":"Soluciones para la eficiencia energ\u00e9tica el\u00e9ctrica","publisher":{"@id":"https:\/\/circutor.com\/#organization"},"potentialAction":[{"@type":"SearchAction","target":{"@type":"EntryPoint","urlTemplate":"https:\/\/circutor.com\/?s={search_term_string}"},"query-input":"required name=search_term_string"}],"inLanguage":"ca"},{"@type":"WebPage","@id":"https:\/\/circutor.com\/pl\/bez-kategorii\/budynki-z-pozytywna-energia-na-targach-genera-2015-w-madrycie\/","url":"https:\/\/circutor.com\/pl\/bez-kategorii\/budynki-z-pozytywna-energia-na-targach-genera-2015-w-madrycie\/","name":"Budynki z Pozytywn\u0105 Energi\u0105 na Targach GENERA 2015 w Madrycie - CIRCUTOR","isPartOf":{"@id":"https:\/\/circutor.com\/#website"},"datePublished":"2015-03-18T08:00:00+00:00","dateModified":"2015-03-18T08:00:00+00:00","breadcrumb":{"@id":"https:\/\/circutor.com\/pl\/bez-kategorii\/budynki-z-pozytywna-energia-na-targach-genera-2015-w-madrycie\/#breadcrumb"},"inLanguage":"ca","potentialAction":[{"@type":"ReadAction","target":["https:\/\/circutor.com\/pl\/bez-kategorii\/budynki-z-pozytywna-energia-na-targach-genera-2015-w-madrycie\/"]}]},{"@type":"BreadcrumbList","@id":"https:\/\/circutor.com\/pl\/bez-kategorii\/budynki-z-pozytywna-energia-na-targach-genera-2015-w-madrycie\/#breadcrumb","itemListElement":[{"@type":"ListItem","position":1,"name":"Portada","item":"https:\/\/circutor.com\/ca\/"},{"@type":"ListItem","position":2,"name":"Budynki z Pozytywn\u0105 Energi\u0105 na Targach GENERA 2015 w Madrycie"}]},{"@type":"Article","@id":"https:\/\/circutor.com\/pl\/bez-kategorii\/budynki-z-pozytywna-energia-na-targach-genera-2015-w-madrycie\/#article","isPartOf":{"@id":"https:\/\/circutor.com\/pl\/bez-kategorii\/budynki-z-pozytywna-energia-na-targach-genera-2015-w-madrycie\/"},"author":{"name":"admin","@id":"https:\/\/circutor.com\/#\/schema\/person\/17d169bdccd6e2367b1ce7182dd31283"},"headline":"Budynki z Pozytywn\u0105 Energi\u0105 na Targach GENERA 2015 w Madrycie","datePublished":"2015-03-18T08:00:00+00:00","dateModified":"2015-03-18T08:00:00+00:00","mainEntityOfPage":{"@id":"https:\/\/circutor.com\/pl\/bez-kategorii\/budynki-z-pozytywna-energia-na-targach-genera-2015-w-madrycie\/"},"wordCount":301,"commentCount":0,"publisher":{"@id":"https:\/\/circutor.com\/#organization"},"articleSection":["Uncategorized"],"inLanguage":"ca","potentialAction":[{"@type":"CommentAction","name":"Comment","target":["https:\/\/circutor.com\/pl\/bez-kategorii\/budynki-z-pozytywna-energia-na-targach-genera-2015-w-madrycie\/#respond"]}]},{"@type":"Person","@id":"https:\/\/circutor.com\/#\/schema\/person\/17d169bdccd6e2367b1ce7182dd31283","name":"admin","image":{"@type":"ImageObject","inLanguage":"ca","@id":"https:\/\/circutor.com\/#\/schema\/person\/image\/","url":"https:\/\/circutor.com\/wp-content\/uploads\/2022\/04\/usuario-logo-gris-96x96.png","contentUrl":"https:\/\/circutor.com\/wp-content\/uploads\/2022\/04\/usuario-logo-gris-96x96.png","caption":"admin"}}]}},"_links":{"self":[{"href":"https:\/\/circutor.com\/ca\/wp-json\/wp\/v2\/posts\/10920"}],"collection":[{"href":"https:\/\/circutor.com\/ca\/wp-json\/wp\/v2\/posts"}],"about":[{"href":"https:\/\/circutor.com\/ca\/wp-json\/wp\/v2\/types\/post"}],"author":[{"embeddable":true,"href":"https:\/\/circutor.com\/ca\/wp-json\/wp\/v2\/users\/1"}],"replies":[{"embeddable":true,"href":"https:\/\/circutor.com\/ca\/wp-json\/wp\/v2\/comments?post=10920"}],"version-history":[{"count":0,"href":"https:\/\/circutor.com\/ca\/wp-json\/wp\/v2\/posts\/10920\/revisions"}],"wp:featuredmedia":[{"embeddable":true,"href":"https:\/\/circutor.com\/ca\/wp-json\/wp\/v2\/posts\/238"}],"wp:attachment":[{"href":"https:\/\/circutor.com\/ca\/wp-json\/wp\/v2\/media?parent=10920"}],"wp:term":[{"taxonomy":"category","embeddable":true,"href":"https:\/\/circutor.com\/ca\/wp-json\/wp\/v2\/categories?post=10920"},{"taxonomy":"post_tag","embeddable":true,"href":"https:\/\/circutor.com\/ca\/wp-json\/wp\/v2\/tags?post=10920"}],"curies":[{"name":"wp","href":"https:\/\/api.w.org\/{rel}","templated":true}]}}