{"id":10875,"date":"2013-05-09T14:11:53","date_gmt":"2013-05-09T14:11:53","guid":{"rendered":"https:\/\/circutorweb.atic.blue\/?p=19"},"modified":"2013-05-09T14:11:53","modified_gmt":"2013-05-09T14:11:53","slug":"aproveche-la-nueva-tarifa-de-la-luz-por-horas-con-circutor-pl","status":"publish","type":"post","link":"https:\/\/circutor.com\/pl\/uncategorized\/aproveche-la-nueva-tarifa-de-la-luz-por-horas-con-circutor-pl\/","title":{"rendered":"Dzi\u0119ki CIRCUTOROWI, skorzystaj z nowej taryfy za energi\u0119 elektryczn\u0105 z podzia\u0142em na godziny"},"content":{"rendered":"<p><img class=\" size-full wp-image-17\" src=\"https:\/\/circutorweb.atic.blue\/wp-content\/uploads\/2013\/05\/factura-electrica.jpg\" alt=\"factura-electrica\" width=\"99%\" \/>&nbsp;<\/p>\n<p>Dnia 8 lutego br. niespodziewanie podano do wiadomo\u015bci informacj\u0119 o nowej <strong>zmianie taryf za energi\u0119 elektryczn\u0105<\/strong>. Konsumenci energii elektrycznej przechodz\u0105 od systemu regulowanego przez kwartalne przetargi na dostawy energii do cen okre\u015blanych dla ka\u017cdej godziny poboru.&nbsp;Oznacza to, \u017ce konsument <strong>z inteligentnym licznikiem<\/strong> b\u0119dzie wnosi\u0142 op\u0142aty w zale\u017cno\u015bci od poboru energii co godzin\u0119 oraz w oparciu o cen\u0119 energii elektrycznej obowi\u0105zuj\u0105cej w danych godzinach.<\/p>\n<p>W przypadku <a href=\"https:\/\/circutor.com\/es\/empresa\/noticias\/noticias\/427-google-avisa-del-creciente-interes-en-como-ahorrar-luz\">konsument\u00f3w, kt\u00f3rzy niepokoj\u0105 si\u0119 o swoj\u0105 faktur\u0119 za energi\u0119 elektryczn\u0105<\/a> i nie posiadaj\u0105 inteligentnego licznika, zostanie zastosowana przeci\u0119tna dzienna cena obowi\u0105zuj\u0105ca na rynku hurtowym.<\/p>\n<p>Jak poda\u0142 rz\u0105d, dzi\u0119ki temu sposobowi rozliczania, konsumenci ko\u0144cowi mog\u0105 zaoszcz\u0119dzi\u0107 co najmniej 3%, jednak b\u0119dzie to zale\u017ca\u0142o w du\u017cej mierze od zachowania rynku hurtowego oraz od posiadania inteligentnego licznika energii elektrycznej.<\/p>\n<p><strong>CIRCUTOR<\/strong> posiada w swoim katalogu <a href=\"https:\/\/circutor.com\/es\/productos\/metering\/contadores-de-energia-electrica-multifuncion\/contadores-monofasicos\/212-es4a-b0b-13-detail\">inteligentne liczniki energii elektrycznej (zdalnie sterowane\/PLC)<\/a>, spe\u0142niaj\u0105ce wymogi Dekretu Kr\u00f3lewskiego 1110\/2007 i <strong>przeznaczone dla u\u017cytkownik\u00f3w, kt\u00f3rzy zakontraktowali mniejsz\u0105 ilo\u015b\u0107 mocy ni\u017c 15 kW<\/strong>, czyli <strong>dla wi\u0119kszo\u015bci konsument\u00f3w z gospodarstw domowych<\/strong>.<\/p>\n<p>Aby skorzysta\u0107 z tej nowej taryfy za energi\u0119 elektryczn\u0105, nale\u017cy posiada\u0107 <strong>inteligentny licznik firmy CIRCUTOR<\/strong>, kt\u00f3ry mo\u017cna naby\u0107<strong>, kontaktuj\u0105c si\u0119 ze swoim dostawc\u0105 energii elektrycznej<\/strong>. Okres amortyzacji tego licznika i jego instalacji wynosi od 8 do 18 miesi\u0119cy, zale\u017cnie od op\u0142aty za jego wynaj\u0119cie pobranej przez dostawc\u0119 energii elektrycznej oraz poboru energii elektrycznej danego u\u017cytkownika.<\/p>\n<p>CIRCUTOR oferuje r\u00f3wnie\u017c szerok\u0105 gam\u0119 produkt\u00f3w umo\u017cliwiaj\u0105cych <a href=\"https:\/\/circutor.com\/es\/aplicaciones-y-soluciones\/energia\/autoconsumo\">zmniejszenie nale\u017cno\u015bci za pob\u00f3r energii elektrycznej, dzi\u0119ki samowystarczalno\u015bci energetycznej<\/a>, dostosowanej do ka\u017cdego konsumenta oraz budynku lub wsp\u00f3lnoty mieszkaniowej.<\/p>\n<table style=\"width: 100%; background-color: #eeeeee;\">\n<tbody>\n<tr>\n<td style=\"width: 10px;\">&nbsp;<\/td>\n<td style=\"width: 250px; text-align: center;\" valign=\"top\"><img class=\" size-full wp-image-18\" src=\"https:\/\/circutorweb.atic.blue\/wp-content\/uploads\/2013\/05\/FO_CIRWATT-B200RCP_250x250.png\" alt=\"CIRWATT-B200RCP\" width=\"99%\" \/><\/td>\n<td style=\"width: 10px;\">\n<h2>&nbsp;<\/h2>\n<\/td>\n<td>\n<h2>Wielofunkcyjny cyfrowy licznik jednofazowy CIRWATT<\/h2>\n<p><strong>CIRWATT B 200 RCP<\/strong> to <a href=\"https:\/\/circutor.com\/es\/productos\/metering\/contadores-de-energia-electrica-multifuncion\/contadores-monofasicos\/212-es4a-b0b-13-detail\">wielofunkcyjny cyfrowy licznik jednofazowy<\/a> klasy B do pomiaru energii czynnej oraz klasy 2 do pomiaru energii biernej.<\/p>\n<p>Ten licznik spe\u0142nia wymogi obowi\u0105zuj\u0105cych norm europejskich w dziedzinie licznik\u00f3w energii (MID) EN 50470-1 i EN 50470-3, dzi\u0119ki czemu mo\u017ce by\u0107&nbsp;instalowany w ka\u017cdym kraju Unii Europejskiej.<\/p>\n<p>W urz\u0105dzeniu zapewniona jest komunikacja PLC \/ PRIME(Power Line Carrier) poprzez sie\u0107 elektryczn\u0105, zgodnie z wymogami okre\u015blonymi w Dekrecie Kr\u00f3lewskim 1110\/2007. Dodatkowo licznik posiada element odcinaj\u0105cy, kt\u00f3ry umo\u017cliwia u\u017cytkownikowi kontrolowanie poboru energii elektrycznej, w spos\u00f3b zdalny; z wykorzystaniem komunikacji PLC.<\/p>\n<p><strong>Katalogi:<\/strong><\/p>\n<p>&#8211; Wielofunkcyjne liczniki energii elektrycznej:&nbsp;<a href=\"https:\/\/docs.circutor.com\/docs\/CA_Q1_SP.pdf\" target=\"_blank\" rel=\"noopener noreferrer\"><img loading=\"lazy\" class=\" size-full wp-image-2\" src=\"https:\/\/circutorweb.atic.blue\/wp-content\/uploads\/2011\/01\/es.gif\" alt=\"es\" width=\"18\" height=\"12\" \/><\/a>&nbsp;<a href=\"https:\/\/docs.circutor.com\/docs\/CA_Q1_EN.pdf\" target=\"_blank\" rel=\"noopener noreferrer\"><img loading=\"lazy\" class=\" size-full wp-image-3\" src=\"https:\/\/circutorweb.atic.blue\/wp-content\/uploads\/2011\/01\/en.gif\" alt=\"en\" width=\"18\" height=\"12\" \/><\/a><\/p>\n<\/td>\n<td style=\"width: 10px;\">&nbsp;<\/td>\n<\/tr>\n<\/tbody>\n<\/table>\n","protected":false},"excerpt":{"rendered":"<p>&nbsp; Dnia 8 lutego br. niespodziewanie podano do wiadomo\u015bci informacj\u0119 o nowej zmianie taryf za energi\u0119 elektryczn\u0105. Konsumenci energii elektrycznej przechodz\u0105 od systemu regulowanego przez kwartalne przetargi na dostawy energii do cen okre\u015blanych dla ka\u017cdej godziny poboru.&nbsp;Oznacza to, \u017ce konsument z inteligentnym licznikiem b\u0119dzie wnosi\u0142 op\u0142aty w zale\u017cno\u015bci od poboru energii co godzin\u0119 oraz w [&hellip;]<\/p>\n","protected":false},"author":1,"featured_media":17,"comment_status":"open","ping_status":"open","sticky":false,"template":"","format":"standard","meta":[],"categories":[33],"tags":[],"acf":[],"yoast_head":"<!-- This site is optimized with the Yoast SEO plugin v19.4 - https:\/\/yoast.com\/wordpress\/plugins\/seo\/ -->\n<title>Dzi\u0119ki CIRCUTOROWI, skorzystaj z nowej taryfy za energi\u0119 elektryczn\u0105 z podzia\u0142em na godziny - CIRCUTOR<\/title>\n<meta name=\"robots\" content=\"index, follow, max-snippet:-1, max-image-preview:large, max-video-preview:-1\" \/>\n<link rel=\"canonical\" href=\"https:\/\/circutor.com\/pl\/bez-kategorii\/aproveche-la-nueva-tarifa-de-la-luz-por-horas-con-circutor-pl\/\" \/>\n<meta property=\"og:locale\" content=\"ca_ES\" \/>\n<meta property=\"og:type\" content=\"article\" \/>\n<meta property=\"og:title\" content=\"Dzi\u0119ki CIRCUTOROWI, skorzystaj z nowej taryfy za energi\u0119 elektryczn\u0105 z podzia\u0142em na godziny - CIRCUTOR\" \/>\n<meta property=\"og:description\" content=\"&nbsp; Dnia 8 lutego br. niespodziewanie podano do wiadomo\u015bci informacj\u0119 o nowej zmianie taryf za energi\u0119 elektryczn\u0105. Konsumenci energii elektrycznej przechodz\u0105 od systemu regulowanego przez kwartalne przetargi na dostawy energii do cen okre\u015blanych dla ka\u017cdej godziny poboru.&nbsp;Oznacza to, \u017ce konsument z inteligentnym licznikiem b\u0119dzie wnosi\u0142 op\u0142aty w zale\u017cno\u015bci od poboru energii co godzin\u0119 oraz w [&hellip;]\" \/>\n<meta property=\"og:url\" content=\"https:\/\/circutor.com\/pl\/bez-kategorii\/aproveche-la-nueva-tarifa-de-la-luz-por-horas-con-circutor-pl\/\" \/>\n<meta property=\"og:site_name\" content=\"CIRCUTOR\" \/>\n<meta property=\"article:publisher\" content=\"https:\/\/www.facebook.com\/CIRCUTOR.ES\" \/>\n<meta property=\"article:published_time\" content=\"2013-05-09T14:11:53+00:00\" \/>\n<meta property=\"og:image\" content=\"https:\/\/circutor.com\/wp-content\/uploads\/2022\/07\/Circutor_Logo_Color.png\" \/>\n\t<meta property=\"og:image:width\" content=\"1299\" \/>\n\t<meta property=\"og:image:height\" content=\"354\" \/>\n\t<meta property=\"og:image:type\" content=\"image\/png\" \/>\n<meta name=\"author\" content=\"admin\" \/>\n<meta name=\"twitter:card\" content=\"summary_large_image\" \/>\n<meta name=\"twitter:creator\" content=\"@circutor\" \/>\n<meta name=\"twitter:site\" content=\"@circutor\" \/>\n<meta name=\"twitter:label1\" content=\"Escrit per\" \/>\n\t<meta name=\"twitter:data1\" content=\"admin\" \/>\n\t<meta name=\"twitter:label2\" content=\"Temps estimat de lectura\" \/>\n\t<meta name=\"twitter:data2\" content=\"2 minuts\" \/>\n<script type=\"application\/ld+json\" class=\"yoast-schema-graph\">{\"@context\":\"https:\/\/schema.org\",\"@graph\":[{\"@type\":\"Organization\",\"@id\":\"https:\/\/circutor.com\/#organization\",\"name\":\"Circutor\",\"url\":\"https:\/\/circutor.com\/\",\"sameAs\":[\"https:\/\/www.instagram.com\/circutor_es\",\"https:\/\/www.linkedin.com\/company\/circutor\",\"https:\/\/www.youtube.com\/user\/CIRCUTORoficial\",\"https:\/\/www.facebook.com\/CIRCUTOR.ES\",\"https:\/\/twitter.com\/circutor\"],\"logo\":{\"@type\":\"ImageObject\",\"inLanguage\":\"ca\",\"@id\":\"https:\/\/circutor.com\/#\/schema\/logo\/image\/\",\"url\":\"https:\/\/circutor.com\/wp-content\/uploads\/2020\/09\/CIR_LOGO_RED.png\",\"contentUrl\":\"https:\/\/circutor.com\/wp-content\/uploads\/2020\/09\/CIR_LOGO_RED.png\",\"width\":512,\"height\":128,\"caption\":\"Circutor\"},\"image\":{\"@id\":\"https:\/\/circutor.com\/#\/schema\/logo\/image\/\"}},{\"@type\":\"WebSite\",\"@id\":\"https:\/\/circutor.com\/#website\",\"url\":\"https:\/\/circutor.com\/\",\"name\":\"CIRCUTOR\",\"description\":\"Soluciones para la eficiencia energ\u00e9tica el\u00e9ctrica\",\"publisher\":{\"@id\":\"https:\/\/circutor.com\/#organization\"},\"potentialAction\":[{\"@type\":\"SearchAction\",\"target\":{\"@type\":\"EntryPoint\",\"urlTemplate\":\"https:\/\/circutor.com\/?s={search_term_string}\"},\"query-input\":\"required name=search_term_string\"}],\"inLanguage\":\"ca\"},{\"@type\":\"WebPage\",\"@id\":\"https:\/\/circutor.com\/pl\/bez-kategorii\/aproveche-la-nueva-tarifa-de-la-luz-por-horas-con-circutor-pl\/\",\"url\":\"https:\/\/circutor.com\/pl\/bez-kategorii\/aproveche-la-nueva-tarifa-de-la-luz-por-horas-con-circutor-pl\/\",\"name\":\"Dzi\u0119ki CIRCUTOROWI, skorzystaj z nowej taryfy za energi\u0119 elektryczn\u0105 z podzia\u0142em na godziny - CIRCUTOR\",\"isPartOf\":{\"@id\":\"https:\/\/circutor.com\/#website\"},\"datePublished\":\"2013-05-09T14:11:53+00:00\",\"dateModified\":\"2013-05-09T14:11:53+00:00\",\"breadcrumb\":{\"@id\":\"https:\/\/circutor.com\/pl\/bez-kategorii\/aproveche-la-nueva-tarifa-de-la-luz-por-horas-con-circutor-pl\/#breadcrumb\"},\"inLanguage\":\"ca\",\"potentialAction\":[{\"@type\":\"ReadAction\",\"target\":[\"https:\/\/circutor.com\/pl\/bez-kategorii\/aproveche-la-nueva-tarifa-de-la-luz-por-horas-con-circutor-pl\/\"]}]},{\"@type\":\"BreadcrumbList\",\"@id\":\"https:\/\/circutor.com\/pl\/bez-kategorii\/aproveche-la-nueva-tarifa-de-la-luz-por-horas-con-circutor-pl\/#breadcrumb\",\"itemListElement\":[{\"@type\":\"ListItem\",\"position\":1,\"name\":\"Portada\",\"item\":\"https:\/\/circutor.com\/ca\/\"},{\"@type\":\"ListItem\",\"position\":2,\"name\":\"Dzi\u0119ki CIRCUTOROWI, skorzystaj z nowej taryfy za energi\u0119 elektryczn\u0105 z podzia\u0142em na godziny\"}]},{\"@type\":\"Article\",\"@id\":\"https:\/\/circutor.com\/pl\/bez-kategorii\/aproveche-la-nueva-tarifa-de-la-luz-por-horas-con-circutor-pl\/#article\",\"isPartOf\":{\"@id\":\"https:\/\/circutor.com\/pl\/bez-kategorii\/aproveche-la-nueva-tarifa-de-la-luz-por-horas-con-circutor-pl\/\"},\"author\":{\"name\":\"admin\",\"@id\":\"https:\/\/circutor.com\/#\/schema\/person\/17d169bdccd6e2367b1ce7182dd31283\"},\"headline\":\"Dzi\u0119ki CIRCUTOROWI, skorzystaj z nowej taryfy za energi\u0119 elektryczn\u0105 z podzia\u0142em na godziny\",\"datePublished\":\"2013-05-09T14:11:53+00:00\",\"dateModified\":\"2013-05-09T14:11:53+00:00\",\"mainEntityOfPage\":{\"@id\":\"https:\/\/circutor.com\/pl\/bez-kategorii\/aproveche-la-nueva-tarifa-de-la-luz-por-horas-con-circutor-pl\/\"},\"wordCount\":417,\"commentCount\":0,\"publisher\":{\"@id\":\"https:\/\/circutor.com\/#organization\"},\"articleSection\":[\"Uncategorized\"],\"inLanguage\":\"ca\",\"potentialAction\":[{\"@type\":\"CommentAction\",\"name\":\"Comment\",\"target\":[\"https:\/\/circutor.com\/pl\/bez-kategorii\/aproveche-la-nueva-tarifa-de-la-luz-por-horas-con-circutor-pl\/#respond\"]}]},{\"@type\":\"Person\",\"@id\":\"https:\/\/circutor.com\/#\/schema\/person\/17d169bdccd6e2367b1ce7182dd31283\",\"name\":\"admin\",\"image\":{\"@type\":\"ImageObject\",\"inLanguage\":\"ca\",\"@id\":\"https:\/\/circutor.com\/#\/schema\/person\/image\/\",\"url\":\"https:\/\/circutor.com\/wp-content\/uploads\/2022\/04\/usuario-logo-gris-96x96.png\",\"contentUrl\":\"https:\/\/circutor.com\/wp-content\/uploads\/2022\/04\/usuario-logo-gris-96x96.png\",\"caption\":\"admin\"}}]}<\/script>\n<!-- \/ Yoast SEO plugin. -->","yoast_head_json":{"title":"Dzi\u0119ki CIRCUTOROWI, skorzystaj z nowej taryfy za energi\u0119 elektryczn\u0105 z podzia\u0142em na godziny - CIRCUTOR","robots":{"index":"index","follow":"follow","max-snippet":"max-snippet:-1","max-image-preview":"max-image-preview:large","max-video-preview":"max-video-preview:-1"},"canonical":"https:\/\/circutor.com\/pl\/bez-kategorii\/aproveche-la-nueva-tarifa-de-la-luz-por-horas-con-circutor-pl\/","og_locale":"ca_ES","og_type":"article","og_title":"Dzi\u0119ki CIRCUTOROWI, skorzystaj z nowej taryfy za energi\u0119 elektryczn\u0105 z podzia\u0142em na godziny - CIRCUTOR","og_description":"&nbsp; Dnia 8 lutego br. niespodziewanie podano do wiadomo\u015bci informacj\u0119 o nowej zmianie taryf za energi\u0119 elektryczn\u0105. Konsumenci energii elektrycznej przechodz\u0105 od systemu regulowanego przez kwartalne przetargi na dostawy energii do cen okre\u015blanych dla ka\u017cdej godziny poboru.&nbsp;Oznacza to, \u017ce konsument z inteligentnym licznikiem b\u0119dzie wnosi\u0142 op\u0142aty w zale\u017cno\u015bci od poboru energii co godzin\u0119 oraz w [&hellip;]","og_url":"https:\/\/circutor.com\/pl\/bez-kategorii\/aproveche-la-nueva-tarifa-de-la-luz-por-horas-con-circutor-pl\/","og_site_name":"CIRCUTOR","article_publisher":"https:\/\/www.facebook.com\/CIRCUTOR.ES","article_published_time":"2013-05-09T14:11:53+00:00","og_image":[{"width":1299,"height":354,"url":"https:\/\/circutor.com\/wp-content\/uploads\/2022\/07\/Circutor_Logo_Color.png","type":"image\/png"}],"author":"admin","twitter_card":"summary_large_image","twitter_creator":"@circutor","twitter_site":"@circutor","twitter_misc":{"Escrit per":"admin","Temps estimat de lectura":"2 minuts"},"schema":{"@context":"https:\/\/schema.org","@graph":[{"@type":"Organization","@id":"https:\/\/circutor.com\/#organization","name":"Circutor","url":"https:\/\/circutor.com\/","sameAs":["https:\/\/www.instagram.com\/circutor_es","https:\/\/www.linkedin.com\/company\/circutor","https:\/\/www.youtube.com\/user\/CIRCUTORoficial","https:\/\/www.facebook.com\/CIRCUTOR.ES","https:\/\/twitter.com\/circutor"],"logo":{"@type":"ImageObject","inLanguage":"ca","@id":"https:\/\/circutor.com\/#\/schema\/logo\/image\/","url":"https:\/\/circutor.com\/wp-content\/uploads\/2020\/09\/CIR_LOGO_RED.png","contentUrl":"https:\/\/circutor.com\/wp-content\/uploads\/2020\/09\/CIR_LOGO_RED.png","width":512,"height":128,"caption":"Circutor"},"image":{"@id":"https:\/\/circutor.com\/#\/schema\/logo\/image\/"}},{"@type":"WebSite","@id":"https:\/\/circutor.com\/#website","url":"https:\/\/circutor.com\/","name":"CIRCUTOR","description":"Soluciones para la eficiencia energ\u00e9tica el\u00e9ctrica","publisher":{"@id":"https:\/\/circutor.com\/#organization"},"potentialAction":[{"@type":"SearchAction","target":{"@type":"EntryPoint","urlTemplate":"https:\/\/circutor.com\/?s={search_term_string}"},"query-input":"required name=search_term_string"}],"inLanguage":"ca"},{"@type":"WebPage","@id":"https:\/\/circutor.com\/pl\/bez-kategorii\/aproveche-la-nueva-tarifa-de-la-luz-por-horas-con-circutor-pl\/","url":"https:\/\/circutor.com\/pl\/bez-kategorii\/aproveche-la-nueva-tarifa-de-la-luz-por-horas-con-circutor-pl\/","name":"Dzi\u0119ki CIRCUTOROWI, skorzystaj z nowej taryfy za energi\u0119 elektryczn\u0105 z podzia\u0142em na godziny - CIRCUTOR","isPartOf":{"@id":"https:\/\/circutor.com\/#website"},"datePublished":"2013-05-09T14:11:53+00:00","dateModified":"2013-05-09T14:11:53+00:00","breadcrumb":{"@id":"https:\/\/circutor.com\/pl\/bez-kategorii\/aproveche-la-nueva-tarifa-de-la-luz-por-horas-con-circutor-pl\/#breadcrumb"},"inLanguage":"ca","potentialAction":[{"@type":"ReadAction","target":["https:\/\/circutor.com\/pl\/bez-kategorii\/aproveche-la-nueva-tarifa-de-la-luz-por-horas-con-circutor-pl\/"]}]},{"@type":"BreadcrumbList","@id":"https:\/\/circutor.com\/pl\/bez-kategorii\/aproveche-la-nueva-tarifa-de-la-luz-por-horas-con-circutor-pl\/#breadcrumb","itemListElement":[{"@type":"ListItem","position":1,"name":"Portada","item":"https:\/\/circutor.com\/ca\/"},{"@type":"ListItem","position":2,"name":"Dzi\u0119ki CIRCUTOROWI, skorzystaj z nowej taryfy za energi\u0119 elektryczn\u0105 z podzia\u0142em na godziny"}]},{"@type":"Article","@id":"https:\/\/circutor.com\/pl\/bez-kategorii\/aproveche-la-nueva-tarifa-de-la-luz-por-horas-con-circutor-pl\/#article","isPartOf":{"@id":"https:\/\/circutor.com\/pl\/bez-kategorii\/aproveche-la-nueva-tarifa-de-la-luz-por-horas-con-circutor-pl\/"},"author":{"name":"admin","@id":"https:\/\/circutor.com\/#\/schema\/person\/17d169bdccd6e2367b1ce7182dd31283"},"headline":"Dzi\u0119ki CIRCUTOROWI, skorzystaj z nowej taryfy za energi\u0119 elektryczn\u0105 z podzia\u0142em na godziny","datePublished":"2013-05-09T14:11:53+00:00","dateModified":"2013-05-09T14:11:53+00:00","mainEntityOfPage":{"@id":"https:\/\/circutor.com\/pl\/bez-kategorii\/aproveche-la-nueva-tarifa-de-la-luz-por-horas-con-circutor-pl\/"},"wordCount":417,"commentCount":0,"publisher":{"@id":"https:\/\/circutor.com\/#organization"},"articleSection":["Uncategorized"],"inLanguage":"ca","potentialAction":[{"@type":"CommentAction","name":"Comment","target":["https:\/\/circutor.com\/pl\/bez-kategorii\/aproveche-la-nueva-tarifa-de-la-luz-por-horas-con-circutor-pl\/#respond"]}]},{"@type":"Person","@id":"https:\/\/circutor.com\/#\/schema\/person\/17d169bdccd6e2367b1ce7182dd31283","name":"admin","image":{"@type":"ImageObject","inLanguage":"ca","@id":"https:\/\/circutor.com\/#\/schema\/person\/image\/","url":"https:\/\/circutor.com\/wp-content\/uploads\/2022\/04\/usuario-logo-gris-96x96.png","contentUrl":"https:\/\/circutor.com\/wp-content\/uploads\/2022\/04\/usuario-logo-gris-96x96.png","caption":"admin"}}]}},"_links":{"self":[{"href":"https:\/\/circutor.com\/ca\/wp-json\/wp\/v2\/posts\/10875"}],"collection":[{"href":"https:\/\/circutor.com\/ca\/wp-json\/wp\/v2\/posts"}],"about":[{"href":"https:\/\/circutor.com\/ca\/wp-json\/wp\/v2\/types\/post"}],"author":[{"embeddable":true,"href":"https:\/\/circutor.com\/ca\/wp-json\/wp\/v2\/users\/1"}],"replies":[{"embeddable":true,"href":"https:\/\/circutor.com\/ca\/wp-json\/wp\/v2\/comments?post=10875"}],"version-history":[{"count":0,"href":"https:\/\/circutor.com\/ca\/wp-json\/wp\/v2\/posts\/10875\/revisions"}],"wp:featuredmedia":[{"embeddable":true,"href":"https:\/\/circutor.com\/ca\/wp-json\/"}],"wp:attachment":[{"href":"https:\/\/circutor.com\/ca\/wp-json\/wp\/v2\/media?parent=10875"}],"wp:term":[{"taxonomy":"category","embeddable":true,"href":"https:\/\/circutor.com\/ca\/wp-json\/wp\/v2\/categories?post=10875"},{"taxonomy":"post_tag","embeddable":true,"href":"https:\/\/circutor.com\/ca\/wp-json\/wp\/v2\/tags?post=10875"}],"curies":[{"name":"wp","href":"https:\/\/api.w.org\/{rel}","templated":true}]}}