{"id":10697,"date":"2019-01-29T07:29:00","date_gmt":"2019-01-29T07:29:00","guid":{"rendered":"https:\/\/circutorweb.atic.blue\/?p=480"},"modified":"2019-01-29T07:29:00","modified_gmt":"2019-01-29T07:29:00","slug":"spanien-ist-das-fuenfte-land-mit-mehr-ladezentren-fuer-elektrofahrzeuge","status":"publish","type":"post","link":"https:\/\/circutor.com\/de\/uncategorized\/spanien-ist-das-fuenfte-land-mit-mehr-ladezentren-fuer-elektrofahrzeuge\/","title":{"rendered":"Spanien ist das f\u00fcnfte Land mit mehr Ladezentren f\u00fcr Elektrofahrzeuge"},"content":{"rendered":"<h4>Jedes Mal sehen wir mehr Elektroautos in unseren St\u00e4dten. Spanien ist das f\u00fcnfte europ\u00e4ische Land mit mehr emissionsfreien Fahrzeugen.<\/h4>\n<div class=\"features-container\">\n<div class=\"feature-warp\">\n<div class=\"feature\">\n<p><img loading=\"lazy\" class=\" alignright size-full wp-image-477\" src=\"https:\/\/circutorweb.atic.blue\/wp-content\/uploads\/2019\/01\/FD_5pais_VE_cargador.jpg\" alt=\"FD 5pais VE cargador\" style=\"margin: 10px; float: right;\" width=\"30%\" height=\"NaN\" \/>Als der Verkauf dieser Transportart zu wachsen begann, gab es nicht so viele <strong>Ladestationen<\/strong> wie derzeit. Im Moment hat Spanien 3.856 \u00f6ffentliche Stellen, um Elektroautos aufzuladen.<\/p>\n<p>Diese Stellen erm\u00f6glichen es die f\u00fcnfte Weltposition mit mehr Infrastruktur f\u00fcr diese Fahrzeuge zu besetzen. Die Daten wurden von Uniel\u00e9ctrica basierend auf Zahlen von electromaps.com und dem INE erhoben.<\/p>\n<p>Vor Spanien stehen die Vereinigten Staaten an erster Stelle, Frankreich an zweiter Stelle, Deutschland an dritter Stelle und Holland an vierter Stelle.<\/p>\n<\/p><\/div><\/div>\n<div class=\"feature-warp\">\n<div class=\"feature\">\n<p>In jedem Fall wird allen <strong>neuen Nutzern<\/strong> von Elektroautos <strong>empfohlen, sich bei den Institutionen gut zu informieren und beim Autoh\u00e4ndler nachzufragen<\/strong>. Bevor Sie mit dem Kauf fortfahren, sollten Sie vor allem wissen, ob Sie Ihr Transportmittel in Ihrer Umgebung ordnungsgem\u00e4\u00df laden k\u00f6nnen. Das Vorhandensein von Ladepunkten variiert je nach spanischem Landkreis. In der autonome Region Katalonien beispielsweise sind 939 Punkte konzentriert, und in Madrid gibt es 453 Installationen.<\/p>\n<p><strong>Die Entwicklung von umweltfreundlichen Autos ist global<\/strong>. Viele Regierungen weltweit setzen auf nachhaltige Mobilit\u00e4t. Was bisher unm\u00f6glich schien, ist heute Realit\u00e4t, und viele Unternehmen verpflichten sich zu umweltfreundlichen Transportmitteln und jedes Mal finden wir mehr private Ladestellen.<\/p>\n<\/p><\/div><\/div><\/div>\n<div class=\"features-container\">\n<div class=\"feature-warp\">\n<div class=\"feature\">\n<h3>Wie k\u00f6nnen Elektroautos aufgeladen werden?<\/h3>\n<p><strong>Sie m\u00fcssen das Auto nur an eine Ladestation anschlie\u00dfen<\/strong>. Normalerweise finden Sie das Kabel im Kofferraum des Elektrofahrzeugs. Sobald Sie es angeschlossen haben, wird ein automatisches Ladeprotokoll gestartet. Einige LED-Lichter geben Ihnen das Startsignal und einige Autos haben auch eine Programmierung des Ladestroms.<\/p>\n<p><strong>Um die Batterie<\/strong> Ihres Elektroautos <strong>richtig aufzuladen, m\u00fcssen Sie ber\u00fccksichtigen, dass es zwei Arten von Anschl\u00fcssen gibt<\/strong>. Ungef\u00e4hr 30 Modelle der verf\u00fcgbaren, emissionsfreien Fahrzeuge verf\u00fcgen \u00fcber einen \u201eMennekes\u201c Stecker Typ 2, welcher 2013 von den EU-Standards akzeptiert wurde und vom Unternehmen f\u00fcr Wechselstromladung Mennekes entwickelt wurde.<\/p>\n<p>F\u00fcr eine Schnellladung hat die japanische Elektro- und Automobilindustrie 2019 den CHAdeMo-Stecker entwickelt. Es wird haupts\u00e4chlich in Asien verwendet, obwohl dieser Steckverbindertyp in einigen europ\u00e4ischen Modellen f\u00fcr einige Elektrofahrzeuge verwendet wird.<\/p>\n<p>Wenn Sie einen Adapter haben, k\u00f6nnen Sie die Batterie Ihres Elektroautos auch zu Hause aufladen. Solange es sich immer um einen Notfall handelt, denn die elektrischen Haushaltsnetze sind nicht f\u00fcr eine stundenlange elektrische Ladung ausgelegt.<\/p>\n<\/p><\/div><\/div>\n<div class=\"feature-warp\">\n<div class=\"feature\">\n<h3>Empfehlungen zum Laden von emissionsfreien Fahrzeugen<\/h3>\n<p><img loading=\"lazy\" class=\" alignleft size-full wp-image-478\" src=\"https:\/\/circutorweb.atic.blue\/wp-content\/uploads\/2019\/01\/conector-tipo2.jpg\" style=\"margin: 10px; float: left;\" width=\"30%\" height=\"NaN\" alt=\"Tipo 2 \u00f3 Mennekes (IEC 62196-2)\" \/>Um die Batterie eines Elektroautos richtig aufzuladen, m\u00fcssen zwei wesentliche Punkte ber\u00fccksichtigt werden. Wie viele Arten von Ladung gibt es? Was f\u00fcr Anschl\u00fcsse k\u00f6nnen wir finden?<\/p>\n<h5>W\u00e4hlen Sie die Art der Aufladung (voll oder schnell), die von Ihrem Bedarf abh\u00e4ngt.<\/h5>\n<h5>Kennen Sie die Modelle von Elektroautos und Ladestationen in Ihrer Stadt gut.<\/h5>\n<\/p><\/div><\/div><\/div>\n<table style=\"border-color: #bababa; border-width: 1px; border-style: solid;\" cellpadding=\"10\">\n<tbody>\n<tr>\n<td>\n<h5 style=\"text-align: center;\">Intelligente Ger\u00e4te und Systeme zum <br \/>Aufladen von Elektrofahrzeugen<\/h5>\n<p style=\"text-align: center;\"><img loading=\"lazy\" class=\" size-full wp-image-479\" src=\"https:\/\/circutorweb.atic.blue\/wp-content\/uploads\/2019\/01\/cat-rve.jpg\" alt=\"cat-rve\" width=\"109\" height=\"120\" \/><br \/><a href=\"https:\/\/docs.circutor.com\/docs\/CT_RVE_SP.pdf\" target=\"_blank\" rel=\"noopener noreferrer\"><img loading=\"lazy\" class=\" size-full wp-image-8\" src=\"https:\/\/circutorweb.atic.blue\/wp-content\/uploads\/2014\/01\/es.gif\" alt=\"es\" width=\"18\" height=\"12\" \/><\/a>&nbsp;<a href=\"https:\/\/docs.circutor.com\/docs\/CT_RVE_EN.pdf\" target=\"_blank\" rel=\"noopener noreferrer\"><img loading=\"lazy\" class=\" size-full wp-image-9\" src=\"https:\/\/circutorweb.atic.blue\/wp-content\/uploads\/2014\/01\/en.gif\" alt=\"en\" width=\"18\" height=\"12\" \/><\/a>&nbsp;<a href=\"https:\/\/docs.circutor.com\/docs\/CT_RVE_DE.pdf\" target=\"_blank\" rel=\"noopener noreferrer\"><img loading=\"lazy\" class=\" size-full wp-image-11\" src=\"https:\/\/circutorweb.atic.blue\/wp-content\/uploads\/2014\/01\/de.gif\" alt=\"de\" width=\"18\" height=\"12\" \/><\/a>&nbsp;<a href=\"https:\/\/docs.circutor.com\/docs\/CT_RVE_FR.pdf\" target=\"_blank\" rel=\"noopener noreferrer\"><img loading=\"lazy\" class=\" size-full wp-image-13\" src=\"https:\/\/circutorweb.atic.blue\/wp-content\/uploads\/2014\/01\/fr.gif\" alt=\"fr\" width=\"18\" height=\"12\" \/><\/a>&nbsp;<a href=\"https:\/\/docs.circutor.com\/docs\/CT_RVE_PT.pdf\" target=\"_blank\" rel=\"noopener noreferrer\"><img loading=\"lazy\" class=\" size-full wp-image-186\" src=\"https:\/\/circutorweb.atic.blue\/wp-content\/uploads\/2014\/07\/pt.gif\" alt=\"pt\" width=\"18\" height=\"12\" \/><\/a><\/p>\n<\/td>\n<\/tr>\n<\/tbody>\n<\/table>\n","protected":false},"excerpt":{"rendered":"<p>Jedes Mal sehen wir mehr Elektroautos in unseren St\u00e4dten. Spanien ist das f\u00fcnfte europ\u00e4ische Land mit mehr emissionsfreien Fahrzeugen. Als der Verkauf dieser Transportart zu wachsen begann, gab es nicht so viele Ladestationen wie derzeit. Im Moment hat Spanien 3.856 \u00f6ffentliche Stellen, um Elektroautos aufzuladen. Diese Stellen erm\u00f6glichen es die f\u00fcnfte Weltposition mit mehr Infrastruktur [&hellip;]<\/p>\n","protected":false},"author":1,"featured_media":477,"comment_status":"open","ping_status":"open","sticky":false,"template":"","format":"standard","meta":[],"categories":[33],"tags":[],"acf":[],"yoast_head":"<!-- This site is optimized with the Yoast SEO plugin v19.4 - https:\/\/yoast.com\/wordpress\/plugins\/seo\/ -->\n<title>Spanien ist das f\u00fcnfte Land mit mehr Ladezentren f\u00fcr Elektrofahrzeuge - CIRCUTOR<\/title>\n<meta name=\"description\" content=\"Jedes Mal sehen wir mehr Elektroautos in unseren St\u00e4dten. Spanien ist das f\u00fcnfte europ\u00e4ische Land mit mehr emissionsfreien Fahrzeugen.\" \/>\n<meta name=\"robots\" content=\"index, follow, max-snippet:-1, max-image-preview:large, max-video-preview:-1\" \/>\n<link rel=\"canonical\" href=\"https:\/\/circutor.com\/de\/unkategorisiert\/spanien-ist-das-fuenfte-land-mit-mehr-ladezentren-fuer-elektrofahrzeuge\/\" \/>\n<meta property=\"og:locale\" content=\"ca_ES\" \/>\n<meta property=\"og:type\" content=\"article\" \/>\n<meta property=\"og:title\" content=\"Spanien ist das f\u00fcnfte Land mit mehr Ladezentren f\u00fcr Elektrofahrzeuge - CIRCUTOR\" \/>\n<meta property=\"og:description\" content=\"Jedes Mal sehen wir mehr Elektroautos in unseren St\u00e4dten. Spanien ist das f\u00fcnfte europ\u00e4ische Land mit mehr emissionsfreien Fahrzeugen.\" \/>\n<meta property=\"og:url\" content=\"https:\/\/circutor.com\/de\/unkategorisiert\/spanien-ist-das-fuenfte-land-mit-mehr-ladezentren-fuer-elektrofahrzeuge\/\" \/>\n<meta property=\"og:site_name\" content=\"CIRCUTOR\" \/>\n<meta property=\"article:publisher\" content=\"https:\/\/www.facebook.com\/CIRCUTOR.ES\" \/>\n<meta property=\"article:published_time\" content=\"2019-01-29T07:29:00+00:00\" \/>\n<meta property=\"og:image\" content=\"https:\/\/circutor.com\/wp-content\/uploads\/2020\/10\/vision-1.png\" \/>\n\t<meta property=\"og:image:width\" content=\"72\" \/>\n\t<meta property=\"og:image:height\" content=\"60\" \/>\n\t<meta property=\"og:image:type\" content=\"image\/png\" \/>\n<meta name=\"author\" content=\"admin\" \/>\n<meta name=\"twitter:card\" content=\"summary_large_image\" \/>\n<meta name=\"twitter:creator\" content=\"@circutor\" \/>\n<meta name=\"twitter:site\" content=\"@circutor\" \/>\n<meta name=\"twitter:label1\" content=\"Escrit per\" \/>\n\t<meta name=\"twitter:data1\" content=\"admin\" \/>\n\t<meta name=\"twitter:label2\" content=\"Temps estimat de lectura\" \/>\n\t<meta name=\"twitter:data2\" content=\"2 minuts\" \/>\n<script type=\"application\/ld+json\" class=\"yoast-schema-graph\">{\"@context\":\"https:\/\/schema.org\",\"@graph\":[{\"@type\":\"Organization\",\"@id\":\"https:\/\/circutor.com\/#organization\",\"name\":\"Circutor\",\"url\":\"https:\/\/circutor.com\/\",\"sameAs\":[\"https:\/\/www.instagram.com\/circutor_es\",\"https:\/\/www.linkedin.com\/company\/circutor\",\"https:\/\/www.youtube.com\/user\/CIRCUTORoficial\",\"https:\/\/www.facebook.com\/CIRCUTOR.ES\",\"https:\/\/twitter.com\/circutor\"],\"logo\":{\"@type\":\"ImageObject\",\"inLanguage\":\"ca\",\"@id\":\"https:\/\/circutor.com\/#\/schema\/logo\/image\/\",\"url\":\"https:\/\/circutor.com\/wp-content\/uploads\/2020\/09\/CIR_LOGO_RED.png\",\"contentUrl\":\"https:\/\/circutor.com\/wp-content\/uploads\/2020\/09\/CIR_LOGO_RED.png\",\"width\":512,\"height\":128,\"caption\":\"Circutor\"},\"image\":{\"@id\":\"https:\/\/circutor.com\/#\/schema\/logo\/image\/\"}},{\"@type\":\"WebSite\",\"@id\":\"https:\/\/circutor.com\/#website\",\"url\":\"https:\/\/circutor.com\/\",\"name\":\"CIRCUTOR\",\"description\":\"Soluciones para la eficiencia energ\u00e9tica el\u00e9ctrica\",\"publisher\":{\"@id\":\"https:\/\/circutor.com\/#organization\"},\"potentialAction\":[{\"@type\":\"SearchAction\",\"target\":{\"@type\":\"EntryPoint\",\"urlTemplate\":\"https:\/\/circutor.com\/?s={search_term_string}\"},\"query-input\":\"required name=search_term_string\"}],\"inLanguage\":\"ca\"},{\"@type\":\"WebPage\",\"@id\":\"https:\/\/circutor.com\/de\/unkategorisiert\/spanien-ist-das-fuenfte-land-mit-mehr-ladezentren-fuer-elektrofahrzeuge\/\",\"url\":\"https:\/\/circutor.com\/de\/unkategorisiert\/spanien-ist-das-fuenfte-land-mit-mehr-ladezentren-fuer-elektrofahrzeuge\/\",\"name\":\"Spanien ist das f\u00fcnfte Land mit mehr Ladezentren f\u00fcr Elektrofahrzeuge - CIRCUTOR\",\"isPartOf\":{\"@id\":\"https:\/\/circutor.com\/#website\"},\"datePublished\":\"2019-01-29T07:29:00+00:00\",\"dateModified\":\"2019-01-29T07:29:00+00:00\",\"description\":\"Jedes Mal sehen wir mehr Elektroautos in unseren St\u00e4dten. Spanien ist das f\u00fcnfte europ\u00e4ische Land mit mehr emissionsfreien Fahrzeugen.\",\"breadcrumb\":{\"@id\":\"https:\/\/circutor.com\/de\/unkategorisiert\/spanien-ist-das-fuenfte-land-mit-mehr-ladezentren-fuer-elektrofahrzeuge\/#breadcrumb\"},\"inLanguage\":\"ca\",\"potentialAction\":[{\"@type\":\"ReadAction\",\"target\":[\"https:\/\/circutor.com\/de\/unkategorisiert\/spanien-ist-das-fuenfte-land-mit-mehr-ladezentren-fuer-elektrofahrzeuge\/\"]}]},{\"@type\":\"BreadcrumbList\",\"@id\":\"https:\/\/circutor.com\/de\/unkategorisiert\/spanien-ist-das-fuenfte-land-mit-mehr-ladezentren-fuer-elektrofahrzeuge\/#breadcrumb\",\"itemListElement\":[{\"@type\":\"ListItem\",\"position\":1,\"name\":\"Portada\",\"item\":\"https:\/\/circutor.com\/ca\/\"},{\"@type\":\"ListItem\",\"position\":2,\"name\":\"Spanien ist das f\u00fcnfte Land mit mehr Ladezentren f\u00fcr Elektrofahrzeuge\"}]},{\"@type\":\"Article\",\"@id\":\"https:\/\/circutor.com\/de\/unkategorisiert\/spanien-ist-das-fuenfte-land-mit-mehr-ladezentren-fuer-elektrofahrzeuge\/#article\",\"isPartOf\":{\"@id\":\"https:\/\/circutor.com\/de\/unkategorisiert\/spanien-ist-das-fuenfte-land-mit-mehr-ladezentren-fuer-elektrofahrzeuge\/\"},\"author\":{\"name\":\"admin\",\"@id\":\"https:\/\/circutor.com\/#\/schema\/person\/17d169bdccd6e2367b1ce7182dd31283\"},\"headline\":\"Spanien ist das f\u00fcnfte Land mit mehr Ladezentren f\u00fcr Elektrofahrzeuge\",\"datePublished\":\"2019-01-29T07:29:00+00:00\",\"dateModified\":\"2019-01-29T07:29:00+00:00\",\"mainEntityOfPage\":{\"@id\":\"https:\/\/circutor.com\/de\/unkategorisiert\/spanien-ist-das-fuenfte-land-mit-mehr-ladezentren-fuer-elektrofahrzeuge\/\"},\"wordCount\":473,\"commentCount\":0,\"publisher\":{\"@id\":\"https:\/\/circutor.com\/#organization\"},\"articleSection\":[\"Uncategorized\"],\"inLanguage\":\"ca\",\"potentialAction\":[{\"@type\":\"CommentAction\",\"name\":\"Comment\",\"target\":[\"https:\/\/circutor.com\/de\/unkategorisiert\/spanien-ist-das-fuenfte-land-mit-mehr-ladezentren-fuer-elektrofahrzeuge\/#respond\"]}]},{\"@type\":\"Person\",\"@id\":\"https:\/\/circutor.com\/#\/schema\/person\/17d169bdccd6e2367b1ce7182dd31283\",\"name\":\"admin\",\"image\":{\"@type\":\"ImageObject\",\"inLanguage\":\"ca\",\"@id\":\"https:\/\/circutor.com\/#\/schema\/person\/image\/\",\"url\":\"https:\/\/circutor.com\/wp-content\/uploads\/2022\/04\/usuario-logo-gris-96x96.png\",\"contentUrl\":\"https:\/\/circutor.com\/wp-content\/uploads\/2022\/04\/usuario-logo-gris-96x96.png\",\"caption\":\"admin\"}}]}<\/script>\n<!-- \/ Yoast SEO plugin. -->","yoast_head_json":{"title":"Spanien ist das f\u00fcnfte Land mit mehr Ladezentren f\u00fcr Elektrofahrzeuge - CIRCUTOR","description":"Jedes Mal sehen wir mehr Elektroautos in unseren St\u00e4dten. Spanien ist das f\u00fcnfte europ\u00e4ische Land mit mehr emissionsfreien Fahrzeugen.","robots":{"index":"index","follow":"follow","max-snippet":"max-snippet:-1","max-image-preview":"max-image-preview:large","max-video-preview":"max-video-preview:-1"},"canonical":"https:\/\/circutor.com\/de\/unkategorisiert\/spanien-ist-das-fuenfte-land-mit-mehr-ladezentren-fuer-elektrofahrzeuge\/","og_locale":"ca_ES","og_type":"article","og_title":"Spanien ist das f\u00fcnfte Land mit mehr Ladezentren f\u00fcr Elektrofahrzeuge - CIRCUTOR","og_description":"Jedes Mal sehen wir mehr Elektroautos in unseren St\u00e4dten. Spanien ist das f\u00fcnfte europ\u00e4ische Land mit mehr emissionsfreien Fahrzeugen.","og_url":"https:\/\/circutor.com\/de\/unkategorisiert\/spanien-ist-das-fuenfte-land-mit-mehr-ladezentren-fuer-elektrofahrzeuge\/","og_site_name":"CIRCUTOR","article_publisher":"https:\/\/www.facebook.com\/CIRCUTOR.ES","article_published_time":"2019-01-29T07:29:00+00:00","og_image":[{"width":72,"height":60,"url":"https:\/\/circutor.com\/wp-content\/uploads\/2020\/10\/vision-1.png","type":"image\/png"}],"author":"admin","twitter_card":"summary_large_image","twitter_creator":"@circutor","twitter_site":"@circutor","twitter_misc":{"Escrit per":"admin","Temps estimat de lectura":"2 minuts"},"schema":{"@context":"https:\/\/schema.org","@graph":[{"@type":"Organization","@id":"https:\/\/circutor.com\/#organization","name":"Circutor","url":"https:\/\/circutor.com\/","sameAs":["https:\/\/www.instagram.com\/circutor_es","https:\/\/www.linkedin.com\/company\/circutor","https:\/\/www.youtube.com\/user\/CIRCUTORoficial","https:\/\/www.facebook.com\/CIRCUTOR.ES","https:\/\/twitter.com\/circutor"],"logo":{"@type":"ImageObject","inLanguage":"ca","@id":"https:\/\/circutor.com\/#\/schema\/logo\/image\/","url":"https:\/\/circutor.com\/wp-content\/uploads\/2020\/09\/CIR_LOGO_RED.png","contentUrl":"https:\/\/circutor.com\/wp-content\/uploads\/2020\/09\/CIR_LOGO_RED.png","width":512,"height":128,"caption":"Circutor"},"image":{"@id":"https:\/\/circutor.com\/#\/schema\/logo\/image\/"}},{"@type":"WebSite","@id":"https:\/\/circutor.com\/#website","url":"https:\/\/circutor.com\/","name":"CIRCUTOR","description":"Soluciones para la eficiencia energ\u00e9tica el\u00e9ctrica","publisher":{"@id":"https:\/\/circutor.com\/#organization"},"potentialAction":[{"@type":"SearchAction","target":{"@type":"EntryPoint","urlTemplate":"https:\/\/circutor.com\/?s={search_term_string}"},"query-input":"required name=search_term_string"}],"inLanguage":"ca"},{"@type":"WebPage","@id":"https:\/\/circutor.com\/de\/unkategorisiert\/spanien-ist-das-fuenfte-land-mit-mehr-ladezentren-fuer-elektrofahrzeuge\/","url":"https:\/\/circutor.com\/de\/unkategorisiert\/spanien-ist-das-fuenfte-land-mit-mehr-ladezentren-fuer-elektrofahrzeuge\/","name":"Spanien ist das f\u00fcnfte Land mit mehr Ladezentren f\u00fcr Elektrofahrzeuge - CIRCUTOR","isPartOf":{"@id":"https:\/\/circutor.com\/#website"},"datePublished":"2019-01-29T07:29:00+00:00","dateModified":"2019-01-29T07:29:00+00:00","description":"Jedes Mal sehen wir mehr Elektroautos in unseren St\u00e4dten. Spanien ist das f\u00fcnfte europ\u00e4ische Land mit mehr emissionsfreien Fahrzeugen.","breadcrumb":{"@id":"https:\/\/circutor.com\/de\/unkategorisiert\/spanien-ist-das-fuenfte-land-mit-mehr-ladezentren-fuer-elektrofahrzeuge\/#breadcrumb"},"inLanguage":"ca","potentialAction":[{"@type":"ReadAction","target":["https:\/\/circutor.com\/de\/unkategorisiert\/spanien-ist-das-fuenfte-land-mit-mehr-ladezentren-fuer-elektrofahrzeuge\/"]}]},{"@type":"BreadcrumbList","@id":"https:\/\/circutor.com\/de\/unkategorisiert\/spanien-ist-das-fuenfte-land-mit-mehr-ladezentren-fuer-elektrofahrzeuge\/#breadcrumb","itemListElement":[{"@type":"ListItem","position":1,"name":"Portada","item":"https:\/\/circutor.com\/ca\/"},{"@type":"ListItem","position":2,"name":"Spanien ist das f\u00fcnfte Land mit mehr Ladezentren f\u00fcr Elektrofahrzeuge"}]},{"@type":"Article","@id":"https:\/\/circutor.com\/de\/unkategorisiert\/spanien-ist-das-fuenfte-land-mit-mehr-ladezentren-fuer-elektrofahrzeuge\/#article","isPartOf":{"@id":"https:\/\/circutor.com\/de\/unkategorisiert\/spanien-ist-das-fuenfte-land-mit-mehr-ladezentren-fuer-elektrofahrzeuge\/"},"author":{"name":"admin","@id":"https:\/\/circutor.com\/#\/schema\/person\/17d169bdccd6e2367b1ce7182dd31283"},"headline":"Spanien ist das f\u00fcnfte Land mit mehr Ladezentren f\u00fcr Elektrofahrzeuge","datePublished":"2019-01-29T07:29:00+00:00","dateModified":"2019-01-29T07:29:00+00:00","mainEntityOfPage":{"@id":"https:\/\/circutor.com\/de\/unkategorisiert\/spanien-ist-das-fuenfte-land-mit-mehr-ladezentren-fuer-elektrofahrzeuge\/"},"wordCount":473,"commentCount":0,"publisher":{"@id":"https:\/\/circutor.com\/#organization"},"articleSection":["Uncategorized"],"inLanguage":"ca","potentialAction":[{"@type":"CommentAction","name":"Comment","target":["https:\/\/circutor.com\/de\/unkategorisiert\/spanien-ist-das-fuenfte-land-mit-mehr-ladezentren-fuer-elektrofahrzeuge\/#respond"]}]},{"@type":"Person","@id":"https:\/\/circutor.com\/#\/schema\/person\/17d169bdccd6e2367b1ce7182dd31283","name":"admin","image":{"@type":"ImageObject","inLanguage":"ca","@id":"https:\/\/circutor.com\/#\/schema\/person\/image\/","url":"https:\/\/circutor.com\/wp-content\/uploads\/2022\/04\/usuario-logo-gris-96x96.png","contentUrl":"https:\/\/circutor.com\/wp-content\/uploads\/2022\/04\/usuario-logo-gris-96x96.png","caption":"admin"}}]}},"_links":{"self":[{"href":"https:\/\/circutor.com\/ca\/wp-json\/wp\/v2\/posts\/10697"}],"collection":[{"href":"https:\/\/circutor.com\/ca\/wp-json\/wp\/v2\/posts"}],"about":[{"href":"https:\/\/circutor.com\/ca\/wp-json\/wp\/v2\/types\/post"}],"author":[{"embeddable":true,"href":"https:\/\/circutor.com\/ca\/wp-json\/wp\/v2\/users\/1"}],"replies":[{"embeddable":true,"href":"https:\/\/circutor.com\/ca\/wp-json\/wp\/v2\/comments?post=10697"}],"version-history":[{"count":0,"href":"https:\/\/circutor.com\/ca\/wp-json\/wp\/v2\/posts\/10697\/revisions"}],"wp:featuredmedia":[{"embeddable":true,"href":"https:\/\/circutor.com\/ca\/wp-json\/wp\/v2\/media\/477"}],"wp:attachment":[{"href":"https:\/\/circutor.com\/ca\/wp-json\/wp\/v2\/media?parent=10697"}],"wp:term":[{"taxonomy":"category","embeddable":true,"href":"https:\/\/circutor.com\/ca\/wp-json\/wp\/v2\/categories?post=10697"},{"taxonomy":"post_tag","embeddable":true,"href":"https:\/\/circutor.com\/ca\/wp-json\/wp\/v2\/tags?post=10697"}],"curies":[{"name":"wp","href":"https:\/\/api.w.org\/{rel}","templated":true}]}}