{"id":10668,"date":"2016-02-19T07:00:00","date_gmt":"2016-02-19T07:00:00","guid":{"rendered":"https:\/\/circutorweb.atic.blue\/?p=338"},"modified":"2016-02-19T07:00:00","modified_gmt":"2016-02-19T07:00:00","slug":"nissan-unterzeichnet-mit-circutor-abkommen-zur-foerderung-und-verbreitung-nachhaltiger-mobilitaet-in-spanien","status":"publish","type":"post","link":"https:\/\/circutor.com\/de\/uncategorized\/nissan-unterzeichnet-mit-circutor-abkommen-zur-foerderung-und-verbreitung-nachhaltiger-mobilitaet-in-spanien\/","title":{"rendered":"Nissan unterzeichnet mit CIRCUTOR Abkommen zur F\u00f6rderung und Verbreitung nachhaltiger Mobilit\u00e4t in Spanien"},"content":{"rendered":"<h4 class=\"dark\">Nissan hat diesen Februar eine neue Handelskampagne zur F\u00f6rderung der Ausbreitung von Elektrofahrzeugen in Spanien angek\u00fcndigt. Das Abkommen mit der Fa. Circutor und das Programm &#8220;Instalaf\u00e1cil&#8221; sind f\u00fcr die kontinuierliche Weiterentwicklung der Ladeinfrastruktur entscheidende Elemente.<\/h4>\n<p>Nissan ist auf seinem Weg, jedermann das <strong>Elektrofahrzeug und die nachhaltige Mobilit\u00e4t<\/strong> zug\u00e4nglicher zu machen, einen weiteren Schritt gegangen. Heute konnte mit dem <strong>Elektrounternehmen CIRCUTOR<\/strong> ein Abkommen unterzeichnet werden, mit dem allen Neukunden von Nissan, die sich f\u00fcr ein Elektrofahrzeug entscheiden, im Rahmen des Programms <strong>&#8220;Instalaf\u00e1cil&#8221; eine Ladestation bei sich zu Hause oder an ihrem Stellplatz eingerichtet wird<\/strong>.<\/p>\n<p>Nissan ist sich der heute bestehenden H\u00fcrden bewusst, die es erschweren, den Fahrern in unserem Land Elektrofahrzeuge und Nullemissionen schmackhaft zu machen. Aus diesem Grund hat der Automobilhersteller f\u00fcr alle seine Kunden eine neue Handelskampagne gestartet, mit der die <strong>Verbreitung von Elektrofahrzeugen gef\u00f6rdert werden soll<\/strong>. Diese besteht aus <strong>drei Ma\u00dfnahmen<\/strong>:<\/p>\n<table style=\"width: 100%; background-color: #eeeeee;\">\n<tbody>\n<tr>\n<td style=\"width: 10px;\">&nbsp;<\/td>\n<td style=\"width: 250px;\" colspan=\"7\" valign=\"top\">\n<ol>\n<li>Die erste tr\u00e4gt die Bezeichnung <strong>&#8220;3 Monate f\u00fcr den Umstieg&#8221;<\/strong>. Damit bietet Nissan allen am Kauf eines Null-Emissions-Fahrzeugs interessierten Kunden die M\u00f6glichkeit, bis zu drei Monate die 100 %igen Elektrofahrzeuge LEAF und e-NV200 zu testen.<\/li>\n<li>Mit dem Programm<strong> &#8220;Langstrecke&#8221;<\/strong> bietet Nissan Fahrern seiner Elektromodelle 14 Tage im Jahr die kostenlose Nutzung eines Fahrzeugs mit Verbrennungsmotor f\u00fcr gew\u00fcnschte Langstreckenfahrten.<\/li>\n<li>Und schlie\u00dflich bietet Nissan den Service mit der Bezeichnung <strong>&#8220;Instalaf\u00e1cil&#8221;<\/strong>, der die <strong>Einrichtung und das Management einer Ladestation im Haus oder am Stellplatz des Kunden ohne zus\u00e4tzliche Kosten<\/strong> bis maximal \u20ac 1000 umfasst.<\/li>\n<\/ol>\n<\/td>\n<td style=\"width: 10px;\">&nbsp;<\/td>\n<\/tr>\n<\/tbody>\n<\/table>\n<p>&nbsp;<\/p>\n<p>Die kontinuierliche Weiterentwicklung der Ladeinfrastruktur ist f\u00fcr die endg\u00fcltige Ausbreitung der nachhaltigen Mobilit\u00e4t grundlegend. Mit dem neuen Service &#8220;Instalaf\u00e1cil&#8221; will Nissan allen Kunden, die ein Null-Emissions-Fahrzeug erwerben, die Einrichtung einer<strong> Ladestation im eigenen Haus oder am eigenen Stellplatz bieten<\/strong>. Man geht davon aus, <strong>dass 90 % des Ladebedarfs<\/strong> eines Elektrofahrzeugs mit einer <strong>Heimladestation gedeckt werden k\u00f6nnen<\/strong>.<\/p>\n<p>CIRCUTOR wurde mit seiner \u00fcber 40-j\u00e4hrigen Erfahrung im Bereich Technologie und Verbesserung der Energieeffizienz mit dem Management zur Einrichtung der Ladestation im Haus oder am Stellplatz des Kunden betraut. Falls notwendig, kann das Unternehmen auch die Formalit\u00e4ten mit der Hausgemeinschaft durchf\u00fchren.<\/p>\n<p>&nbsp;<\/p>\n<p><img loading=\"lazy\" class=\" size-full wp-image-337\" title=\"Nissan unterzeichnet mit Circutor Abkommen zur F\u00f6rderung und Verbreitung nachhaltiger Mobilit\u00e4t in Spanien\" src=\"https:\/\/circutorweb.atic.blue\/wp-content\/uploads\/2016\/02\/FN-NISSAN-CIRCUTOR-2.jpg\" alt=\"Nissan unterzeichnet mit Circutor Abkommen zur F\u00f6rderung und Verbreitung nachhaltiger Mobilit\u00e4t in Spanien\" width=\"99%\" height=\"NaN\" \/><\/p>\n<p>Der Vorsitzende von CIRCUTOR, <strong>Ramon Comellas<\/strong>, \u00e4u\u00dferte sich bei der Veranstaltung wie folgt: &#8220;Wir von CIRCUTOR setzen auf die <strong>Entwicklung von Energieeffizienzsystemen<\/strong>, die zu einem verantwortungsbewussten Umgang mit der Energie beitragen sollen. Das Elektrofahrzeug ist in dieser Hinsicht ein gro\u00dfer Fortschritt. Es freut uns, mit Nissan zusammenarbeiten zu k\u00f6nnen, um den Benutzern unsere Ladestation <a href=\"http:\/\/circutor.de\/de\/produkte\/ladestationen-fuer-elektrofahrzeuge\/innenraum-ladestationen-fuer-elektrofahrzeuge\/ehome-series-detail\"><strong>WallBox eHome<\/strong><\/a> n\u00e4her zu bringen, den Zugang zur Energie zu erleichtern und durch Einbringung unserer Technologie zum Umweltschutz und zur CO2-Verringerung beizutragen.&#8221;<\/p>\n<p><strong>Der Zugang zum Programm &#8220;Instalaf\u00e1cil&#8221; ist ganz einfach<\/strong>, denn der Kunde muss nur beim Vertragsh\u00e4ndler einen Antrag auf Einrichtung der Ladestation ausf\u00fcllen. In 48 Stunden setzt sich dann ein von CIRCUTOR zugelassener Installateur mit ihm in Verbindung, um f\u00fcr die n\u00e4chsten Tage einen Besichtigungstermin zu vereinbaren und ihm einen Kostenvoranschlag zu unterbreiten. Sobald der Kunde den Kostenvoranschlag f\u00fcr die Einrichtung der Ladestation von Circutor (<a href=\"http:\/\/circutor.de\/de\/produkte\/ladestationen-fuer-elektrofahrzeuge\/innenraum-ladestationen-fuer-elektrofahrzeuge\/ehome-series-detail\"><strong>WallBox eHome<\/strong><\/a>) akzeptiert und sein Elektrofahrzeug erwirbt, richtet der <strong>Techniker an der gew\u00e4hlten Stelle die Ladestation ein<\/strong>. Die Kosten f\u00fcr die Einrichtung werden ihm bis zu einem H\u00f6chstbetrag von \u20ac 1000 direkt von der Kaufrechnung f\u00fcr das Fahrzeug abgezogen.<\/p>\n<p>Nissan vertraut f\u00fcr die<strong> Umsetzung dieses Projekts auf die Erfahrung und die technischen L\u00f6sungen von CIRCUTOR<\/strong>, da Ladestation und Einrichtungsprozesse vollkommen mit den spanischen und europ\u00e4ischen Sicherheitsvorschriften vereinbar sind und zudem die strengen Zulassungspr\u00fcfungen von Nissan bestanden haben.<\/p>\n<table style=\"width: 100%; background-color: #eeeeee;\" align=\"center\">\n<tbody>\n<tr>\n<td style=\"width: 10px;\">&nbsp;<\/td>\n<td style=\"width: 450px;\" valign=\"middle\">\n<h5 style=\"margin-top: 0px; padding-top: 0px;\">&nbsp;<\/h5>\n<h5 style=\"margin-top: 0px; padding-top: 0px;\">Weitere Informationen<\/h5>\n<h5 style=\"margin-top: 0px; padding-top: 0px;\">Kontaktieren Sie uns:&nbsp;t. 93 745 29 00<\/h5>\n<p>&nbsp;<\/p>\n<\/td>\n<td style=\"width: 10px;\" valign=\"top\">\n<h5 style=\"margin-top: 0px; padding-top: 0px;\">&nbsp;<\/h5>\n<\/td>\n<td colspan=\"7\" valign=\"middle\">\n<div class=\"button-blue\"><a href=\"http:\/\/circutor.de\/de\/wie-kaufen\/kontakt\">Anfrage senden<\/a><\/div>\n<\/td>\n<td style=\"width: 10px;\">&nbsp;<\/td>\n<\/tr>\n<\/tbody>\n<\/table>\n<p>&nbsp;<\/p>\n<hr \/>\n<p>Sie k\u00f6nnen in der&nbsp;<a href=\"http:\/\/circutor.de\/de\/unternehmen\/nachrichten\/nachrichten\">News-Bereich<\/a>&nbsp;heraus \u00fcberpr\u00fcfen unsere News.<br \/>Dar\u00fcber hinaus k\u00f6nnen Sie auch unsere Mitteilungen auf der&nbsp;<a href=\"https:\/\/twitter.com\/circutor\" rel=\"nofollow noopener noreferrer\" target=\"_blank\">Twitter-Seite<\/a>&nbsp;von CIRCUTOR.<\/p>\n","protected":false},"excerpt":{"rendered":"<p>Nissan hat diesen Februar eine neue Handelskampagne zur F\u00f6rderung der Ausbreitung von Elektrofahrzeugen in Spanien angek\u00fcndigt. Das Abkommen mit der Fa. Circutor und das Programm &#8220;Instalaf\u00e1cil&#8221; sind f\u00fcr die kontinuierliche Weiterentwicklung der Ladeinfrastruktur entscheidende Elemente. Nissan ist auf seinem Weg, jedermann das Elektrofahrzeug und die nachhaltige Mobilit\u00e4t zug\u00e4nglicher zu machen, einen weiteren Schritt gegangen. Heute [&hellip;]<\/p>\n","protected":false},"author":1,"featured_media":337,"comment_status":"open","ping_status":"open","sticky":false,"template":"","format":"standard","meta":[],"categories":[33],"tags":[],"acf":[],"yoast_head":"<!-- This site is optimized with the Yoast SEO plugin v19.4 - https:\/\/yoast.com\/wordpress\/plugins\/seo\/ -->\n<title>Nissan unterzeichnet mit CIRCUTOR Abkommen zur F\u00f6rderung und Verbreitung nachhaltiger Mobilit\u00e4t in Spanien - CIRCUTOR<\/title>\n<meta name=\"description\" content=\"Nissan hat diesen Februar eine neue Handelskampagne zur F\u00f6rderung der Ausbreitung von Elektrofahrzeugen in Spanien angek\u00fcndigt. Das Abkommen mit der Fa. Circutor und das Programm &quot;Instalaf\u00e1cil&quot; sind f\u00fcr die kontinuierliche Weiterentwicklung der Ladeinfrastruktur entscheidende Elemente.\" \/>\n<meta name=\"robots\" content=\"index, follow, max-snippet:-1, max-image-preview:large, max-video-preview:-1\" \/>\n<link rel=\"canonical\" href=\"https:\/\/circutor.com\/de\/unkategorisiert\/nissan-unterzeichnet-mit-circutor-abkommen-zur-foerderung-und-verbreitung-nachhaltiger-mobilitaet-in-spanien\/\" \/>\n<meta property=\"og:locale\" content=\"ca_ES\" \/>\n<meta property=\"og:type\" content=\"article\" \/>\n<meta property=\"og:title\" content=\"Nissan unterzeichnet mit CIRCUTOR Abkommen zur F\u00f6rderung und Verbreitung nachhaltiger Mobilit\u00e4t in Spanien - CIRCUTOR\" \/>\n<meta property=\"og:description\" content=\"Nissan hat diesen Februar eine neue Handelskampagne zur F\u00f6rderung der Ausbreitung von Elektrofahrzeugen in Spanien angek\u00fcndigt. Das Abkommen mit der Fa. Circutor und das Programm &quot;Instalaf\u00e1cil&quot; sind f\u00fcr die kontinuierliche Weiterentwicklung der Ladeinfrastruktur entscheidende Elemente.\" \/>\n<meta property=\"og:url\" content=\"https:\/\/circutor.com\/de\/unkategorisiert\/nissan-unterzeichnet-mit-circutor-abkommen-zur-foerderung-und-verbreitung-nachhaltiger-mobilitaet-in-spanien\/\" \/>\n<meta property=\"og:site_name\" content=\"CIRCUTOR\" \/>\n<meta property=\"article:publisher\" content=\"https:\/\/www.facebook.com\/CIRCUTOR.ES\" \/>\n<meta property=\"article:published_time\" content=\"2016-02-19T07:00:00+00:00\" \/>\n<meta property=\"og:image\" content=\"https:\/\/circutor.com\/wp-content\/uploads\/2022\/07\/Circutor_Logo_Color.png\" \/>\n\t<meta property=\"og:image:width\" content=\"1299\" \/>\n\t<meta property=\"og:image:height\" content=\"354\" \/>\n\t<meta property=\"og:image:type\" content=\"image\/png\" \/>\n<meta name=\"author\" content=\"admin\" \/>\n<meta name=\"twitter:card\" content=\"summary_large_image\" \/>\n<meta name=\"twitter:creator\" content=\"@circutor\" \/>\n<meta name=\"twitter:site\" content=\"@circutor\" \/>\n<meta name=\"twitter:label1\" content=\"Escrit per\" \/>\n\t<meta name=\"twitter:data1\" content=\"admin\" \/>\n\t<meta name=\"twitter:label2\" content=\"Temps estimat de lectura\" \/>\n\t<meta name=\"twitter:data2\" content=\"3 minuts\" \/>\n<script type=\"application\/ld+json\" class=\"yoast-schema-graph\">{\"@context\":\"https:\/\/schema.org\",\"@graph\":[{\"@type\":\"Organization\",\"@id\":\"https:\/\/circutor.com\/#organization\",\"name\":\"Circutor\",\"url\":\"https:\/\/circutor.com\/\",\"sameAs\":[\"https:\/\/www.instagram.com\/circutor_es\",\"https:\/\/www.linkedin.com\/company\/circutor\",\"https:\/\/www.youtube.com\/user\/CIRCUTORoficial\",\"https:\/\/www.facebook.com\/CIRCUTOR.ES\",\"https:\/\/twitter.com\/circutor\"],\"logo\":{\"@type\":\"ImageObject\",\"inLanguage\":\"ca\",\"@id\":\"https:\/\/circutor.com\/#\/schema\/logo\/image\/\",\"url\":\"https:\/\/circutor.com\/wp-content\/uploads\/2020\/09\/CIR_LOGO_RED.png\",\"contentUrl\":\"https:\/\/circutor.com\/wp-content\/uploads\/2020\/09\/CIR_LOGO_RED.png\",\"width\":512,\"height\":128,\"caption\":\"Circutor\"},\"image\":{\"@id\":\"https:\/\/circutor.com\/#\/schema\/logo\/image\/\"}},{\"@type\":\"WebSite\",\"@id\":\"https:\/\/circutor.com\/#website\",\"url\":\"https:\/\/circutor.com\/\",\"name\":\"CIRCUTOR\",\"description\":\"Soluciones para la eficiencia energ\u00e9tica el\u00e9ctrica\",\"publisher\":{\"@id\":\"https:\/\/circutor.com\/#organization\"},\"potentialAction\":[{\"@type\":\"SearchAction\",\"target\":{\"@type\":\"EntryPoint\",\"urlTemplate\":\"https:\/\/circutor.com\/?s={search_term_string}\"},\"query-input\":\"required name=search_term_string\"}],\"inLanguage\":\"ca\"},{\"@type\":\"WebPage\",\"@id\":\"https:\/\/circutor.com\/de\/unkategorisiert\/nissan-unterzeichnet-mit-circutor-abkommen-zur-foerderung-und-verbreitung-nachhaltiger-mobilitaet-in-spanien\/\",\"url\":\"https:\/\/circutor.com\/de\/unkategorisiert\/nissan-unterzeichnet-mit-circutor-abkommen-zur-foerderung-und-verbreitung-nachhaltiger-mobilitaet-in-spanien\/\",\"name\":\"Nissan unterzeichnet mit CIRCUTOR Abkommen zur F\u00f6rderung und Verbreitung nachhaltiger Mobilit\u00e4t in Spanien - CIRCUTOR\",\"isPartOf\":{\"@id\":\"https:\/\/circutor.com\/#website\"},\"datePublished\":\"2016-02-19T07:00:00+00:00\",\"dateModified\":\"2016-02-19T07:00:00+00:00\",\"description\":\"Nissan hat diesen Februar eine neue Handelskampagne zur F\u00f6rderung der Ausbreitung von Elektrofahrzeugen in Spanien angek\u00fcndigt. Das Abkommen mit der Fa. Circutor und das Programm \\\"Instalaf\u00e1cil\\\" sind f\u00fcr die kontinuierliche Weiterentwicklung der Ladeinfrastruktur entscheidende Elemente.\",\"breadcrumb\":{\"@id\":\"https:\/\/circutor.com\/de\/unkategorisiert\/nissan-unterzeichnet-mit-circutor-abkommen-zur-foerderung-und-verbreitung-nachhaltiger-mobilitaet-in-spanien\/#breadcrumb\"},\"inLanguage\":\"ca\",\"potentialAction\":[{\"@type\":\"ReadAction\",\"target\":[\"https:\/\/circutor.com\/de\/unkategorisiert\/nissan-unterzeichnet-mit-circutor-abkommen-zur-foerderung-und-verbreitung-nachhaltiger-mobilitaet-in-spanien\/\"]}]},{\"@type\":\"BreadcrumbList\",\"@id\":\"https:\/\/circutor.com\/de\/unkategorisiert\/nissan-unterzeichnet-mit-circutor-abkommen-zur-foerderung-und-verbreitung-nachhaltiger-mobilitaet-in-spanien\/#breadcrumb\",\"itemListElement\":[{\"@type\":\"ListItem\",\"position\":1,\"name\":\"Portada\",\"item\":\"https:\/\/circutor.com\/ca\/\"},{\"@type\":\"ListItem\",\"position\":2,\"name\":\"Nissan unterzeichnet mit CIRCUTOR Abkommen zur F\u00f6rderung und Verbreitung nachhaltiger Mobilit\u00e4t in Spanien\"}]},{\"@type\":\"Article\",\"@id\":\"https:\/\/circutor.com\/de\/unkategorisiert\/nissan-unterzeichnet-mit-circutor-abkommen-zur-foerderung-und-verbreitung-nachhaltiger-mobilitaet-in-spanien\/#article\",\"isPartOf\":{\"@id\":\"https:\/\/circutor.com\/de\/unkategorisiert\/nissan-unterzeichnet-mit-circutor-abkommen-zur-foerderung-und-verbreitung-nachhaltiger-mobilitaet-in-spanien\/\"},\"author\":{\"name\":\"admin\",\"@id\":\"https:\/\/circutor.com\/#\/schema\/person\/17d169bdccd6e2367b1ce7182dd31283\"},\"headline\":\"Nissan unterzeichnet mit CIRCUTOR Abkommen zur F\u00f6rderung und Verbreitung nachhaltiger Mobilit\u00e4t in Spanien\",\"datePublished\":\"2016-02-19T07:00:00+00:00\",\"dateModified\":\"2016-02-19T07:00:00+00:00\",\"mainEntityOfPage\":{\"@id\":\"https:\/\/circutor.com\/de\/unkategorisiert\/nissan-unterzeichnet-mit-circutor-abkommen-zur-foerderung-und-verbreitung-nachhaltiger-mobilitaet-in-spanien\/\"},\"wordCount\":648,\"commentCount\":0,\"publisher\":{\"@id\":\"https:\/\/circutor.com\/#organization\"},\"articleSection\":[\"Uncategorized\"],\"inLanguage\":\"ca\",\"potentialAction\":[{\"@type\":\"CommentAction\",\"name\":\"Comment\",\"target\":[\"https:\/\/circutor.com\/de\/unkategorisiert\/nissan-unterzeichnet-mit-circutor-abkommen-zur-foerderung-und-verbreitung-nachhaltiger-mobilitaet-in-spanien\/#respond\"]}]},{\"@type\":\"Person\",\"@id\":\"https:\/\/circutor.com\/#\/schema\/person\/17d169bdccd6e2367b1ce7182dd31283\",\"name\":\"admin\",\"image\":{\"@type\":\"ImageObject\",\"inLanguage\":\"ca\",\"@id\":\"https:\/\/circutor.com\/#\/schema\/person\/image\/\",\"url\":\"https:\/\/circutor.com\/wp-content\/uploads\/2022\/04\/usuario-logo-gris-96x96.png\",\"contentUrl\":\"https:\/\/circutor.com\/wp-content\/uploads\/2022\/04\/usuario-logo-gris-96x96.png\",\"caption\":\"admin\"}}]}<\/script>\n<!-- \/ Yoast SEO plugin. -->","yoast_head_json":{"title":"Nissan unterzeichnet mit CIRCUTOR Abkommen zur F\u00f6rderung und Verbreitung nachhaltiger Mobilit\u00e4t in Spanien - CIRCUTOR","description":"Nissan hat diesen Februar eine neue Handelskampagne zur F\u00f6rderung der Ausbreitung von Elektrofahrzeugen in Spanien angek\u00fcndigt. Das Abkommen mit der Fa. Circutor und das Programm \"Instalaf\u00e1cil\" sind f\u00fcr die kontinuierliche Weiterentwicklung der Ladeinfrastruktur entscheidende Elemente.","robots":{"index":"index","follow":"follow","max-snippet":"max-snippet:-1","max-image-preview":"max-image-preview:large","max-video-preview":"max-video-preview:-1"},"canonical":"https:\/\/circutor.com\/de\/unkategorisiert\/nissan-unterzeichnet-mit-circutor-abkommen-zur-foerderung-und-verbreitung-nachhaltiger-mobilitaet-in-spanien\/","og_locale":"ca_ES","og_type":"article","og_title":"Nissan unterzeichnet mit CIRCUTOR Abkommen zur F\u00f6rderung und Verbreitung nachhaltiger Mobilit\u00e4t in Spanien - CIRCUTOR","og_description":"Nissan hat diesen Februar eine neue Handelskampagne zur F\u00f6rderung der Ausbreitung von Elektrofahrzeugen in Spanien angek\u00fcndigt. Das Abkommen mit der Fa. Circutor und das Programm \"Instalaf\u00e1cil\" sind f\u00fcr die kontinuierliche Weiterentwicklung der Ladeinfrastruktur entscheidende Elemente.","og_url":"https:\/\/circutor.com\/de\/unkategorisiert\/nissan-unterzeichnet-mit-circutor-abkommen-zur-foerderung-und-verbreitung-nachhaltiger-mobilitaet-in-spanien\/","og_site_name":"CIRCUTOR","article_publisher":"https:\/\/www.facebook.com\/CIRCUTOR.ES","article_published_time":"2016-02-19T07:00:00+00:00","og_image":[{"width":1299,"height":354,"url":"https:\/\/circutor.com\/wp-content\/uploads\/2022\/07\/Circutor_Logo_Color.png","type":"image\/png"}],"author":"admin","twitter_card":"summary_large_image","twitter_creator":"@circutor","twitter_site":"@circutor","twitter_misc":{"Escrit per":"admin","Temps estimat de lectura":"3 minuts"},"schema":{"@context":"https:\/\/schema.org","@graph":[{"@type":"Organization","@id":"https:\/\/circutor.com\/#organization","name":"Circutor","url":"https:\/\/circutor.com\/","sameAs":["https:\/\/www.instagram.com\/circutor_es","https:\/\/www.linkedin.com\/company\/circutor","https:\/\/www.youtube.com\/user\/CIRCUTORoficial","https:\/\/www.facebook.com\/CIRCUTOR.ES","https:\/\/twitter.com\/circutor"],"logo":{"@type":"ImageObject","inLanguage":"ca","@id":"https:\/\/circutor.com\/#\/schema\/logo\/image\/","url":"https:\/\/circutor.com\/wp-content\/uploads\/2020\/09\/CIR_LOGO_RED.png","contentUrl":"https:\/\/circutor.com\/wp-content\/uploads\/2020\/09\/CIR_LOGO_RED.png","width":512,"height":128,"caption":"Circutor"},"image":{"@id":"https:\/\/circutor.com\/#\/schema\/logo\/image\/"}},{"@type":"WebSite","@id":"https:\/\/circutor.com\/#website","url":"https:\/\/circutor.com\/","name":"CIRCUTOR","description":"Soluciones para la eficiencia energ\u00e9tica el\u00e9ctrica","publisher":{"@id":"https:\/\/circutor.com\/#organization"},"potentialAction":[{"@type":"SearchAction","target":{"@type":"EntryPoint","urlTemplate":"https:\/\/circutor.com\/?s={search_term_string}"},"query-input":"required name=search_term_string"}],"inLanguage":"ca"},{"@type":"WebPage","@id":"https:\/\/circutor.com\/de\/unkategorisiert\/nissan-unterzeichnet-mit-circutor-abkommen-zur-foerderung-und-verbreitung-nachhaltiger-mobilitaet-in-spanien\/","url":"https:\/\/circutor.com\/de\/unkategorisiert\/nissan-unterzeichnet-mit-circutor-abkommen-zur-foerderung-und-verbreitung-nachhaltiger-mobilitaet-in-spanien\/","name":"Nissan unterzeichnet mit CIRCUTOR Abkommen zur F\u00f6rderung und Verbreitung nachhaltiger Mobilit\u00e4t in Spanien - CIRCUTOR","isPartOf":{"@id":"https:\/\/circutor.com\/#website"},"datePublished":"2016-02-19T07:00:00+00:00","dateModified":"2016-02-19T07:00:00+00:00","description":"Nissan hat diesen Februar eine neue Handelskampagne zur F\u00f6rderung der Ausbreitung von Elektrofahrzeugen in Spanien angek\u00fcndigt. Das Abkommen mit der Fa. Circutor und das Programm \"Instalaf\u00e1cil\" sind f\u00fcr die kontinuierliche Weiterentwicklung der Ladeinfrastruktur entscheidende Elemente.","breadcrumb":{"@id":"https:\/\/circutor.com\/de\/unkategorisiert\/nissan-unterzeichnet-mit-circutor-abkommen-zur-foerderung-und-verbreitung-nachhaltiger-mobilitaet-in-spanien\/#breadcrumb"},"inLanguage":"ca","potentialAction":[{"@type":"ReadAction","target":["https:\/\/circutor.com\/de\/unkategorisiert\/nissan-unterzeichnet-mit-circutor-abkommen-zur-foerderung-und-verbreitung-nachhaltiger-mobilitaet-in-spanien\/"]}]},{"@type":"BreadcrumbList","@id":"https:\/\/circutor.com\/de\/unkategorisiert\/nissan-unterzeichnet-mit-circutor-abkommen-zur-foerderung-und-verbreitung-nachhaltiger-mobilitaet-in-spanien\/#breadcrumb","itemListElement":[{"@type":"ListItem","position":1,"name":"Portada","item":"https:\/\/circutor.com\/ca\/"},{"@type":"ListItem","position":2,"name":"Nissan unterzeichnet mit CIRCUTOR Abkommen zur F\u00f6rderung und Verbreitung nachhaltiger Mobilit\u00e4t in Spanien"}]},{"@type":"Article","@id":"https:\/\/circutor.com\/de\/unkategorisiert\/nissan-unterzeichnet-mit-circutor-abkommen-zur-foerderung-und-verbreitung-nachhaltiger-mobilitaet-in-spanien\/#article","isPartOf":{"@id":"https:\/\/circutor.com\/de\/unkategorisiert\/nissan-unterzeichnet-mit-circutor-abkommen-zur-foerderung-und-verbreitung-nachhaltiger-mobilitaet-in-spanien\/"},"author":{"name":"admin","@id":"https:\/\/circutor.com\/#\/schema\/person\/17d169bdccd6e2367b1ce7182dd31283"},"headline":"Nissan unterzeichnet mit CIRCUTOR Abkommen zur F\u00f6rderung und Verbreitung nachhaltiger Mobilit\u00e4t in Spanien","datePublished":"2016-02-19T07:00:00+00:00","dateModified":"2016-02-19T07:00:00+00:00","mainEntityOfPage":{"@id":"https:\/\/circutor.com\/de\/unkategorisiert\/nissan-unterzeichnet-mit-circutor-abkommen-zur-foerderung-und-verbreitung-nachhaltiger-mobilitaet-in-spanien\/"},"wordCount":648,"commentCount":0,"publisher":{"@id":"https:\/\/circutor.com\/#organization"},"articleSection":["Uncategorized"],"inLanguage":"ca","potentialAction":[{"@type":"CommentAction","name":"Comment","target":["https:\/\/circutor.com\/de\/unkategorisiert\/nissan-unterzeichnet-mit-circutor-abkommen-zur-foerderung-und-verbreitung-nachhaltiger-mobilitaet-in-spanien\/#respond"]}]},{"@type":"Person","@id":"https:\/\/circutor.com\/#\/schema\/person\/17d169bdccd6e2367b1ce7182dd31283","name":"admin","image":{"@type":"ImageObject","inLanguage":"ca","@id":"https:\/\/circutor.com\/#\/schema\/person\/image\/","url":"https:\/\/circutor.com\/wp-content\/uploads\/2022\/04\/usuario-logo-gris-96x96.png","contentUrl":"https:\/\/circutor.com\/wp-content\/uploads\/2022\/04\/usuario-logo-gris-96x96.png","caption":"admin"}}]}},"_links":{"self":[{"href":"https:\/\/circutor.com\/ca\/wp-json\/wp\/v2\/posts\/10668"}],"collection":[{"href":"https:\/\/circutor.com\/ca\/wp-json\/wp\/v2\/posts"}],"about":[{"href":"https:\/\/circutor.com\/ca\/wp-json\/wp\/v2\/types\/post"}],"author":[{"embeddable":true,"href":"https:\/\/circutor.com\/ca\/wp-json\/wp\/v2\/users\/1"}],"replies":[{"embeddable":true,"href":"https:\/\/circutor.com\/ca\/wp-json\/wp\/v2\/comments?post=10668"}],"version-history":[{"count":0,"href":"https:\/\/circutor.com\/ca\/wp-json\/wp\/v2\/posts\/10668\/revisions"}],"wp:featuredmedia":[{"embeddable":true,"href":"https:\/\/circutor.com\/ca\/wp-json\/"}],"wp:attachment":[{"href":"https:\/\/circutor.com\/ca\/wp-json\/wp\/v2\/media?parent=10668"}],"wp:term":[{"taxonomy":"category","embeddable":true,"href":"https:\/\/circutor.com\/ca\/wp-json\/wp\/v2\/categories?post=10668"},{"taxonomy":"post_tag","embeddable":true,"href":"https:\/\/circutor.com\/ca\/wp-json\/wp\/v2\/tags?post=10668"}],"curies":[{"name":"wp","href":"https:\/\/api.w.org\/{rel}","templated":true}]}}