{"id":10661,"date":"2015-06-19T08:00:00","date_gmt":"2015-06-19T08:00:00","guid":{"rendered":"https:\/\/circutorweb.atic.blue\/?p=272"},"modified":"2015-06-19T08:00:00","modified_gmt":"2015-06-19T08:00:00","slug":"preis-fuer-die-unternehmensfuehrung-an-die-vorsitzenden-und-gruender-der-circutor-gruppe","status":"publish","type":"post","link":"https:\/\/circutor.com\/de\/uncategorized\/preis-fuer-die-unternehmensfuehrung-an-die-vorsitzenden-und-gruender-der-circutor-gruppe\/","title":{"rendered":"Preis f\u00fcr die Unternehmensf\u00fchrung an die Vorsitzenden und Gr\u00fcnder der CIRCUTOR-Gruppe"},"content":{"rendered":"<h4 class=\"dark\">Ram\u00f3n Comellas und Ram\u00f3n Pons, Vorsitzende und Gr\u00fcnder der CIRCUTOR-Gruppe, wurden mit dem Preis Cambra 2015 f\u00fcr die Unternehmensf\u00fchrung ausgezeichnet.<\/h4>\n<p>Die Leitungsstelle der&nbsp;<a href=\"http:\/\/www.cambraterrassa.es\/\">Industrie- und Handelskammer von Terrassa<\/a> haben beschlossen, <strong>Ram\u00f3n Comellas<\/strong> und <strong>Ram\u00f3n Pons<\/strong>, Vorsitzende und Gr\u00fcnder der <strong>CIRCUTOR-Gruppe<\/strong>, mit dem <strong>Preis Cambra 2015 f\u00fcr ihre Unternehmensf\u00fchrung auszuzeichnen<\/strong>.<\/p>\n<p>Der Preis stellt eine Anerkennung f\u00fcr den Werdegang und die Unternehmensf\u00fchrung der Vorsitzenden und Gr\u00fcnder w\u00e4hrend der mehr als 40-j\u00e4hrigen Geschichte der <strong>CIRCUTOR-Gruppe<\/strong> dar.<\/p>\n<p>Die Preis\u00fcbergabe fand am 18. Juni im Kulturzentrum Centre Cultural de Terrassa unter Vorsitz von <strong>Hrn. Felip Puig<\/strong>, Minister f\u00fcr Unternehmen und Besch\u00e4ftigung der autonomen Regierung Kataloniens, statt.<\/p>\n<table style=\"width: 100%; background-color: #eeeeee;\">\n<tbody>\n<tr>\n<td style=\"width: 10px;\">&nbsp;<\/td>\n<td style=\"width: 200px;\" valign=\"top\">\n<p>&nbsp;<\/p>\n<p><strong>Preis Cambra 2015 f\u00fcr ihre Unternehmensf\u00fchrung auszuzeichnen<\/strong><\/p>\n<\/td>\n<td style=\"text-align: center;\" colspan=\"6\" valign=\"top\">\n<p>&nbsp;{youtube}VqSeLbbg_hg{\/youtube}<\/p>\n<p>&nbsp;<\/p>\n<\/td>\n<td style=\"width: 10px;\">&nbsp;<\/td>\n<\/tr>\n<\/tbody>\n<\/table>\n<table style=\"width: 100%; background-color: #eeeeee;\">\n<tbody>\n<tr>\n<td style=\"width: 10px;\">&nbsp;<\/td>\n<td style=\"width: 250px;\" colspan=\"7\" valign=\"top\">\n<p>Weitere Informationen: <a href=\"http:\/\/www.premiscambra.com\/\" rel=\"nofollow noopener noreferrer\" target=\"_blank\">Preis Cambra (Industrie- und Handelskammer von Terrassa)<\/a><\/p>\n<\/td>\n<td style=\"width: 10px;\">&nbsp;<\/td>\n<\/tr>\n<\/tbody>\n<\/table>\n<hr \/>\n<p>Sie k\u00f6nnen in der&nbsp;<a href=\"http:\/\/circutor.de\/de\/unternehmen\/nachrichten\/nachrichten\">News-Bereich<\/a>&nbsp;heraus \u00fcberpr\u00fcfen unsere News.<br \/>Dar\u00fcber hinaus k\u00f6nnen Sie auch unsere Mitteilungen auf der&nbsp;<a href=\"https:\/\/twitter.com\/circutor\" rel=\"nofollow noopener noreferrer\" target=\"_blank\">Twitter-Seite<\/a>&nbsp;von CIRCUTOR.<\/p>\n","protected":false},"excerpt":{"rendered":"<p>Ram\u00f3n Comellas und Ram\u00f3n Pons, Vorsitzende und Gr\u00fcnder der CIRCUTOR-Gruppe, wurden mit dem Preis Cambra 2015 f\u00fcr die Unternehmensf\u00fchrung ausgezeichnet. Die Leitungsstelle der&nbsp;Industrie- und Handelskammer von Terrassa haben beschlossen, Ram\u00f3n Comellas und Ram\u00f3n Pons, Vorsitzende und Gr\u00fcnder der CIRCUTOR-Gruppe, mit dem Preis Cambra 2015 f\u00fcr ihre Unternehmensf\u00fchrung auszuzeichnen. Der Preis stellt eine Anerkennung f\u00fcr den [&hellip;]<\/p>\n","protected":false},"author":1,"featured_media":0,"comment_status":"open","ping_status":"open","sticky":false,"template":"","format":"standard","meta":[],"categories":[33],"tags":[],"acf":[],"yoast_head":"<!-- This site is optimized with the Yoast SEO plugin v19.4 - https:\/\/yoast.com\/wordpress\/plugins\/seo\/ -->\n<title>Preis f\u00fcr die Unternehmensf\u00fchrung an die Vorsitzenden und Gr\u00fcnder der CIRCUTOR-Gruppe - CIRCUTOR<\/title>\n<meta name=\"description\" content=\"Ram\u00f3n Comellas und Ram\u00f3n Pons, Vorsitzende und Gr\u00fcnder der CIRCUTOR-Gruppe, wurden mit dem Preis Cambra 2015 f\u00fcr die Unternehmensf\u00fchrung ausgezeichnet.\" \/>\n<meta name=\"robots\" content=\"index, follow, max-snippet:-1, max-image-preview:large, max-video-preview:-1\" \/>\n<link rel=\"canonical\" href=\"https:\/\/circutor.com\/de\/unkategorisiert\/preis-fuer-die-unternehmensfuehrung-an-die-vorsitzenden-und-gruender-der-circutor-gruppe\/\" \/>\n<meta property=\"og:locale\" content=\"ca_ES\" \/>\n<meta property=\"og:type\" content=\"article\" \/>\n<meta property=\"og:title\" content=\"Preis f\u00fcr die Unternehmensf\u00fchrung an die Vorsitzenden und Gr\u00fcnder der CIRCUTOR-Gruppe - CIRCUTOR\" \/>\n<meta property=\"og:description\" content=\"Ram\u00f3n Comellas und Ram\u00f3n Pons, Vorsitzende und Gr\u00fcnder der CIRCUTOR-Gruppe, wurden mit dem Preis Cambra 2015 f\u00fcr die Unternehmensf\u00fchrung ausgezeichnet.\" \/>\n<meta property=\"og:url\" content=\"https:\/\/circutor.com\/de\/unkategorisiert\/preis-fuer-die-unternehmensfuehrung-an-die-vorsitzenden-und-gruender-der-circutor-gruppe\/\" \/>\n<meta property=\"og:site_name\" content=\"CIRCUTOR\" \/>\n<meta property=\"article:publisher\" content=\"https:\/\/www.facebook.com\/CIRCUTOR.ES\" \/>\n<meta property=\"article:published_time\" content=\"2015-06-19T08:00:00+00:00\" \/>\n<meta property=\"og:image\" content=\"https:\/\/circutor.com\/wp-content\/uploads\/2022\/07\/Circutor_Logo_Color.png\" \/>\n\t<meta property=\"og:image:width\" content=\"1299\" \/>\n\t<meta property=\"og:image:height\" content=\"354\" \/>\n\t<meta property=\"og:image:type\" content=\"image\/png\" \/>\n<meta name=\"author\" content=\"admin\" \/>\n<meta name=\"twitter:card\" content=\"summary_large_image\" \/>\n<meta name=\"twitter:creator\" content=\"@circutor\" \/>\n<meta name=\"twitter:site\" content=\"@circutor\" \/>\n<meta name=\"twitter:label1\" content=\"Escrit per\" \/>\n\t<meta name=\"twitter:data1\" content=\"admin\" \/>\n\t<meta name=\"twitter:label2\" content=\"Temps estimat de lectura\" \/>\n\t<meta name=\"twitter:data2\" content=\"1 minut\" \/>\n<script type=\"application\/ld+json\" class=\"yoast-schema-graph\">{\"@context\":\"https:\/\/schema.org\",\"@graph\":[{\"@type\":\"Organization\",\"@id\":\"https:\/\/circutor.com\/#organization\",\"name\":\"Circutor\",\"url\":\"https:\/\/circutor.com\/\",\"sameAs\":[\"https:\/\/www.instagram.com\/circutor_es\",\"https:\/\/www.linkedin.com\/company\/circutor\",\"https:\/\/www.youtube.com\/user\/CIRCUTORoficial\",\"https:\/\/www.facebook.com\/CIRCUTOR.ES\",\"https:\/\/twitter.com\/circutor\"],\"logo\":{\"@type\":\"ImageObject\",\"inLanguage\":\"ca\",\"@id\":\"https:\/\/circutor.com\/#\/schema\/logo\/image\/\",\"url\":\"https:\/\/circutor.com\/wp-content\/uploads\/2020\/09\/CIR_LOGO_RED.png\",\"contentUrl\":\"https:\/\/circutor.com\/wp-content\/uploads\/2020\/09\/CIR_LOGO_RED.png\",\"width\":512,\"height\":128,\"caption\":\"Circutor\"},\"image\":{\"@id\":\"https:\/\/circutor.com\/#\/schema\/logo\/image\/\"}},{\"@type\":\"WebSite\",\"@id\":\"https:\/\/circutor.com\/#website\",\"url\":\"https:\/\/circutor.com\/\",\"name\":\"CIRCUTOR\",\"description\":\"Soluciones para la eficiencia energ\u00e9tica el\u00e9ctrica\",\"publisher\":{\"@id\":\"https:\/\/circutor.com\/#organization\"},\"potentialAction\":[{\"@type\":\"SearchAction\",\"target\":{\"@type\":\"EntryPoint\",\"urlTemplate\":\"https:\/\/circutor.com\/?s={search_term_string}\"},\"query-input\":\"required name=search_term_string\"}],\"inLanguage\":\"ca\"},{\"@type\":\"WebPage\",\"@id\":\"https:\/\/circutor.com\/de\/unkategorisiert\/preis-fuer-die-unternehmensfuehrung-an-die-vorsitzenden-und-gruender-der-circutor-gruppe\/\",\"url\":\"https:\/\/circutor.com\/de\/unkategorisiert\/preis-fuer-die-unternehmensfuehrung-an-die-vorsitzenden-und-gruender-der-circutor-gruppe\/\",\"name\":\"Preis f\u00fcr die Unternehmensf\u00fchrung an die Vorsitzenden und Gr\u00fcnder der CIRCUTOR-Gruppe - CIRCUTOR\",\"isPartOf\":{\"@id\":\"https:\/\/circutor.com\/#website\"},\"datePublished\":\"2015-06-19T08:00:00+00:00\",\"dateModified\":\"2015-06-19T08:00:00+00:00\",\"description\":\"Ram\u00f3n Comellas und Ram\u00f3n Pons, Vorsitzende und Gr\u00fcnder der CIRCUTOR-Gruppe, wurden mit dem Preis Cambra 2015 f\u00fcr die Unternehmensf\u00fchrung ausgezeichnet.\",\"breadcrumb\":{\"@id\":\"https:\/\/circutor.com\/de\/unkategorisiert\/preis-fuer-die-unternehmensfuehrung-an-die-vorsitzenden-und-gruender-der-circutor-gruppe\/#breadcrumb\"},\"inLanguage\":\"ca\",\"potentialAction\":[{\"@type\":\"ReadAction\",\"target\":[\"https:\/\/circutor.com\/de\/unkategorisiert\/preis-fuer-die-unternehmensfuehrung-an-die-vorsitzenden-und-gruender-der-circutor-gruppe\/\"]}]},{\"@type\":\"BreadcrumbList\",\"@id\":\"https:\/\/circutor.com\/de\/unkategorisiert\/preis-fuer-die-unternehmensfuehrung-an-die-vorsitzenden-und-gruender-der-circutor-gruppe\/#breadcrumb\",\"itemListElement\":[{\"@type\":\"ListItem\",\"position\":1,\"name\":\"Portada\",\"item\":\"https:\/\/circutor.com\/ca\/\"},{\"@type\":\"ListItem\",\"position\":2,\"name\":\"Preis f\u00fcr die Unternehmensf\u00fchrung an die Vorsitzenden und Gr\u00fcnder der CIRCUTOR-Gruppe\"}]},{\"@type\":\"Article\",\"@id\":\"https:\/\/circutor.com\/de\/unkategorisiert\/preis-fuer-die-unternehmensfuehrung-an-die-vorsitzenden-und-gruender-der-circutor-gruppe\/#article\",\"isPartOf\":{\"@id\":\"https:\/\/circutor.com\/de\/unkategorisiert\/preis-fuer-die-unternehmensfuehrung-an-die-vorsitzenden-und-gruender-der-circutor-gruppe\/\"},\"author\":{\"name\":\"admin\",\"@id\":\"https:\/\/circutor.com\/#\/schema\/person\/17d169bdccd6e2367b1ce7182dd31283\"},\"headline\":\"Preis f\u00fcr die Unternehmensf\u00fchrung an die Vorsitzenden und Gr\u00fcnder der CIRCUTOR-Gruppe\",\"datePublished\":\"2015-06-19T08:00:00+00:00\",\"dateModified\":\"2015-06-19T08:00:00+00:00\",\"mainEntityOfPage\":{\"@id\":\"https:\/\/circutor.com\/de\/unkategorisiert\/preis-fuer-die-unternehmensfuehrung-an-die-vorsitzenden-und-gruender-der-circutor-gruppe\/\"},\"wordCount\":188,\"commentCount\":0,\"publisher\":{\"@id\":\"https:\/\/circutor.com\/#organization\"},\"articleSection\":[\"Uncategorized\"],\"inLanguage\":\"ca\",\"potentialAction\":[{\"@type\":\"CommentAction\",\"name\":\"Comment\",\"target\":[\"https:\/\/circutor.com\/de\/unkategorisiert\/preis-fuer-die-unternehmensfuehrung-an-die-vorsitzenden-und-gruender-der-circutor-gruppe\/#respond\"]}]},{\"@type\":\"Person\",\"@id\":\"https:\/\/circutor.com\/#\/schema\/person\/17d169bdccd6e2367b1ce7182dd31283\",\"name\":\"admin\",\"image\":{\"@type\":\"ImageObject\",\"inLanguage\":\"ca\",\"@id\":\"https:\/\/circutor.com\/#\/schema\/person\/image\/\",\"url\":\"https:\/\/circutor.com\/wp-content\/uploads\/2022\/04\/usuario-logo-gris-96x96.png\",\"contentUrl\":\"https:\/\/circutor.com\/wp-content\/uploads\/2022\/04\/usuario-logo-gris-96x96.png\",\"caption\":\"admin\"}}]}<\/script>\n<!-- \/ Yoast SEO plugin. -->","yoast_head_json":{"title":"Preis f\u00fcr die Unternehmensf\u00fchrung an die Vorsitzenden und Gr\u00fcnder der CIRCUTOR-Gruppe - CIRCUTOR","description":"Ram\u00f3n Comellas und Ram\u00f3n Pons, Vorsitzende und Gr\u00fcnder der CIRCUTOR-Gruppe, wurden mit dem Preis Cambra 2015 f\u00fcr die Unternehmensf\u00fchrung ausgezeichnet.","robots":{"index":"index","follow":"follow","max-snippet":"max-snippet:-1","max-image-preview":"max-image-preview:large","max-video-preview":"max-video-preview:-1"},"canonical":"https:\/\/circutor.com\/de\/unkategorisiert\/preis-fuer-die-unternehmensfuehrung-an-die-vorsitzenden-und-gruender-der-circutor-gruppe\/","og_locale":"ca_ES","og_type":"article","og_title":"Preis f\u00fcr die Unternehmensf\u00fchrung an die Vorsitzenden und Gr\u00fcnder der CIRCUTOR-Gruppe - CIRCUTOR","og_description":"Ram\u00f3n Comellas und Ram\u00f3n Pons, Vorsitzende und Gr\u00fcnder der CIRCUTOR-Gruppe, wurden mit dem Preis Cambra 2015 f\u00fcr die Unternehmensf\u00fchrung ausgezeichnet.","og_url":"https:\/\/circutor.com\/de\/unkategorisiert\/preis-fuer-die-unternehmensfuehrung-an-die-vorsitzenden-und-gruender-der-circutor-gruppe\/","og_site_name":"CIRCUTOR","article_publisher":"https:\/\/www.facebook.com\/CIRCUTOR.ES","article_published_time":"2015-06-19T08:00:00+00:00","og_image":[{"width":1299,"height":354,"url":"https:\/\/circutor.com\/wp-content\/uploads\/2022\/07\/Circutor_Logo_Color.png","type":"image\/png"}],"author":"admin","twitter_card":"summary_large_image","twitter_creator":"@circutor","twitter_site":"@circutor","twitter_misc":{"Escrit per":"admin","Temps estimat de lectura":"1 minut"},"schema":{"@context":"https:\/\/schema.org","@graph":[{"@type":"Organization","@id":"https:\/\/circutor.com\/#organization","name":"Circutor","url":"https:\/\/circutor.com\/","sameAs":["https:\/\/www.instagram.com\/circutor_es","https:\/\/www.linkedin.com\/company\/circutor","https:\/\/www.youtube.com\/user\/CIRCUTORoficial","https:\/\/www.facebook.com\/CIRCUTOR.ES","https:\/\/twitter.com\/circutor"],"logo":{"@type":"ImageObject","inLanguage":"ca","@id":"https:\/\/circutor.com\/#\/schema\/logo\/image\/","url":"https:\/\/circutor.com\/wp-content\/uploads\/2020\/09\/CIR_LOGO_RED.png","contentUrl":"https:\/\/circutor.com\/wp-content\/uploads\/2020\/09\/CIR_LOGO_RED.png","width":512,"height":128,"caption":"Circutor"},"image":{"@id":"https:\/\/circutor.com\/#\/schema\/logo\/image\/"}},{"@type":"WebSite","@id":"https:\/\/circutor.com\/#website","url":"https:\/\/circutor.com\/","name":"CIRCUTOR","description":"Soluciones para la eficiencia energ\u00e9tica el\u00e9ctrica","publisher":{"@id":"https:\/\/circutor.com\/#organization"},"potentialAction":[{"@type":"SearchAction","target":{"@type":"EntryPoint","urlTemplate":"https:\/\/circutor.com\/?s={search_term_string}"},"query-input":"required name=search_term_string"}],"inLanguage":"ca"},{"@type":"WebPage","@id":"https:\/\/circutor.com\/de\/unkategorisiert\/preis-fuer-die-unternehmensfuehrung-an-die-vorsitzenden-und-gruender-der-circutor-gruppe\/","url":"https:\/\/circutor.com\/de\/unkategorisiert\/preis-fuer-die-unternehmensfuehrung-an-die-vorsitzenden-und-gruender-der-circutor-gruppe\/","name":"Preis f\u00fcr die Unternehmensf\u00fchrung an die Vorsitzenden und Gr\u00fcnder der CIRCUTOR-Gruppe - CIRCUTOR","isPartOf":{"@id":"https:\/\/circutor.com\/#website"},"datePublished":"2015-06-19T08:00:00+00:00","dateModified":"2015-06-19T08:00:00+00:00","description":"Ram\u00f3n Comellas und Ram\u00f3n Pons, Vorsitzende und Gr\u00fcnder der CIRCUTOR-Gruppe, wurden mit dem Preis Cambra 2015 f\u00fcr die Unternehmensf\u00fchrung ausgezeichnet.","breadcrumb":{"@id":"https:\/\/circutor.com\/de\/unkategorisiert\/preis-fuer-die-unternehmensfuehrung-an-die-vorsitzenden-und-gruender-der-circutor-gruppe\/#breadcrumb"},"inLanguage":"ca","potentialAction":[{"@type":"ReadAction","target":["https:\/\/circutor.com\/de\/unkategorisiert\/preis-fuer-die-unternehmensfuehrung-an-die-vorsitzenden-und-gruender-der-circutor-gruppe\/"]}]},{"@type":"BreadcrumbList","@id":"https:\/\/circutor.com\/de\/unkategorisiert\/preis-fuer-die-unternehmensfuehrung-an-die-vorsitzenden-und-gruender-der-circutor-gruppe\/#breadcrumb","itemListElement":[{"@type":"ListItem","position":1,"name":"Portada","item":"https:\/\/circutor.com\/ca\/"},{"@type":"ListItem","position":2,"name":"Preis f\u00fcr die Unternehmensf\u00fchrung an die Vorsitzenden und Gr\u00fcnder der CIRCUTOR-Gruppe"}]},{"@type":"Article","@id":"https:\/\/circutor.com\/de\/unkategorisiert\/preis-fuer-die-unternehmensfuehrung-an-die-vorsitzenden-und-gruender-der-circutor-gruppe\/#article","isPartOf":{"@id":"https:\/\/circutor.com\/de\/unkategorisiert\/preis-fuer-die-unternehmensfuehrung-an-die-vorsitzenden-und-gruender-der-circutor-gruppe\/"},"author":{"name":"admin","@id":"https:\/\/circutor.com\/#\/schema\/person\/17d169bdccd6e2367b1ce7182dd31283"},"headline":"Preis f\u00fcr die Unternehmensf\u00fchrung an die Vorsitzenden und Gr\u00fcnder der CIRCUTOR-Gruppe","datePublished":"2015-06-19T08:00:00+00:00","dateModified":"2015-06-19T08:00:00+00:00","mainEntityOfPage":{"@id":"https:\/\/circutor.com\/de\/unkategorisiert\/preis-fuer-die-unternehmensfuehrung-an-die-vorsitzenden-und-gruender-der-circutor-gruppe\/"},"wordCount":188,"commentCount":0,"publisher":{"@id":"https:\/\/circutor.com\/#organization"},"articleSection":["Uncategorized"],"inLanguage":"ca","potentialAction":[{"@type":"CommentAction","name":"Comment","target":["https:\/\/circutor.com\/de\/unkategorisiert\/preis-fuer-die-unternehmensfuehrung-an-die-vorsitzenden-und-gruender-der-circutor-gruppe\/#respond"]}]},{"@type":"Person","@id":"https:\/\/circutor.com\/#\/schema\/person\/17d169bdccd6e2367b1ce7182dd31283","name":"admin","image":{"@type":"ImageObject","inLanguage":"ca","@id":"https:\/\/circutor.com\/#\/schema\/person\/image\/","url":"https:\/\/circutor.com\/wp-content\/uploads\/2022\/04\/usuario-logo-gris-96x96.png","contentUrl":"https:\/\/circutor.com\/wp-content\/uploads\/2022\/04\/usuario-logo-gris-96x96.png","caption":"admin"}}]}},"_links":{"self":[{"href":"https:\/\/circutor.com\/ca\/wp-json\/wp\/v2\/posts\/10661"}],"collection":[{"href":"https:\/\/circutor.com\/ca\/wp-json\/wp\/v2\/posts"}],"about":[{"href":"https:\/\/circutor.com\/ca\/wp-json\/wp\/v2\/types\/post"}],"author":[{"embeddable":true,"href":"https:\/\/circutor.com\/ca\/wp-json\/wp\/v2\/users\/1"}],"replies":[{"embeddable":true,"href":"https:\/\/circutor.com\/ca\/wp-json\/wp\/v2\/comments?post=10661"}],"version-history":[{"count":0,"href":"https:\/\/circutor.com\/ca\/wp-json\/wp\/v2\/posts\/10661\/revisions"}],"wp:attachment":[{"href":"https:\/\/circutor.com\/ca\/wp-json\/wp\/v2\/media?parent=10661"}],"wp:term":[{"taxonomy":"category","embeddable":true,"href":"https:\/\/circutor.com\/ca\/wp-json\/wp\/v2\/categories?post=10661"},{"taxonomy":"post_tag","embeddable":true,"href":"https:\/\/circutor.com\/ca\/wp-json\/wp\/v2\/tags?post=10661"}],"curies":[{"name":"wp","href":"https:\/\/api.w.org\/{rel}","templated":true}]}}