{"id":10650,"date":"2015-03-18T08:00:00","date_gmt":"2015-03-18T08:00:00","guid":{"rendered":"https:\/\/circutorweb.atic.blue\/?p=214"},"modified":"2015-03-18T08:00:00","modified_gmt":"2015-03-18T08:00:00","slug":"gebaeude-mit-positiver-energiebilanz-auf-der-genera-2015-madrid","status":"publish","type":"post","link":"https:\/\/circutor.com\/de\/uncategorized\/gebaeude-mit-positiver-energiebilanz-auf-der-genera-2015-madrid\/","title":{"rendered":"Geb\u00e4ude mit positiver Energiebilanz auf der GENERA 2015 Madrid"},"content":{"rendered":"<h4 class=\"dark\">CIRCUTOR nahm an der letzten Ausgabe der internationalen Energie- und Umweltmesse GENERA teil. Diese fand vom 24. bis 27. Februar in Madrid statt.<\/h4>\n<p>Auf der diesj\u00e4hrigen Ausgabe war festzustellen, dass die Installationsfirmen und Ingenieurb\u00fcros ihre Aktivit\u00e4t stabilisieren konnten \u2013 und das trotz einer fehlenden eindeutigen Regelung f\u00fcr den Eigenverbrauch von Seiten der spanischen Zentralregierung. Der <strong>Markt der Photovoltaik-Systeme als Sparma\u00dfnahme ohne Netzeinspeisung \u00f6ffnet sich<\/strong> dank des Impulses zahlreicher autonomer Regionen sowie Provinzbeh\u00f6rden, die in diesem Sektor eine klare M\u00f6glichkeit gesehen haben, <strong>die wirtschaftliche Aktivit\u00e4t, die Wettbewerbsf\u00e4higkeit und die \u00d6kologie ihrer Unternehmen zu verbessern.<\/strong><\/p>\n<p>Der Zustrom professioneller Besucher war an allen Veranstaltungstagen gro\u00df. Besonders hervorzuheben ist jedoch die Teilnahme an den <strong>Vortr\u00e4gen \u00fcber Eigenverbrauch mit Bedarfsmanagement und Umleitung von \u00dcbersch\u00fcssen in Solarbatterien<\/strong>, die am Stand von CIRCUTOR stattfanden.<\/p>\n<p>Das Konzept der <strong>\u201eGeb\u00e4ude mit positiver Energiebilanz&#8221;<\/strong>, das als Standmotto diente, stellt einen Paradigmenwechsel im Umgang mit den neuen Geb\u00e4uden angesichts der Einf\u00fchrung der europ\u00e4ischen <a href=\"http:\/\/circutor.de\/de\/unternehmen\/nachrichten\/nachrichten\/2561-europaeische-richtlinie-ueber-energieaudits-verpflichtung-fuer-die-unternehmen-und-chance-fuer-den-sektor\"><strong>Richtlinie f\u00fcr die Energieeffizienz von Geb\u00e4uden dar<\/strong><\/a>. Rollenwechsel vom passiven Verbraucher hin zu einer proaktiven <strong>Rolle bei der Verbrauchssenkung, Nutzung der Energieressourcen<\/strong> auf lokaler Ebene und <strong>Anpassung an das Kommen der Elektrofahrzeuge<\/strong>.<\/p>\n<table style=\"width: 100%; background-color: #eeeeee;\">\n<tbody>\n<tr>\n<td style=\"width: 10px;\">&nbsp;<\/td>\n<td style=\"width: 250px;\" colspan=\"7\" valign=\"top\">\n<p>Weitere Informationen:&nbsp;<a href=\"http:\/\/circutor.de\/de\/bildung\/erneuerbare-energien-eigenverbrauch\">Erneuerbare Energien &#8211; Eigenverbrauch<\/a><\/p>\n<\/td>\n<td style=\"width: 10px;\">&nbsp;<\/td>\n<\/tr>\n<\/tbody>\n<\/table>\n<table style=\"width: 100%; background-color: #eeeeee;\">\n<tbody>\n<tr>\n<td style=\"width: 10px;\">&nbsp;<\/td>\n<td style=\"width: 250px;\" colspan=\"7\" valign=\"top\">\n<p><span><span style=\"background-color: #eeeeee;\">Weitere Informationen<\/span>:&nbsp;<a href=\"http:\/\/circutor.de\/de\/bildung\/elektrische-energieeffizienz\">Elektrische Energieeffizienz<\/a> <\/span><\/p>\n<\/td>\n<td style=\"width: 10px;\">&nbsp;<\/td>\n<\/tr>\n<\/tbody>\n<\/table>\n<table style=\"width: 100%; background-color: #eeeeee;\">\n<tbody>\n<tr>\n<td style=\"width: 10px;\">&nbsp;<\/td>\n<td style=\"width: 250px;\" colspan=\"7\" valign=\"top\">\n<p><span style=\"background-color: #eeeeee;\">Weitere Informationen<\/span>:&nbsp;<a href=\"http:\/\/circutor.de\/de\/bildung\/elektrofahrzeuge\">Elektrofahrzeuge<\/a><\/p>\n<\/td>\n<td style=\"width: 10px;\">&nbsp;<\/td>\n<\/tr>\n<\/tbody>\n<\/table>\n<p>&nbsp;<\/p>\n<table style=\"width: 100%;\">\n<tbody>\n<tr>\n<td style=\"text-align: center; width: 49%;\"><img loading=\"lazy\" class=\" size-full wp-image-210\" title=\"CIRCUTOR - GENERA 2015\" src=\"https:\/\/circutorweb.atic.blue\/wp-content\/uploads\/2015\/03\/FN-GENERA-2015-Post-Feria-2.jpg\" alt=\"CIRCUTOR - GENERA 2015\" width=\"100%\" height=\"NaN\" \/><\/td>\n<td style=\"width: 2%; text-align: center;\">&nbsp;<\/td>\n<td style=\"text-align: center; width: 49%;\"><img loading=\"lazy\" class=\" size-full wp-image-211\" title=\"CIRCUTOR - GENERA 2015\" src=\"https:\/\/circutorweb.atic.blue\/wp-content\/uploads\/2015\/03\/FN-GENERA-2015-Post-Feria-3.jpg\" alt=\"CIRCUTOR - GENERA 2015\" width=\"100%\" height=\"NaN\" \/><\/td>\n<\/tr>\n<\/tbody>\n<\/table>\n<table style=\"width: 100%;\">\n<tbody>\n<tr>\n<td style=\"text-align: center; width: 415px;\"><img loading=\"lazy\" class=\" size-full wp-image-212\" title=\"CIRCUTOR - GENERA 2015\" src=\"https:\/\/circutorweb.atic.blue\/wp-content\/uploads\/2015\/03\/FN-GENERA-2015-Post-Feria-4.jpg\" alt=\"CIRCUTOR - GENERA 2015\" width=\"100%\" height=\"NaN\" \/><\/td>\n<td style=\"width: 14px; text-align: center;\">&nbsp;<\/td>\n<td style=\"text-align: center; width: 414px;\"><img loading=\"lazy\" class=\" size-full wp-image-213\" title=\"CIRCUTOR - GENERA 2015\" src=\"https:\/\/circutorweb.atic.blue\/wp-content\/uploads\/2015\/03\/FN-GENERA-2015-Post-Feria-5.jpg\" alt=\"CIRCUTOR - GENERA 2015\" width=\"100%\" height=\"NaN\" \/><\/td>\n<\/tr>\n<\/tbody>\n<\/table>\n<hr \/>\n<p>Sie k\u00f6nnen in der&nbsp;<a href=\"http:\/\/circutor.de\/de\/unternehmen\/nachrichten\/nachrichten\">News-Bereich<\/a>&nbsp;heraus \u00fcberpr\u00fcfen unsere News.<br \/>Dar\u00fcber hinaus k\u00f6nnen Sie auch unsere Mitteilungen auf der&nbsp;<a href=\"https:\/\/twitter.com\/circutor\" rel=\"nofollow noopener noreferrer\" target=\"_blank\">Twitter-Seite<\/a>&nbsp;von CIRCUTOR.<\/p>\n","protected":false},"excerpt":{"rendered":"<p>CIRCUTOR nahm an der letzten Ausgabe der internationalen Energie- und Umweltmesse GENERA teil. Diese fand vom 24. bis 27. Februar in Madrid statt. Auf der diesj\u00e4hrigen Ausgabe war festzustellen, dass die Installationsfirmen und Ingenieurb\u00fcros ihre Aktivit\u00e4t stabilisieren konnten \u2013 und das trotz einer fehlenden eindeutigen Regelung f\u00fcr den Eigenverbrauch von Seiten der spanischen Zentralregierung. Der [&hellip;]<\/p>\n","protected":false},"author":1,"featured_media":210,"comment_status":"open","ping_status":"open","sticky":false,"template":"","format":"standard","meta":[],"categories":[33],"tags":[],"acf":[],"yoast_head":"<!-- This site is optimized with the Yoast SEO plugin v19.4 - https:\/\/yoast.com\/wordpress\/plugins\/seo\/ -->\n<title>Geb\u00e4ude mit positiver Energiebilanz auf der GENERA 2015 Madrid - CIRCUTOR<\/title>\n<meta name=\"description\" content=\"CIRCUTOR nahm an der letzten Ausgabe der internationalen Energie- und Umweltmesse GENERA teil. Diese fand vom 24. bis 27. Februar in Madrid statt.\" \/>\n<meta name=\"robots\" content=\"index, follow, max-snippet:-1, max-image-preview:large, max-video-preview:-1\" \/>\n<link rel=\"canonical\" href=\"https:\/\/circutor.com\/de\/unkategorisiert\/gebaeude-mit-positiver-energiebilanz-auf-der-genera-2015-madrid\/\" \/>\n<meta property=\"og:locale\" content=\"ca_ES\" \/>\n<meta property=\"og:type\" content=\"article\" \/>\n<meta property=\"og:title\" content=\"Geb\u00e4ude mit positiver Energiebilanz auf der GENERA 2015 Madrid - CIRCUTOR\" \/>\n<meta property=\"og:description\" content=\"CIRCUTOR nahm an der letzten Ausgabe der internationalen Energie- und Umweltmesse GENERA teil. Diese fand vom 24. bis 27. Februar in Madrid statt.\" \/>\n<meta property=\"og:url\" content=\"https:\/\/circutor.com\/de\/unkategorisiert\/gebaeude-mit-positiver-energiebilanz-auf-der-genera-2015-madrid\/\" \/>\n<meta property=\"og:site_name\" content=\"CIRCUTOR\" \/>\n<meta property=\"article:publisher\" content=\"https:\/\/www.facebook.com\/CIRCUTOR.ES\" \/>\n<meta property=\"article:published_time\" content=\"2015-03-18T08:00:00+00:00\" \/>\n<meta property=\"og:image\" content=\"https:\/\/circutor.com\/wp-content\/uploads\/2022\/07\/Circutor_Logo_Color.png\" \/>\n\t<meta property=\"og:image:width\" content=\"1299\" \/>\n\t<meta property=\"og:image:height\" content=\"354\" \/>\n\t<meta property=\"og:image:type\" content=\"image\/png\" \/>\n<meta name=\"author\" content=\"admin\" \/>\n<meta name=\"twitter:card\" content=\"summary_large_image\" \/>\n<meta name=\"twitter:creator\" content=\"@circutor\" \/>\n<meta name=\"twitter:site\" content=\"@circutor\" \/>\n<meta name=\"twitter:label1\" content=\"Escrit per\" \/>\n\t<meta name=\"twitter:data1\" content=\"admin\" \/>\n\t<meta name=\"twitter:label2\" content=\"Temps estimat de lectura\" \/>\n\t<meta name=\"twitter:data2\" content=\"1 minut\" \/>\n<script type=\"application\/ld+json\" class=\"yoast-schema-graph\">{\"@context\":\"https:\/\/schema.org\",\"@graph\":[{\"@type\":\"Organization\",\"@id\":\"https:\/\/circutor.com\/#organization\",\"name\":\"Circutor\",\"url\":\"https:\/\/circutor.com\/\",\"sameAs\":[\"https:\/\/www.instagram.com\/circutor_es\",\"https:\/\/www.linkedin.com\/company\/circutor\",\"https:\/\/www.youtube.com\/user\/CIRCUTORoficial\",\"https:\/\/www.facebook.com\/CIRCUTOR.ES\",\"https:\/\/twitter.com\/circutor\"],\"logo\":{\"@type\":\"ImageObject\",\"inLanguage\":\"ca\",\"@id\":\"https:\/\/circutor.com\/#\/schema\/logo\/image\/\",\"url\":\"https:\/\/circutor.com\/wp-content\/uploads\/2020\/09\/CIR_LOGO_RED.png\",\"contentUrl\":\"https:\/\/circutor.com\/wp-content\/uploads\/2020\/09\/CIR_LOGO_RED.png\",\"width\":512,\"height\":128,\"caption\":\"Circutor\"},\"image\":{\"@id\":\"https:\/\/circutor.com\/#\/schema\/logo\/image\/\"}},{\"@type\":\"WebSite\",\"@id\":\"https:\/\/circutor.com\/#website\",\"url\":\"https:\/\/circutor.com\/\",\"name\":\"CIRCUTOR\",\"description\":\"Soluciones para la eficiencia energ\u00e9tica el\u00e9ctrica\",\"publisher\":{\"@id\":\"https:\/\/circutor.com\/#organization\"},\"potentialAction\":[{\"@type\":\"SearchAction\",\"target\":{\"@type\":\"EntryPoint\",\"urlTemplate\":\"https:\/\/circutor.com\/?s={search_term_string}\"},\"query-input\":\"required name=search_term_string\"}],\"inLanguage\":\"ca\"},{\"@type\":\"WebPage\",\"@id\":\"https:\/\/circutor.com\/de\/unkategorisiert\/gebaeude-mit-positiver-energiebilanz-auf-der-genera-2015-madrid\/\",\"url\":\"https:\/\/circutor.com\/de\/unkategorisiert\/gebaeude-mit-positiver-energiebilanz-auf-der-genera-2015-madrid\/\",\"name\":\"Geb\u00e4ude mit positiver Energiebilanz auf der GENERA 2015 Madrid - CIRCUTOR\",\"isPartOf\":{\"@id\":\"https:\/\/circutor.com\/#website\"},\"datePublished\":\"2015-03-18T08:00:00+00:00\",\"dateModified\":\"2015-03-18T08:00:00+00:00\",\"description\":\"CIRCUTOR nahm an der letzten Ausgabe der internationalen Energie- und Umweltmesse GENERA teil. Diese fand vom 24. bis 27. Februar in Madrid statt.\",\"breadcrumb\":{\"@id\":\"https:\/\/circutor.com\/de\/unkategorisiert\/gebaeude-mit-positiver-energiebilanz-auf-der-genera-2015-madrid\/#breadcrumb\"},\"inLanguage\":\"ca\",\"potentialAction\":[{\"@type\":\"ReadAction\",\"target\":[\"https:\/\/circutor.com\/de\/unkategorisiert\/gebaeude-mit-positiver-energiebilanz-auf-der-genera-2015-madrid\/\"]}]},{\"@type\":\"BreadcrumbList\",\"@id\":\"https:\/\/circutor.com\/de\/unkategorisiert\/gebaeude-mit-positiver-energiebilanz-auf-der-genera-2015-madrid\/#breadcrumb\",\"itemListElement\":[{\"@type\":\"ListItem\",\"position\":1,\"name\":\"Portada\",\"item\":\"https:\/\/circutor.com\/ca\/\"},{\"@type\":\"ListItem\",\"position\":2,\"name\":\"Geb\u00e4ude mit positiver Energiebilanz auf der GENERA 2015 Madrid\"}]},{\"@type\":\"Article\",\"@id\":\"https:\/\/circutor.com\/de\/unkategorisiert\/gebaeude-mit-positiver-energiebilanz-auf-der-genera-2015-madrid\/#article\",\"isPartOf\":{\"@id\":\"https:\/\/circutor.com\/de\/unkategorisiert\/gebaeude-mit-positiver-energiebilanz-auf-der-genera-2015-madrid\/\"},\"author\":{\"name\":\"admin\",\"@id\":\"https:\/\/circutor.com\/#\/schema\/person\/17d169bdccd6e2367b1ce7182dd31283\"},\"headline\":\"Geb\u00e4ude mit positiver Energiebilanz auf der GENERA 2015 Madrid\",\"datePublished\":\"2015-03-18T08:00:00+00:00\",\"dateModified\":\"2015-03-18T08:00:00+00:00\",\"mainEntityOfPage\":{\"@id\":\"https:\/\/circutor.com\/de\/unkategorisiert\/gebaeude-mit-positiver-energiebilanz-auf-der-genera-2015-madrid\/\"},\"wordCount\":261,\"commentCount\":0,\"publisher\":{\"@id\":\"https:\/\/circutor.com\/#organization\"},\"articleSection\":[\"Uncategorized\"],\"inLanguage\":\"ca\",\"potentialAction\":[{\"@type\":\"CommentAction\",\"name\":\"Comment\",\"target\":[\"https:\/\/circutor.com\/de\/unkategorisiert\/gebaeude-mit-positiver-energiebilanz-auf-der-genera-2015-madrid\/#respond\"]}]},{\"@type\":\"Person\",\"@id\":\"https:\/\/circutor.com\/#\/schema\/person\/17d169bdccd6e2367b1ce7182dd31283\",\"name\":\"admin\",\"image\":{\"@type\":\"ImageObject\",\"inLanguage\":\"ca\",\"@id\":\"https:\/\/circutor.com\/#\/schema\/person\/image\/\",\"url\":\"https:\/\/circutor.com\/wp-content\/uploads\/2022\/04\/usuario-logo-gris-96x96.png\",\"contentUrl\":\"https:\/\/circutor.com\/wp-content\/uploads\/2022\/04\/usuario-logo-gris-96x96.png\",\"caption\":\"admin\"}}]}<\/script>\n<!-- \/ Yoast SEO plugin. -->","yoast_head_json":{"title":"Geb\u00e4ude mit positiver Energiebilanz auf der GENERA 2015 Madrid - CIRCUTOR","description":"CIRCUTOR nahm an der letzten Ausgabe der internationalen Energie- und Umweltmesse GENERA teil. Diese fand vom 24. bis 27. Februar in Madrid statt.","robots":{"index":"index","follow":"follow","max-snippet":"max-snippet:-1","max-image-preview":"max-image-preview:large","max-video-preview":"max-video-preview:-1"},"canonical":"https:\/\/circutor.com\/de\/unkategorisiert\/gebaeude-mit-positiver-energiebilanz-auf-der-genera-2015-madrid\/","og_locale":"ca_ES","og_type":"article","og_title":"Geb\u00e4ude mit positiver Energiebilanz auf der GENERA 2015 Madrid - CIRCUTOR","og_description":"CIRCUTOR nahm an der letzten Ausgabe der internationalen Energie- und Umweltmesse GENERA teil. Diese fand vom 24. bis 27. Februar in Madrid statt.","og_url":"https:\/\/circutor.com\/de\/unkategorisiert\/gebaeude-mit-positiver-energiebilanz-auf-der-genera-2015-madrid\/","og_site_name":"CIRCUTOR","article_publisher":"https:\/\/www.facebook.com\/CIRCUTOR.ES","article_published_time":"2015-03-18T08:00:00+00:00","og_image":[{"width":1299,"height":354,"url":"https:\/\/circutor.com\/wp-content\/uploads\/2022\/07\/Circutor_Logo_Color.png","type":"image\/png"}],"author":"admin","twitter_card":"summary_large_image","twitter_creator":"@circutor","twitter_site":"@circutor","twitter_misc":{"Escrit per":"admin","Temps estimat de lectura":"1 minut"},"schema":{"@context":"https:\/\/schema.org","@graph":[{"@type":"Organization","@id":"https:\/\/circutor.com\/#organization","name":"Circutor","url":"https:\/\/circutor.com\/","sameAs":["https:\/\/www.instagram.com\/circutor_es","https:\/\/www.linkedin.com\/company\/circutor","https:\/\/www.youtube.com\/user\/CIRCUTORoficial","https:\/\/www.facebook.com\/CIRCUTOR.ES","https:\/\/twitter.com\/circutor"],"logo":{"@type":"ImageObject","inLanguage":"ca","@id":"https:\/\/circutor.com\/#\/schema\/logo\/image\/","url":"https:\/\/circutor.com\/wp-content\/uploads\/2020\/09\/CIR_LOGO_RED.png","contentUrl":"https:\/\/circutor.com\/wp-content\/uploads\/2020\/09\/CIR_LOGO_RED.png","width":512,"height":128,"caption":"Circutor"},"image":{"@id":"https:\/\/circutor.com\/#\/schema\/logo\/image\/"}},{"@type":"WebSite","@id":"https:\/\/circutor.com\/#website","url":"https:\/\/circutor.com\/","name":"CIRCUTOR","description":"Soluciones para la eficiencia energ\u00e9tica el\u00e9ctrica","publisher":{"@id":"https:\/\/circutor.com\/#organization"},"potentialAction":[{"@type":"SearchAction","target":{"@type":"EntryPoint","urlTemplate":"https:\/\/circutor.com\/?s={search_term_string}"},"query-input":"required name=search_term_string"}],"inLanguage":"ca"},{"@type":"WebPage","@id":"https:\/\/circutor.com\/de\/unkategorisiert\/gebaeude-mit-positiver-energiebilanz-auf-der-genera-2015-madrid\/","url":"https:\/\/circutor.com\/de\/unkategorisiert\/gebaeude-mit-positiver-energiebilanz-auf-der-genera-2015-madrid\/","name":"Geb\u00e4ude mit positiver Energiebilanz auf der GENERA 2015 Madrid - CIRCUTOR","isPartOf":{"@id":"https:\/\/circutor.com\/#website"},"datePublished":"2015-03-18T08:00:00+00:00","dateModified":"2015-03-18T08:00:00+00:00","description":"CIRCUTOR nahm an der letzten Ausgabe der internationalen Energie- und Umweltmesse GENERA teil. Diese fand vom 24. bis 27. Februar in Madrid statt.","breadcrumb":{"@id":"https:\/\/circutor.com\/de\/unkategorisiert\/gebaeude-mit-positiver-energiebilanz-auf-der-genera-2015-madrid\/#breadcrumb"},"inLanguage":"ca","potentialAction":[{"@type":"ReadAction","target":["https:\/\/circutor.com\/de\/unkategorisiert\/gebaeude-mit-positiver-energiebilanz-auf-der-genera-2015-madrid\/"]}]},{"@type":"BreadcrumbList","@id":"https:\/\/circutor.com\/de\/unkategorisiert\/gebaeude-mit-positiver-energiebilanz-auf-der-genera-2015-madrid\/#breadcrumb","itemListElement":[{"@type":"ListItem","position":1,"name":"Portada","item":"https:\/\/circutor.com\/ca\/"},{"@type":"ListItem","position":2,"name":"Geb\u00e4ude mit positiver Energiebilanz auf der GENERA 2015 Madrid"}]},{"@type":"Article","@id":"https:\/\/circutor.com\/de\/unkategorisiert\/gebaeude-mit-positiver-energiebilanz-auf-der-genera-2015-madrid\/#article","isPartOf":{"@id":"https:\/\/circutor.com\/de\/unkategorisiert\/gebaeude-mit-positiver-energiebilanz-auf-der-genera-2015-madrid\/"},"author":{"name":"admin","@id":"https:\/\/circutor.com\/#\/schema\/person\/17d169bdccd6e2367b1ce7182dd31283"},"headline":"Geb\u00e4ude mit positiver Energiebilanz auf der GENERA 2015 Madrid","datePublished":"2015-03-18T08:00:00+00:00","dateModified":"2015-03-18T08:00:00+00:00","mainEntityOfPage":{"@id":"https:\/\/circutor.com\/de\/unkategorisiert\/gebaeude-mit-positiver-energiebilanz-auf-der-genera-2015-madrid\/"},"wordCount":261,"commentCount":0,"publisher":{"@id":"https:\/\/circutor.com\/#organization"},"articleSection":["Uncategorized"],"inLanguage":"ca","potentialAction":[{"@type":"CommentAction","name":"Comment","target":["https:\/\/circutor.com\/de\/unkategorisiert\/gebaeude-mit-positiver-energiebilanz-auf-der-genera-2015-madrid\/#respond"]}]},{"@type":"Person","@id":"https:\/\/circutor.com\/#\/schema\/person\/17d169bdccd6e2367b1ce7182dd31283","name":"admin","image":{"@type":"ImageObject","inLanguage":"ca","@id":"https:\/\/circutor.com\/#\/schema\/person\/image\/","url":"https:\/\/circutor.com\/wp-content\/uploads\/2022\/04\/usuario-logo-gris-96x96.png","contentUrl":"https:\/\/circutor.com\/wp-content\/uploads\/2022\/04\/usuario-logo-gris-96x96.png","caption":"admin"}}]}},"_links":{"self":[{"href":"https:\/\/circutor.com\/ca\/wp-json\/wp\/v2\/posts\/10650"}],"collection":[{"href":"https:\/\/circutor.com\/ca\/wp-json\/wp\/v2\/posts"}],"about":[{"href":"https:\/\/circutor.com\/ca\/wp-json\/wp\/v2\/types\/post"}],"author":[{"embeddable":true,"href":"https:\/\/circutor.com\/ca\/wp-json\/wp\/v2\/users\/1"}],"replies":[{"embeddable":true,"href":"https:\/\/circutor.com\/ca\/wp-json\/wp\/v2\/comments?post=10650"}],"version-history":[{"count":0,"href":"https:\/\/circutor.com\/ca\/wp-json\/wp\/v2\/posts\/10650\/revisions"}],"wp:featuredmedia":[{"embeddable":true,"href":"https:\/\/circutor.com\/ca\/wp-json\/"}],"wp:attachment":[{"href":"https:\/\/circutor.com\/ca\/wp-json\/wp\/v2\/media?parent=10650"}],"wp:term":[{"taxonomy":"category","embeddable":true,"href":"https:\/\/circutor.com\/ca\/wp-json\/wp\/v2\/categories?post=10650"},{"taxonomy":"post_tag","embeddable":true,"href":"https:\/\/circutor.com\/ca\/wp-json\/wp\/v2\/tags?post=10650"}],"curies":[{"name":"wp","href":"https:\/\/api.w.org\/{rel}","templated":true}]}}